{"id":112348,"date":"2022-05-24T13:05:10","date_gmt":"2022-05-24T18:05:10","guid":{"rendered":"https:\/\/graziamagazine.com\/mx\/?post_type=articles&#038;p=112348"},"modified":"2022-05-24T17:59:58","modified_gmt":"2022-05-24T22:59:58","slug":"la-reina-isabel-ii-persiste-protegiendo-al-principe-andrew-pese-a-acusaciones","status":"publish","type":"articles","link":"https:\/\/graziamagazine.com\/mx\/articles\/la-reina-isabel-ii-persiste-protegiendo-al-principe-andrew-pese-a-acusaciones\/","title":{"rendered":"La reina Isabel II persiste protegiendo al pr\u00edncipe Andrew pese a acusaciones"},"content":{"rendered":"<p>Efectivamente, fue el 13 de enero,\u00a0la propia reina\u00a0emiti\u00f3 un comunicado en el que dec\u00eda que el duque no asumir\u00eda ning\u00fan &#8220;deber p\u00fablico&#8221; y se defend\u00eda de las acusaciones de agresi\u00f3n sexual de\u00a0Virginia Roberts Giuffre\u00a0como &#8220;un ciudadano privado&#8221;.<\/p>\n<p><img loading=\"lazy\" decoding=\"async\" class=\"alignnone size-medium wp-image-112343\" src=\"https:\/\/graziamagazine.com\/mx\/wp-content\/uploads\/sites\/13\/2022\/05\/Principe-Andrew-\u00bfPodria-el-duque-de-York-ser-despojado-de.png?w=450\" alt=\"\" width=\"450\" height=\"253\" \/><\/p>\n<p>El palacio tambi\u00e9n inform\u00f3 en segundo plano que ya no usar\u00eda su t\u00edtulo de <strong>Su Alteza Real<\/strong>.\u00a0Unas semanas m\u00e1s tarde se anunci\u00f3 que\u00a0Andrew estaba llegando a un acuerdo con su acusadora y, seg\u00fan los informes, utilizando sumas sustanciales del dinero de su madre para hacerlo.\u00a0La raz\u00f3n que dieron ampliamente los funcionarios del palacio en ese momento fue que esto se hizo para que los problemas legales de Andr\u00e9s no eclipsaran el jubileo de la reina.<\/p>\n<p>Entonces, \u00bfpor qu\u00e9, seg\u00fan se informa, el Duque de la Desgracia ahora asistir\u00e1 a uno de los eventos ceremonialmente m\u00e1s importantes del calendario real, el D\u00eda de la Jarretera, como Su Alteza Real?\u00a0<i>The Telegraph<\/i>\u00a0informa que Andrew asistir\u00e1 a la ceremonia de la Orden de la Jarretera el 13 de junio, junto con la reina, miembros de alto rango de la familia real y ex primeros ministros.<\/p>\n<p>El palacio est\u00e1 tratando de hacer avanzar esta extra\u00f1a decisi\u00f3n bas\u00e1ndose en el hecho de que Andrew fue designado &#8220;personalmente&#8221; por la reina para la Orden de la Jarretera.\u00a0Cada vez parece m\u00e1s evidente que la reina <strong>no tiene intenci\u00f3n de expulsar por completo a su hijo favorito de la vida real.<\/strong><\/p>\n<h3>LAS DUDAS<\/h3>\n<p>Esto plantea la pregunta de por qu\u00e9 ella lo ayud\u00f3 a pagar a Giuffre.\u00a0\u00bfPodr\u00eda ser que en lugar de hacer que todos los pensamientos sobre Andrew desaparecieran, la reina quer\u00eda que el caso se resolviera para permitir que Andrew se uniera a los momentos clave de las celebraciones?<\/p>\n<p>\u00bfPermitirle llevarla del brazo a su asiento en el memorial del Pr\u00edncipe Felipe en marzo fue en realidad un <strong>ejercicio de relajaci\u00f3n<\/strong> para la delicada reinserci\u00f3n de Andr\u00e9s en la vida real durante el per\u00edodo del jubileo, cuando las cr\u00edticas a la reina naturalmente ser\u00e1n silenciadas?<\/p>\n<p>Esta teor\u00eda solo ganar\u00e1 terreno si, como informa el medio <i>Telegraph<\/i>\u00a0, Andrew ser\u00e1 mencionado en la Circular de la Corte del d\u00eda siguiente como <strong>Su Alteza Real<\/strong>.\u00a0No parece haber raz\u00f3n para no creer en el\u00a0<i>Telegraph,<\/i>\u00a0que parece tener esta pepita de buena fuente.\u00a0Una fuente del palacio le dijo al peri\u00f3dico que esta ser\u00eda una &#8220;pr\u00e1ctica est\u00e1ndar&#8221;.<\/p>\n<p>La Orden de la Jarretera es la Orden de Caballer\u00eda m\u00e1s importante de Gran Breta\u00f1a.\u00a0Tiene solo 24 miembros a la vez.\u00a0Ser invitado a unirse es la m\u00e1xima se\u00f1al de respeto por el establecimiento.<\/p>\n<p>The\u00a0<em>Sunday Times<\/em>\u00a0informa\u00a0que la reina no nombrar\u00e1 a un nuevo coronel real de la Guardia de Granaderos antes de Trooping the Colour el 2 de junio, supuestamente para &#8220;ahorrar&#8221; la verg\u00fcenza del Pr\u00edncipe Andrew.\u00a0<strong>Andrew fue despojado de sus t\u00edtulos militares despu\u00e9s de establecerse con Giuffre.<\/strong><\/p>\n<p><img loading=\"lazy\" decoding=\"async\" class=\"alignnone size-medium wp-image-112344\" src=\"https:\/\/graziamagazine.com\/mx\/wp-content\/uploads\/sites\/13\/2022\/05\/2USRTURTU.jpg?w=450\" alt=\"\" width=\"450\" height=\"253\" \/><\/p>\n<h3><strong>el saludo real\u00a0<\/strong><\/h3>\n<p>Se informa que el Pr\u00edncipe Carlos, el Pr\u00edncipe William y la Princesa Ana har\u00e1n el &#8220;saludo real&#8221; en la ceremonia Trooping the Colour, y la Reina Isabel no lo har\u00e1 por primera vez en 70 a\u00f1os,\u00a0el\u00a0informa<em>\u00a0Sunday Times<\/em>\u00a0.<\/p>\n<p>Aunque en los \u00faltimos d\u00edas se ha visto a la reina luciendo brillante y alegre en el Royal Windsor Horse Show y visitando la nueva l\u00ednea de metro de Londres &#8220;Elizabeth&#8221;, y estar\u00e1 presente durante un per\u00edodo de tiempo durante Trooping the Colour, &#8220;la ceremonia se est\u00e1 modificando teniendo en cuenta su comodidad\u201d, informa el peri\u00f3dico.<\/p>\n<p>La reina podr\u00eda \u201cviajar en un carruaje desde el Palacio de Buckingham para inspeccionar brevemente a las tropas, antes de retirarse para el resto de la ceremonia\u201d, el\u00a0<em>Sunday Times<\/em>, antes de aparecer en el balc\u00f3n del Palacio de Buckingham con otros miembros de la familia.\u00a0Una alternativa es que la reina simplemente aparezca en el balc\u00f3n.\u00a0Todo depende de los <strong>&#8220;problemas de movilidad epis\u00f3dicos&#8221;<\/strong> que el palacio ha dicho que la reina ha estado experimentando.<\/p>\n<p><img loading=\"lazy\" decoding=\"async\" class=\"alignnone size-medium wp-image-112346\" src=\"https:\/\/graziamagazine.com\/mx\/wp-content\/uploads\/sites\/13\/2022\/05\/LJOP.jpg?w=450\" alt=\"\" width=\"450\" height=\"253\" \/><\/p>\n<h3><strong>Las memorias de Harry\u00a0<\/strong><\/h3>\n<p>Las memorias del Pr\u00edncipe Harry fueron anunciadas, para gran p\u00e1nico de la familia real en el a\u00f1o del Jubileo de Platino de la Reina Isabel, como la \u00faltima revelaci\u00f3n programada para &#8220;finales de 2022&#8221;.\u00a0Despu\u00e9s de la explosiva entrevista de Oprah y en un momento en que la familia real quer\u00eda una celebraci\u00f3n libre de controversias para la reina, el palacio estaba preocupado de que Harry pudiera hablar m\u00e1s sobre las tensas relaciones con su padre, el pr\u00edncipe Carlos, y su hermano, el pr\u00edncipe William, incluso si Harry prometi\u00f3 &#8220;una historia humana inspiradora, valiente y edificante&#8221;.<\/p>\n<p>Toya Holness, la secretaria de prensa global de Harry y Meghan, tambi\u00e9n dej\u00f3 su puesto,\u00a0informa\u00a0el\u00a0<em>Times<\/em>\u00a0.<\/p>\n<p><img loading=\"lazy\" decoding=\"async\" class=\"alignnone size-medium wp-image-112345\" src=\"https:\/\/graziamagazine.com\/mx\/wp-content\/uploads\/sites\/13\/2022\/05\/f.elconfidencial.com_original_2df_b17_454_2dfb174546a520e9c7fa9999d68bebbf.jpg?w=450\" alt=\"\" width=\"450\" height=\"338\" \/><\/p>\n","protected":false},"author":33675,"featured_media":112342,"template":"","format":"standard","categories":[12484],"acf":[],"yoast_head":"<!-- This site is optimized with the Yoast SEO Premium plugin v18.5 (Yoast SEO v20.4) - https:\/\/yoast.com\/wordpress\/plugins\/seo\/ -->\n<title>La reina Isabel II persiste protegiendo al pr\u00edncipe Andrew pese a acusaciones | Grazia M\u00e9xico y Latinoam\u00e9rica<\/title>\n<meta name=\"description\" content=\"Efectivamente, fue el 13 de enero,\u00a0la propia reina\u00a0emiti\u00f3 un comunicado en el que dec\u00eda que el duque no asumir\u00eda ning\u00fan &quot;deber p\u00fablico&quot; y se defend\u00eda de\" \/>\n<meta name=\"robots\" content=\"index, follow, max-snippet:-1, max-image-preview:large, max-video-preview:-1\" \/>\n<link rel=\"canonical\" href=\"https:\/\/graziamagazine.com\/mx\/articles\/la-reina-isabel-ii-persiste-protegiendo-al-principe-andrew-pese-a-acusaciones\/\" \/>\n<meta property=\"og:locale\" content=\"es_MX\" \/>\n<meta property=\"og:type\" content=\"article\" \/>\n<meta property=\"og:title\" content=\"La reina Isabel II persiste protegiendo al pr\u00edncipe Andrew pese a acusaciones\" \/>\n<meta property=\"og:description\" content=\"Efectivamente, fue el 13 de enero,\u00a0la propia reina\u00a0emiti\u00f3 un comunicado en el que dec\u00eda que el duque no asumir\u00eda ning\u00fan &quot;deber p\u00fablico&quot; y se defend\u00eda de\" \/>\n<meta property=\"og:url\" content=\"https:\/\/graziamagazine.com\/mx\/articles\/la-reina-isabel-ii-persiste-protegiendo-al-principe-andrew-pese-a-acusaciones\/\" \/>\n<meta property=\"og:site_name\" content=\"Grazia M\u00e9xico y Latinoam\u00e9rica\" \/>\n<meta property=\"article:modified_time\" content=\"2022-05-24T22:59:58+00:00\" \/>\n<meta property=\"og:image\" content=\"https:\/\/graziamagazine.com\/mx\/wp-content\/uploads\/sites\/13\/2022\/05\/GettyImages-1239589165_1_pmfbbq.jpg?fit=1566%2C881\" \/>\n\t<meta property=\"og:image:width\" content=\"1566\" \/>\n\t<meta property=\"og:image:height\" content=\"881\" \/>\n\t<meta property=\"og:image:type\" content=\"image\/jpeg\" \/>\n<meta name=\"twitter:card\" content=\"summary_large_image\" \/>\n<meta name=\"twitter:label1\" content=\"Est. reading time\" \/>\n\t<meta name=\"twitter:data1\" content=\"4 minutos\" \/>\n<script type=\"application\/ld+json\" class=\"yoast-schema-graph\">{\"@context\":\"https:\/\/schema.org\",\"@graph\":[{\"@type\":\"WebPage\",\"@id\":\"https:\/\/graziamagazine.com\/mx\/articles\/la-reina-isabel-ii-persiste-protegiendo-al-principe-andrew-pese-a-acusaciones\/\",\"url\":\"https:\/\/graziamagazine.com\/mx\/articles\/la-reina-isabel-ii-persiste-protegiendo-al-principe-andrew-pese-a-acusaciones\/\",\"name\":\"La reina Isabel II persiste protegiendo al pr\u00edncipe Andrew pese a acusaciones | Grazia M\u00e9xico y Latinoam\u00e9rica\",\"isPartOf\":{\"@id\":\"https:\/\/graziamagazine.com\/mx\/#website\"},\"datePublished\":\"2022-05-24T18:05:10+00:00\",\"dateModified\":\"2022-05-24T22:59:58+00:00\",\"description\":\"Efectivamente, fue el 13 de enero,\u00a0la propia reina\u00a0emiti\u00f3 un comunicado en el que dec\u00eda que el duque no asumir\u00eda ning\u00fan \\\"deber p\u00fablico\\\" y se defend\u00eda de\",\"breadcrumb\":{\"@id\":\"https:\/\/graziamagazine.com\/mx\/articles\/la-reina-isabel-ii-persiste-protegiendo-al-principe-andrew-pese-a-acusaciones\/#breadcrumb\"},\"inLanguage\":\"es-MX\",\"potentialAction\":[{\"@type\":\"ReadAction\",\"target\":[\"https:\/\/graziamagazine.com\/mx\/articles\/la-reina-isabel-ii-persiste-protegiendo-al-principe-andrew-pese-a-acusaciones\/\"]}]},{\"@type\":\"BreadcrumbList\",\"@id\":\"https:\/\/graziamagazine.com\/mx\/articles\/la-reina-isabel-ii-persiste-protegiendo-al-principe-andrew-pese-a-acusaciones\/#breadcrumb\",\"itemListElement\":[{\"@type\":\"ListItem\",\"position\":1,\"name\":\"Home\",\"item\":\"https:\/\/graziamagazine.com\/mx\/\"},{\"@type\":\"ListItem\",\"position\":2,\"name\":\"La reina Isabel II persiste protegiendo al pr\u00edncipe Andrew pese a acusaciones\"}]},{\"@type\":\"WebSite\",\"@id\":\"https:\/\/graziamagazine.com\/mx\/#website\",\"url\":\"https:\/\/graziamagazine.com\/mx\/\",\"name\":\"Grazia M\u00e9xico y Latinoam\u00e9rica\",\"description\":\"Grazia es moda, belleza y noticias  de actualidad \",\"potentialAction\":[{\"@type\":\"SearchAction\",\"target\":{\"@type\":\"EntryPoint\",\"urlTemplate\":\"https:\/\/graziamagazine.com\/mx\/?s={search_term_string}\"},\"query-input\":\"required name=search_term_string\"}],\"inLanguage\":\"es-MX\"}]}<\/script>\n<!-- \/ Yoast SEO Premium plugin. -->","yoast_head_json":{"title":"La reina Isabel II persiste protegiendo al pr\u00edncipe Andrew pese a acusaciones | Grazia M\u00e9xico y Latinoam\u00e9rica","description":"Efectivamente, fue el 13 de enero,\u00a0la propia reina\u00a0emiti\u00f3 un comunicado en el que dec\u00eda que el duque no asumir\u00eda ning\u00fan \"deber p\u00fablico\" y se defend\u00eda de","robots":{"index":"index","follow":"follow","max-snippet":"max-snippet:-1","max-image-preview":"max-image-preview:large","max-video-preview":"max-video-preview:-1"},"canonical":"https:\/\/graziamagazine.com\/mx\/articles\/la-reina-isabel-ii-persiste-protegiendo-al-principe-andrew-pese-a-acusaciones\/","og_locale":"es_MX","og_type":"article","og_title":"La reina Isabel II persiste protegiendo al pr\u00edncipe Andrew pese a acusaciones","og_description":"Efectivamente, fue el 13 de enero,\u00a0la propia reina\u00a0emiti\u00f3 un comunicado en el que dec\u00eda que el duque no asumir\u00eda ning\u00fan \"deber p\u00fablico\" y se defend\u00eda de","og_url":"https:\/\/graziamagazine.com\/mx\/articles\/la-reina-isabel-ii-persiste-protegiendo-al-principe-andrew-pese-a-acusaciones\/","og_site_name":"Grazia M\u00e9xico y Latinoam\u00e9rica","article_modified_time":"2022-05-24T22:59:58+00:00","og_image":[{"width":1566,"height":881,"url":"https:\/\/graziamagazine.com\/mx\/wp-content\/uploads\/sites\/13\/2022\/05\/GettyImages-1239589165_1_pmfbbq.jpg?fit=1566%2C881","type":"image\/jpeg"}],"twitter_card":"summary_large_image","twitter_misc":{"Est. reading time":"4 minutos"},"schema":{"@context":"https:\/\/schema.org","@graph":[{"@type":"WebPage","@id":"https:\/\/graziamagazine.com\/mx\/articles\/la-reina-isabel-ii-persiste-protegiendo-al-principe-andrew-pese-a-acusaciones\/","url":"https:\/\/graziamagazine.com\/mx\/articles\/la-reina-isabel-ii-persiste-protegiendo-al-principe-andrew-pese-a-acusaciones\/","name":"La reina Isabel II persiste protegiendo al pr\u00edncipe Andrew pese a acusaciones | Grazia M\u00e9xico y Latinoam\u00e9rica","isPartOf":{"@id":"https:\/\/graziamagazine.com\/mx\/#website"},"datePublished":"2022-05-24T18:05:10+00:00","dateModified":"2022-05-24T22:59:58+00:00","description":"Efectivamente, fue el 13 de enero,\u00a0la propia reina\u00a0emiti\u00f3 un comunicado en el que dec\u00eda que el duque no asumir\u00eda ning\u00fan \"deber p\u00fablico\" y se defend\u00eda de","breadcrumb":{"@id":"https:\/\/graziamagazine.com\/mx\/articles\/la-reina-isabel-ii-persiste-protegiendo-al-principe-andrew-pese-a-acusaciones\/#breadcrumb"},"inLanguage":"es-MX","potentialAction":[{"@type":"ReadAction","target":["https:\/\/graziamagazine.com\/mx\/articles\/la-reina-isabel-ii-persiste-protegiendo-al-principe-andrew-pese-a-acusaciones\/"]}]},{"@type":"BreadcrumbList","@id":"https:\/\/graziamagazine.com\/mx\/articles\/la-reina-isabel-ii-persiste-protegiendo-al-principe-andrew-pese-a-acusaciones\/#breadcrumb","itemListElement":[{"@type":"ListItem","position":1,"name":"Home","item":"https:\/\/graziamagazine.com\/mx\/"},{"@type":"ListItem","position":2,"name":"La reina Isabel II persiste protegiendo al pr\u00edncipe Andrew pese a acusaciones"}]},{"@type":"WebSite","@id":"https:\/\/graziamagazine.com\/mx\/#website","url":"https:\/\/graziamagazine.com\/mx\/","name":"Grazia M\u00e9xico y Latinoam\u00e9rica","description":"Grazia es moda, belleza y noticias  de actualidad ","potentialAction":[{"@type":"SearchAction","target":{"@type":"EntryPoint","urlTemplate":"https:\/\/graziamagazine.com\/mx\/?s={search_term_string}"},"query-input":"required name=search_term_string"}],"inLanguage":"es-MX"}]}},"jetpack_sharing_enabled":true,"distributor_meta":false,"distributor_terms":false,"distributor_media":false,"distributor_original_site_name":"Grazia M\u00e9xico y Latinoam\u00e9rica","distributor_original_site_url":"https:\/\/graziamagazine.com\/mx","push-errors":false,"_links":{"self":[{"href":"https:\/\/graziamagazine.com\/mx\/wp-json\/wp\/v2\/articles\/112348"}],"collection":[{"href":"https:\/\/graziamagazine.com\/mx\/wp-json\/wp\/v2\/articles"}],"about":[{"href":"https:\/\/graziamagazine.com\/mx\/wp-json\/wp\/v2\/types\/articles"}],"author":[{"embeddable":true,"href":"https:\/\/graziamagazine.com\/mx\/wp-json\/wp\/v2\/users\/33675"}],"wp:featuredmedia":[{"embeddable":true,"href":"https:\/\/graziamagazine.com\/mx\/wp-json\/wp\/v2\/media\/112342"}],"wp:attachment":[{"href":"https:\/\/graziamagazine.com\/mx\/wp-json\/wp\/v2\/media?parent=112348"}],"wp:term":[{"taxonomy":"category","embeddable":true,"href":"https:\/\/graziamagazine.com\/mx\/wp-json\/wp\/v2\/categories?post=112348"}],"curies":[{"name":"wp","href":"https:\/\/api.w.org\/{rel}","templated":true}]}}