{"id":11231,"date":"2016-11-29T17:10:08","date_gmt":"2016-11-29T23:10:08","guid":{"rendered":"https:\/\/graziamagazine.com\/mx\/?p=11231"},"modified":"2016-11-29T17:12:51","modified_gmt":"2016-11-29T23:12:51","slug":"beyonce-revela-su-memorabilia-navidena","status":"publish","type":"articles","link":"https:\/\/graziamagazine.com\/mx\/articles\/beyonce-revela-su-memorabilia-navidena\/","title":{"rendered":"BEYONC\u00c9 REVELA SU MEMORABILIA NAVIDE\u00d1A"},"content":{"rendered":"<p><b>Ropa deportiva festiva con el toque personal de la int\u00e9rprete de \u201cLemonade\u201d.<\/b><!--more--><\/p>\n<p>\u2013\u2013\u2013\u2013<\/p>\n<p>&nbsp;<\/p>\n<p><span style=\"font-weight: 400;\">Cada entrega es una sonrisa cuando de la memorabilia de <strong>Beyonc\u00e9<\/strong> se trata. Todas quienes presuman de ser pro girl power entender\u00e1n que lo que la cantante diga o haga, se convierte en referencia.<\/span><\/p>\n<p><span style=\"font-weight: 400;\">Para esta navidad, <strong>Queen Bey<\/strong> revela una nueva entrega de prendas con tem\u00e1tica invernal en donde las frases de su famos\u00edsima <strong>\u201cLemonade\u201d<\/strong> se modifican para reflejar el esp\u00edritu invernal. Conjuntos deportivos, ropa interior, blusas y hasta papel de regalo, conforman esta micro colecci\u00f3n ya disponible en su sitio oficial.<\/span><\/p>\n<p>&nbsp;<\/p>\n<p><span style=\"font-weight: 400;\">Nada como ropa nueva, pero lo que a nosotras nos enamor\u00f3 fue esta nueva (\u00a1y cool!) alternativa para personalizar nuestros obsequios a pie de \u00e1rbol. \u00bfA ti?<\/span><\/p>\n<p>&nbsp;<\/p>\n<p><!--[gallery size=\"full\" ids=\"11235,11236,11237,11238,11239,11240,11241,11242,11243,11244,11245\"]--><\/p>\n","protected":false},"author":11636,"featured_media":11232,"template":"","format":"standard","categories":[2,4,10],"acf":[],"yoast_head":"<!-- This site is optimized with the Yoast SEO Premium plugin v18.5 (Yoast SEO v20.4) - https:\/\/yoast.com\/wordpress\/plugins\/seo\/ -->\n<title>BEYONC\u00c9 REVELA SU MEMORABILIA NAVIDE\u00d1A | Grazia M\u00e9xico y Latinoam\u00e9rica<\/title>\n<meta name=\"description\" content=\"Ropa deportiva festiva con el toque personal de la int\u00e9rprete de \u201cLemonade\u201d. \u2013\u2013\u2013\u2013 &nbsp; Cada entrega es una sonrisa cuando de la memorabilia de Beyonc\u00e9\" \/>\n<meta name=\"robots\" content=\"index, follow, max-snippet:-1, max-image-preview:large, max-video-preview:-1\" \/>\n<link rel=\"canonical\" href=\"https:\/\/graziamagazine.com\/mx\/articles\/beyonce-revela-su-memorabilia-navidena\/\" \/>\n<meta property=\"og:locale\" content=\"es_MX\" \/>\n<meta property=\"og:type\" content=\"article\" \/>\n<meta property=\"og:title\" content=\"BEYONC\u00c9 REVELA SU MEMORABILIA NAVIDE\u00d1A\" \/>\n<meta property=\"og:description\" content=\"Ropa deportiva festiva con el toque personal de la int\u00e9rprete de \u201cLemonade\u201d. \u2013\u2013\u2013\u2013 &nbsp; Cada entrega es una sonrisa cuando de la memorabilia de Beyonc\u00e9\" \/>\n<meta property=\"og:url\" content=\"https:\/\/graziamagazine.com\/mx\/articles\/beyonce-revela-su-memorabilia-navidena\/\" \/>\n<meta property=\"og:site_name\" content=\"Grazia M\u00e9xico y Latinoam\u00e9rica\" \/>\n<meta property=\"article:modified_time\" content=\"2016-11-29T23:12:51+00:00\" \/>\n<meta property=\"og:image\" content=\"https:\/\/graziamagazine.com\/mx\/wp-content\/uploads\/sites\/13\/2016\/11\/beychcov.jpg?fit=970%2C600\" \/>\n\t<meta property=\"og:image:width\" content=\"970\" \/>\n\t<meta property=\"og:image:height\" content=\"600\" \/>\n\t<meta property=\"og:image:type\" content=\"image\/jpeg\" \/>\n<meta name=\"twitter:card\" content=\"summary_large_image\" \/>\n<meta name=\"twitter:label1\" content=\"Est. reading time\" \/>\n\t<meta name=\"twitter:data1\" content=\"1 minuto\" \/>\n<script type=\"application\/ld+json\" class=\"yoast-schema-graph\">{\"@context\":\"https:\/\/schema.org\",\"@graph\":[{\"@type\":\"WebPage\",\"@id\":\"https:\/\/graziamagazine.com\/mx\/articles\/beyonce-revela-su-memorabilia-navidena\/\",\"url\":\"https:\/\/graziamagazine.com\/mx\/articles\/beyonce-revela-su-memorabilia-navidena\/\",\"name\":\"BEYONC\u00c9 REVELA SU MEMORABILIA NAVIDE\u00d1A | Grazia M\u00e9xico y Latinoam\u00e9rica\",\"isPartOf\":{\"@id\":\"https:\/\/graziamagazine.com\/mx\/#website\"},\"datePublished\":\"2016-11-29T23:10:08+00:00\",\"dateModified\":\"2016-11-29T23:12:51+00:00\",\"description\":\"Ropa deportiva festiva con el toque personal de la int\u00e9rprete de \u201cLemonade\u201d. \u2013\u2013\u2013\u2013 &nbsp; Cada entrega es una sonrisa cuando de la memorabilia de Beyonc\u00e9\",\"breadcrumb\":{\"@id\":\"https:\/\/graziamagazine.com\/mx\/articles\/beyonce-revela-su-memorabilia-navidena\/#breadcrumb\"},\"inLanguage\":\"es-MX\",\"potentialAction\":[{\"@type\":\"ReadAction\",\"target\":[\"https:\/\/graziamagazine.com\/mx\/articles\/beyonce-revela-su-memorabilia-navidena\/\"]}]},{\"@type\":\"BreadcrumbList\",\"@id\":\"https:\/\/graziamagazine.com\/mx\/articles\/beyonce-revela-su-memorabilia-navidena\/#breadcrumb\",\"itemListElement\":[{\"@type\":\"ListItem\",\"position\":1,\"name\":\"Home\",\"item\":\"https:\/\/graziamagazine.com\/mx\/\"},{\"@type\":\"ListItem\",\"position\":2,\"name\":\"BEYONC\u00c9 REVELA SU MEMORABILIA NAVIDE\u00d1A\"}]},{\"@type\":\"WebSite\",\"@id\":\"https:\/\/graziamagazine.com\/mx\/#website\",\"url\":\"https:\/\/graziamagazine.com\/mx\/\",\"name\":\"Grazia M\u00e9xico y Latinoam\u00e9rica\",\"description\":\"Grazia es moda, belleza y noticias  de actualidad \",\"potentialAction\":[{\"@type\":\"SearchAction\",\"target\":{\"@type\":\"EntryPoint\",\"urlTemplate\":\"https:\/\/graziamagazine.com\/mx\/?s={search_term_string}\"},\"query-input\":\"required name=search_term_string\"}],\"inLanguage\":\"es-MX\"}]}<\/script>\n<!-- \/ Yoast SEO Premium plugin. -->","yoast_head_json":{"title":"BEYONC\u00c9 REVELA SU MEMORABILIA NAVIDE\u00d1A | Grazia M\u00e9xico y Latinoam\u00e9rica","description":"Ropa deportiva festiva con el toque personal de la int\u00e9rprete de \u201cLemonade\u201d. \u2013\u2013\u2013\u2013 &nbsp; Cada entrega es una sonrisa cuando de la memorabilia de Beyonc\u00e9","robots":{"index":"index","follow":"follow","max-snippet":"max-snippet:-1","max-image-preview":"max-image-preview:large","max-video-preview":"max-video-preview:-1"},"canonical":"https:\/\/graziamagazine.com\/mx\/articles\/beyonce-revela-su-memorabilia-navidena\/","og_locale":"es_MX","og_type":"article","og_title":"BEYONC\u00c9 REVELA SU MEMORABILIA NAVIDE\u00d1A","og_description":"Ropa deportiva festiva con el toque personal de la int\u00e9rprete de \u201cLemonade\u201d. \u2013\u2013\u2013\u2013 &nbsp; Cada entrega es una sonrisa cuando de la memorabilia de Beyonc\u00e9","og_url":"https:\/\/graziamagazine.com\/mx\/articles\/beyonce-revela-su-memorabilia-navidena\/","og_site_name":"Grazia M\u00e9xico y Latinoam\u00e9rica","article_modified_time":"2016-11-29T23:12:51+00:00","og_image":[{"width":970,"height":600,"url":"https:\/\/graziamagazine.com\/mx\/wp-content\/uploads\/sites\/13\/2016\/11\/beychcov.jpg?fit=970%2C600","type":"image\/jpeg"}],"twitter_card":"summary_large_image","twitter_misc":{"Est. reading time":"1 minuto"},"schema":{"@context":"https:\/\/schema.org","@graph":[{"@type":"WebPage","@id":"https:\/\/graziamagazine.com\/mx\/articles\/beyonce-revela-su-memorabilia-navidena\/","url":"https:\/\/graziamagazine.com\/mx\/articles\/beyonce-revela-su-memorabilia-navidena\/","name":"BEYONC\u00c9 REVELA SU MEMORABILIA NAVIDE\u00d1A | Grazia M\u00e9xico y Latinoam\u00e9rica","isPartOf":{"@id":"https:\/\/graziamagazine.com\/mx\/#website"},"datePublished":"2016-11-29T23:10:08+00:00","dateModified":"2016-11-29T23:12:51+00:00","description":"Ropa deportiva festiva con el toque personal de la int\u00e9rprete de \u201cLemonade\u201d. \u2013\u2013\u2013\u2013 &nbsp; Cada entrega es una sonrisa cuando de la memorabilia de Beyonc\u00e9","breadcrumb":{"@id":"https:\/\/graziamagazine.com\/mx\/articles\/beyonce-revela-su-memorabilia-navidena\/#breadcrumb"},"inLanguage":"es-MX","potentialAction":[{"@type":"ReadAction","target":["https:\/\/graziamagazine.com\/mx\/articles\/beyonce-revela-su-memorabilia-navidena\/"]}]},{"@type":"BreadcrumbList","@id":"https:\/\/graziamagazine.com\/mx\/articles\/beyonce-revela-su-memorabilia-navidena\/#breadcrumb","itemListElement":[{"@type":"ListItem","position":1,"name":"Home","item":"https:\/\/graziamagazine.com\/mx\/"},{"@type":"ListItem","position":2,"name":"BEYONC\u00c9 REVELA SU MEMORABILIA NAVIDE\u00d1A"}]},{"@type":"WebSite","@id":"https:\/\/graziamagazine.com\/mx\/#website","url":"https:\/\/graziamagazine.com\/mx\/","name":"Grazia M\u00e9xico y Latinoam\u00e9rica","description":"Grazia es moda, belleza y noticias  de actualidad ","potentialAction":[{"@type":"SearchAction","target":{"@type":"EntryPoint","urlTemplate":"https:\/\/graziamagazine.com\/mx\/?s={search_term_string}"},"query-input":"required name=search_term_string"}],"inLanguage":"es-MX"}]}},"jetpack_sharing_enabled":true,"distributor_meta":false,"distributor_terms":false,"distributor_media":false,"distributor_original_site_name":"Grazia M\u00e9xico y Latinoam\u00e9rica","distributor_original_site_url":"https:\/\/graziamagazine.com\/mx","push-errors":false,"_links":{"self":[{"href":"https:\/\/graziamagazine.com\/mx\/wp-json\/wp\/v2\/articles\/11231"}],"collection":[{"href":"https:\/\/graziamagazine.com\/mx\/wp-json\/wp\/v2\/articles"}],"about":[{"href":"https:\/\/graziamagazine.com\/mx\/wp-json\/wp\/v2\/types\/articles"}],"author":[{"embeddable":true,"href":"https:\/\/graziamagazine.com\/mx\/wp-json\/wp\/v2\/users\/11636"}],"wp:featuredmedia":[{"embeddable":true,"href":"https:\/\/graziamagazine.com\/mx\/wp-json\/wp\/v2\/media\/11232"}],"wp:attachment":[{"href":"https:\/\/graziamagazine.com\/mx\/wp-json\/wp\/v2\/media?parent=11231"}],"wp:term":[{"taxonomy":"category","embeddable":true,"href":"https:\/\/graziamagazine.com\/mx\/wp-json\/wp\/v2\/categories?post=11231"}],"curies":[{"name":"wp","href":"https:\/\/api.w.org\/{rel}","templated":true}]}}