{"id":112166,"date":"2022-05-20T14:01:31","date_gmt":"2022-05-20T19:01:31","guid":{"rendered":"https:\/\/graziamagazine.com\/mx\/?post_type=articles&#038;p=112166"},"modified":"2022-05-21T13:35:11","modified_gmt":"2022-05-21T18:35:11","slug":"hoy-celebramos-el-dia-internacional-del-te","status":"publish","type":"articles","link":"https:\/\/graziamagazine.com\/mx\/articles\/hoy-celebramos-el-dia-internacional-del-te\/","title":{"rendered":"Hoy celebramos el D\u00eda Internacional del T\u00e9"},"content":{"rendered":"<header class=\"story__headlines\" role=\"heading\"><\/header>\n<section class=\"story__content\">\u00bfSab\u00edas que, despu\u00e9s del agua, lo que m\u00e1s se toma en el mundo es el t\u00e9? As\u00ed lo afirma la ONU, que cada\u00a0<strong>21 de mayo celebra el D\u00eda Internacional del T\u00e9<\/strong>, esa bebida con m\u00faltiples beneficios para la salud y el bienestar, y que actualmente representa una tradici\u00f3n muy s\u00f3lida en el planeta, pasando por Gran Breta\u00f1a y su famosa \u201chora del t\u00e9\u201d a las 11:00 AM.<\/section>\n<section><\/section>\n<section class=\"story__content\">Actualmente hay muchos tipos de t\u00e9s (manzanilla, canela, jengibre, romero, menta, hinojo, chai, etc.), dependiendo del gusto y las bondades nutricionales que se busquen aprovechar, incluyendo el que se prepara en la famosa serie de Netflix \u201cBridgerton\u201d y est\u00e1 hecho a base de frutas de la pasi\u00f3n. Adem\u00e1s, desde el punto de vista saludable, nos aportan tanto antioxidantes como vitaminas, minerales e incluso fibra.<\/section>\n<section><\/section>\n<section><\/section>\n<section class=\"story__content\"><strong>Para lograr que sus efectos y sabor sean perfectos<\/strong>, y de paso impulsar una mayor cultura global del t\u00e9 en M\u00e9xico, donde apenas se consumen en promedio 8 tazas al a\u00f1o por persona, <strong>Breville,<\/strong>\u00a0marca australiana de electrodom\u00e9sticos de lujo, se ha encargado de combinar lo mejor de la tecnolog\u00eda y la innovaci\u00f3n para dise\u00f1ar teteras que destacan por su facilidad de uso, velocidad de preparaci\u00f3n y <strong>versatilidad<\/strong> seg\u00fan las temperaturas y tiempos de infusi\u00f3n. Acorde con tus preferencias y estilo de vida.Tomar una taza de t\u00e9, m\u00e1s si es compartiendo con alguien especial, es todo un ritual que da pie a momentos inolvidables, mientras apapachamos a nuestro cuerpo d\u00e1ndole un\u00a0<em>shot<\/em>\u00a0de salud y bienestar.S\u00famate a los festejos por el D\u00eda Internacional del T\u00e9,<strong>\u00a0disfrutando su sabor a plenitud y todas sus bondades como nunca<\/strong>\u00a0con estas<strong>\u00a0teteras de Breville<\/strong>, de venta en Liverpool, Amazon, Williams Sonoma y en el e-commerce\u00a0de la marca.<img loading=\"lazy\" decoding=\"async\" class=\"alignnone size-medium wp-image-112182\" src=\"https:\/\/graziamagazine.com\/mx\/wp-content\/uploads\/sites\/13\/2022\/05\/45454.png?w=450\" alt=\"\" width=\"450\" height=\"306\" \/><\/p>\n<h3>Variedades<\/h3>\n<p style=\"font-weight: 400\"><span style=\"font-style: inherit;font-weight: inherit\">Existen 5 variedades de t\u00e9, cada una de ellas se obtiene de la misma planta (<i><em style=\"font-weight: inherit\">camellia sinensis)<\/em><\/i>, solo que \u00e9sta se ha procesado de forma distinta, lo que confiere sabores y aromas distintos. Estas cinco variedades son:<\/span><\/p>\n<ol>\n<li style=\"font-weight: 400\"><span style=\"font-style: inherit;font-weight: inherit\">T\u00e9 verde<\/span><\/li>\n<li style=\"font-weight: 400\"><span style=\"font-style: inherit;font-weight: inherit\">T\u00e9 blanco<\/span><\/li>\n<li style=\"font-weight: 400\"><span style=\"font-style: inherit;font-weight: inherit\">T\u00e9 oolong (azul)<\/span><\/li>\n<li style=\"font-weight: 400\"><span style=\"font-style: inherit;font-weight: inherit\">T\u00e9 negro<\/span><\/li>\n<li style=\"font-weight: 400\"><span style=\"font-style: inherit;font-weight: inherit\">T\u00e9 pu erh (rojo)<\/span><\/li>\n<\/ol>\n<p><img loading=\"lazy\" decoding=\"async\" class=\"alignnone size-medium wp-image-112183\" src=\"https:\/\/graziamagazine.com\/mx\/wp-content\/uploads\/sites\/13\/2022\/05\/2018020817141739956.jpg?w=450\" alt=\"\" width=\"450\" height=\"301\" \/><\/p>\n<h3>Beneficios<\/h3>\n<ul>\n<li><span style=\"font-style: inherit;font-weight: inherit\">Tiene propiedades anticancer\u00edgenas.<\/span><\/li>\n<li style=\"font-weight: 400\"><span style=\"font-style: inherit;font-weight: inherit\">Desempe\u00f1a un papel preventivo contra enfermedades cardiovasculares.<\/span><\/li>\n<li style=\"font-weight: 400\"><span style=\"font-style: inherit;font-weight: inherit\">Estimula el metabolismo al disminuir la absorci\u00f3n de grasa.<\/span><\/li>\n<li style=\"font-weight: 400\"><span style=\"font-style: inherit;font-weight: inherit\">Baja el nivel de colesterol y az\u00facar en la sangre.<\/span><\/li>\n<li style=\"font-weight: 400\"><span style=\"font-style: inherit;font-weight: inherit\">Refuerza el sistema inmunol\u00f3gico.<\/span><\/li>\n<li style=\"font-weight: 400\"><span style=\"font-style: inherit;font-weight: inherit\">Protege los dientes contra las caries porque contiene fl\u00faor.<\/span><\/li>\n<li style=\"font-weight: 400\"><span style=\"font-style: inherit;font-weight: inherit\">Estimula la concentraci\u00f3n y relajaci\u00f3n.<\/span><\/li>\n<li style=\"font-weight: 400\"><span style=\"font-style: inherit;font-weight: inherit\">Ayuda a la digesti\u00f3n y es diur\u00e9tico (Lombardi Gabriella, 2017). \u00a0<\/span><\/li>\n<\/ul>\n<h3>Datos curiosos<\/h3>\n<h4 align=\"justify\"><strong>El mayor bebedor<\/strong><\/h4>\n<div align=\"justify\">El pa\u00eds que m\u00e1s t\u00e9 consume es\u00a0<strong>Irlanda<\/strong>, con 3.5 kg de t\u00e9 per c\u00e1pita. Esto equivale a 1,750 tazas al a\u00f1o por persona, o lo que es lo mismo, 5 tazas de t\u00e9 al d\u00eda.<\/div>\n<div align=\"justify\"><\/div>\n<h4 align=\"justify\"><strong>T\u00e9 blanco\u00a0<\/strong><\/h4>\n<div align=\"justify\">El t\u00e9 blanco es el t\u00e9 que\u00a0<strong>m\u00e1s antioxidantes<\/strong>\u00a0aporta al organismo, esto se debe a que es el menos procesado y el que m\u00e1s brotes de\u00a0<strong>Camellia Sinensis<\/strong>\u00a0(la planta del t\u00e9) contiene. Por lo tanto, se recomienda beber 4 tazas de t\u00e9 blanco al d\u00eda para tener una piel hermosa y evitar los signos del envejecimiento.<\/div>\n<div align=\"justify\"><img loading=\"lazy\" decoding=\"async\" class=\"alignnone size-medium wp-image-112179\" src=\"https:\/\/graziamagazine.com\/mx\/wp-content\/uploads\/sites\/13\/2022\/05\/contraindicaciones_del_te_blanco_35015_600.jpg?w=450\" alt=\"\" width=\"450\" height=\"300\" \/><\/div>\n<div align=\"justify\"><\/div>\n<div align=\"justify\"><\/div>\n<div align=\"justify\">\n<h4 align=\"justify\"><strong>Chai\u00a0<\/strong><\/h4>\n<div align=\"justify\">Pedir un\u00a0<strong>\u201c<a href=\"https:\/\/gourmetdemexico.com.mx\/sin-categoria\/bebida-te-chai-helado\/\" target=\"_blank\">T\u00e9 Chai<\/a>\u201d<\/strong>\u00a0es incorrecto. Al llamarlo as\u00ed es como si se pidiera un caf\u00e9\u00a0coffee, pues\u00a0<strong>t\u00e9 y chai designan a la misma planta<\/strong>, s\u00f3lo que en dos dialectos diferentes:\u00a0T\u00e9\u00a0viene del dialecto amoy y\u00a0Chai\u00a0del mandar\u00edn o del canton\u00e9s. El nombre correcto de la bebida que se ha hecho tan popular en occidente es\u00a0<strong>Masala Chai<\/strong>, que quiere decir\u00a0<strong>t\u00e9 con especias<\/strong>. Esta bebida es originaria de la\u00a0<strong>India<\/strong>, en donde la toman con leche de b\u00fafala y endulzada con az\u00facar.<\/div>\n<div align=\"justify\"><img loading=\"lazy\" decoding=\"async\" class=\"alignnone size-medium wp-image-112180\" src=\"https:\/\/graziamagazine.com\/mx\/wp-content\/uploads\/sites\/13\/2022\/05\/5e9976ec54c6c.jpeg?w=450\" alt=\"\" width=\"450\" height=\"253\" \/><\/div>\n<div align=\"justify\"><\/div>\n<div align=\"justify\">\n<h4 align=\"justify\">Beneficios<\/h4>\n<div align=\"justify\">Al beber la infusi\u00f3n de un t\u00e9 s\u00f3lo se consumen el 35% de los ingredientes ben\u00e9ficos de \u00e9ste, pues el resto se queda en las hojas que se van a la basura.\u00a0<strong>El\u00a0<a href=\"https:\/\/gourmetdemexico.com.mx\/comida-y-cultura\/origen-y-beneficios-del-matcha\/\" target=\"_blank\">matcha<\/a><\/strong>, t\u00e9 verde en polvo (exclusivamente de origen japon\u00e9s),\u00a0<strong>permite consumir el 100% de los beneficios<\/strong>\u00a0del t\u00e9 ya que es como si se comiera la hoja del t\u00e9 completa, permiti\u00e9ndole al cuerpo ingerir todos los antioxidantes, vitaminas, minerales y amino\u00e1cidos de esta maravillosa planta.<\/div>\n<div align=\"justify\"><\/div>\n<\/div>\n<\/div>\n<h4 align=\"justify\">Etiqueta para beberlo<\/h4>\n<\/section>\n<div align=\"justify\">\n<p>Nunca tomes la taza con el me\u00f1ique extendido.<\/p>\n<ul>\n<li>Esta es una costumbre que se ha adoptado de manera incorrecta y que se considera de buena educaci\u00f3n, pero no es as\u00ed. La manera correcta de beber es enganchando el dedo \u00edndice en la oreja de la taza, poniendo el dedo pulgar en la parte superior de la oreja, apoyando en el dedo medio, y manteniendo los dedos anular y me\u00f1ique hacia atr\u00e1s en direcci\u00f3n a la palma de la mano.<\/li>\n<li>Cuando revuelvas el t\u00e9, ten mucho cuidado de no chocar la cuchara contra la taza.<\/li>\n<li>Antes se acostumbraba poner la leche antes que el t\u00e9 para prevenir que las tazas se agrietaran. Como hoy en d\u00eda ya no tenemos ese problema, as\u00ed que lo correcto es servir la leche despu\u00e9s.<\/li>\n<li>Si est\u00e1s tomando de pie, puedes y debes tomar el plato con la taza.<\/li>\n<li>Cuando est\u00e9s tomando un sorbo, no veas a los dem\u00e1s comensales.<\/li>\n<li>La manera correcta es hacer peque\u00f1os c\u00edrculos con la cuchara. Cuando termines col\u00f3cala sobre el platito detr\u00e1s de la taza del lado de la oreja.<\/li>\n<li>Nunca tomes antes de revolver el t\u00e9 y no chupes la cuchara despu\u00e9s de usarla.<\/li>\n<li>Si tomas t\u00e9 sentada no levantes el plato, s\u00f3lo la taza.<\/li>\n<li>Mejor enfoca tu mirada en lo que est\u00e1s haciendo as\u00ed evitar\u00e1s tirar t\u00e9 en tu blusa o en la mesa.<\/li>\n<\/ul>\n<\/div>\n","protected":false},"author":33675,"featured_media":112184,"template":"","format":"standard","categories":[114,12483,9864,4],"acf":[],"yoast_head":"<!-- This site is optimized with the Yoast SEO Premium plugin v18.5 (Yoast SEO v20.4) - https:\/\/yoast.com\/wordpress\/plugins\/seo\/ -->\n<title>Hoy celebramos el D\u00eda Internacional del T\u00e9 | Grazia M\u00e9xico y Latinoam\u00e9rica<\/title>\n<meta name=\"description\" content=\"\u00bfSab\u00edas que, despu\u00e9s del agua, lo que m\u00e1s se toma en el mundo es el t\u00e9? As\u00ed lo afirma la ONU, que cada\u00a021 de mayo celebra el D\u00eda Internacional del T\u00e9, esa\" \/>\n<meta name=\"robots\" content=\"index, follow, max-snippet:-1, max-image-preview:large, max-video-preview:-1\" \/>\n<link rel=\"canonical\" href=\"https:\/\/graziamagazine.com\/mx\/articles\/hoy-celebramos-el-dia-internacional-del-te\/\" \/>\n<meta property=\"og:locale\" content=\"es_MX\" \/>\n<meta property=\"og:type\" content=\"article\" \/>\n<meta property=\"og:title\" content=\"Hoy celebramos el D\u00eda Internacional del T\u00e9\" \/>\n<meta property=\"og:description\" content=\"\u00bfSab\u00edas que, despu\u00e9s del agua, lo que m\u00e1s se toma en el mundo es el t\u00e9? As\u00ed lo afirma la ONU, que cada\u00a021 de mayo celebra el D\u00eda Internacional del T\u00e9, esa\" \/>\n<meta property=\"og:url\" content=\"https:\/\/graziamagazine.com\/mx\/articles\/hoy-celebramos-el-dia-internacional-del-te\/\" \/>\n<meta property=\"og:site_name\" content=\"Grazia M\u00e9xico y Latinoam\u00e9rica\" \/>\n<meta property=\"article:modified_time\" content=\"2022-05-21T18:35:11+00:00\" \/>\n<meta property=\"og:image\" content=\"https:\/\/graziamagazine.com\/mx\/wp-content\/uploads\/sites\/13\/2022\/05\/23370.jpg?fit=400%2C300\" \/>\n\t<meta property=\"og:image:width\" content=\"400\" \/>\n\t<meta property=\"og:image:height\" content=\"300\" \/>\n\t<meta property=\"og:image:type\" content=\"image\/jpeg\" \/>\n<meta name=\"twitter:card\" content=\"summary_large_image\" \/>\n<meta name=\"twitter:label1\" content=\"Est. reading time\" \/>\n\t<meta name=\"twitter:data1\" content=\"5 minutos\" \/>\n<script type=\"application\/ld+json\" class=\"yoast-schema-graph\">{\"@context\":\"https:\/\/schema.org\",\"@graph\":[{\"@type\":\"WebPage\",\"@id\":\"https:\/\/graziamagazine.com\/mx\/articles\/hoy-celebramos-el-dia-internacional-del-te\/\",\"url\":\"https:\/\/graziamagazine.com\/mx\/articles\/hoy-celebramos-el-dia-internacional-del-te\/\",\"name\":\"Hoy celebramos el D\u00eda Internacional del T\u00e9 | Grazia M\u00e9xico y Latinoam\u00e9rica\",\"isPartOf\":{\"@id\":\"https:\/\/graziamagazine.com\/mx\/#website\"},\"datePublished\":\"2022-05-20T19:01:31+00:00\",\"dateModified\":\"2022-05-21T18:35:11+00:00\",\"description\":\"\u00bfSab\u00edas que, despu\u00e9s del agua, lo que m\u00e1s se toma en el mundo es el t\u00e9? As\u00ed lo afirma la ONU, que cada\u00a021 de mayo celebra el D\u00eda Internacional del T\u00e9, esa\",\"breadcrumb\":{\"@id\":\"https:\/\/graziamagazine.com\/mx\/articles\/hoy-celebramos-el-dia-internacional-del-te\/#breadcrumb\"},\"inLanguage\":\"es-MX\",\"potentialAction\":[{\"@type\":\"ReadAction\",\"target\":[\"https:\/\/graziamagazine.com\/mx\/articles\/hoy-celebramos-el-dia-internacional-del-te\/\"]}]},{\"@type\":\"BreadcrumbList\",\"@id\":\"https:\/\/graziamagazine.com\/mx\/articles\/hoy-celebramos-el-dia-internacional-del-te\/#breadcrumb\",\"itemListElement\":[{\"@type\":\"ListItem\",\"position\":1,\"name\":\"Home\",\"item\":\"https:\/\/graziamagazine.com\/mx\/\"},{\"@type\":\"ListItem\",\"position\":2,\"name\":\"Hoy celebramos el D\u00eda Internacional del T\u00e9\"}]},{\"@type\":\"WebSite\",\"@id\":\"https:\/\/graziamagazine.com\/mx\/#website\",\"url\":\"https:\/\/graziamagazine.com\/mx\/\",\"name\":\"Grazia M\u00e9xico y Latinoam\u00e9rica\",\"description\":\"Grazia es moda, belleza y noticias  de actualidad \",\"potentialAction\":[{\"@type\":\"SearchAction\",\"target\":{\"@type\":\"EntryPoint\",\"urlTemplate\":\"https:\/\/graziamagazine.com\/mx\/?s={search_term_string}\"},\"query-input\":\"required name=search_term_string\"}],\"inLanguage\":\"es-MX\"}]}<\/script>\n<!-- \/ Yoast SEO Premium plugin. -->","yoast_head_json":{"title":"Hoy celebramos el D\u00eda Internacional del T\u00e9 | Grazia M\u00e9xico y Latinoam\u00e9rica","description":"\u00bfSab\u00edas que, despu\u00e9s del agua, lo que m\u00e1s se toma en el mundo es el t\u00e9? As\u00ed lo afirma la ONU, que cada\u00a021 de mayo celebra el D\u00eda Internacional del T\u00e9, esa","robots":{"index":"index","follow":"follow","max-snippet":"max-snippet:-1","max-image-preview":"max-image-preview:large","max-video-preview":"max-video-preview:-1"},"canonical":"https:\/\/graziamagazine.com\/mx\/articles\/hoy-celebramos-el-dia-internacional-del-te\/","og_locale":"es_MX","og_type":"article","og_title":"Hoy celebramos el D\u00eda Internacional del T\u00e9","og_description":"\u00bfSab\u00edas que, despu\u00e9s del agua, lo que m\u00e1s se toma en el mundo es el t\u00e9? As\u00ed lo afirma la ONU, que cada\u00a021 de mayo celebra el D\u00eda Internacional del T\u00e9, esa","og_url":"https:\/\/graziamagazine.com\/mx\/articles\/hoy-celebramos-el-dia-internacional-del-te\/","og_site_name":"Grazia M\u00e9xico y Latinoam\u00e9rica","article_modified_time":"2022-05-21T18:35:11+00:00","og_image":[{"width":400,"height":300,"url":"https:\/\/graziamagazine.com\/mx\/wp-content\/uploads\/sites\/13\/2022\/05\/23370.jpg?fit=400%2C300","type":"image\/jpeg"}],"twitter_card":"summary_large_image","twitter_misc":{"Est. reading time":"5 minutos"},"schema":{"@context":"https:\/\/schema.org","@graph":[{"@type":"WebPage","@id":"https:\/\/graziamagazine.com\/mx\/articles\/hoy-celebramos-el-dia-internacional-del-te\/","url":"https:\/\/graziamagazine.com\/mx\/articles\/hoy-celebramos-el-dia-internacional-del-te\/","name":"Hoy celebramos el D\u00eda Internacional del T\u00e9 | Grazia M\u00e9xico y Latinoam\u00e9rica","isPartOf":{"@id":"https:\/\/graziamagazine.com\/mx\/#website"},"datePublished":"2022-05-20T19:01:31+00:00","dateModified":"2022-05-21T18:35:11+00:00","description":"\u00bfSab\u00edas que, despu\u00e9s del agua, lo que m\u00e1s se toma en el mundo es el t\u00e9? As\u00ed lo afirma la ONU, que cada\u00a021 de mayo celebra el D\u00eda Internacional del T\u00e9, esa","breadcrumb":{"@id":"https:\/\/graziamagazine.com\/mx\/articles\/hoy-celebramos-el-dia-internacional-del-te\/#breadcrumb"},"inLanguage":"es-MX","potentialAction":[{"@type":"ReadAction","target":["https:\/\/graziamagazine.com\/mx\/articles\/hoy-celebramos-el-dia-internacional-del-te\/"]}]},{"@type":"BreadcrumbList","@id":"https:\/\/graziamagazine.com\/mx\/articles\/hoy-celebramos-el-dia-internacional-del-te\/#breadcrumb","itemListElement":[{"@type":"ListItem","position":1,"name":"Home","item":"https:\/\/graziamagazine.com\/mx\/"},{"@type":"ListItem","position":2,"name":"Hoy celebramos el D\u00eda Internacional del T\u00e9"}]},{"@type":"WebSite","@id":"https:\/\/graziamagazine.com\/mx\/#website","url":"https:\/\/graziamagazine.com\/mx\/","name":"Grazia M\u00e9xico y Latinoam\u00e9rica","description":"Grazia es moda, belleza y noticias  de actualidad ","potentialAction":[{"@type":"SearchAction","target":{"@type":"EntryPoint","urlTemplate":"https:\/\/graziamagazine.com\/mx\/?s={search_term_string}"},"query-input":"required name=search_term_string"}],"inLanguage":"es-MX"}]}},"jetpack_sharing_enabled":true,"distributor_meta":false,"distributor_terms":false,"distributor_media":false,"distributor_original_site_name":"Grazia M\u00e9xico y Latinoam\u00e9rica","distributor_original_site_url":"https:\/\/graziamagazine.com\/mx","push-errors":false,"_links":{"self":[{"href":"https:\/\/graziamagazine.com\/mx\/wp-json\/wp\/v2\/articles\/112166"}],"collection":[{"href":"https:\/\/graziamagazine.com\/mx\/wp-json\/wp\/v2\/articles"}],"about":[{"href":"https:\/\/graziamagazine.com\/mx\/wp-json\/wp\/v2\/types\/articles"}],"author":[{"embeddable":true,"href":"https:\/\/graziamagazine.com\/mx\/wp-json\/wp\/v2\/users\/33675"}],"wp:featuredmedia":[{"embeddable":true,"href":"https:\/\/graziamagazine.com\/mx\/wp-json\/wp\/v2\/media\/112184"}],"wp:attachment":[{"href":"https:\/\/graziamagazine.com\/mx\/wp-json\/wp\/v2\/media?parent=112166"}],"wp:term":[{"taxonomy":"category","embeddable":true,"href":"https:\/\/graziamagazine.com\/mx\/wp-json\/wp\/v2\/categories?post=112166"}],"curies":[{"name":"wp","href":"https:\/\/api.w.org\/{rel}","templated":true}]}}