{"id":112143,"date":"2022-05-21T12:36:23","date_gmt":"2022-05-21T17:36:23","guid":{"rendered":"https:\/\/graziamagazine.com\/mx\/?post_type=articles&#038;p=112143"},"modified":"2022-05-22T16:31:11","modified_gmt":"2022-05-22T21:31:11","slug":"prada-y-miu-miu-se-unen-al-director-baz-luhrmann-para-la-creacion-de-los-vestuarios-de-elvis","status":"publish","type":"articles","link":"https:\/\/graziamagazine.com\/mx\/articles\/prada-y-miu-miu-se-unen-al-director-baz-luhrmann-para-la-creacion-de-los-vestuarios-de-elvis\/","title":{"rendered":"Prada y Miu Miu se unen al director Baz Luhrmann para la creaci\u00f3n de los vestuarios de \u2018Elvis\u2019"},"content":{"rendered":"<p><span style=\"font-weight: 400\">La esperada pel\u00edcula <em><strong>Elvis<\/strong><\/em>, que llegar\u00e1 a las salas de cine en todo el mundo en<strong> junio de 2022<\/strong>, ser\u00e1 una espectacular producci\u00f3n que nos trasladar\u00e1 a la vida de uno de los cantantes m\u00e1s importantes de la historia.<\/span><\/p>\n<p><span style=\"font-weight: 400\">Trat\u00e1ndose de una pel\u00edcula de \u00e9poca, la pel\u00edcula de desarrollar\u00e1 en la <strong>\u00e9poca de 1950<\/strong>, por lo que adem\u00e1s de los escenarios, el vestuario es una de las piezas m\u00e1s importantes para la ambientaci\u00f3n.<\/span><\/p>\n<p><span style=\"font-weight: 400\">Es aqu\u00ed donde <strong>Prada y Miu Miu<\/strong> se complacen en anunciar que han participado en la creaci\u00f3n del vestuario para el elenco, trabajando <strong>codo a codo con dise\u00f1adora de vestuario ganadora del Oscar, Catherine Martin y el director de la cinta, Baz Luhrmann.<\/strong><\/span><\/p>\n<p><img loading=\"lazy\" decoding=\"async\" class=\"aligncenter wp-image-112150 size-large\" src=\"https:\/\/graziamagazine.com\/mx\/wp-content\/uploads\/sites\/13\/2022\/05\/Elvis-movie_still-02_courtesy-Warner-Bros.jpg?w=819\" alt=\"Prada y Miu Miu se unen al director Baz Luhrmann para la creaci\u00f3n de los vestuarios de \u2018Elvis\u2019\" width=\"819\" height=\"1024\" \/><\/p>\n<p><span style=\"font-weight: 400\">As\u00ed, los looks creados por <strong>Miuccia Prada<\/strong> est\u00e1n totalmente inspirados en el archivo Prada; es decir, con algunas de sus piezas m\u00e1s destacadas de aquella \u00e9poca.<\/span><\/p>\n<p><span style=\"font-weight: 400\">\u201cEl centro de la narrativa de Elvis es la legendaria historia de amor de Elvis y Priscilla. La belleza\u00a0 y el estilo ic\u00f3nico de Priscilla Presley han marcado de manera indeleble la cultura\u00a0 contempor\u00e1nea\u201d, dijo Catherine Martin con respecto a esta colaboraci\u00f3n.<\/span><\/p>\n<p><span style=\"font-weight: 400\">\u201cComo consecuencia, era importante para Baz y para m\u00ed que nos mantuvi\u00e9ramos\u00a0 fieles a este legado, no solo imitando la ropa real de la Sra. Presley, sino que encontr\u00e1ramos una\u00a0 forma moderna de conectar al p\u00fablico con su estilo distintivo e hist\u00f3rico\u201d, a\u00f1ade.<\/span><\/p>\n<p><span style=\"font-weight: 400\">\u201cFue maravilloso tanto\u00a0 para Baz como para m\u00ed colaborar creativamente con Miuccia una vez m\u00e1s. Sumergi\u00e9ndonos en los\u00a0 archivos de Prada y Miu Miu con talleres altamente capacitados, llevamos la hist\u00f3rica ropa de los Presley al vestuario que estar\u00eda en la pel\u00edcula\u201d, dice la dise\u00f1adora.<\/span><\/p>\n<p><img loading=\"lazy\" decoding=\"async\" class=\"aligncenter wp-image-112147 size-large\" src=\"https:\/\/graziamagazine.com\/mx\/wp-content\/uploads\/sites\/13\/2022\/05\/PradaxElvis_Elvis.jpg?w=724\" alt=\"Prada y Miu Miu se unen al director Baz Luhrmann para la creaci\u00f3n de los vestuarios de \u2018Elvis\u2019\" width=\"724\" height=\"1024\" \/><\/p>\n<p><span style=\"font-weight: 400\">A partir del estudio de los registros de la ropa de Elvis y Priscilla, Prada y Miu Miu encontraron\u00a0 afinidades y similitudes en sus extensos archivos, dando forma a nuevas creaciones.\u00a0<\/span><\/p>\n<p><span style=\"font-weight: 400\">El resultado\u00a0 recuerda fuertemente los a\u00f1os representados en la pel\u00edcula, pero tambi\u00e9n es una expresi\u00f3n del\u00a0 ADN de las dos marcas y sus historias.\u00a0<\/span><\/p>\n<p><span style=\"font-weight: 400\"><a href=\"https:\/\/graziamagazine.com\/mx\/articles\/no-te-puedes-perder-a-austin-butler-interpretando-a-elvis-en-la-biopic-del-rey-del-rock-and-roll\/\"><em>Elvis<\/em><\/a> est\u00e1 protagonizada por Austin Butler como Elvis, el ganador del Oscar Tom Hanks como su enigm\u00e1tico manager, el coronel Tom Parker, y Olivia DeJonge como Priscilla, y recorre la\u00a0 vida y la m\u00fasica de Elvis Presley, celebrando su estilo ic\u00f3nico y el de toda una \u00e9poca.\u00a0<\/span><\/p>\n<p><span style=\"font-weight: 400\">La pel\u00edcula se estrenar\u00e1 en el <a href=\"https:\/\/graziamagazine.com\/mx\/articles\/los-mejores-looks-de-la-alfombra-roja-del-festival-internacional-de-cine-de-cannes\/\">Festival Internacional de Cine de Cannes 2022<\/a> el 24 de mayo.<\/span><\/p>\n<h3><strong>Miu Miu, con toda la experiencia en estilos inspirados en la historia<\/strong><\/h3>\n<p><span style=\"font-weight: 400\">Miu Miu ha explorado y reinterpretado con frecuencia el<em> Zeitgeist<\/em> de varias d\u00e9cadas del siglo XX,\u00a0 seg\u00fan sus propios c\u00f3digos.\u00a0<\/span><\/p>\n<p><span style=\"font-weight: 400\">Esta es la raz\u00f3n por la que varias de sus colecciones m\u00e1s famosas\u00a0 inspiran f\u00e1cilmente un intento evocador en torno al estilo de Priscilla Presley, que tambi\u00e9n fue el\u00a0 resultado de un acercamiento personal a la moda de su tiempo.\u00a0<\/span><\/p>\n<p><span style=\"font-weight: 400\">Las prendas se crearon a partir\u00a0 de piezas tan inspiradoras como el traje con pantal\u00f3n de brocado adornado con abalorios y flecos\u00a0 que luci\u00f3 Priscilla en el primer concierto de Las Vegas.\u00a0<\/span><\/p>\n<p><img loading=\"lazy\" decoding=\"async\" class=\"aligncenter wp-image-112149 size-large\" src=\"https:\/\/graziamagazine.com\/mx\/wp-content\/uploads\/sites\/13\/2022\/05\/Elvis-movie_still-05_courtesy-Warner-Bros.jpg?w=819\" alt=\"Prada y Miu Miu se unen al director Baz Luhrmann para la creaci\u00f3n de los vestuarios de \u2018Elvis\u2019\" width=\"819\" height=\"1024\" \/><\/p>\n<p><span style=\"font-weight: 400\">Prada tambi\u00e9n ha recurrido a menudo a esos a\u00f1os y a ese paisaje cultural, animado por un\u00a0 esp\u00edritu revolucionario y por un deseo de libertad, para ofrecer una interpretaci\u00f3n est\u00e9tica\u00a0 original.\u00a0<\/span><\/p>\n<p><span style=\"font-weight: 400\">A trav\u00e9s de esa misma noci\u00f3n, varios de los atuendos aut\u00e9nticos de Priscilla se\u00a0 reinventaron para la pel\u00edcula, como el vestido de tweed que se us\u00f3 sobre un su\u00e9ter de mohair con\u00a0 una chaqueta de gamuza marr\u00f3n que se us\u00f3 en el especial de NBC.\u00a0<\/span><\/p>\n<p><span style=\"font-weight: 400\">Junto con el look personalizado de Prada para Elvis, un distintivo traje color ciruela, estos\u00a0 atuendos destilan la esencia de los personajes de la pel\u00edcula, con siluetas y formas reconocibles\u00a0 que recuerdan instant\u00e1neamente el pasado y parecen contempor\u00e1neos, subrayando su eterna\u00a0 atemporalidad.\u00a0<\/span><\/p>\n<p><img loading=\"lazy\" decoding=\"async\" class=\"aligncenter wp-image-112146 size-large\" src=\"https:\/\/graziamagazine.com\/mx\/wp-content\/uploads\/sites\/13\/2022\/05\/MiuMiuxElvis_Priscilla4.jpg?w=724\" alt=\"Prada y Miu Miu se unen al director Baz Luhrmann para la creaci\u00f3n de los vestuarios de \u2018Elvis\u2019\" width=\"724\" height=\"1024\" \/><\/p>\n<p><span style=\"font-weight: 400\">Esta colaboraci\u00f3n renueva la larga relaci\u00f3n entre Miuccia Prada, Baz Luhrmann y Catherine Martin, que ya hab\u00eda dado como resultado la creaci\u00f3n de art\u00edculos exclusivos para <em><strong>The Great Gatsby<\/strong><\/em> en 2013, y con la vestimenta de Leonardo DiCaprio en la pel\u00edcula <em><strong>Romeo +\u00a0 Juliet<\/strong><\/em> de 1996.<\/span><\/p>\n<p><span style=\"font-weight: 400\">\u201cUn intercambio art\u00edstico que refleja a la perfecci\u00f3n la actitud multidisciplinaria de Prada a trav\u00e9s de una creatividad que se nutre del di\u00e1logo constante con los universos del arte, el cine y la arquitectura\u201d, explica Prada en un comunicado.<\/span><\/p>\n<p><img loading=\"lazy\" decoding=\"async\" class=\"aligncenter wp-image-112148 size-large\" src=\"https:\/\/graziamagazine.com\/mx\/wp-content\/uploads\/sites\/13\/2022\/05\/Elvis-movie_still-09_courtesy-Warner-Bros.jpeg?w=684\" alt=\"Prada y Miu Miu se unen al director Baz Luhrmann para la creaci\u00f3n de los vestuarios de \u2018Elvis\u2019\" width=\"684\" height=\"1024\" \/><\/p>\n","protected":false},"author":11628,"featured_media":106923,"template":"","format":"standard","categories":[12832,4],"acf":[],"yoast_head":"<!-- This site is optimized with the Yoast SEO Premium plugin v18.5 (Yoast SEO v20.4) - https:\/\/yoast.com\/wordpress\/plugins\/seo\/ -->\n<title>Prada y Miu Miu se unen a la creaci\u00f3n de los vestuarios de Elvis<\/title>\n<meta name=\"description\" content=\"La mejor colaboraci\u00f3n de vestuario para una de las pel\u00edculas de \u00e9poca m\u00e1s esperadas en los \u00faltimos a\u00f1os, que podr\u00e1 verse en el cine el pr\u00f3ximo mes de junio.\" \/>\n<meta name=\"robots\" content=\"index, follow, max-snippet:-1, max-image-preview:large, max-video-preview:-1\" \/>\n<link rel=\"canonical\" href=\"https:\/\/graziamagazine.com\/mx\/articles\/prada-y-miu-miu-se-unen-al-director-baz-luhrmann-para-la-creacion-de-los-vestuarios-de-elvis\/\" \/>\n<meta property=\"og:locale\" content=\"es_MX\" \/>\n<meta property=\"og:type\" content=\"article\" \/>\n<meta property=\"og:title\" content=\"Prada y Miu Miu se unen al director Baz Luhrmann para la creaci\u00f3n de los vestuarios de \u2018Elvis\u2019\" \/>\n<meta property=\"og:description\" content=\"La mejor colaboraci\u00f3n de vestuario para una de las pel\u00edculas de \u00e9poca m\u00e1s esperadas en los \u00faltimos a\u00f1os, que podr\u00e1 verse en el cine el pr\u00f3ximo mes de junio.\" \/>\n<meta property=\"og:url\" content=\"https:\/\/graziamagazine.com\/mx\/articles\/prada-y-miu-miu-se-unen-al-director-baz-luhrmann-para-la-creacion-de-los-vestuarios-de-elvis\/\" \/>\n<meta property=\"og:site_name\" content=\"Grazia M\u00e9xico y Latinoam\u00e9rica\" \/>\n<meta property=\"article:modified_time\" content=\"2022-05-22T21:31:11+00:00\" \/>\n<meta property=\"og:image\" content=\"https:\/\/graziamagazine.com\/mx\/wp-content\/uploads\/sites\/13\/2022\/02\/elvis-baz-luhrmann-1628081215.jpeg?fit=1200%2C602\" \/>\n\t<meta property=\"og:image:width\" content=\"1200\" \/>\n\t<meta property=\"og:image:height\" content=\"602\" \/>\n\t<meta property=\"og:image:type\" content=\"image\/jpeg\" \/>\n<meta name=\"twitter:card\" content=\"summary_large_image\" \/>\n<meta name=\"twitter:label1\" content=\"Est. reading time\" \/>\n\t<meta name=\"twitter:data1\" content=\"4 minutos\" \/>\n<script type=\"application\/ld+json\" class=\"yoast-schema-graph\">{\"@context\":\"https:\/\/schema.org\",\"@graph\":[{\"@type\":\"WebPage\",\"@id\":\"https:\/\/graziamagazine.com\/mx\/articles\/prada-y-miu-miu-se-unen-al-director-baz-luhrmann-para-la-creacion-de-los-vestuarios-de-elvis\/\",\"url\":\"https:\/\/graziamagazine.com\/mx\/articles\/prada-y-miu-miu-se-unen-al-director-baz-luhrmann-para-la-creacion-de-los-vestuarios-de-elvis\/\",\"name\":\"Prada y Miu Miu se unen a la creaci\u00f3n de los vestuarios de Elvis\",\"isPartOf\":{\"@id\":\"https:\/\/graziamagazine.com\/mx\/#website\"},\"datePublished\":\"2022-05-21T17:36:23+00:00\",\"dateModified\":\"2022-05-22T21:31:11+00:00\",\"description\":\"La mejor colaboraci\u00f3n de vestuario para una de las pel\u00edculas de \u00e9poca m\u00e1s esperadas en los \u00faltimos a\u00f1os, que podr\u00e1 verse en el cine el pr\u00f3ximo mes de junio.\",\"breadcrumb\":{\"@id\":\"https:\/\/graziamagazine.com\/mx\/articles\/prada-y-miu-miu-se-unen-al-director-baz-luhrmann-para-la-creacion-de-los-vestuarios-de-elvis\/#breadcrumb\"},\"inLanguage\":\"es-MX\",\"potentialAction\":[{\"@type\":\"ReadAction\",\"target\":[\"https:\/\/graziamagazine.com\/mx\/articles\/prada-y-miu-miu-se-unen-al-director-baz-luhrmann-para-la-creacion-de-los-vestuarios-de-elvis\/\"]}]},{\"@type\":\"BreadcrumbList\",\"@id\":\"https:\/\/graziamagazine.com\/mx\/articles\/prada-y-miu-miu-se-unen-al-director-baz-luhrmann-para-la-creacion-de-los-vestuarios-de-elvis\/#breadcrumb\",\"itemListElement\":[{\"@type\":\"ListItem\",\"position\":1,\"name\":\"Home\",\"item\":\"https:\/\/graziamagazine.com\/mx\/\"},{\"@type\":\"ListItem\",\"position\":2,\"name\":\"Prada y Miu Miu se unen al director Baz Luhrmann para la creaci\u00f3n de los vestuarios de \u2018Elvis\u2019\"}]},{\"@type\":\"WebSite\",\"@id\":\"https:\/\/graziamagazine.com\/mx\/#website\",\"url\":\"https:\/\/graziamagazine.com\/mx\/\",\"name\":\"Grazia M\u00e9xico y Latinoam\u00e9rica\",\"description\":\"Grazia es moda, belleza y noticias  de actualidad \",\"potentialAction\":[{\"@type\":\"SearchAction\",\"target\":{\"@type\":\"EntryPoint\",\"urlTemplate\":\"https:\/\/graziamagazine.com\/mx\/?s={search_term_string}\"},\"query-input\":\"required name=search_term_string\"}],\"inLanguage\":\"es-MX\"}]}<\/script>\n<!-- \/ Yoast SEO Premium plugin. -->","yoast_head_json":{"title":"Prada y Miu Miu se unen a la creaci\u00f3n de los vestuarios de Elvis","description":"La mejor colaboraci\u00f3n de vestuario para una de las pel\u00edculas de \u00e9poca m\u00e1s esperadas en los \u00faltimos a\u00f1os, que podr\u00e1 verse en el cine el pr\u00f3ximo mes de junio.","robots":{"index":"index","follow":"follow","max-snippet":"max-snippet:-1","max-image-preview":"max-image-preview:large","max-video-preview":"max-video-preview:-1"},"canonical":"https:\/\/graziamagazine.com\/mx\/articles\/prada-y-miu-miu-se-unen-al-director-baz-luhrmann-para-la-creacion-de-los-vestuarios-de-elvis\/","og_locale":"es_MX","og_type":"article","og_title":"Prada y Miu Miu se unen al director Baz Luhrmann para la creaci\u00f3n de los vestuarios de \u2018Elvis\u2019","og_description":"La mejor colaboraci\u00f3n de vestuario para una de las pel\u00edculas de \u00e9poca m\u00e1s esperadas en los \u00faltimos a\u00f1os, que podr\u00e1 verse en el cine el pr\u00f3ximo mes de junio.","og_url":"https:\/\/graziamagazine.com\/mx\/articles\/prada-y-miu-miu-se-unen-al-director-baz-luhrmann-para-la-creacion-de-los-vestuarios-de-elvis\/","og_site_name":"Grazia M\u00e9xico y Latinoam\u00e9rica","article_modified_time":"2022-05-22T21:31:11+00:00","og_image":[{"width":1200,"height":602,"url":"https:\/\/graziamagazine.com\/mx\/wp-content\/uploads\/sites\/13\/2022\/02\/elvis-baz-luhrmann-1628081215.jpeg?fit=1200%2C602","type":"image\/jpeg"}],"twitter_card":"summary_large_image","twitter_misc":{"Est. reading time":"4 minutos"},"schema":{"@context":"https:\/\/schema.org","@graph":[{"@type":"WebPage","@id":"https:\/\/graziamagazine.com\/mx\/articles\/prada-y-miu-miu-se-unen-al-director-baz-luhrmann-para-la-creacion-de-los-vestuarios-de-elvis\/","url":"https:\/\/graziamagazine.com\/mx\/articles\/prada-y-miu-miu-se-unen-al-director-baz-luhrmann-para-la-creacion-de-los-vestuarios-de-elvis\/","name":"Prada y Miu Miu se unen a la creaci\u00f3n de los vestuarios de Elvis","isPartOf":{"@id":"https:\/\/graziamagazine.com\/mx\/#website"},"datePublished":"2022-05-21T17:36:23+00:00","dateModified":"2022-05-22T21:31:11+00:00","description":"La mejor colaboraci\u00f3n de vestuario para una de las pel\u00edculas de \u00e9poca m\u00e1s esperadas en los \u00faltimos a\u00f1os, que podr\u00e1 verse en el cine el pr\u00f3ximo mes de junio.","breadcrumb":{"@id":"https:\/\/graziamagazine.com\/mx\/articles\/prada-y-miu-miu-se-unen-al-director-baz-luhrmann-para-la-creacion-de-los-vestuarios-de-elvis\/#breadcrumb"},"inLanguage":"es-MX","potentialAction":[{"@type":"ReadAction","target":["https:\/\/graziamagazine.com\/mx\/articles\/prada-y-miu-miu-se-unen-al-director-baz-luhrmann-para-la-creacion-de-los-vestuarios-de-elvis\/"]}]},{"@type":"BreadcrumbList","@id":"https:\/\/graziamagazine.com\/mx\/articles\/prada-y-miu-miu-se-unen-al-director-baz-luhrmann-para-la-creacion-de-los-vestuarios-de-elvis\/#breadcrumb","itemListElement":[{"@type":"ListItem","position":1,"name":"Home","item":"https:\/\/graziamagazine.com\/mx\/"},{"@type":"ListItem","position":2,"name":"Prada y Miu Miu se unen al director Baz Luhrmann para la creaci\u00f3n de los vestuarios de \u2018Elvis\u2019"}]},{"@type":"WebSite","@id":"https:\/\/graziamagazine.com\/mx\/#website","url":"https:\/\/graziamagazine.com\/mx\/","name":"Grazia M\u00e9xico y Latinoam\u00e9rica","description":"Grazia es moda, belleza y noticias  de actualidad ","potentialAction":[{"@type":"SearchAction","target":{"@type":"EntryPoint","urlTemplate":"https:\/\/graziamagazine.com\/mx\/?s={search_term_string}"},"query-input":"required name=search_term_string"}],"inLanguage":"es-MX"}]}},"jetpack_sharing_enabled":true,"distributor_meta":false,"distributor_terms":false,"distributor_media":false,"distributor_original_site_name":"Grazia M\u00e9xico y Latinoam\u00e9rica","distributor_original_site_url":"https:\/\/graziamagazine.com\/mx","push-errors":false,"_links":{"self":[{"href":"https:\/\/graziamagazine.com\/mx\/wp-json\/wp\/v2\/articles\/112143"}],"collection":[{"href":"https:\/\/graziamagazine.com\/mx\/wp-json\/wp\/v2\/articles"}],"about":[{"href":"https:\/\/graziamagazine.com\/mx\/wp-json\/wp\/v2\/types\/articles"}],"author":[{"embeddable":true,"href":"https:\/\/graziamagazine.com\/mx\/wp-json\/wp\/v2\/users\/11628"}],"wp:featuredmedia":[{"embeddable":true,"href":"https:\/\/graziamagazine.com\/mx\/wp-json\/wp\/v2\/media\/106923"}],"wp:attachment":[{"href":"https:\/\/graziamagazine.com\/mx\/wp-json\/wp\/v2\/media?parent=112143"}],"wp:term":[{"taxonomy":"category","embeddable":true,"href":"https:\/\/graziamagazine.com\/mx\/wp-json\/wp\/v2\/categories?post=112143"}],"curies":[{"name":"wp","href":"https:\/\/api.w.org\/{rel}","templated":true}]}}