{"id":112135,"date":"2022-05-20T12:21:57","date_gmt":"2022-05-20T17:21:57","guid":{"rendered":"https:\/\/graziamagazine.com\/mx\/?post_type=articles&#038;p=112135"},"modified":"2022-05-23T10:33:26","modified_gmt":"2022-05-23T15:33:26","slug":"nimsdai-purja-conquista-el-everest-con-el-0-oxygen-de-montblanc","status":"publish","type":"articles","link":"https:\/\/graziamagazine.com\/mx\/articles\/nimsdai-purja-conquista-el-everest-con-el-0-oxygen-de-montblanc\/","title":{"rendered":"Nimsdai Purja conquista el Everest con el \u201c0 Oxygen\u201d de Montblanc"},"content":{"rendered":"<p>A penas el 16 de mayo de 2022, el alpinista nepal\u00ed <strong>Nimsdai Purja<\/strong> logr\u00f3 la extraordinaria haza\u00f1a de ser el primero en ascender las cumbres del Everest, Lhotse y Kanchenjunga sin ox\u00edgeno suplementario en el tiempo r\u00e9cord de solo <strong>8 d\u00edas, 23 horas y 10 minutos<\/strong> y un segundo r\u00e9cord de hacer la traves\u00eda del Everest al Lhotse sin ox\u00edgeno en <strong>26 horas<\/strong>. Alcanz\u00f3 este desaf\u00edo usando el <strong>Montblanc 1858 Geosphere Chronograph \u201c0 Oxygen\u201d LE290<\/strong> en su mu\u00f1eca, un reloj libre de ox\u00edgeno, sometiendo el reloj a la prueba definitiva.<\/p>\n<p>Del <strong>7 al 16 de mayo de 2022<\/strong>, el alpinista brit\u00e1nico nacido en Nepal Nimsdai Purja super\u00f3 los l\u00edmites de lo que es posible escalando primero el Kanchenjunga, luego el Everest y finalmente el Lhotse, todo sin asistencia de ox\u00edgeno.<\/p>\n<p>\u201cEstoy encantado de haber completado el desaf\u00edo que me propuse y, al hacerlo, continuar demostrando lo que la humanidad puede hacer con la preparaci\u00f3n y el enfoque adecuados. Estoy muy agradecido por el apoyo de <strong>Montblanc<\/strong>, no solo brind\u00e1ndome este reloj innovador construido para condiciones extremas, sino tambi\u00e9n participando en nuestros esfuerzos colectivos para abordar el problema de la acumulaci\u00f3n de desechos de expedici\u00f3n que est\u00e1 contaminando el medio ambiente del Himalaya\u201d, dice Nimsdai Purja.<\/p>\n<p><img loading=\"lazy\" decoding=\"async\" class=\"alignnone size-medium wp-image-112137\" src=\"https:\/\/graziamagazine.com\/mx\/wp-content\/uploads\/sites\/13\/2022\/05\/image010.png?w=450\" alt=\"\" width=\"450\" height=\"329\" \/><\/p>\n<p>El reloj <strong>Montblanc 1858 Geosphere Chronograph \u201c0 Oxygen\u201d<\/strong>, limitado a 290 piezas, tiene varios beneficios para los exploradores que necesitan su equipo para trabajar en algunos de los entornos m\u00e1s duros. El ox\u00edgeno cero dentro del movimiento no solo elimina el empa\u00f1amiento, que puede ocurrir con cambios dr\u00e1sticos de temperatura en altitud, sino que tambi\u00e9n evita la oxidaci\u00f3n. Sin ox\u00edgeno, todos los componentes duran mucho m\u00e1s y proporcionar\u00e1n una mayor precisi\u00f3n con el tiempo.<\/p>\n<p>Cada reloj viene con un certificado de ox\u00edgeno cero que atestigua el hecho de que el reloj se ha encapsulado con \u00e9xito sin ox\u00edgeno. Adem\u00e1s del certificado, cada reloj se somete a la implacable prueba de 500 horas de la Maison. Pero Montblanc quer\u00eda ir un paso m\u00e1s all\u00e1 al llevar el nuevo 1858 Geosphere Chronograph 0 Oxygen LE290 a una verdadera expedici\u00f3n de monta\u00f1ismo a la monta\u00f1a m\u00e1s alta del mundo sobre el nivel del mar: el Monte Everest.<\/p>\n<p>Adem\u00e1s, Montblanc se enorgullece de apoyar la iniciativa <strong>Big Mountain Cleanup<\/strong> de la <strong>Fundaci\u00f3n Nimsdai<\/strong> para mantener limpias estas magn\u00edficas monta\u00f1as para las generaciones futuras. La iniciativa tiene como objetivo abordar los desechos generados por la cultura cada vez m\u00e1s popular de la expedici\u00f3n a la monta\u00f1a al proporcionar equipos de limpieza estacionales a tiempo completo en todas las monta\u00f1as escaladas en todo el mundo junto con iniciativas regionales de reciclaje y educaci\u00f3n asociadas.<\/p>\n","protected":false},"author":33675,"featured_media":112141,"template":"","format":"standard","categories":[12483,9864,13540],"acf":[],"yoast_head":"<!-- This site is optimized with the Yoast SEO Premium plugin v18.5 (Yoast SEO v20.4) - https:\/\/yoast.com\/wordpress\/plugins\/seo\/ -->\n<title>Nimsdai Purja conquista el Everest con el \u201c0 Oxygen\u201d de Montblanc | Grazia M\u00e9xico y Latinoam\u00e9rica<\/title>\n<meta name=\"description\" content=\"A penas el 16 de mayo de 2022, el alpinista nepal\u00ed Nimsdai Purja logr\u00f3 la extraordinaria haza\u00f1a de ser el primero en ascender las cumbres del Everest,\" \/>\n<meta name=\"robots\" content=\"index, follow, max-snippet:-1, max-image-preview:large, max-video-preview:-1\" \/>\n<link rel=\"canonical\" href=\"https:\/\/graziamagazine.com\/mx\/articles\/nimsdai-purja-conquista-el-everest-con-el-0-oxygen-de-montblanc\/\" \/>\n<meta property=\"og:locale\" content=\"es_MX\" \/>\n<meta property=\"og:type\" content=\"article\" \/>\n<meta property=\"og:title\" content=\"Nimsdai Purja conquista el Everest con el \u201c0 Oxygen\u201d de Montblanc\" \/>\n<meta property=\"og:description\" content=\"A penas el 16 de mayo de 2022, el alpinista nepal\u00ed Nimsdai Purja logr\u00f3 la extraordinaria haza\u00f1a de ser el primero en ascender las cumbres del Everest,\" \/>\n<meta property=\"og:url\" content=\"https:\/\/graziamagazine.com\/mx\/articles\/nimsdai-purja-conquista-el-everest-con-el-0-oxygen-de-montblanc\/\" \/>\n<meta property=\"og:site_name\" content=\"Grazia M\u00e9xico y Latinoam\u00e9rica\" \/>\n<meta property=\"article:modified_time\" content=\"2022-05-23T15:33:26+00:00\" \/>\n<meta property=\"og:image\" content=\"https:\/\/graziamagazine.com\/mx\/wp-content\/uploads\/sites\/13\/2022\/05\/image009-e1653067879782.jpg?fit=302%2C270\" \/>\n\t<meta property=\"og:image:width\" content=\"302\" \/>\n\t<meta property=\"og:image:height\" content=\"270\" \/>\n\t<meta property=\"og:image:type\" content=\"image\/jpeg\" \/>\n<meta name=\"twitter:card\" content=\"summary_large_image\" \/>\n<meta name=\"twitter:label1\" content=\"Est. reading time\" \/>\n\t<meta name=\"twitter:data1\" content=\"2 minutos\" \/>\n<script type=\"application\/ld+json\" class=\"yoast-schema-graph\">{\"@context\":\"https:\/\/schema.org\",\"@graph\":[{\"@type\":\"WebPage\",\"@id\":\"https:\/\/graziamagazine.com\/mx\/articles\/nimsdai-purja-conquista-el-everest-con-el-0-oxygen-de-montblanc\/\",\"url\":\"https:\/\/graziamagazine.com\/mx\/articles\/nimsdai-purja-conquista-el-everest-con-el-0-oxygen-de-montblanc\/\",\"name\":\"Nimsdai Purja conquista el Everest con el \u201c0 Oxygen\u201d de Montblanc | Grazia M\u00e9xico y Latinoam\u00e9rica\",\"isPartOf\":{\"@id\":\"https:\/\/graziamagazine.com\/mx\/#website\"},\"datePublished\":\"2022-05-20T17:21:57+00:00\",\"dateModified\":\"2022-05-23T15:33:26+00:00\",\"description\":\"A penas el 16 de mayo de 2022, el alpinista nepal\u00ed Nimsdai Purja logr\u00f3 la extraordinaria haza\u00f1a de ser el primero en ascender las cumbres del Everest,\",\"breadcrumb\":{\"@id\":\"https:\/\/graziamagazine.com\/mx\/articles\/nimsdai-purja-conquista-el-everest-con-el-0-oxygen-de-montblanc\/#breadcrumb\"},\"inLanguage\":\"es-MX\",\"potentialAction\":[{\"@type\":\"ReadAction\",\"target\":[\"https:\/\/graziamagazine.com\/mx\/articles\/nimsdai-purja-conquista-el-everest-con-el-0-oxygen-de-montblanc\/\"]}]},{\"@type\":\"BreadcrumbList\",\"@id\":\"https:\/\/graziamagazine.com\/mx\/articles\/nimsdai-purja-conquista-el-everest-con-el-0-oxygen-de-montblanc\/#breadcrumb\",\"itemListElement\":[{\"@type\":\"ListItem\",\"position\":1,\"name\":\"Home\",\"item\":\"https:\/\/graziamagazine.com\/mx\/\"},{\"@type\":\"ListItem\",\"position\":2,\"name\":\"Nimsdai Purja conquista el Everest con el \u201c0 Oxygen\u201d de Montblanc\"}]},{\"@type\":\"WebSite\",\"@id\":\"https:\/\/graziamagazine.com\/mx\/#website\",\"url\":\"https:\/\/graziamagazine.com\/mx\/\",\"name\":\"Grazia M\u00e9xico y Latinoam\u00e9rica\",\"description\":\"Grazia es moda, belleza y noticias  de actualidad \",\"potentialAction\":[{\"@type\":\"SearchAction\",\"target\":{\"@type\":\"EntryPoint\",\"urlTemplate\":\"https:\/\/graziamagazine.com\/mx\/?s={search_term_string}\"},\"query-input\":\"required name=search_term_string\"}],\"inLanguage\":\"es-MX\"}]}<\/script>\n<!-- \/ Yoast SEO Premium plugin. -->","yoast_head_json":{"title":"Nimsdai Purja conquista el Everest con el \u201c0 Oxygen\u201d de Montblanc | Grazia M\u00e9xico y Latinoam\u00e9rica","description":"A penas el 16 de mayo de 2022, el alpinista nepal\u00ed Nimsdai Purja logr\u00f3 la extraordinaria haza\u00f1a de ser el primero en ascender las cumbres del Everest,","robots":{"index":"index","follow":"follow","max-snippet":"max-snippet:-1","max-image-preview":"max-image-preview:large","max-video-preview":"max-video-preview:-1"},"canonical":"https:\/\/graziamagazine.com\/mx\/articles\/nimsdai-purja-conquista-el-everest-con-el-0-oxygen-de-montblanc\/","og_locale":"es_MX","og_type":"article","og_title":"Nimsdai Purja conquista el Everest con el \u201c0 Oxygen\u201d de Montblanc","og_description":"A penas el 16 de mayo de 2022, el alpinista nepal\u00ed Nimsdai Purja logr\u00f3 la extraordinaria haza\u00f1a de ser el primero en ascender las cumbres del Everest,","og_url":"https:\/\/graziamagazine.com\/mx\/articles\/nimsdai-purja-conquista-el-everest-con-el-0-oxygen-de-montblanc\/","og_site_name":"Grazia M\u00e9xico y Latinoam\u00e9rica","article_modified_time":"2022-05-23T15:33:26+00:00","og_image":[{"width":302,"height":270,"url":"https:\/\/graziamagazine.com\/mx\/wp-content\/uploads\/sites\/13\/2022\/05\/image009-e1653067879782.jpg?fit=302%2C270","type":"image\/jpeg"}],"twitter_card":"summary_large_image","twitter_misc":{"Est. reading time":"2 minutos"},"schema":{"@context":"https:\/\/schema.org","@graph":[{"@type":"WebPage","@id":"https:\/\/graziamagazine.com\/mx\/articles\/nimsdai-purja-conquista-el-everest-con-el-0-oxygen-de-montblanc\/","url":"https:\/\/graziamagazine.com\/mx\/articles\/nimsdai-purja-conquista-el-everest-con-el-0-oxygen-de-montblanc\/","name":"Nimsdai Purja conquista el Everest con el \u201c0 Oxygen\u201d de Montblanc | Grazia M\u00e9xico y Latinoam\u00e9rica","isPartOf":{"@id":"https:\/\/graziamagazine.com\/mx\/#website"},"datePublished":"2022-05-20T17:21:57+00:00","dateModified":"2022-05-23T15:33:26+00:00","description":"A penas el 16 de mayo de 2022, el alpinista nepal\u00ed Nimsdai Purja logr\u00f3 la extraordinaria haza\u00f1a de ser el primero en ascender las cumbres del Everest,","breadcrumb":{"@id":"https:\/\/graziamagazine.com\/mx\/articles\/nimsdai-purja-conquista-el-everest-con-el-0-oxygen-de-montblanc\/#breadcrumb"},"inLanguage":"es-MX","potentialAction":[{"@type":"ReadAction","target":["https:\/\/graziamagazine.com\/mx\/articles\/nimsdai-purja-conquista-el-everest-con-el-0-oxygen-de-montblanc\/"]}]},{"@type":"BreadcrumbList","@id":"https:\/\/graziamagazine.com\/mx\/articles\/nimsdai-purja-conquista-el-everest-con-el-0-oxygen-de-montblanc\/#breadcrumb","itemListElement":[{"@type":"ListItem","position":1,"name":"Home","item":"https:\/\/graziamagazine.com\/mx\/"},{"@type":"ListItem","position":2,"name":"Nimsdai Purja conquista el Everest con el \u201c0 Oxygen\u201d de Montblanc"}]},{"@type":"WebSite","@id":"https:\/\/graziamagazine.com\/mx\/#website","url":"https:\/\/graziamagazine.com\/mx\/","name":"Grazia M\u00e9xico y Latinoam\u00e9rica","description":"Grazia es moda, belleza y noticias  de actualidad ","potentialAction":[{"@type":"SearchAction","target":{"@type":"EntryPoint","urlTemplate":"https:\/\/graziamagazine.com\/mx\/?s={search_term_string}"},"query-input":"required name=search_term_string"}],"inLanguage":"es-MX"}]}},"jetpack_sharing_enabled":true,"distributor_meta":false,"distributor_terms":false,"distributor_media":false,"distributor_original_site_name":"Grazia M\u00e9xico y Latinoam\u00e9rica","distributor_original_site_url":"https:\/\/graziamagazine.com\/mx","push-errors":false,"_links":{"self":[{"href":"https:\/\/graziamagazine.com\/mx\/wp-json\/wp\/v2\/articles\/112135"}],"collection":[{"href":"https:\/\/graziamagazine.com\/mx\/wp-json\/wp\/v2\/articles"}],"about":[{"href":"https:\/\/graziamagazine.com\/mx\/wp-json\/wp\/v2\/types\/articles"}],"author":[{"embeddable":true,"href":"https:\/\/graziamagazine.com\/mx\/wp-json\/wp\/v2\/users\/33675"}],"wp:featuredmedia":[{"embeddable":true,"href":"https:\/\/graziamagazine.com\/mx\/wp-json\/wp\/v2\/media\/112141"}],"wp:attachment":[{"href":"https:\/\/graziamagazine.com\/mx\/wp-json\/wp\/v2\/media?parent=112135"}],"wp:term":[{"taxonomy":"category","embeddable":true,"href":"https:\/\/graziamagazine.com\/mx\/wp-json\/wp\/v2\/categories?post=112135"}],"curies":[{"name":"wp","href":"https:\/\/api.w.org\/{rel}","templated":true}]}}