{"id":111874,"date":"2022-05-17T16:31:31","date_gmt":"2022-05-17T21:31:31","guid":{"rendered":"https:\/\/graziamagazine.com\/mx\/?post_type=articles&#038;p=111874"},"modified":"2022-05-19T18:13:46","modified_gmt":"2022-05-19T23:13:46","slug":"los-mejores-looks-de-la-alfombra-roja-del-festival-internacional-de-cine-de-cannes","status":"publish","type":"articles","link":"https:\/\/graziamagazine.com\/mx\/articles\/los-mejores-looks-de-la-alfombra-roja-del-festival-internacional-de-cine-de-cannes\/","title":{"rendered":"Los mejores looks de la alfombra roja del Festival Internacional de Cine de Cannes"},"content":{"rendered":"<p><span style=\"font-weight: 400\">La <strong>75.\u00aa edici\u00f3n del Festival Internacional de Cine de Cannes ha comenzado este 17 de mayo<\/strong> en la bella y elegante costa francesa.<\/span><\/p>\n<p><span style=\"font-weight: 400\">Llena de glamour, elegancia y los mejores talentos del s\u00e9ptimo arte, la alfombra roja ya arranc\u00f3, deleit\u00e1ndonos con la belleza de las personas que en ella desfilan.<\/span><\/p>\n<p><span style=\"font-weight: 400\">Tan importante como en los <strong>Oscar Awards o la Met Gala<\/strong>, la <em>red carpet<\/em> de Cannes est\u00e1 llena de celebridades que lucen sus mejores trajes y vestidos, con frecuencia personalizados, de alta costura o reci\u00e9n salidos de la pasarela.<\/span><\/p>\n<p><span style=\"font-weight: 400\">Despu\u00e9s de ser cancelado en 2020 debido a la pandemia, Cannes volvi\u00f3 con todo su esplendor el a\u00f1o pasado, y los famosos est\u00e1n claramente listos una vez m\u00e1s para canalizar una energ\u00eda extremadamente glamorosa este a\u00f1o.<\/span><\/p>\n<p><span style=\"font-weight: 400\">El calendario de este a\u00f1o tiene una serie de pel\u00edculas que esperar, y en el jurado oficial se encuentran estrellas como <strong>Deepika Padukone, Rebecca Hall, Noomi Rapace y Jasmine Trinca.\u00a0<\/strong><\/span><\/p>\n<p>Primer d\u00eda<\/p>\n<p><span style=\"font-weight: 400\">En el primer d\u00eda de este festival que <strong>termina el 28 de mayo<\/strong>, varios de estos miembros del jurado comenzaron con gran estilo, engalanados con grandes piezas de joyer\u00eda.<\/span><span style=\"font-weight: 400\">Para la edici\u00f3n de este a\u00f1o de este evento cinematogr\u00e1fico, <em><strong>The Artisan of Emotions<\/strong><\/em> cre\u00f3 el tema &#8220;<em><strong>Chopard Loves Cinema&#8221;<\/strong><\/em>, a trav\u00e9s de una serie de actividades.<\/span><\/p>\n<p><span style=\"font-weight: 400\">Algunas de ellas son el Chopard Rooftop ubicado en el H\u00f4tel Mart\u00ednez y el Troph\u00e9e Chopard que premiar\u00e1 una vez m\u00e1s a una actriz y un actor que representen las aspiraciones de una nueva generaci\u00f3n de artistas.<\/span><\/p>\n<p><span style=\"font-weight: 400\"><strong><a href=\"https:\/\/graziamagazine.com\/mx\/articles\/111690\/\">Julia Roberts ser\u00e1 la madrina<\/a> de los dos ganadores del premio<\/strong>, que se entregar\u00e1 el 19 de mayo durante una ceremonia<\/span><\/p>\n<p>En el segundo d\u00eda de este festival, Tom Cruise hizo su gran aparici\u00f3n despu\u00e9s de tres d\u00e9cadas para la proyecci\u00f3n de su tan esperada pel\u00edcula de acci\u00f3n <strong><em>Top Gun: Maverick.<\/em><\/strong><\/p>\n<p>Con una multitud de fan\u00e1ticos emocionados, el equipo acrob\u00e1tico de la Fuerza A\u00e9rea Francesa, la Patrulla de Francia, sobrevolando Cannes, un cielo lleno de columnas de humo de colores rojo, blanco y azul, fue el escenario para que el actor de de 59 a\u00f1os aterrizara en el prestigioso festival de cine.<\/p>\n<p>La proyecci\u00f3n de esta pel\u00edcula estuvo repleta de estrellas como Aishwarya Rai Bachchan, Viola Davis, Eva Longoria, Elle Fanning y otras que incendiaron la alfombra roja con sus hermosos atuendos.<\/p>\n<p>En la proyecci\u00f3n de la pel\u00edcula, Cruise tambi\u00e9n recibi\u00f3 la Palma de Oro honor\u00edfica frente a una multitud masiva y una sala llena de aplausos.<\/p>\n<h3><strong>Los mejores looks de la alfombra roja<\/strong><\/h3>\n<p><strong><em>Segundo d\u00eda<\/em><\/strong><\/p>\n<p>Anne Hathaway en Schiaparelli<\/p>\n<p><img loading=\"lazy\" decoding=\"async\" class=\"size-medium wp-image-112067 aligncenter\" src=\"https:\/\/graziamagazine.com\/mx\/wp-content\/uploads\/sites\/13\/2022\/05\/WhatsApp-Image-2022-05-19-at-10.49.34-AM.jpeg?w=361\" alt=\"Los mejores looks de la alfombra roja del Festival Internacional de Cine de Cannes\" width=\"361\" height=\"450\" \/><\/p>\n<p>Jennifer Connelly en Louis Vuitton<\/p>\n<p><img loading=\"lazy\" decoding=\"async\" class=\"size-medium wp-image-112066 aligncenter\" src=\"https:\/\/graziamagazine.com\/mx\/wp-content\/uploads\/sites\/13\/2022\/05\/image-3.jpeg?w=292\" alt=\"Los mejores looks de la alfombra roja del Festival Internacional de Cine de Cannes\" width=\"292\" height=\"450\" \/><\/p>\n<p>Tom Cruise<\/p>\n<p><img loading=\"lazy\" decoding=\"async\" class=\"size-medium wp-image-112068 aligncenter\" src=\"https:\/\/graziamagazine.com\/mx\/wp-content\/uploads\/sites\/13\/2022\/05\/Captura-de-Pantalla-2022-05-19-a-las-17.38.19.png?w=450\" alt=\"Los mejores looks de la alfombra roja del Festival Internacional de Cine de Cannes\" width=\"450\" height=\"301\" \/><\/p>\n<p>Leonie Hanne<\/p>\n<p><img loading=\"lazy\" decoding=\"async\" class=\"size-medium wp-image-112039 aligncenter\" src=\"https:\/\/graziamagazine.com\/mx\/wp-content\/uploads\/sites\/13\/2022\/05\/unnamed-11-1.png?w=302\" alt=\"\" width=\"302\" height=\"450\" \/><\/p>\n<p>Chanel Iman<\/p>\n<p><img loading=\"lazy\" decoding=\"async\" class=\"size-medium wp-image-112040 aligncenter\" src=\"https:\/\/graziamagazine.com\/mx\/wp-content\/uploads\/sites\/13\/2022\/05\/unnamed-12-1.png?w=310\" alt=\"\" width=\"310\" height=\"450\" \/><\/p>\n<p>Viola Davis<\/p>\n<p><img loading=\"lazy\" decoding=\"async\" class=\"size-medium wp-image-112042 aligncenter\" src=\"https:\/\/graziamagazine.com\/mx\/wp-content\/uploads\/sites\/13\/2022\/05\/unnamed.jpeg?w=300\" alt=\"Los mejores looks de la alfombra roja del Festival Internacional de Cine de Cannes\" width=\"300\" height=\"450\" \/><\/p>\n<p>Pom Klementieff<\/p>\n<p><img loading=\"lazy\" decoding=\"async\" class=\"size-medium wp-image-112041 aligncenter\" src=\"https:\/\/graziamagazine.com\/mx\/wp-content\/uploads\/sites\/13\/2022\/05\/pom-klementieff-1.jpeg?w=300\" alt=\"pom-klementieff\" width=\"300\" height=\"450\" \/><\/p>\n<p>&nbsp;<\/p>\n<p>Aishwarya Rai Bachchan en Dolce Gabbana<\/p>\n<p><img loading=\"lazy\" decoding=\"async\" class=\"size-medium wp-image-112036 aligncenter\" src=\"https:\/\/graziamagazine.com\/mx\/wp-content\/uploads\/sites\/13\/2022\/05\/Aishwarya-Rai-Bachchan-DG.jpeg?w=450\" alt=\"\" width=\"450\" height=\"300\" \/><\/p>\n<p>Adriana Lima<\/p>\n<p><img loading=\"lazy\" decoding=\"async\" class=\"size-medium wp-image-112029 aligncenter\" src=\"https:\/\/graziamagazine.com\/mx\/wp-content\/uploads\/sites\/13\/2022\/05\/unnamed-10-1.png?w=367\" alt=\"\" width=\"367\" height=\"450\" \/><\/p>\n<p>Keleigh Sperry<\/p>\n<p><img loading=\"lazy\" decoding=\"async\" class=\"size-medium wp-image-112030 aligncenter\" src=\"https:\/\/graziamagazine.com\/mx\/wp-content\/uploads\/sites\/13\/2022\/05\/unnamed-9-1.png?w=296\" alt=\"\" width=\"296\" height=\"450\" \/><\/p>\n<p>Eva Longoria<\/p>\n<p><img loading=\"lazy\" decoding=\"async\" class=\"size-medium wp-image-112031 aligncenter\" src=\"https:\/\/graziamagazine.com\/mx\/wp-content\/uploads\/sites\/13\/2022\/05\/unnamed-8-1.png?w=316\" alt=\"\" width=\"316\" height=\"450\" \/><\/p>\n<p>Elle Fanning en Giorgio Armani<\/p>\n<p><img loading=\"lazy\" decoding=\"async\" class=\"size-medium wp-image-112032 aligncenter\" src=\"https:\/\/graziamagazine.com\/mx\/wp-content\/uploads\/sites\/13\/2022\/05\/unnamed-7-1.png?w=318\" alt=\"\" width=\"318\" height=\"450\" \/><\/p>\n<p>Miles Teller<\/p>\n<p><img loading=\"lazy\" decoding=\"async\" class=\"size-medium wp-image-112033 aligncenter\" src=\"https:\/\/graziamagazine.com\/mx\/wp-content\/uploads\/sites\/13\/2022\/05\/unnamed-14.png?w=323\" alt=\"\" width=\"323\" height=\"450\" \/><\/p>\n<p>Amelia y Eliza Spencer<\/p>\n<p><img loading=\"lazy\" decoding=\"async\" class=\"size-medium wp-image-112034 aligncenter\" src=\"https:\/\/graziamagazine.com\/mx\/wp-content\/uploads\/sites\/13\/2022\/05\/amelia-spencer-ALBERTA-FERRETTI-.jpeg?w=300\" alt=\"Los mejores looks de la alfombra roja del Festival Internacional de Cine de Cannes\" width=\"300\" height=\"450\" \/><\/p>\n<p>Greg Tarzan Davis<\/p>\n<p><img loading=\"lazy\" decoding=\"async\" class=\"alignnone size-medium wp-image-112035 aligncenter\" src=\"https:\/\/graziamagazine.com\/mx\/wp-content\/uploads\/sites\/13\/2022\/05\/Greg-Tarzan-Davis-DG.jpeg?w=300\" alt=\"\" width=\"300\" height=\"450\" \/><\/p>\n<p><em><strong>Primer d\u00eda<\/strong><\/em><\/p>\n<p><span style=\"font-weight: 400\">Entre jueces, actrices, actores y dem\u00e1s personas de la industria cinematogr\u00e1fica, estos fueron los mejores looks de la red carpet de Cannes.<\/span><\/p>\n<p>Eva Longoria<\/p>\n<p><img loading=\"lazy\" decoding=\"async\" class=\"aligncenter wp-image-111884 size-large\" src=\"https:\/\/graziamagazine.com\/mx\/wp-content\/uploads\/sites\/13\/2022\/05\/Eva-Longoria-in-Chopard_17-May-2022-2.jpg?w=735\" alt=\"Los mejores looks de la alfombra roja del Festival Internacional de Cine de Cannes\" width=\"735\" height=\"1024\" \/><\/p>\n<p>Juliane Moore<\/p>\n<p><img loading=\"lazy\" decoding=\"async\" class=\"aligncenter wp-image-111887 size-large\" src=\"https:\/\/graziamagazine.com\/mx\/wp-content\/uploads\/sites\/13\/2022\/05\/WhatsApp-Image-2022-05-17-at-3.13.11-PM.jpeg?w=824\" alt=\"Los mejores looks de la alfombra roja del Festival Internacional de Cine de Cannes\" width=\"824\" height=\"1024\" \/><\/p>\n<p><span style=\"font-weight: 400\">Simone Hazanavicius<\/span><\/p>\n<p><img loading=\"lazy\" decoding=\"async\" class=\"aligncenter wp-image-111880 size-large\" src=\"https:\/\/graziamagazine.com\/mx\/wp-content\/uploads\/sites\/13\/2022\/05\/Simone-Hazanavicius-in-Chopard_17-May-2022.jpg?w=683\" alt=\"Los mejores looks de la alfombra roja del Festival Internacional de Cine de Cannes\" width=\"683\" height=\"1024\" \/><\/p>\n<p>Alejandro Nones<\/p>\n<p><img loading=\"lazy\" decoding=\"async\" class=\"aligncenter wp-image-111886 size-large\" src=\"https:\/\/graziamagazine.com\/mx\/wp-content\/uploads\/sites\/13\/2022\/05\/Alejandro-Nones-in-Chopard_17-May-2022.jpg?w=683\" alt=\"Los mejores looks de la alfombra roja del Festival Internacional de Cine de Cannes\" width=\"683\" height=\"1024\" \/><\/p>\n<p><span style=\"font-weight: 400\">Caroline Scheufele y <\/span><span style=\"font-weight: 400\">William Abadie<\/span><\/p>\n<p><img loading=\"lazy\" decoding=\"async\" class=\"aligncenter wp-image-111885 size-large\" src=\"https:\/\/graziamagazine.com\/mx\/wp-content\/uploads\/sites\/13\/2022\/05\/Caroline-Scheufele-and-William-Abadie-in-Chopard_17-May-2022.jpg?w=683\" alt=\"Los mejores looks de la alfombra roja del Festival Internacional de Cine de Cannes\" width=\"683\" height=\"1024\" \/><\/p>\n<p>Jasmine Trinca<\/p>\n<p><img loading=\"lazy\" decoding=\"async\" class=\"aligncenter wp-image-111883 size-large\" src=\"https:\/\/graziamagazine.com\/mx\/wp-content\/uploads\/sites\/13\/2022\/05\/Jasmine-Trinca-in-Chopard_17-May-2022-1.jpg?w=682\" alt=\"Los mejores looks de la alfombra roja del Festival Internacional de Cine de Cannes\" width=\"682\" height=\"1024\" \/><\/p>\n<p>Lashana Lynch<\/p>\n<p><img loading=\"lazy\" decoding=\"async\" class=\"aligncenter wp-image-111882 size-large\" src=\"https:\/\/graziamagazine.com\/mx\/wp-content\/uploads\/sites\/13\/2022\/05\/Lashana-Lynch-in-Chopard_17-May-2022.jpg?w=683\" alt=\"Los mejores looks de la alfombra roja del Festival Internacional de Cine de Cannes\" width=\"683\" height=\"1024\" \/><\/p>\n<p>Noomi Rapace<\/p>\n<p><img loading=\"lazy\" decoding=\"async\" class=\"aligncenter wp-image-111881 size-large\" src=\"https:\/\/graziamagazine.com\/mx\/wp-content\/uploads\/sites\/13\/2022\/05\/Noomi-Rapace-in-Chopard_17-May-2022-2.jpg?w=682\" alt=\"Los mejores looks de la alfombra roja del Festival Internacional de Cine de Cannes\" width=\"682\" height=\"1024\" \/><\/p>\n<p>Amandine Petit<\/p>\n<p><img loading=\"lazy\" decoding=\"async\" class=\"aligncenter wp-image-111894 size-large\" src=\"https:\/\/graziamagazine.com\/mx\/wp-content\/uploads\/sites\/13\/2022\/05\/Captura-de-Pantalla-2022-05-17-a-las-16.59.20.png?w=353\" alt=\"Los mejores looks de la alfombra roja del Festival Internacional de Cine de Cannes\" width=\"353\" height=\"533\" \/><\/p>\n<p>Caroline Daur<\/p>\n<p><img loading=\"lazy\" decoding=\"async\" class=\"aligncenter wp-image-111895 size-large\" src=\"https:\/\/graziamagazine.com\/mx\/wp-content\/uploads\/sites\/13\/2022\/05\/Captura-de-Pantalla-2022-05-17-a-las-16.59.04.png?w=353\" alt=\"Los mejores looks de la alfombra roja del Festival Internacional de Cine de Cannes\" width=\"353\" height=\"531\" \/><\/p>\n<p>Urvashi Rautela<\/p>\n<p><img loading=\"lazy\" decoding=\"async\" class=\"aligncenter wp-image-111896 size-large\" src=\"https:\/\/graziamagazine.com\/mx\/wp-content\/uploads\/sites\/13\/2022\/05\/Captura-de-Pantalla-2022-05-17-a-las-16.58.48.png?w=350\" alt=\"Los mejores looks de la alfombra roja del Festival Internacional de Cine de Cannes\" width=\"350\" height=\"530\" \/><\/p>\n<p>Agathe Rousselle<\/p>\n<p><img loading=\"lazy\" decoding=\"async\" class=\"aligncenter wp-image-111898 size-large\" src=\"https:\/\/graziamagazine.com\/mx\/wp-content\/uploads\/sites\/13\/2022\/05\/Captura-de-Pantalla-2022-05-17-a-las-16.58.32.png?w=354\" alt=\"Los mejores looks de la alfombra roja del Festival Internacional de Cine de Cannes\" width=\"354\" height=\"531\" \/><\/p>\n<p>Lori Harvey<\/p>\n<p><img loading=\"lazy\" decoding=\"async\" class=\"aligncenter wp-image-111899 size-large\" src=\"https:\/\/graziamagazine.com\/mx\/wp-content\/uploads\/sites\/13\/2022\/05\/Captura-de-Pantalla-2022-05-17-a-las-16.58.18.png?w=353\" alt=\"Los mejores looks de la alfombra roja del Festival Internacional de Cine de Cannes\" width=\"353\" height=\"533\" \/><\/p>\n<p>Deepika Padukone<\/p>\n<p><img loading=\"lazy\" decoding=\"async\" class=\"aligncenter wp-image-111900 size-large\" src=\"https:\/\/graziamagazine.com\/mx\/wp-content\/uploads\/sites\/13\/2022\/05\/Captura-de-Pantalla-2022-05-17-a-las-16.57.43.png?w=355\" alt=\"Los mejores looks de la alfombra roja del Festival Internacional de Cine de Cannes\" width=\"355\" height=\"532\" \/><\/p>\n<p>Tallia Storm<\/p>\n<p><img loading=\"lazy\" decoding=\"async\" class=\"aligncenter wp-image-111905 size-large\" src=\"https:\/\/graziamagazine.com\/mx\/wp-content\/uploads\/sites\/13\/2022\/05\/Captura-de-Pantalla-2022-05-17-a-las-17.15.49.png?w=354\" alt=\"Los mejores looks de la alfombra roja del Festival Internacional de Cine de Cannes\" width=\"354\" height=\"531\" \/><\/p>\n<p>B\u00e9r\u00e9nice Bejo<\/p>\n<p><img loading=\"lazy\" decoding=\"async\" class=\"aligncenter wp-image-111906 size-large\" src=\"https:\/\/graziamagazine.com\/mx\/wp-content\/uploads\/sites\/13\/2022\/05\/Captura-de-Pantalla-2022-05-17-a-las-17.15.36.png?w=352\" alt=\"Los mejores looks de la alfombra roja del Festival Internacional de Cine de Cannes\" width=\"352\" height=\"538\" \/><\/p>\n<p>Katherine Langford<\/p>\n<p><img loading=\"lazy\" decoding=\"async\" class=\"aligncenter wp-image-111907 size-large\" src=\"https:\/\/graziamagazine.com\/mx\/wp-content\/uploads\/sites\/13\/2022\/05\/Captura-de-Pantalla-2022-05-17-a-las-17.15.24.png?w=382\" alt=\"Los mejores looks de la alfombra roja del Festival Internacional de Cine de Cannes\" width=\"382\" height=\"534\" \/><\/p>\n","protected":false},"author":11628,"featured_media":111892,"template":"","format":"standard","categories":[12832,4],"acf":[],"yoast_head":"<!-- This site is optimized with the Yoast SEO Premium plugin v18.5 (Yoast SEO v20.4) - https:\/\/yoast.com\/wordpress\/plugins\/seo\/ -->\n<title>Los mejores looks de la alfombra roja del Festival de Cine de Cannes<\/title>\n<meta name=\"description\" content=\"Los invitados del primer d\u00eda de este festival de cine en Cannes est\u00e1n dej\u00e1ndolo todo en la red carpet llena de estilo, elegancia y joyas.\" \/>\n<meta name=\"robots\" content=\"index, follow, max-snippet:-1, max-image-preview:large, max-video-preview:-1\" \/>\n<link rel=\"canonical\" href=\"https:\/\/graziamagazine.com\/mx\/articles\/los-mejores-looks-de-la-alfombra-roja-del-festival-internacional-de-cine-de-cannes\/\" \/>\n<meta property=\"og:locale\" content=\"es_MX\" \/>\n<meta property=\"og:type\" content=\"article\" \/>\n<meta property=\"og:title\" content=\"Los mejores looks de la alfombra roja del Festival Internacional de Cine de Cannes\" \/>\n<meta property=\"og:description\" content=\"Los invitados del primer d\u00eda de este festival de cine en Cannes est\u00e1n dej\u00e1ndolo todo en la red carpet llena de estilo, elegancia y joyas.\" \/>\n<meta property=\"og:url\" content=\"https:\/\/graziamagazine.com\/mx\/articles\/los-mejores-looks-de-la-alfombra-roja-del-festival-internacional-de-cine-de-cannes\/\" \/>\n<meta property=\"og:site_name\" content=\"Grazia M\u00e9xico y Latinoam\u00e9rica\" \/>\n<meta property=\"article:modified_time\" content=\"2022-05-19T23:13:46+00:00\" \/>\n<meta property=\"og:image\" content=\"https:\/\/graziamagazine.com\/mx\/wp-content\/uploads\/sites\/13\/2022\/05\/9AB4DEDA-BF32-417E-972A-26BC1A78D2B6.jpeg?fit=1284%2C2175\" \/>\n\t<meta property=\"og:image:width\" content=\"1284\" \/>\n\t<meta property=\"og:image:height\" content=\"2175\" \/>\n\t<meta property=\"og:image:type\" content=\"image\/jpeg\" \/>\n<meta name=\"twitter:card\" content=\"summary_large_image\" \/>\n<meta name=\"twitter:label1\" content=\"Est. reading time\" \/>\n\t<meta name=\"twitter:data1\" content=\"3 minutos\" \/>\n<script type=\"application\/ld+json\" class=\"yoast-schema-graph\">{\"@context\":\"https:\/\/schema.org\",\"@graph\":[{\"@type\":\"WebPage\",\"@id\":\"https:\/\/graziamagazine.com\/mx\/articles\/los-mejores-looks-de-la-alfombra-roja-del-festival-internacional-de-cine-de-cannes\/\",\"url\":\"https:\/\/graziamagazine.com\/mx\/articles\/los-mejores-looks-de-la-alfombra-roja-del-festival-internacional-de-cine-de-cannes\/\",\"name\":\"Los mejores looks de la alfombra roja del Festival de Cine de Cannes\",\"isPartOf\":{\"@id\":\"https:\/\/graziamagazine.com\/mx\/#website\"},\"datePublished\":\"2022-05-17T21:31:31+00:00\",\"dateModified\":\"2022-05-19T23:13:46+00:00\",\"description\":\"Los invitados del primer d\u00eda de este festival de cine en Cannes est\u00e1n dej\u00e1ndolo todo en la red carpet llena de estilo, elegancia y joyas.\",\"breadcrumb\":{\"@id\":\"https:\/\/graziamagazine.com\/mx\/articles\/los-mejores-looks-de-la-alfombra-roja-del-festival-internacional-de-cine-de-cannes\/#breadcrumb\"},\"inLanguage\":\"es-MX\",\"potentialAction\":[{\"@type\":\"ReadAction\",\"target\":[\"https:\/\/graziamagazine.com\/mx\/articles\/los-mejores-looks-de-la-alfombra-roja-del-festival-internacional-de-cine-de-cannes\/\"]}]},{\"@type\":\"BreadcrumbList\",\"@id\":\"https:\/\/graziamagazine.com\/mx\/articles\/los-mejores-looks-de-la-alfombra-roja-del-festival-internacional-de-cine-de-cannes\/#breadcrumb\",\"itemListElement\":[{\"@type\":\"ListItem\",\"position\":1,\"name\":\"Home\",\"item\":\"https:\/\/graziamagazine.com\/mx\/\"},{\"@type\":\"ListItem\",\"position\":2,\"name\":\"Los mejores looks de la alfombra roja del Festival Internacional de Cine de Cannes\"}]},{\"@type\":\"WebSite\",\"@id\":\"https:\/\/graziamagazine.com\/mx\/#website\",\"url\":\"https:\/\/graziamagazine.com\/mx\/\",\"name\":\"Grazia M\u00e9xico y Latinoam\u00e9rica\",\"description\":\"Grazia es moda, belleza y noticias  de actualidad \",\"potentialAction\":[{\"@type\":\"SearchAction\",\"target\":{\"@type\":\"EntryPoint\",\"urlTemplate\":\"https:\/\/graziamagazine.com\/mx\/?s={search_term_string}\"},\"query-input\":\"required name=search_term_string\"}],\"inLanguage\":\"es-MX\"}]}<\/script>\n<!-- \/ Yoast SEO Premium plugin. -->","yoast_head_json":{"title":"Los mejores looks de la alfombra roja del Festival de Cine de Cannes","description":"Los invitados del primer d\u00eda de este festival de cine en Cannes est\u00e1n dej\u00e1ndolo todo en la red carpet llena de estilo, elegancia y joyas.","robots":{"index":"index","follow":"follow","max-snippet":"max-snippet:-1","max-image-preview":"max-image-preview:large","max-video-preview":"max-video-preview:-1"},"canonical":"https:\/\/graziamagazine.com\/mx\/articles\/los-mejores-looks-de-la-alfombra-roja-del-festival-internacional-de-cine-de-cannes\/","og_locale":"es_MX","og_type":"article","og_title":"Los mejores looks de la alfombra roja del Festival Internacional de Cine de Cannes","og_description":"Los invitados del primer d\u00eda de este festival de cine en Cannes est\u00e1n dej\u00e1ndolo todo en la red carpet llena de estilo, elegancia y joyas.","og_url":"https:\/\/graziamagazine.com\/mx\/articles\/los-mejores-looks-de-la-alfombra-roja-del-festival-internacional-de-cine-de-cannes\/","og_site_name":"Grazia M\u00e9xico y Latinoam\u00e9rica","article_modified_time":"2022-05-19T23:13:46+00:00","og_image":[{"width":1284,"height":2175,"url":"https:\/\/graziamagazine.com\/mx\/wp-content\/uploads\/sites\/13\/2022\/05\/9AB4DEDA-BF32-417E-972A-26BC1A78D2B6.jpeg?fit=1284%2C2175","type":"image\/jpeg"}],"twitter_card":"summary_large_image","twitter_misc":{"Est. reading time":"3 minutos"},"schema":{"@context":"https:\/\/schema.org","@graph":[{"@type":"WebPage","@id":"https:\/\/graziamagazine.com\/mx\/articles\/los-mejores-looks-de-la-alfombra-roja-del-festival-internacional-de-cine-de-cannes\/","url":"https:\/\/graziamagazine.com\/mx\/articles\/los-mejores-looks-de-la-alfombra-roja-del-festival-internacional-de-cine-de-cannes\/","name":"Los mejores looks de la alfombra roja del Festival de Cine de Cannes","isPartOf":{"@id":"https:\/\/graziamagazine.com\/mx\/#website"},"datePublished":"2022-05-17T21:31:31+00:00","dateModified":"2022-05-19T23:13:46+00:00","description":"Los invitados del primer d\u00eda de este festival de cine en Cannes est\u00e1n dej\u00e1ndolo todo en la red carpet llena de estilo, elegancia y joyas.","breadcrumb":{"@id":"https:\/\/graziamagazine.com\/mx\/articles\/los-mejores-looks-de-la-alfombra-roja-del-festival-internacional-de-cine-de-cannes\/#breadcrumb"},"inLanguage":"es-MX","potentialAction":[{"@type":"ReadAction","target":["https:\/\/graziamagazine.com\/mx\/articles\/los-mejores-looks-de-la-alfombra-roja-del-festival-internacional-de-cine-de-cannes\/"]}]},{"@type":"BreadcrumbList","@id":"https:\/\/graziamagazine.com\/mx\/articles\/los-mejores-looks-de-la-alfombra-roja-del-festival-internacional-de-cine-de-cannes\/#breadcrumb","itemListElement":[{"@type":"ListItem","position":1,"name":"Home","item":"https:\/\/graziamagazine.com\/mx\/"},{"@type":"ListItem","position":2,"name":"Los mejores looks de la alfombra roja del Festival Internacional de Cine de Cannes"}]},{"@type":"WebSite","@id":"https:\/\/graziamagazine.com\/mx\/#website","url":"https:\/\/graziamagazine.com\/mx\/","name":"Grazia M\u00e9xico y Latinoam\u00e9rica","description":"Grazia es moda, belleza y noticias  de actualidad ","potentialAction":[{"@type":"SearchAction","target":{"@type":"EntryPoint","urlTemplate":"https:\/\/graziamagazine.com\/mx\/?s={search_term_string}"},"query-input":"required name=search_term_string"}],"inLanguage":"es-MX"}]}},"jetpack_sharing_enabled":true,"distributor_meta":false,"distributor_terms":false,"distributor_media":false,"distributor_original_site_name":"Grazia M\u00e9xico y Latinoam\u00e9rica","distributor_original_site_url":"https:\/\/graziamagazine.com\/mx","push-errors":false,"_links":{"self":[{"href":"https:\/\/graziamagazine.com\/mx\/wp-json\/wp\/v2\/articles\/111874"}],"collection":[{"href":"https:\/\/graziamagazine.com\/mx\/wp-json\/wp\/v2\/articles"}],"about":[{"href":"https:\/\/graziamagazine.com\/mx\/wp-json\/wp\/v2\/types\/articles"}],"author":[{"embeddable":true,"href":"https:\/\/graziamagazine.com\/mx\/wp-json\/wp\/v2\/users\/11628"}],"wp:featuredmedia":[{"embeddable":true,"href":"https:\/\/graziamagazine.com\/mx\/wp-json\/wp\/v2\/media\/111892"}],"wp:attachment":[{"href":"https:\/\/graziamagazine.com\/mx\/wp-json\/wp\/v2\/media?parent=111874"}],"wp:term":[{"taxonomy":"category","embeddable":true,"href":"https:\/\/graziamagazine.com\/mx\/wp-json\/wp\/v2\/categories?post=111874"}],"curies":[{"name":"wp","href":"https:\/\/api.w.org\/{rel}","templated":true}]}}