{"id":111665,"date":"2022-05-20T07:07:50","date_gmt":"2022-05-20T12:07:50","guid":{"rendered":"https:\/\/graziamagazine.com\/mx\/?post_type=articles&#038;p=111665"},"modified":"2022-06-06T17:50:44","modified_gmt":"2022-06-06T22:50:44","slug":"summer-vibes-con-zuria-vega-para-grazia","status":"publish","type":"articles","link":"https:\/\/graziamagazine.com\/mx\/articles\/summer-vibes-con-zuria-vega-para-grazia\/","title":{"rendered":"Summer vibes con Zuria Vega para Grazia"},"content":{"rendered":"<p>Amamos el verano, una estaci\u00f3n tan anhelada que nos llena de optimismo, despreocupaci\u00f3n y nos da un extra de &#8220;vitamin sea&#8221;. En \u00e9l se concentra una gran inspiraci\u00f3n para mostrar nuestro lado m\u00e1s <strong>fresco y audaz<\/strong>. Entusiastas del calor o no, esperamos el verano para recodarnos que a\u00fan pese a los inviernos m\u00e1s largos, el sol siempre trae magia, sorpresas inesperadas y nuevas oportunidades, por eso <strong>Zuria Vega para Grazia<\/strong>, traemos esta historia que te invita a estar listo para lo mejor.<\/p>\n<p>El verano no se trata solo de relajarse y quedarse en la tumbona. Tambi\u00e9n es el boost de vitalidad, entusiasmo y movimiento que nos invita a sentirnos felices, crear, besar, innovar y disfrutar cada momento, pero admit\u00e1moslo, nada de eso ser\u00eda posible sin el par perfecto, chic y burbujeante. Y si alguien tiene la autoridad en calzado es: <strong>Steve Madden<\/strong>, por eso su colecci\u00f3n <strong>Summer 2022<\/strong> est\u00e1 llena de vibrantes estallidos de color y nuevas siluetas, que te proporcionan un golpe instant\u00e1neo de frescura veraniega.<\/p>\n<p>Steve Madden te recuerda que nunca debes dejar de moverte, nunca dejar de hacer olas, y nunca dejar de abrazar lo que eres.<\/p>\n<blockquote><p>It\u2019s bright<br \/>\nIt\u2019s loud<br \/>\nIt\u2019s cool<br \/>\nit\u2019s chic<\/p><\/blockquote>\n<p>Disfruta de la entrevista y el shooting usando ropa de dise\u00f1adores mexicanos y zapatos de Steve Madden.<\/p>\n<figure id=\"attachment_111846\" aria-describedby=\"caption-attachment-111846\" style=\"width: 819px\" class=\"wp-caption alignnone\"><img loading=\"lazy\" decoding=\"async\" class=\"wp-image-111846 size-large\" src=\"https:\/\/graziamagazine.com\/mx\/wp-content\/uploads\/sites\/13\/2022\/05\/GraziaInstaLogo-SteveMaddenMayo22_01.jpg?w=819\" alt=\"\" width=\"819\" height=\"1024\" \/><figcaption id=\"caption-attachment-111846\" class=\"wp-caption-text\">Saco, pantal\u00f3n y top: Valadez. Mules: Steve Madden.<\/figcaption><\/figure>\n<figure id=\"attachment_111852\" aria-describedby=\"caption-attachment-111852\" style=\"width: 819px\" class=\"wp-caption alignnone\"><img loading=\"lazy\" decoding=\"async\" class=\"wp-image-111852 size-large\" src=\"https:\/\/graziamagazine.com\/mx\/wp-content\/uploads\/sites\/13\/2022\/05\/GraziaInstaLogo-SteveMaddenMayo22_07.jpg?w=819\" alt=\"\" width=\"819\" height=\"1024\" \/><figcaption id=\"caption-attachment-111852\" class=\"wp-caption-text\">Pantal\u00f3n y top en lino con aplicaciones en plata: Peulh Vagabond. Sandalias y bolsa: Steve Madden.<\/figcaption><\/figure>\n<figure id=\"attachment_111853\" aria-describedby=\"caption-attachment-111853\" style=\"width: 819px\" class=\"wp-caption alignnone\"><img loading=\"lazy\" decoding=\"async\" class=\"wp-image-111853 size-large\" src=\"https:\/\/graziamagazine.com\/mx\/wp-content\/uploads\/sites\/13\/2022\/05\/GraziaInstaLogo-SteveMaddenMayo22_08.jpg?w=819\" alt=\"\" width=\"819\" height=\"1024\" \/><figcaption id=\"caption-attachment-111853\" class=\"wp-caption-text\">Monosuit: Antonio S\u00e1nchez.<\/figcaption><\/figure>\n<figure id=\"attachment_111855\" aria-describedby=\"caption-attachment-111855\" style=\"width: 819px\" class=\"wp-caption alignnone\"><img loading=\"lazy\" decoding=\"async\" class=\"wp-image-111855 size-large\" src=\"https:\/\/graziamagazine.com\/mx\/wp-content\/uploads\/sites\/13\/2022\/05\/GraziaInstaLogo-SteveMaddenMayo22_10.jpg?w=819\" alt=\"\" width=\"819\" height=\"1024\" \/><figcaption id=\"caption-attachment-111855\" class=\"wp-caption-text\">Monosuit: Antonio Sanchez. Saco en seda: Jorge Salazar.<\/figcaption><\/figure>\n<figure id=\"attachment_111848\" aria-describedby=\"caption-attachment-111848\" style=\"width: 819px\" class=\"wp-caption alignnone\"><img loading=\"lazy\" decoding=\"async\" class=\"wp-image-111848 size-large\" src=\"https:\/\/graziamagazine.com\/mx\/wp-content\/uploads\/sites\/13\/2022\/05\/GraziaInstaLogo-SteveMaddenMayo22_03.jpg?w=819\" alt=\"\" width=\"819\" height=\"1024\" \/><figcaption id=\"caption-attachment-111848\" class=\"wp-caption-text\">Vestido: Benito Santos. Zapatos: Steve Madden.<\/figcaption><\/figure>\n<p><img loading=\"lazy\" decoding=\"async\" class=\"alignnone size-medium wp-image-111847\" src=\"https:\/\/graziamagazine.com\/mx\/wp-content\/uploads\/sites\/13\/2022\/05\/GraziaInstaLogo-SteveMaddenMayo22_02.jpg?w=360\" alt=\"\" width=\"360\" height=\"450\" \/> <img loading=\"lazy\" decoding=\"async\" class=\"alignnone size-medium wp-image-111849\" src=\"https:\/\/graziamagazine.com\/mx\/wp-content\/uploads\/sites\/13\/2022\/05\/GraziaInstaLogo-SteveMaddenMayo22_04.jpg?w=360\" alt=\"\" width=\"360\" height=\"450\" \/> <img loading=\"lazy\" decoding=\"async\" class=\"alignnone size-medium wp-image-111850\" src=\"https:\/\/graziamagazine.com\/mx\/wp-content\/uploads\/sites\/13\/2022\/05\/GraziaInstaLogo-SteveMaddenMayo22_05.jpg?w=360\" alt=\"\" width=\"360\" height=\"450\" \/> <img loading=\"lazy\" decoding=\"async\" class=\"alignnone size-medium wp-image-111851\" src=\"https:\/\/graziamagazine.com\/mx\/wp-content\/uploads\/sites\/13\/2022\/05\/GraziaInstaLogo-SteveMaddenMayo22_06.jpg?w=360\" alt=\"\" width=\"360\" height=\"450\" \/> <img loading=\"lazy\" decoding=\"async\" class=\"alignnone size-medium wp-image-111854\" src=\"https:\/\/graziamagazine.com\/mx\/wp-content\/uploads\/sites\/13\/2022\/05\/GraziaInstaLogo-SteveMaddenMayo22_09.jpg?w=360\" alt=\"\" width=\"360\" height=\"450\" \/><\/p>\n<div dir=\"ltr\">\n<div dir=\"ltr\">\n<div title=\"Page 31\"><\/div>\n<\/div>\n<\/div>\n<div dir=\"ltr\">\n<div dir=\"ltr\">\n<div>\n<div title=\"Page 31\">\n<h3 style=\"text-align: left;\">ZURIA VEGA<\/h3>\n<p><em>She&#8217;s like a rainbow\u00a0<\/em><\/p>\n<p>El ritmo de este siglo demanda m\u00e1s de quienes se dedican a la actuaci\u00f3n, teniendo que diversificar su vida entre la familia, el trabajo, la pareja, los proyectos profesionales y su propia persona. Zuria lo tiene claro y nos lo demuestra en sus respuestas cuando le preguntamos sobre el thriller pr\u00f3ximo a estrenarse en STARZPLAY.<\/p>\n<\/div>\n<\/div>\n<div>\n<div>\n<div title=\"Page 31\">\n<div>\n<div>\n<div>EN EL ESTUDIO LAS COSAS MARCHAN BIEN: LA ROPA ESTA\u0301 COLGADA POR COLORES, parece un arcoi\u0301ris.<\/div>\n<div>Ma\u0301s de 30 cambios y todos listos para tomar las fotos. Esta vez las luces y la ca\u0301mara no esperan que diga unas li\u0301neas, el dia\u0301logo sera\u0301 puramente visual y Zuria simplemente desempen\u0303ara\u0301 otro de sus papeles, el de modelo. Hablamos de su papa\u0301 \u2014el primer actor Gonzalo Vega\u2014 de sus hijos, de Alberto Guerra (su esposo)<br \/>\ny de hacer un thriller que estamos seguros te sorprendera\u0301 por su calidad cinematogra\u0301fica, su trama y por supuesto su reparto. Asi\u0301 empezamos la conversacio\u0301n.<\/div>\n<div>\n<figure id=\"attachment_111856\" aria-describedby=\"caption-attachment-111856\" style=\"width: 360px\" class=\"wp-caption alignnone\"><img loading=\"lazy\" decoding=\"async\" class=\"wp-image-111856 size-medium\" src=\"https:\/\/graziamagazine.com\/mx\/wp-content\/uploads\/sites\/13\/2022\/05\/GraziaInstaLogo-SteveMaddenMayo22_11.jpg?w=360\" alt=\"\" width=\"360\" height=\"450\" \/><figcaption id=\"caption-attachment-111856\" class=\"wp-caption-text\">Saco y falda: Jorge Salazar. Bolsa y zapatos: Steve Madden.<\/figcaption><\/figure>\n<\/div>\n<div><\/div>\n<div><strong>\u00bfQue\u0301 se siente trabajar con tu marido, en un papel no siendo tu marido como sucede en\u00a0<em>El refugio<\/em>?<\/strong><br \/>\nLe deci\u0301an que pareci\u0301a mi papa\u0301, no es cierto (ri\u0301e). Alberto y yo nos conocemos muy bien y funcionamos de formas muy distintas tanto en la vida como en el set. Nos respetamos mucho, particularmente en este proyecto. Es curioso co\u0301mo antes de que se escribiera, Alberto y yo ya e\u0301ramos parte de e\u0301l. Se \u201cpicho\u0301\u201d con nosotros y le tenemos mucho carin\u0303o porque fuimos viendo co\u0301mo se desarrollo\u0301, se vendi\u00f3, se fue pichando, se fue haciendo, co\u0301mo se decidi\u00f3&#8230; Para hacerlo tuvimos que mudarnos a Chile, fue toda una experiencia no nada ma\u0301s profesional sino de familia, increi\u0301ble. Mis hijos adoraron estar en Santiago, ya no se queri\u0301an regresar.<\/div>\n<div><strong>\u00bfCua\u0301ntas veces te quedas en un mismo proyecto con tu pareja, donde te puedes ir con tu familia, en plena pandemia?<\/strong><\/div>\n<div>Fue muy refrescante para nosotros mudarnos a otro pai\u0301s. Tambie\u0301n fue complicado porque habi\u0301a otras medidas, otras cosas, pero en general fue una gran experiencia familiar y profesional.<br \/>\n<strong>\u00bfQue\u0301 tan difi\u0301cil ha sido hacer un thriller de respeto?<\/strong><br \/>\nLa cinematograf\u00eda es increi\u0301ble, la calidad de la produccio\u0301n, la historia.<\/div>\n<div><strong>\u00bfCua\u0301l es el valor de\u00a0El refugio?<\/strong><br \/>\nYo creo que justo eso, atrevernos a hacer algo diferente y de buena calidad. Estamos en un momento en el que hay tanto contenido que siento que llama la atencio\u0301n algo que se salga de lo que estamos acostumbrados a hacer.<\/div>\n<div>Fa\u0301bula es una de las casas productoras ma\u0301s importantes, me atrevo a decirte la ma\u0301s de Chile. En el mundo ha tenido un impacto impresionante lo que han hecho. Pablo Burns es el foto\u0301grafo de la serie que ahora esta\u0301 viviendo en Me\u0301xico, hizo un trabajo espectacular, de verdad nos sorprendio\u0301 a todos. Pablo Fendrick es el director, el elenco era pequen\u0303o y todo funciono\u0301 muy bien.<br \/>\n<strong>\u00bfQue\u0301 historia mueres por contar?<\/strong><\/div>\n<div>Hay muchas, pronto voy a filmar una que tiene que ver con las mujeres y es un proyecto que habi\u0301a pedido mucho que me llegara, no puedo contarte mucho. La verdad no soy mucho de planear, la gente que planea todo, se frustra. Me gusta ma\u0301s irme sorprendiendo. Tengo ganas de trabajar en otros lados.<\/div>\n<div>Es cierto que cada vez y con la edad, te vas fijando ma\u0301s en las historias que quieres contar, con quie\u0301n la quieres contar y que\u0301 repercusio\u0301n tiene esa historia. Te cuestionas esas cosas ma\u0301s despue\u0301s de ser mama\u0301.\u00a1Claro! Vas siendo ma\u0301s selectiva&#8230;Tambie\u0301n lo vas trabajando durante an\u0303os. Picas piedra mucho tiempo y a veces haces cosas que no necesariamente te encantan para llegar al momento donde puedes hacer proyectos que quieres hacer, que te gusten.<\/div>\n<div><\/div>\n<blockquote>\n<div>Estoy contenta de verme en ese lugar haciendo proyectos de los que me siento orgullosa&#8230;<\/div>\n<\/blockquote>\n<div><\/div>\n<div>de trabajar con gente que admiro, como es El refugio. Me siento orgullosa de decir que ahi\u0301 participo.<\/div>\n<div><\/div>\n<div><b>Has hecho de todo, \u00bfQu\u00e9 es lo que ma\u0301s te gusta y por que\u0301?<\/b><\/div>\n<div>\n<p>No se\u0301, no puedo contestar que\u0301 me gusta ma\u0301s. Son e\u0301pocas, sin duda el teatro es para mi\u0301 donde el actor perfecciona el oficio. Juega con el tiempo, el reto, la presio\u0301n y la calma, todo a la vez. Exploras realmente la actuacio\u0301n para salirte de tu zona de confort. Busco constantemente regresar al teatro, llevo un an\u0303o haci\u00e9ndolo, ya me instale\u0301 y estoy muy contenta. Aprovecho la oportunidad para invitarlos a ver <strong>\u201cNetwork\u201d<\/strong> con Daniel Gime\u0301nez Cacho al <strong>Teatro de los Insurgentes.<\/strong> El teatro ha tomado valor en cuestio\u0301n del pu\u0301blico, esta\u0301n llenos. La gente quiere ver a los actores en vivo, despue\u0301s de esto<\/p>\n<div title=\"Page 32\">\n<div>\n<div>que hemos vivido (pandemia) es muy bonito volver a sentir este espi\u0301ritu del teatro, estar atra\u0301s y escuchar los cuchicheos, las terceras llamadas&#8230; Es algo su\u0301per bonito que he gozado mucho con \u201cBlue Room\u201d y ahora con \u201cNetwork\u201d.<\/div>\n<div><\/div>\n<div>Tambie\u0301n creo que el cine tiene otra magia y que son e\u0301pocas, no todo el tiempo tienes la energi\u0301a o el estado emocional para estar en el teatro. Entonces si\u0301 creo que muchos de los proyectos que vamos teniendo van reflejando las etapas emocionales y de las\u00a0 personas, no solamente como actores sino tambie\u0301n las etapas de tu vida.<\/div>\n<div>\n<div title=\"Page 32\">\n<div>\n<div><\/div>\n<div><strong>\u00bfCua\u0301l ha sido el papel ma\u0301s dif\u00edcil de interpretar?<\/strong><\/div>\n<div>Siempre digo que es el que sigue. Es lo que uno esta\u0301 buscando constantemente, que el papel que venga sea ma\u0301s difi\u0301cil que el anterior, que te saque de tu zona de confort, que te permita explorar nuevos territorios.<\/div>\n<div>Eso fue de hecho El refugio para nosotros, esta\u0301bamos filmando muchas veces a menos de 8 grados, nos toco\u0301 el invierno alla\u0301 (Chile). Esta\u0301bamos filmando ensangrentados, considera que 60% de la serie se grabo\u0301 de noche entonces fue una filmacio\u0301n muy bonita pero muy dura. Fi\u0301sicamente creo que fue de los trabajos ma\u0301s duros que hemos hecho. Sobre todo los mexicanos que no estamos acostumbrados a esas temperaturas. Pero ge\u0301neros como el terror y la ciencia ficcio\u0301n son complicados, requieren de mucha caracterizacio\u0301n, hay efectos, hay mucho que filmar y que hacer para que se pueda llevar acabo. Es complejo filmarlo para que quede bien.<\/div>\n<div><strong>El lugar donde se filmo\u0301<em>\u00a0El refugio<\/em>\u00a0se ve espectacular, \u00bfestaba cerquita de la capital?<\/strong><br \/>\n\u00a1No! Esta\u0301bamos como a una hora y pico de Santiago, termina\u0301bamos como a las 4 o 5 de la man\u0303ana y luego haci\u0301amos una hora de regreso, todos llenos de sangre, fue una experiencia u\u0301nica por asi\u0301 decirlo.<\/div>\n<div><strong>\u00bfCua\u0301l ha sido el mejor consejo de tu papa\u0301 (Gonzalo Vega) tanto para tu vida como para tu carrera?<\/strong><br \/>\nSon muy distintos. Para mi carrera e\u0301l me deci\u0301a: \u201cCuando te pregunten si sabes hacer algo, tu\u0301 di que si\u0301, ya luego ves co\u0301mo le haces\u201d (rei\u0301mos). Entonces todo era si\u0301 y luego efectivamente vei\u0301a que\u0301 haci\u0301a. Eso, y tambie\u0301n la paciencia. Es una carrera dolorosa en algunos aspectos, solitaria, sacrificada en muchos otros, en cuestiones personales te pierdes muchas cosas de gente que quieres, muchos momentos, an\u0303os nuevos. Yo no fui al viaje de mi generacio\u0301n.<\/div>\n<div>Hay cosas que vas sacrificando, claro, ganas otras cosas, pero es una carrera de mucha perseverancia. Y en la vida yo creo que la honestidad, el ver de frente, el ser derecho, eso es algo que teni\u0301a mi papa\u0301 que llevo conmigo todo el tiempo. <strong>La lealtad es uno de los valores ma\u0301s importantes.<\/strong> Mi papa\u0301 teni\u0301a una cancio\u0301n favorita que deci\u0301a: \u201cme gusta la gente que te mira de frente\u201d, ver a los ojos, ser honesto, eso deci\u0301a.<\/div>\n<div>E\u0301l era muy generoso con toda la gente que lo rodeaba, creo que es algo bonito.<\/div>\n<div><strong>\u00bfQue\u0301 tanto ha influido en tu carrera el hecho de que tu papa\u0301 ha sido uno de los mejores actores de Me\u0301xico?<\/strong><br \/>\nYo creci\u0301 en los teatros, sobre todo en el set. Mi vida siempre ha estado rodeada de arte de una o de otra forma, mi mama\u0301 es pintora. Entonces creo que pueden pasar dos cosas: o te dedicas a eso o te vas completamente a lo opuesto, es al menos lo que he visto. Los tres hermanos somos actores. Mi papa\u0301 era una persona que amaba y respetaba lo que haci\u0301a; el rigor, la disciplina y ver que e\u0301l era tan feliz hacie\u0301ndolo tambie\u0301n tiene una influencia en tu caminar. Pude haber sido abogada o chef, pero nunca lo considere\u0301. A los 17 an\u0303os me manteni\u0301a yo sola dedica\u0301ndome a esto. Nunca se\u0301 responder en que\u0301 momento quise ser actriz, era algo que ya estaba en mi\u0301 y en cuanto salio\u0301 la primera oportunidad la tome\u0301. Afirma la actriz.<\/div>\n<div><\/div>\n<div><\/div>\n<\/div>\n<\/div>\n<\/div>\n<\/div>\n<\/div>\n<\/div>\n<\/div>\n<\/div>\n<\/div>\n<\/div>\n<\/div>\n<\/div>\n<\/div>\n<div dir=\"ltr\">\n<div dir=\"ltr\">\n<div title=\"Page 31\">\n<div title=\"Page 32\">\n<div title=\"Page 32\">\n<div><em>El refugio<\/em> trata de una familia que se ve aislada en una casa de campo y por circunstancias de la vida la situacio\u0301n de la familia es complicada pues la mama\u0301 vive en la ciudad y ha ido a recoger a los hijos a casa de los ex-suegros en el campo. Uno de los nietos es un genio, la mayor es una adolescente y la pequen\u0303a demasiado sensible al entorno que se enrarece conforme cosas extran\u0303as empiezan a pasar. Zuria interpreta a una veterinaria que termina hospeda\u0301ndose en esta casa. La serie se estrena el 23 de junio por <strong>STARZPLAY<\/strong>\u00a0no te la pierdas.<\/div>\n<div><\/div>\n<div>\n<p><em>Fotos: Santiago ruise\u00f1or<\/em><\/p>\n<p><em>Directora de moda: Annie Lask<\/em><\/p>\n<p><em>Pelo y maquillaje: Diana Loyo<\/em><\/p>\n<p><em>Asistente de moda: Alethea Zamora<\/em><\/p>\n<p><em>Asistente de foto: Paco Perez<\/em><\/p>\n<p><em>Directora Editorial: Toni Salamanca<\/em><\/p>\n<\/div>\n<\/div>\n<\/div>\n<\/div>\n<\/div>\n<\/div>\n","protected":false},"author":11636,"featured_media":111845,"template":"","format":"standard","categories":[12483,9426,9864,4],"acf":[],"yoast_head":"<!-- This site is optimized with the Yoast SEO Premium plugin v18.5 (Yoast SEO v20.4) - https:\/\/yoast.com\/wordpress\/plugins\/seo\/ -->\n<title>Summer vibes con Zuria Vega para Grazia | Grazia M\u00e9xico y Latinoam\u00e9rica<\/title>\n<meta name=\"description\" content=\"Amamos el verano, una estaci\u00f3n tan anhelada que nos llena de optimismo, despreocupaci\u00f3n y nos da un extra de &quot;vitamin sea&quot;. En \u00e9l se concentra una gran\" \/>\n<meta name=\"robots\" content=\"index, follow, max-snippet:-1, max-image-preview:large, max-video-preview:-1\" \/>\n<link rel=\"canonical\" href=\"https:\/\/graziamagazine.com\/mx\/articles\/summer-vibes-con-zuria-vega-para-grazia\/\" \/>\n<meta property=\"og:locale\" content=\"es_MX\" \/>\n<meta property=\"og:type\" content=\"article\" \/>\n<meta property=\"og:title\" content=\"Summer vibes con Zuria Vega para Grazia\" \/>\n<meta property=\"og:description\" content=\"Amamos el verano, una estaci\u00f3n tan anhelada que nos llena de optimismo, despreocupaci\u00f3n y nos da un extra de &quot;vitamin sea&quot;. En \u00e9l se concentra una gran\" \/>\n<meta property=\"og:url\" content=\"https:\/\/graziamagazine.com\/mx\/articles\/summer-vibes-con-zuria-vega-para-grazia\/\" \/>\n<meta property=\"og:site_name\" content=\"Grazia M\u00e9xico y Latinoam\u00e9rica\" \/>\n<meta property=\"article:modified_time\" content=\"2022-06-06T22:50:44+00:00\" \/>\n<meta property=\"og:image\" content=\"https:\/\/graziamagazine.com\/mx\/wp-content\/uploads\/sites\/13\/2022\/05\/CoverGaleriaWeb-SteveMaddenMayo22.jpg?fit=1500%2C1000\" \/>\n\t<meta property=\"og:image:width\" content=\"1500\" \/>\n\t<meta property=\"og:image:height\" content=\"1000\" \/>\n\t<meta property=\"og:image:type\" content=\"image\/jpeg\" \/>\n<meta name=\"twitter:card\" content=\"summary_large_image\" \/>\n<meta name=\"twitter:label1\" content=\"Est. reading time\" \/>\n\t<meta name=\"twitter:data1\" content=\"10 minutos\" \/>\n<script type=\"application\/ld+json\" class=\"yoast-schema-graph\">{\"@context\":\"https:\/\/schema.org\",\"@graph\":[{\"@type\":\"WebPage\",\"@id\":\"https:\/\/graziamagazine.com\/mx\/articles\/summer-vibes-con-zuria-vega-para-grazia\/\",\"url\":\"https:\/\/graziamagazine.com\/mx\/articles\/summer-vibes-con-zuria-vega-para-grazia\/\",\"name\":\"Summer vibes con Zuria Vega para Grazia | Grazia M\u00e9xico y Latinoam\u00e9rica\",\"isPartOf\":{\"@id\":\"https:\/\/graziamagazine.com\/mx\/#website\"},\"datePublished\":\"2022-05-20T12:07:50+00:00\",\"dateModified\":\"2022-06-06T22:50:44+00:00\",\"description\":\"Amamos el verano, una estaci\u00f3n tan anhelada que nos llena de optimismo, despreocupaci\u00f3n y nos da un extra de \\\"vitamin sea\\\". En \u00e9l se concentra una gran\",\"breadcrumb\":{\"@id\":\"https:\/\/graziamagazine.com\/mx\/articles\/summer-vibes-con-zuria-vega-para-grazia\/#breadcrumb\"},\"inLanguage\":\"es-MX\",\"potentialAction\":[{\"@type\":\"ReadAction\",\"target\":[\"https:\/\/graziamagazine.com\/mx\/articles\/summer-vibes-con-zuria-vega-para-grazia\/\"]}]},{\"@type\":\"BreadcrumbList\",\"@id\":\"https:\/\/graziamagazine.com\/mx\/articles\/summer-vibes-con-zuria-vega-para-grazia\/#breadcrumb\",\"itemListElement\":[{\"@type\":\"ListItem\",\"position\":1,\"name\":\"Home\",\"item\":\"https:\/\/graziamagazine.com\/mx\/\"},{\"@type\":\"ListItem\",\"position\":2,\"name\":\"Summer vibes con Zuria Vega para Grazia\"}]},{\"@type\":\"WebSite\",\"@id\":\"https:\/\/graziamagazine.com\/mx\/#website\",\"url\":\"https:\/\/graziamagazine.com\/mx\/\",\"name\":\"Grazia M\u00e9xico y Latinoam\u00e9rica\",\"description\":\"Grazia es moda, belleza y noticias  de actualidad \",\"potentialAction\":[{\"@type\":\"SearchAction\",\"target\":{\"@type\":\"EntryPoint\",\"urlTemplate\":\"https:\/\/graziamagazine.com\/mx\/?s={search_term_string}\"},\"query-input\":\"required name=search_term_string\"}],\"inLanguage\":\"es-MX\"}]}<\/script>\n<!-- \/ Yoast SEO Premium plugin. -->","yoast_head_json":{"title":"Summer vibes con Zuria Vega para Grazia | Grazia M\u00e9xico y Latinoam\u00e9rica","description":"Amamos el verano, una estaci\u00f3n tan anhelada que nos llena de optimismo, despreocupaci\u00f3n y nos da un extra de \"vitamin sea\". En \u00e9l se concentra una gran","robots":{"index":"index","follow":"follow","max-snippet":"max-snippet:-1","max-image-preview":"max-image-preview:large","max-video-preview":"max-video-preview:-1"},"canonical":"https:\/\/graziamagazine.com\/mx\/articles\/summer-vibes-con-zuria-vega-para-grazia\/","og_locale":"es_MX","og_type":"article","og_title":"Summer vibes con Zuria Vega para Grazia","og_description":"Amamos el verano, una estaci\u00f3n tan anhelada que nos llena de optimismo, despreocupaci\u00f3n y nos da un extra de \"vitamin sea\". En \u00e9l se concentra una gran","og_url":"https:\/\/graziamagazine.com\/mx\/articles\/summer-vibes-con-zuria-vega-para-grazia\/","og_site_name":"Grazia M\u00e9xico y Latinoam\u00e9rica","article_modified_time":"2022-06-06T22:50:44+00:00","og_image":[{"width":1500,"height":1000,"url":"https:\/\/graziamagazine.com\/mx\/wp-content\/uploads\/sites\/13\/2022\/05\/CoverGaleriaWeb-SteveMaddenMayo22.jpg?fit=1500%2C1000","type":"image\/jpeg"}],"twitter_card":"summary_large_image","twitter_misc":{"Est. reading time":"10 minutos"},"schema":{"@context":"https:\/\/schema.org","@graph":[{"@type":"WebPage","@id":"https:\/\/graziamagazine.com\/mx\/articles\/summer-vibes-con-zuria-vega-para-grazia\/","url":"https:\/\/graziamagazine.com\/mx\/articles\/summer-vibes-con-zuria-vega-para-grazia\/","name":"Summer vibes con Zuria Vega para Grazia | Grazia M\u00e9xico y Latinoam\u00e9rica","isPartOf":{"@id":"https:\/\/graziamagazine.com\/mx\/#website"},"datePublished":"2022-05-20T12:07:50+00:00","dateModified":"2022-06-06T22:50:44+00:00","description":"Amamos el verano, una estaci\u00f3n tan anhelada que nos llena de optimismo, despreocupaci\u00f3n y nos da un extra de \"vitamin sea\". En \u00e9l se concentra una gran","breadcrumb":{"@id":"https:\/\/graziamagazine.com\/mx\/articles\/summer-vibes-con-zuria-vega-para-grazia\/#breadcrumb"},"inLanguage":"es-MX","potentialAction":[{"@type":"ReadAction","target":["https:\/\/graziamagazine.com\/mx\/articles\/summer-vibes-con-zuria-vega-para-grazia\/"]}]},{"@type":"BreadcrumbList","@id":"https:\/\/graziamagazine.com\/mx\/articles\/summer-vibes-con-zuria-vega-para-grazia\/#breadcrumb","itemListElement":[{"@type":"ListItem","position":1,"name":"Home","item":"https:\/\/graziamagazine.com\/mx\/"},{"@type":"ListItem","position":2,"name":"Summer vibes con Zuria Vega para Grazia"}]},{"@type":"WebSite","@id":"https:\/\/graziamagazine.com\/mx\/#website","url":"https:\/\/graziamagazine.com\/mx\/","name":"Grazia M\u00e9xico y Latinoam\u00e9rica","description":"Grazia es moda, belleza y noticias  de actualidad ","potentialAction":[{"@type":"SearchAction","target":{"@type":"EntryPoint","urlTemplate":"https:\/\/graziamagazine.com\/mx\/?s={search_term_string}"},"query-input":"required name=search_term_string"}],"inLanguage":"es-MX"}]}},"jetpack_sharing_enabled":true,"distributor_meta":false,"distributor_terms":false,"distributor_media":false,"distributor_original_site_name":"Grazia M\u00e9xico y Latinoam\u00e9rica","distributor_original_site_url":"https:\/\/graziamagazine.com\/mx","push-errors":false,"_links":{"self":[{"href":"https:\/\/graziamagazine.com\/mx\/wp-json\/wp\/v2\/articles\/111665"}],"collection":[{"href":"https:\/\/graziamagazine.com\/mx\/wp-json\/wp\/v2\/articles"}],"about":[{"href":"https:\/\/graziamagazine.com\/mx\/wp-json\/wp\/v2\/types\/articles"}],"author":[{"embeddable":true,"href":"https:\/\/graziamagazine.com\/mx\/wp-json\/wp\/v2\/users\/11636"}],"wp:featuredmedia":[{"embeddable":true,"href":"https:\/\/graziamagazine.com\/mx\/wp-json\/wp\/v2\/media\/111845"}],"wp:attachment":[{"href":"https:\/\/graziamagazine.com\/mx\/wp-json\/wp\/v2\/media?parent=111665"}],"wp:term":[{"taxonomy":"category","embeddable":true,"href":"https:\/\/graziamagazine.com\/mx\/wp-json\/wp\/v2\/categories?post=111665"}],"curies":[{"name":"wp","href":"https:\/\/api.w.org\/{rel}","templated":true}]}}