{"id":111629,"date":"2022-05-13T14:29:41","date_gmt":"2022-05-13T19:29:41","guid":{"rendered":"https:\/\/graziamagazine.com\/mx\/?post_type=articles&#038;p=111629"},"modified":"2022-05-14T06:30:18","modified_gmt":"2022-05-14T11:30:18","slug":"todo-senala-que-los-bolsos-tote-seran-un-must-este-verano","status":"publish","type":"articles","link":"https:\/\/graziamagazine.com\/mx\/articles\/todo-senala-que-los-bolsos-tote-seran-un-must-este-verano\/","title":{"rendered":"Todo indica que las tote bags, ser\u00e1n un must este verano"},"content":{"rendered":"<p class=\"p1\"><span class=\"s1\">Lo primero que se nos viene a la cabeza cuando pensamos en una <i>tote bag <\/i>es, a un neoyorquino com\u00fan y corriente imponiendo una tendencia nueva a trav\u00e9s del <i>street style, <\/i>caminando por la ciudad, con una bebida de su cafeter\u00eda local en la mano derecha y con una bolsa cuadrada de tama\u00f1o mediano, con un par de asas y el logotipo de una tienda de discos independiente, colgada sobre el hombro izquierdo.<\/span><\/p>\n<h5 class=\"p2\"><span class=\"s1\">La tote bag ha sido un fen\u00f3meno durante generaciones ya que destaca por su comodidad, espacio y capacidad de carga. Puedes meter en ella un sin fin de art\u00edculos y sigue teniendo espacio.<\/span><\/h5>\n<p class=\"p2\"><span class=\"s1\"> La tote bag tiene or\u00edgenes muy poco glamorosos. Sin embargo, ha logrado convertirse en un art\u00edculo <i>must have<\/i> de las grandes casas de moda.\u00a0 <\/span><\/p>\n<p class=\"p2\"><span class=\"s1\"><i>Marc Jacobs, YSL, Louis Vuitton, <a href=\"https:\/\/graziamagazine.com\/mx\/articles\/los-nuevos-sneakers-de-balenciaga-innovacion-o-demasiado-romanticismo\/\">Balenciaga<\/a>, Givenchy,<\/i> entre otros la han redise\u00f1ado<\/span><\/p>\n<p class=\"p2\"><strong><span class=\"s1\">La etimolog\u00eda de la palabra <i>tote<\/i> es \u201cllevar\u201d y se remonta al siglo XVII.<\/span><\/strong><\/p>\n<p class=\"p2\"><span class=\"s1\">Durante la \u00e9poca medieval, las mujeres y los hombres llevaban bolsos blandos, colgados sobre el hombro, con el fin de cargar art\u00edculos pesados. Algunos hac\u00edan estos bolsos de tela econ\u00f3mica pero otros pod\u00edan permitirse el lujo de hacerlos de cuero. <\/span><\/p>\n<h5 class=\"p2\"><span class=\"s1\">La alta sociedad adornaba los bolsos con bordados, metales preciosos y piedras.<\/span><\/h5>\n<p class=\"p2\"><span class=\"s1\">Sin embargo, el origen de \u00e9sta se reconoce, que es en el a\u00f1o 1940. La empresa estadounidense llamada \u201cLL Bean\u201d cre\u00f3 un bolso para transportar hielo, la bolsa tenia que ser duradera y resistente.<\/span><\/p>\n<p class=\"p2\"><span class=\"s1\"> Decidieron hacerla de lona y llamar la \u201cbolsa de hielo\u201d.\u00a0 El prop\u00f3sito de \u00e9sta era trasladar hielo del coche al congelador.<\/span><\/p>\n<p><img loading=\"lazy\" decoding=\"async\" class=\"size-medium wp-image-111660 aligncenter\" src=\"https:\/\/graziamagazine.com\/mx\/wp-content\/uploads\/sites\/13\/2022\/05\/Captura-de-Pantalla-2022-05-13-a-las-14.48.08.png?w=450\" alt=\"\" width=\"450\" height=\"208\" \/><\/p>\n<p class=\"p2\"><span class=\"s1\">Poco despu\u00e9s, se dieron cuenta que la bolsa de mano no ten\u00eda que ser espec\u00edficamente para cargar hielo y preguntaron a la compa\u00f1\u00eda \u201cL.L. Bean\u201d que si tenia otros usos, ellos respondieron que s\u00ed, que las <i>tote bags<\/i> serv\u00edan para todo.<\/span><\/p>\n<p class=\"p2\"><strong><span class=\"s1\">Las <i>tote bags <\/i>se convirtieron en el accesorio que todos quer\u00edan tener, era confiable, duradero y accesible.<\/span><\/strong><\/p>\n<p class=\"p2\"><span class=\"s1\">Hasta el d\u00eda de hoy, puedes encontrar la famosa <i>tote bag <\/i>con el dise\u00f1o original en \u201cL.L. Bean\u201d, es una de las bolsas m\u00e1s populares de la empresa.<\/span><\/p>\n<p class=\"p2\"><span class=\"s1\">En 1980 IKEA introdujo su famosa bolsa azul y la reconocida librer\u00eda de Nueva York \u201cThe Strand\u201d dise\u00f1o un nuevo dise\u00f1o del bolso <i>tote, <\/i>muy parecido al original pero con adaptaciones.<\/span><\/p>\n<p class=\"p2\"><span class=\"s1\">\u00c9ste contaba con una estructura menos r\u00edgida y era hecho con algod\u00f3n de lona. Con el logotipo rojo de la tienda en la parte de enfrente, fue una de las primeras bolsas de mano utilizada como medio de publicidad. <\/span><\/p>\n<p class=\"p2\"><span class=\"s1\">Las <i>tote bags<\/i> son una excelente herramienta de marketing ya que permiten la impresi\u00f3n de el logotipo y slogan de cualquier compa\u00f1\u00eda. La visibilidad es muy buena, las impresiones son muy f\u00e1ciles por la forma plana de la bolsa, son accesibles, vers\u00e1tiles, <i>gender-neutral. <\/i><\/span><span class=\"s1\">Est\u00e1 comprobado que el usuario la reutiliza en repetidas ocasiones.<\/span><\/p>\n<p class=\"p2\"><span class=\"s1\">Las <i>tote bags<\/i> han evolucionado y el tama\u00f1o, material, estampados y dise\u00f1os . Han cambiado pero la funcionalidad sigue siendo la misma.<\/span><\/p>\n<h5 class=\"p2\"><span class=\"s1\">Todo indica que en esta temporada las<i> tote bags <\/i>van a ser una pieza necesaria para estar en tendencia. <\/span><\/h5>\n<p class=\"p2\"><span class=\"s1\">Varias celebridades ya est\u00e1n al frente de la carrera porque decidieron subirse al tren del bolso <i>tote <\/i>como; Meghan Markle, Priyanka Jonas, Angelina Jolie, Miranda Kerr, Hailey Bieber, <a href=\"https:\/\/graziamagazine.com\/mx\/articles\/sydney-sweeney-se-une-a-dakota-johnson-en-la-pelicula-de-marvel-madame-web\/\">Sydney Sweeney<\/a>, Zo\u00eb Kravitz, Salma Hayek y Miley Cyrus.<\/span><\/p>\n<figure id=\"attachment_111662\" aria-describedby=\"caption-attachment-111662\" style=\"width: 296px\" class=\"wp-caption alignnone\"><img loading=\"lazy\" decoding=\"async\" class=\"wp-image-111662 size-medium\" src=\"https:\/\/graziamagazine.com\/mx\/wp-content\/uploads\/sites\/13\/2022\/05\/Captura-de-Pantalla-2022-05-13-a-las-14.43.28.png?w=296\" alt=\"\" width=\"296\" height=\"450\" \/><figcaption id=\"caption-attachment-111662\" class=\"wp-caption-text\">Meghan Markle<\/figcaption><\/figure>\n<figure id=\"attachment_111663\" aria-describedby=\"caption-attachment-111663\" style=\"width: 352px\" class=\"wp-caption alignnone\"><img loading=\"lazy\" decoding=\"async\" class=\"wp-image-111663 size-medium\" src=\"https:\/\/graziamagazine.com\/mx\/wp-content\/uploads\/sites\/13\/2022\/05\/Captura-de-Pantalla-2022-05-13-a-las-14.44.44.png?w=352\" alt=\"P\" width=\"352\" height=\"450\" \/><figcaption id=\"caption-attachment-111663\" class=\"wp-caption-text\">Priyanka Jonas<\/figcaption><\/figure>\n<figure id=\"attachment_111664\" aria-describedby=\"caption-attachment-111664\" style=\"width: 318px\" class=\"wp-caption alignnone\"><img loading=\"lazy\" decoding=\"async\" class=\"wp-image-111664 size-medium\" src=\"https:\/\/graziamagazine.com\/mx\/wp-content\/uploads\/sites\/13\/2022\/05\/Captura-de-Pantalla-2022-05-13-a-las-14.45.25.png?w=318\" alt=\"Sydney Sweeney\" width=\"318\" height=\"450\" \/><figcaption id=\"caption-attachment-111664\" class=\"wp-caption-text\">Sydney Sweeney<\/figcaption><\/figure>\n<figure id=\"attachment_111661\" aria-describedby=\"caption-attachment-111661\" style=\"width: 346px\" class=\"wp-caption alignnone\"><img loading=\"lazy\" decoding=\"async\" class=\"wp-image-111661 size-medium\" src=\"https:\/\/graziamagazine.com\/mx\/wp-content\/uploads\/sites\/13\/2022\/05\/Captura-de-Pantalla-2022-05-13-a-las-14.46.09.png?w=346\" alt=\"\" width=\"346\" height=\"450\" \/><figcaption id=\"caption-attachment-111661\" class=\"wp-caption-text\">Miley Cyrus<\/figcaption><\/figure>\n<p class=\"p2\"><strong><span class=\"s1\">Por aqu\u00ed te dejamos algunas de las <i>tote bags<\/i> que son nuestras favoritas\u2026<\/span><\/strong><\/p>\n<figure id=\"attachment_111658\" aria-describedby=\"caption-attachment-111658\" style=\"width: 450px\" class=\"wp-caption alignnone\"><img loading=\"lazy\" decoding=\"async\" class=\"wp-image-111658 size-medium\" src=\"https:\/\/graziamagazine.com\/mx\/wp-content\/uploads\/sites\/13\/2022\/05\/Captura-de-Pantalla-2022-05-13-a-las-14.49.51.png?w=450\" alt=\"\" width=\"450\" height=\"450\" \/><figcaption id=\"caption-attachment-111658\" class=\"wp-caption-text\">Karl Lagerfeld<\/figcaption><\/figure>\n<figure id=\"attachment_111657\" aria-describedby=\"caption-attachment-111657\" style=\"width: 396px\" class=\"wp-caption alignnone\"><img loading=\"lazy\" decoding=\"async\" class=\"wp-image-111657 size-medium\" src=\"https:\/\/graziamagazine.com\/mx\/wp-content\/uploads\/sites\/13\/2022\/05\/Captura-de-Pantalla-2022-05-13-a-las-14.50.25.png?w=396\" alt=\"\" width=\"396\" height=\"450\" \/><figcaption id=\"caption-attachment-111657\" class=\"wp-caption-text\">Marc Jacobs<\/figcaption><\/figure>\n<figure id=\"attachment_111656\" aria-describedby=\"caption-attachment-111656\" style=\"width: 412px\" class=\"wp-caption alignnone\"><img loading=\"lazy\" decoding=\"async\" class=\"wp-image-111656 size-medium\" src=\"https:\/\/graziamagazine.com\/mx\/wp-content\/uploads\/sites\/13\/2022\/05\/Captura-de-Pantalla-2022-05-13-a-las-14.51.01.png?w=412\" alt=\"\" width=\"412\" height=\"450\" \/><figcaption id=\"caption-attachment-111656\" class=\"wp-caption-text\">Saint Laurent<\/figcaption><\/figure>\n<figure id=\"attachment_111655\" aria-describedby=\"caption-attachment-111655\" style=\"width: 450px\" class=\"wp-caption alignnone\"><img loading=\"lazy\" decoding=\"async\" class=\"wp-image-111655 size-medium\" src=\"https:\/\/graziamagazine.com\/mx\/wp-content\/uploads\/sites\/13\/2022\/05\/Captura-de-Pantalla-2022-05-13-a-las-14.51.16.png?w=450\" alt=\"\" width=\"450\" height=\"424\" \/><figcaption id=\"caption-attachment-111655\" class=\"wp-caption-text\">Burberry<\/figcaption><\/figure>\n<figure id=\"attachment_111654\" aria-describedby=\"caption-attachment-111654\" style=\"width: 450px\" class=\"wp-caption alignnone\"><img loading=\"lazy\" decoding=\"async\" class=\"wp-image-111654 size-medium\" src=\"https:\/\/graziamagazine.com\/mx\/wp-content\/uploads\/sites\/13\/2022\/05\/Captura-de-Pantalla-2022-05-13-a-las-14.51.41.png?w=450\" alt=\"\" width=\"450\" height=\"430\" \/><figcaption id=\"caption-attachment-111654\" class=\"wp-caption-text\">Longchamp<\/figcaption><\/figure>\n<figure id=\"attachment_111653\" aria-describedby=\"caption-attachment-111653\" style=\"width: 450px\" class=\"wp-caption alignnone\"><img loading=\"lazy\" decoding=\"async\" class=\"wp-image-111653 size-medium\" src=\"https:\/\/graziamagazine.com\/mx\/wp-content\/uploads\/sites\/13\/2022\/05\/Captura-de-Pantalla-2022-05-13-a-las-14.52.13.png?w=450\" alt=\"\" width=\"450\" height=\"447\" \/><figcaption id=\"caption-attachment-111653\" class=\"wp-caption-text\">Prada<\/figcaption><\/figure>\n<figure id=\"attachment_111652\" aria-describedby=\"caption-attachment-111652\" style=\"width: 384px\" class=\"wp-caption alignnone\"><img loading=\"lazy\" decoding=\"async\" class=\"wp-image-111652 size-medium\" src=\"https:\/\/graziamagazine.com\/mx\/wp-content\/uploads\/sites\/13\/2022\/05\/Captura-de-Pantalla-2022-05-13-a-las-14.53.35.png?w=384\" alt=\"\" width=\"384\" height=\"450\" \/><figcaption id=\"caption-attachment-111652\" class=\"wp-caption-text\">YSL<\/figcaption><\/figure>\n<p>Im\u00e1genes cortes\u00eda de POPSUGAR, hypebae, L.L Bean, IKEA, farfetch, YSL.<\/p>\n","protected":false},"author":33864,"featured_media":111650,"template":"","format":"standard","categories":[114,12178,4],"acf":[],"yoast_head":"<!-- This site is optimized with the Yoast SEO Premium plugin v18.5 (Yoast SEO v20.4) - https:\/\/yoast.com\/wordpress\/plugins\/seo\/ -->\n<title>Todo indica que las tote bags, ser\u00e1n un must este verano | Grazia M\u00e9xico y Latinoam\u00e9rica<\/title>\n<meta name=\"description\" content=\"La definici\u00f3n de tote bag es; Una bolsa grande utilizada para llevar una serie de art\u00edculos. Conocemos este estilo de bolsa desde hace mucho pero ahora la tendencia est\u00e1 mas fuerte que nunca y varias celebridades y casas de moda lo confirman.\" \/>\n<meta name=\"robots\" content=\"index, follow, max-snippet:-1, max-image-preview:large, max-video-preview:-1\" \/>\n<link rel=\"canonical\" href=\"https:\/\/graziamagazine.com\/mx\/articles\/todo-senala-que-los-bolsos-tote-seran-un-must-este-verano\/\" \/>\n<meta property=\"og:locale\" content=\"es_MX\" \/>\n<meta property=\"og:type\" content=\"article\" \/>\n<meta property=\"og:title\" content=\"Todo indica que las tote bags, ser\u00e1n un must este verano\" \/>\n<meta property=\"og:description\" content=\"La definici\u00f3n de tote bag es; Una bolsa grande utilizada para llevar una serie de art\u00edculos. Conocemos este estilo de bolsa desde hace mucho pero ahora la tendencia est\u00e1 mas fuerte que nunca y varias celebridades y casas de moda lo confirman.\" \/>\n<meta property=\"og:url\" content=\"https:\/\/graziamagazine.com\/mx\/articles\/todo-senala-que-los-bolsos-tote-seran-un-must-este-verano\/\" \/>\n<meta property=\"og:site_name\" content=\"Grazia M\u00e9xico y Latinoam\u00e9rica\" \/>\n<meta property=\"article:modified_time\" content=\"2022-05-14T11:30:18+00:00\" \/>\n<meta property=\"og:image\" content=\"https:\/\/graziamagazine.com\/mx\/wp-content\/uploads\/sites\/13\/2022\/05\/Captura-de-Pantalla-2022-05-13-a-las-14.56.08.png?fit=1914%2C818\" \/>\n\t<meta property=\"og:image:width\" content=\"1914\" \/>\n\t<meta property=\"og:image:height\" content=\"818\" \/>\n\t<meta property=\"og:image:type\" content=\"image\/png\" \/>\n<meta name=\"twitter:card\" content=\"summary_large_image\" \/>\n<meta name=\"twitter:label1\" content=\"Est. reading time\" \/>\n\t<meta name=\"twitter:data1\" content=\"4 minutos\" \/>\n<script type=\"application\/ld+json\" class=\"yoast-schema-graph\">{\"@context\":\"https:\/\/schema.org\",\"@graph\":[{\"@type\":\"WebPage\",\"@id\":\"https:\/\/graziamagazine.com\/mx\/articles\/todo-senala-que-los-bolsos-tote-seran-un-must-este-verano\/\",\"url\":\"https:\/\/graziamagazine.com\/mx\/articles\/todo-senala-que-los-bolsos-tote-seran-un-must-este-verano\/\",\"name\":\"Todo indica que las tote bags, ser\u00e1n un must este verano | Grazia M\u00e9xico y Latinoam\u00e9rica\",\"isPartOf\":{\"@id\":\"https:\/\/graziamagazine.com\/mx\/#website\"},\"datePublished\":\"2022-05-13T19:29:41+00:00\",\"dateModified\":\"2022-05-14T11:30:18+00:00\",\"description\":\"La definici\u00f3n de tote bag es; Una bolsa grande utilizada para llevar una serie de art\u00edculos. Conocemos este estilo de bolsa desde hace mucho pero ahora la tendencia est\u00e1 mas fuerte que nunca y varias celebridades y casas de moda lo confirman.\",\"breadcrumb\":{\"@id\":\"https:\/\/graziamagazine.com\/mx\/articles\/todo-senala-que-los-bolsos-tote-seran-un-must-este-verano\/#breadcrumb\"},\"inLanguage\":\"es-MX\",\"potentialAction\":[{\"@type\":\"ReadAction\",\"target\":[\"https:\/\/graziamagazine.com\/mx\/articles\/todo-senala-que-los-bolsos-tote-seran-un-must-este-verano\/\"]}]},{\"@type\":\"BreadcrumbList\",\"@id\":\"https:\/\/graziamagazine.com\/mx\/articles\/todo-senala-que-los-bolsos-tote-seran-un-must-este-verano\/#breadcrumb\",\"itemListElement\":[{\"@type\":\"ListItem\",\"position\":1,\"name\":\"Home\",\"item\":\"https:\/\/graziamagazine.com\/mx\/\"},{\"@type\":\"ListItem\",\"position\":2,\"name\":\"Todo indica que las tote bags, ser\u00e1n un must este verano\"}]},{\"@type\":\"WebSite\",\"@id\":\"https:\/\/graziamagazine.com\/mx\/#website\",\"url\":\"https:\/\/graziamagazine.com\/mx\/\",\"name\":\"Grazia M\u00e9xico y Latinoam\u00e9rica\",\"description\":\"Grazia es moda, belleza y noticias  de actualidad \",\"potentialAction\":[{\"@type\":\"SearchAction\",\"target\":{\"@type\":\"EntryPoint\",\"urlTemplate\":\"https:\/\/graziamagazine.com\/mx\/?s={search_term_string}\"},\"query-input\":\"required name=search_term_string\"}],\"inLanguage\":\"es-MX\"}]}<\/script>\n<!-- \/ Yoast SEO Premium plugin. -->","yoast_head_json":{"title":"Todo indica que las tote bags, ser\u00e1n un must este verano | Grazia M\u00e9xico y Latinoam\u00e9rica","description":"La definici\u00f3n de tote bag es; Una bolsa grande utilizada para llevar una serie de art\u00edculos. Conocemos este estilo de bolsa desde hace mucho pero ahora la tendencia est\u00e1 mas fuerte que nunca y varias celebridades y casas de moda lo confirman.","robots":{"index":"index","follow":"follow","max-snippet":"max-snippet:-1","max-image-preview":"max-image-preview:large","max-video-preview":"max-video-preview:-1"},"canonical":"https:\/\/graziamagazine.com\/mx\/articles\/todo-senala-que-los-bolsos-tote-seran-un-must-este-verano\/","og_locale":"es_MX","og_type":"article","og_title":"Todo indica que las tote bags, ser\u00e1n un must este verano","og_description":"La definici\u00f3n de tote bag es; Una bolsa grande utilizada para llevar una serie de art\u00edculos. Conocemos este estilo de bolsa desde hace mucho pero ahora la tendencia est\u00e1 mas fuerte que nunca y varias celebridades y casas de moda lo confirman.","og_url":"https:\/\/graziamagazine.com\/mx\/articles\/todo-senala-que-los-bolsos-tote-seran-un-must-este-verano\/","og_site_name":"Grazia M\u00e9xico y Latinoam\u00e9rica","article_modified_time":"2022-05-14T11:30:18+00:00","og_image":[{"width":1914,"height":818,"url":"https:\/\/graziamagazine.com\/mx\/wp-content\/uploads\/sites\/13\/2022\/05\/Captura-de-Pantalla-2022-05-13-a-las-14.56.08.png?fit=1914%2C818","type":"image\/png"}],"twitter_card":"summary_large_image","twitter_misc":{"Est. reading time":"4 minutos"},"schema":{"@context":"https:\/\/schema.org","@graph":[{"@type":"WebPage","@id":"https:\/\/graziamagazine.com\/mx\/articles\/todo-senala-que-los-bolsos-tote-seran-un-must-este-verano\/","url":"https:\/\/graziamagazine.com\/mx\/articles\/todo-senala-que-los-bolsos-tote-seran-un-must-este-verano\/","name":"Todo indica que las tote bags, ser\u00e1n un must este verano | Grazia M\u00e9xico y Latinoam\u00e9rica","isPartOf":{"@id":"https:\/\/graziamagazine.com\/mx\/#website"},"datePublished":"2022-05-13T19:29:41+00:00","dateModified":"2022-05-14T11:30:18+00:00","description":"La definici\u00f3n de tote bag es; Una bolsa grande utilizada para llevar una serie de art\u00edculos. Conocemos este estilo de bolsa desde hace mucho pero ahora la tendencia est\u00e1 mas fuerte que nunca y varias celebridades y casas de moda lo confirman.","breadcrumb":{"@id":"https:\/\/graziamagazine.com\/mx\/articles\/todo-senala-que-los-bolsos-tote-seran-un-must-este-verano\/#breadcrumb"},"inLanguage":"es-MX","potentialAction":[{"@type":"ReadAction","target":["https:\/\/graziamagazine.com\/mx\/articles\/todo-senala-que-los-bolsos-tote-seran-un-must-este-verano\/"]}]},{"@type":"BreadcrumbList","@id":"https:\/\/graziamagazine.com\/mx\/articles\/todo-senala-que-los-bolsos-tote-seran-un-must-este-verano\/#breadcrumb","itemListElement":[{"@type":"ListItem","position":1,"name":"Home","item":"https:\/\/graziamagazine.com\/mx\/"},{"@type":"ListItem","position":2,"name":"Todo indica que las tote bags, ser\u00e1n un must este verano"}]},{"@type":"WebSite","@id":"https:\/\/graziamagazine.com\/mx\/#website","url":"https:\/\/graziamagazine.com\/mx\/","name":"Grazia M\u00e9xico y Latinoam\u00e9rica","description":"Grazia es moda, belleza y noticias  de actualidad ","potentialAction":[{"@type":"SearchAction","target":{"@type":"EntryPoint","urlTemplate":"https:\/\/graziamagazine.com\/mx\/?s={search_term_string}"},"query-input":"required name=search_term_string"}],"inLanguage":"es-MX"}]}},"jetpack_sharing_enabled":true,"distributor_meta":false,"distributor_terms":false,"distributor_media":false,"distributor_original_site_name":"Grazia M\u00e9xico y Latinoam\u00e9rica","distributor_original_site_url":"https:\/\/graziamagazine.com\/mx","push-errors":false,"_links":{"self":[{"href":"https:\/\/graziamagazine.com\/mx\/wp-json\/wp\/v2\/articles\/111629"}],"collection":[{"href":"https:\/\/graziamagazine.com\/mx\/wp-json\/wp\/v2\/articles"}],"about":[{"href":"https:\/\/graziamagazine.com\/mx\/wp-json\/wp\/v2\/types\/articles"}],"author":[{"embeddable":true,"href":"https:\/\/graziamagazine.com\/mx\/wp-json\/wp\/v2\/users\/33864"}],"wp:featuredmedia":[{"embeddable":true,"href":"https:\/\/graziamagazine.com\/mx\/wp-json\/wp\/v2\/media\/111650"}],"wp:attachment":[{"href":"https:\/\/graziamagazine.com\/mx\/wp-json\/wp\/v2\/media?parent=111629"}],"wp:term":[{"taxonomy":"category","embeddable":true,"href":"https:\/\/graziamagazine.com\/mx\/wp-json\/wp\/v2\/categories?post=111629"}],"curies":[{"name":"wp","href":"https:\/\/api.w.org\/{rel}","templated":true}]}}