{"id":111471,"date":"2022-05-11T14:08:39","date_gmt":"2022-05-11T19:08:39","guid":{"rendered":"https:\/\/graziamagazine.com\/mx\/?post_type=articles&#038;p=111471"},"modified":"2022-05-12T07:33:11","modified_gmt":"2022-05-12T12:33:11","slug":"viernes-13-origen-historia-y-por-que-es-de-mala-suerte","status":"publish","type":"articles","link":"https:\/\/graziamagazine.com\/mx\/articles\/viernes-13-origen-historia-y-por-que-es-de-mala-suerte\/","title":{"rendered":"Viernes 13: origen, historia y por qu\u00e9 es &#8220;de mala suerte&#8221;"},"content":{"rendered":"<p>Considerado durante mucho tiempo como un presagio de mala suerte, el viernes 13 ha inspirado una sociedad secreta de finales del siglo XIX, una novela de principios del siglo XX, una franquicia de pel\u00edculas de terror y no uno sino dos t\u00e9rminos dif\u00edciles de manejar, paraskavedekatriaphobia y friggatriskaidekaphobia, que describen el miedo a este supuesto d\u00eda\u00a0de mala suerte.<\/p>\n<h2 id=\"section_1\">El miedo a los 13<\/h2>\n<p>Al igual que pasar por debajo de una escalera, cruzarse con un gato negro o romper un espejo, muchas personas se aferran a la creencia de que el viernes 13 trae mala suerte.\u00a0Aunque no se sabe exactamente cu\u00e1ndo comenz\u00f3 esta tradici\u00f3n en particular, las supersticiones negativas se han arremolinado en torno al n\u00famero 13 durante siglos.<\/p>\n<p>Si bien las culturas occidentales han asociado hist\u00f3ricamente el n\u00famero 12 con la integridad (hay 12 d\u00edas de\u00a0Navidad\u00a0, 12 meses y signos del zod\u00edaco, 12 trabajos de\u00a0H\u00e9rcules\u00a0, 12 dioses del Olimpo y 12 tribus de\u00a0Israel\u00a0, solo por nombrar algunos ejemplos), su sucesor\u00a0El 13 tiene una larga historia como se\u00f1al de mala suerte\u00a0.<\/p>\n<p>El antiguo\u00a0C\u00f3digo de Hammurabi\u00a0, por ejemplo, supuestamente omiti\u00f3 una decimotercera ley de su lista de normas legales.\u00a0Aunque esto probablemente fue un error administrativo, las personas supersticiosas a veces se\u00f1alan esto como prueba de las antiguas asociaciones negativas de 13.<\/p>\n<p><img loading=\"lazy\" decoding=\"async\" class=\"alignnone size-medium wp-image-111472\" src=\"https:\/\/graziamagazine.com\/mx\/wp-content\/uploads\/sites\/13\/2022\/05\/1.jpg?w=450\" alt=\"\" width=\"450\" height=\"270\" \/><\/p>\n<aside class=\"m-in-content-ad-row l-inline mm-in-content-ad-row--in-content not-size-a not-size-b not-size-d\" data-ad-group=\"in_content-0\">\n<div class=\"m-in-content-ad not-size-a not-size-b not-size-d\" data-ad-group=\"in_content-0\" data-zone-count=\"2\">\n<div class=\"not-size-a not-size-b not-size-d m-in-content-ad is-loaded\">\n<div id=\"ad-8545bc28a4224ebd96ee4a6459f0d6c5\" data-google-query-id=\"CPK__-qR2PcCFQXgKAUd5FIAOg\" data-ad-size=\"adhesion\">\n<h2 id=\"section_2\">\u00bfPor qu\u00e9 el viernes 13 da mala suerte?<\/h2>\n<p>Seg\u00fan la tradici\u00f3n b\u00edblica, a la \u00daltima Cena, celebrada el Jueves Santo, asistieron 13 invitados, entre ellos Jes\u00fas y sus 12 ap\u00f3stoles (uno de los cuales, Judas, lo traicion\u00f3).\u00a0El d\u00eda siguiente, por supuesto, era Viernes Santo, el d\u00eda de la crucifixi\u00f3n de Jes\u00fas.<\/p>\n<p>Se cree que la disposici\u00f3n de los asientos en la \u00daltima Cena dio lugar a una antigua superstici\u00f3n\u00a0cristiana\u00a0de que tener 13 invitados en una mesa era un mal presagio, espec\u00edficamente, que estaba cortejando a la muerte.<\/p>\n<p>Aunque las asociaciones negativas del viernes son m\u00e1s d\u00e9biles, algunos han sugerido que tambi\u00e9n tienen ra\u00edces en la tradici\u00f3n cristiana: as\u00ed como Jes\u00fas fue crucificado un viernes, tambi\u00e9n se dec\u00eda que el viernes era el d\u00eda en que Eva le dio a Ad\u00e1n la fat\u00eddica manzana del \u00c1rbol del Conocimiento, as\u00ed como el d\u00eda que Ca\u00edn mat\u00f3 a su hermano Abel.<\/p>\n<p><img loading=\"lazy\" decoding=\"async\" class=\"alignnone size-medium wp-image-111475\" src=\"https:\/\/graziamagazine.com\/mx\/wp-content\/uploads\/sites\/13\/2022\/05\/por-que-se-dice-que-romper-un-espejo-es-de-mala-suerte.jpg?w=450\" alt=\"\" width=\"450\" height=\"300\" \/><img loading=\"lazy\" decoding=\"async\" class=\"alignnone size-medium wp-image-111474\" src=\"https:\/\/graziamagazine.com\/mx\/wp-content\/uploads\/sites\/13\/2022\/05\/acabar-con-mala-suerte-56a6b1753df78cf7728fc4f5.jpg?w=450\" alt=\"\" width=\"450\" height=\"338\" \/><\/p>\n<h2>Entre causalidad y casualidad<\/h2>\n<p>Seg\u00fan algunas encuestas, el 25% de la poblaci\u00f3n occidental se considera s\u00ed misma supersticiosa.\u00a0Pero posiblemente se queden cortos.\u00a0Porque, \u00bfCu\u00e1ntos\u00a0de nosotros cruzamos los dedos o tocamos madera de forma casi instintiva cuando deseamos tener buena suerte?\u00a0Somos muchos los que evitamos cruzar por debajo de una escalera, cortar el camino seguido por un gato negro o tomar decisiones importantes en viernes o en martes.\u00a0Y nos llevamos las manos a la cabeza si se nos rompe un espejo.<\/p>\n<p>Desde la psicolog\u00eda se ha comprobado que participar en comportamientos supersticiosos proporciona una sensaci\u00f3n de control, promueve una actitud mental positiva y reduce la ansiedad. Eso explica por qu\u00e9 los niveles de superstici\u00f3n aumentan en momentos hist\u00f3ricos o sociales de estr\u00e9s y angustia, como podr\u00eda ser el caso de las crisis econ\u00f3micas o pol\u00edticas.\u00a0Pero tambi\u00e9n en tiempos de guerras y conflictos.<\/p>\n<p>A nivel cerebral, sabemos que la adquisici\u00f3n de creencias supersticiosas se relaciona con la cantidad de dopamina y la eficiencia de su funci\u00f3n.\u00a0Este neurotransmisor se encarga de reforzarnos positivamente ante cualquier esfuerzo que debamos hacer.<\/p>\n<p><img loading=\"lazy\" decoding=\"async\" class=\"alignnone size-medium wp-image-111476\" src=\"https:\/\/graziamagazine.com\/mx\/wp-content\/uploads\/sites\/13\/2022\/05\/mala-suerte-o-buena-suerte-quien-sabe-0_ai1.jpg?w=450\" alt=\"\" width=\"450\" height=\"300\" \/><\/p>\n<\/div>\n<\/div>\n<\/div>\n<\/aside>\n","protected":false},"author":33675,"featured_media":111473,"template":"","format":"standard","categories":[],"acf":[],"yoast_head":"<!-- This site is optimized with the Yoast SEO Premium plugin v18.5 (Yoast SEO v20.4) - https:\/\/yoast.com\/wordpress\/plugins\/seo\/ -->\n<title>Viernes 13: origen, historia y por qu\u00e9 es &quot;de mala suerte&quot; | Grazia M\u00e9xico y Latinoam\u00e9rica<\/title>\n<meta name=\"description\" content=\"Considerado durante mucho tiempo como un presagio de mala suerte, el viernes 13 ha inspirado una sociedad secreta de finales del siglo XIX, una novela de\" \/>\n<meta name=\"robots\" content=\"index, follow, max-snippet:-1, max-image-preview:large, max-video-preview:-1\" \/>\n<link rel=\"canonical\" href=\"https:\/\/graziamagazine.com\/mx\/articles\/viernes-13-origen-historia-y-por-que-es-de-mala-suerte\/\" \/>\n<meta property=\"og:locale\" content=\"es_MX\" \/>\n<meta property=\"og:type\" content=\"article\" \/>\n<meta property=\"og:title\" content=\"Viernes 13: origen, historia y por qu\u00e9 es &quot;de mala suerte&quot;\" \/>\n<meta property=\"og:description\" content=\"Considerado durante mucho tiempo como un presagio de mala suerte, el viernes 13 ha inspirado una sociedad secreta de finales del siglo XIX, una novela de\" \/>\n<meta property=\"og:url\" content=\"https:\/\/graziamagazine.com\/mx\/articles\/viernes-13-origen-historia-y-por-que-es-de-mala-suerte\/\" \/>\n<meta property=\"og:site_name\" content=\"Grazia M\u00e9xico y Latinoam\u00e9rica\" \/>\n<meta property=\"article:modified_time\" content=\"2022-05-12T12:33:11+00:00\" \/>\n<meta property=\"og:image\" content=\"https:\/\/graziamagazine.com\/mx\/wp-content\/uploads\/sites\/13\/2022\/05\/viernes-13.png?fit=800%2C410\" \/>\n\t<meta property=\"og:image:width\" content=\"800\" \/>\n\t<meta property=\"og:image:height\" content=\"410\" \/>\n\t<meta property=\"og:image:type\" content=\"image\/png\" \/>\n<meta name=\"twitter:card\" content=\"summary_large_image\" \/>\n<meta name=\"twitter:label1\" content=\"Est. reading time\" \/>\n\t<meta name=\"twitter:data1\" content=\"3 minutos\" \/>\n<script type=\"application\/ld+json\" class=\"yoast-schema-graph\">{\"@context\":\"https:\/\/schema.org\",\"@graph\":[{\"@type\":\"WebPage\",\"@id\":\"https:\/\/graziamagazine.com\/mx\/articles\/viernes-13-origen-historia-y-por-que-es-de-mala-suerte\/\",\"url\":\"https:\/\/graziamagazine.com\/mx\/articles\/viernes-13-origen-historia-y-por-que-es-de-mala-suerte\/\",\"name\":\"Viernes 13: origen, historia y por qu\u00e9 es \\\"de mala suerte\\\" | Grazia M\u00e9xico y Latinoam\u00e9rica\",\"isPartOf\":{\"@id\":\"https:\/\/graziamagazine.com\/mx\/#website\"},\"datePublished\":\"2022-05-11T19:08:39+00:00\",\"dateModified\":\"2022-05-12T12:33:11+00:00\",\"description\":\"Considerado durante mucho tiempo como un presagio de mala suerte, el viernes 13 ha inspirado una sociedad secreta de finales del siglo XIX, una novela de\",\"breadcrumb\":{\"@id\":\"https:\/\/graziamagazine.com\/mx\/articles\/viernes-13-origen-historia-y-por-que-es-de-mala-suerte\/#breadcrumb\"},\"inLanguage\":\"es-MX\",\"potentialAction\":[{\"@type\":\"ReadAction\",\"target\":[\"https:\/\/graziamagazine.com\/mx\/articles\/viernes-13-origen-historia-y-por-que-es-de-mala-suerte\/\"]}]},{\"@type\":\"BreadcrumbList\",\"@id\":\"https:\/\/graziamagazine.com\/mx\/articles\/viernes-13-origen-historia-y-por-que-es-de-mala-suerte\/#breadcrumb\",\"itemListElement\":[{\"@type\":\"ListItem\",\"position\":1,\"name\":\"Home\",\"item\":\"https:\/\/graziamagazine.com\/mx\/\"},{\"@type\":\"ListItem\",\"position\":2,\"name\":\"Viernes 13: origen, historia y por qu\u00e9 es &#8220;de mala suerte&#8221;\"}]},{\"@type\":\"WebSite\",\"@id\":\"https:\/\/graziamagazine.com\/mx\/#website\",\"url\":\"https:\/\/graziamagazine.com\/mx\/\",\"name\":\"Grazia M\u00e9xico y Latinoam\u00e9rica\",\"description\":\"Grazia es moda, belleza y noticias  de actualidad \",\"potentialAction\":[{\"@type\":\"SearchAction\",\"target\":{\"@type\":\"EntryPoint\",\"urlTemplate\":\"https:\/\/graziamagazine.com\/mx\/?s={search_term_string}\"},\"query-input\":\"required name=search_term_string\"}],\"inLanguage\":\"es-MX\"}]}<\/script>\n<!-- \/ Yoast SEO Premium plugin. -->","yoast_head_json":{"title":"Viernes 13: origen, historia y por qu\u00e9 es \"de mala suerte\" | Grazia M\u00e9xico y Latinoam\u00e9rica","description":"Considerado durante mucho tiempo como un presagio de mala suerte, el viernes 13 ha inspirado una sociedad secreta de finales del siglo XIX, una novela de","robots":{"index":"index","follow":"follow","max-snippet":"max-snippet:-1","max-image-preview":"max-image-preview:large","max-video-preview":"max-video-preview:-1"},"canonical":"https:\/\/graziamagazine.com\/mx\/articles\/viernes-13-origen-historia-y-por-que-es-de-mala-suerte\/","og_locale":"es_MX","og_type":"article","og_title":"Viernes 13: origen, historia y por qu\u00e9 es \"de mala suerte\"","og_description":"Considerado durante mucho tiempo como un presagio de mala suerte, el viernes 13 ha inspirado una sociedad secreta de finales del siglo XIX, una novela de","og_url":"https:\/\/graziamagazine.com\/mx\/articles\/viernes-13-origen-historia-y-por-que-es-de-mala-suerte\/","og_site_name":"Grazia M\u00e9xico y Latinoam\u00e9rica","article_modified_time":"2022-05-12T12:33:11+00:00","og_image":[{"width":800,"height":410,"url":"https:\/\/graziamagazine.com\/mx\/wp-content\/uploads\/sites\/13\/2022\/05\/viernes-13.png?fit=800%2C410","type":"image\/png"}],"twitter_card":"summary_large_image","twitter_misc":{"Est. reading time":"3 minutos"},"schema":{"@context":"https:\/\/schema.org","@graph":[{"@type":"WebPage","@id":"https:\/\/graziamagazine.com\/mx\/articles\/viernes-13-origen-historia-y-por-que-es-de-mala-suerte\/","url":"https:\/\/graziamagazine.com\/mx\/articles\/viernes-13-origen-historia-y-por-que-es-de-mala-suerte\/","name":"Viernes 13: origen, historia y por qu\u00e9 es \"de mala suerte\" | Grazia M\u00e9xico y Latinoam\u00e9rica","isPartOf":{"@id":"https:\/\/graziamagazine.com\/mx\/#website"},"datePublished":"2022-05-11T19:08:39+00:00","dateModified":"2022-05-12T12:33:11+00:00","description":"Considerado durante mucho tiempo como un presagio de mala suerte, el viernes 13 ha inspirado una sociedad secreta de finales del siglo XIX, una novela de","breadcrumb":{"@id":"https:\/\/graziamagazine.com\/mx\/articles\/viernes-13-origen-historia-y-por-que-es-de-mala-suerte\/#breadcrumb"},"inLanguage":"es-MX","potentialAction":[{"@type":"ReadAction","target":["https:\/\/graziamagazine.com\/mx\/articles\/viernes-13-origen-historia-y-por-que-es-de-mala-suerte\/"]}]},{"@type":"BreadcrumbList","@id":"https:\/\/graziamagazine.com\/mx\/articles\/viernes-13-origen-historia-y-por-que-es-de-mala-suerte\/#breadcrumb","itemListElement":[{"@type":"ListItem","position":1,"name":"Home","item":"https:\/\/graziamagazine.com\/mx\/"},{"@type":"ListItem","position":2,"name":"Viernes 13: origen, historia y por qu\u00e9 es &#8220;de mala suerte&#8221;"}]},{"@type":"WebSite","@id":"https:\/\/graziamagazine.com\/mx\/#website","url":"https:\/\/graziamagazine.com\/mx\/","name":"Grazia M\u00e9xico y Latinoam\u00e9rica","description":"Grazia es moda, belleza y noticias  de actualidad ","potentialAction":[{"@type":"SearchAction","target":{"@type":"EntryPoint","urlTemplate":"https:\/\/graziamagazine.com\/mx\/?s={search_term_string}"},"query-input":"required name=search_term_string"}],"inLanguage":"es-MX"}]}},"jetpack_sharing_enabled":true,"distributor_meta":false,"distributor_terms":false,"distributor_media":false,"distributor_original_site_name":"Grazia M\u00e9xico y Latinoam\u00e9rica","distributor_original_site_url":"https:\/\/graziamagazine.com\/mx","push-errors":false,"_links":{"self":[{"href":"https:\/\/graziamagazine.com\/mx\/wp-json\/wp\/v2\/articles\/111471"}],"collection":[{"href":"https:\/\/graziamagazine.com\/mx\/wp-json\/wp\/v2\/articles"}],"about":[{"href":"https:\/\/graziamagazine.com\/mx\/wp-json\/wp\/v2\/types\/articles"}],"author":[{"embeddable":true,"href":"https:\/\/graziamagazine.com\/mx\/wp-json\/wp\/v2\/users\/33675"}],"wp:featuredmedia":[{"embeddable":true,"href":"https:\/\/graziamagazine.com\/mx\/wp-json\/wp\/v2\/media\/111473"}],"wp:attachment":[{"href":"https:\/\/graziamagazine.com\/mx\/wp-json\/wp\/v2\/media?parent=111471"}],"wp:term":[{"taxonomy":"category","embeddable":true,"href":"https:\/\/graziamagazine.com\/mx\/wp-json\/wp\/v2\/categories?post=111471"}],"curies":[{"name":"wp","href":"https:\/\/api.w.org\/{rel}","templated":true}]}}