{"id":111219,"date":"2022-05-06T09:00:12","date_gmt":"2022-05-06T14:00:12","guid":{"rendered":"https:\/\/graziamagazine.com\/mx\/?post_type=articles&#038;p=111219"},"modified":"2022-05-06T10:55:03","modified_gmt":"2022-05-06T15:55:03","slug":"tiffany-co-celebra-su-coleccion-botanica-blue-book-2022","status":"publish","type":"articles","link":"https:\/\/graziamagazine.com\/mx\/articles\/tiffany-co-celebra-su-coleccion-botanica-blue-book-2022\/","title":{"rendered":"Tiffany &amp; Co. celebra su colecci\u00f3n Bot\u00e1nica: Blue Book 2022"},"content":{"rendered":"<p><span style=\"font-weight: 400\">Tiffany &amp; Co. est\u00e1 de fiesta, pues la semana pasada la prestigiosa marca de joyer\u00eda present\u00f3 su colecci\u00f3n en torno a la presentaci\u00f3n de su l\u00ednea anual de Alta Joyer\u00eda <\/span><b>Bot\u00e1nica: Blue Book<\/b> <b>2022<\/b><span style=\"font-weight: 400\"> con destino en la ciudad de Miami.<\/span><\/p>\n<p><span style=\"font-weight: 400\">Entre las p\u00e1ginas de Blue Book se encontraron las magn\u00edficas creaciones que fusionan la tecnolog\u00eda, innovaci\u00f3n y artesan\u00eda hist\u00f3rica que tanto caracteriza a Tiffany &amp; Co. Como resultado de todo el impecable trabajo se pueden apreciar todas las maravillosas y hermosas gemas llenas de dise\u00f1o, brillo y elegancia.<\/span><\/p>\n<div class=\"content-gallery\"><div class=\"gallery-placeholder\"><div class=\"spinner\"><\/div><\/div><span class=\"gallery-pagination\"><\/span><div id=\"gallery-1\" class=\"gallery galleryid-111219 gallery-columns- gallery-size-\"><figure class=\"gallery-item\"><div class=\"gallery-icon landscape\"><img loading=\"lazy\" decoding=\"async\" width=\"880\" height=\"416\" src=\"https:\/\/graziamagazine.com\/mx\/wp-content\/uploads\/sites\/13\/2022\/05\/unnamed-13.png\" class=\"lazy\" alt=\"\" \/><\/div><figcaption class=\"wp-caption-text gallery-caption\" id=\"gallery-1-111239\">PHARRELL WILLIAMS, Tiffany &amp; Co. celebra su colecci\u00f3n Bot\u00e1nica: Blue Book 2022<\/figcaption><\/figure><figure class=\"gallery-item\"><div class=\"gallery-icon landscape\"><img loading=\"lazy\" decoding=\"async\" width=\"490\" height=\"276\" src=\"https:\/\/graziamagazine.com\/mx\/wp-content\/uploads\/sites\/13\/2022\/05\/unnamed-9.png\" class=\"lazy\" alt=\"\" \/><\/div><\/figure><figure class=\"gallery-item\"><div class=\"gallery-icon landscape\"><img loading=\"lazy\" decoding=\"async\" width=\"533\" height=\"300\" src=\"https:\/\/graziamagazine.com\/mx\/wp-content\/uploads\/sites\/13\/2022\/05\/unnamed-8.png\" class=\"lazy\" alt=\"\" \/><\/div><\/figure><figure class=\"gallery-item\"><div class=\"gallery-icon landscape\"><img loading=\"lazy\" decoding=\"async\" width=\"620\" height=\"434\" src=\"https:\/\/graziamagazine.com\/mx\/wp-content\/uploads\/sites\/13\/2022\/05\/unnamed-3.png\" class=\"lazy\" alt=\"\" \/><\/div><\/figure><figure class=\"gallery-item\"><div class=\"gallery-icon landscape\"><img loading=\"lazy\" decoding=\"async\" width=\"968\" height=\"474\" src=\"https:\/\/graziamagazine.com\/mx\/wp-content\/uploads\/sites\/13\/2022\/05\/unnamed-12.png\" class=\"lazy\" alt=\"\" \/><\/div><\/figure><\/div><\/div>\n<p><span style=\"font-weight: 400\">Tiffany &amp; Co. Fue anfitri\u00f3n de una celebraci\u00f3n exclusiva en torno a la presentaci\u00f3n de su colecci\u00f3n anual de<strong> Alta Joyer\u00eda<\/strong> Blue Book 2022, Bot\u00e1nica. En honor a los motivos bot\u00e1nicos atemporales de la herencia de Tiffany, el evento reconoci\u00f3 a las creaciones transformables y a los dise\u00f1adores legendarios de la Casa.<\/span><\/p>\n<p><span style=\"font-weight: 400\">La gran historia de Blue Book tambi\u00e9n ha tenido grandes adiciones modernas, este a\u00f1o se ha visto a la bell\u00edsima <strong>Gal Gadot<\/strong>, quien protagoniza la campa\u00f1a Blue Book portando un collar de diente de le\u00f3n con un colgante platino transferible de m\u00e1s de 12 quilates.<\/span><\/p>\n<figure id=\"attachment_111233\" aria-describedby=\"caption-attachment-111233\" style=\"width: 922px\" class=\"wp-caption alignnone\"><img loading=\"lazy\" decoding=\"async\" class=\"wp-image-111233 size-large\" src=\"https:\/\/graziamagazine.com\/mx\/wp-content\/uploads\/sites\/13\/2022\/05\/gal-gadot-blue-book-tiffany-broche-bird-on-a-rock-1650639427.jpg?w=922\" alt=\"Gal Gadot, Tiffany &amp; Co. celebra su colecci\u00f3n Bot\u00e1nica: Blue Book 2022\" width=\"922\" height=\"1024\" \/><figcaption id=\"caption-attachment-111233\" class=\"wp-caption-text\">Gal Gadot, Tiffany &amp; Co. celebra su colecci\u00f3n Bot\u00e1nica: Blue Book 2022<\/figcaption><\/figure>\n<p><span style=\"font-weight: 400\">De entre los invitados estrella, personalidades como <\/span><span style=\"font-weight: 400\"><strong>Pharrell Williams<\/strong> a quien se le vio utilizando las famosas gafas con los bordes esmerilados en diamantes de 25 quilates as\u00ed como a <strong>Adria Arjona, Zoey Deutch y Meadow Walker<\/strong>.<\/span><\/p>\n<p><span style=\"font-weight: 400\">Una experiencia llena de sensaciones inexplicables llev\u00f3 a los invitados a vivir en las m\u00faltiples habitaciones que se conectaban con los motivos de la colecci\u00f3n.<\/span><\/p>\n<figure id=\"attachment_111224\" aria-describedby=\"caption-attachment-111224\" style=\"width: 683px\" class=\"wp-caption alignnone\"><img loading=\"lazy\" decoding=\"async\" class=\"wp-image-111224 size-large\" src=\"https:\/\/graziamagazine.com\/mx\/wp-content\/uploads\/sites\/13\/2022\/05\/unnamed-15.jpg?w=683\" alt=\"PHARRELL WILLIAMS, Tiffany &amp; Co. celebra su colecci\u00f3n Bot\u00e1nica: Blue Book 2022\" width=\"683\" height=\"1024\" \/><figcaption id=\"caption-attachment-111224\" class=\"wp-caption-text\">PHARRELL WILLIAMS, Tiffany &amp; Co. celebra su colecci\u00f3n Bot\u00e1nica: Blue Book 2022<\/figcaption><\/figure>\n<figure id=\"attachment_111225\" aria-describedby=\"caption-attachment-111225\" style=\"width: 683px\" class=\"wp-caption alignnone\"><img loading=\"lazy\" decoding=\"async\" class=\"wp-image-111225 size-large\" src=\"https:\/\/graziamagazine.com\/mx\/wp-content\/uploads\/sites\/13\/2022\/05\/unnamed-16.jpg?w=683\" alt=\"Tiffany &amp; Co. celebra su colecci\u00f3n Bot\u00e1nica: Blue Book 2022\" width=\"683\" height=\"1024\" \/><figcaption id=\"caption-attachment-111225\" class=\"wp-caption-text\">Tiffany &amp; Co. celebra su colecci\u00f3n Bot\u00e1nica: Blue Book 2022<\/figcaption><\/figure>\n<figure id=\"attachment_111241\" aria-describedby=\"caption-attachment-111241\" style=\"width: 683px\" class=\"wp-caption alignnone\"><img loading=\"lazy\" decoding=\"async\" class=\"wp-image-111241 size-large\" src=\"https:\/\/graziamagazine.com\/mx\/wp-content\/uploads\/sites\/13\/2022\/05\/a.jpg?w=683\" alt=\"Tiffany &amp; Co. celebra su colecci\u00f3n Bot\u00e1nica: Blue Book 2022\" width=\"683\" height=\"1024\" \/><figcaption id=\"caption-attachment-111241\" class=\"wp-caption-text\">Tiffany &amp; Co. celebra su colecci\u00f3n Bot\u00e1nica: Blue Book 2022<\/figcaption><\/figure>\n<p><span style=\"font-weight: 400\">Dentro de la exhibici\u00f3n encontraron la sala Bot\u00e1nica, donde se presentaron\u00a0 <\/span><span style=\"font-weight: 400\">dos grandes paludarios del artista floral contempor\u00e1neo Azuma Makoto con una instalaci\u00f3n digital que destacaba la colecci\u00f3n y sus temas florales, adem\u00e1s de el cuarto Jean Schlumberger donde se mostraron joyas en una instalaci\u00f3n piramidal, las cuales rindieron homenaje a las vitrinas del dise\u00f1ador de 1961.<\/span><\/p>\n<div class=\"content-gallery\"><div class=\"gallery-placeholder\"><div class=\"spinner\"><\/div><\/div><span class=\"gallery-pagination\"><\/span><div id=\"gallery-2\" class=\"gallery galleryid-111219 gallery-columns- gallery-size-\"><figure class=\"gallery-item\"><div class=\"gallery-icon landscape\"><img loading=\"lazy\" decoding=\"async\" width=\"360\" height=\"264\" src=\"https:\/\/graziamagazine.com\/mx\/wp-content\/uploads\/sites\/13\/2022\/05\/unnamed-1.jpg\" class=\"lazy\" alt=\"\" \/><\/div><\/figure><figure class=\"gallery-item\"><div class=\"gallery-icon landscape\"><img loading=\"lazy\" decoding=\"async\" width=\"709\" height=\"519\" src=\"https:\/\/graziamagazine.com\/mx\/wp-content\/uploads\/sites\/13\/2022\/05\/phwilliams.png\" class=\"lazy\" alt=\"\" \/><\/div><\/figure><\/div><\/div>\n<p><span style=\"font-weight: 400\">Por si fuera poco, las grandes salas mostraron Tiffany Archives, una selecci\u00f3n de piezas de archivo, como las hist\u00f3ricas l\u00e1mparas Tiffany &amp; Co. asimismo se encontr\u00f3 la sala Diamonds donde se ofreci\u00f3 una experiencia inmersiva con pantallas de diamantes suspendidas del techo y proyecciones que se mov\u00edan alrededor del espectador.<\/span><\/p>\n<div class=\"content-gallery\"><div class=\"gallery-placeholder\"><div class=\"spinner\"><\/div><\/div><span class=\"gallery-pagination\"><\/span><div id=\"gallery-3\" class=\"gallery galleryid-111219 gallery-columns- gallery-size-\"><figure class=\"gallery-item\"><div class=\"gallery-icon landscape\"><img loading=\"lazy\" decoding=\"async\" width=\"536\" height=\"262\" src=\"https:\/\/graziamagazine.com\/mx\/wp-content\/uploads\/sites\/13\/2022\/05\/unnamed-10.png\" class=\"lazy\" alt=\"\" \/><\/div><\/figure><figure class=\"gallery-item\"><div class=\"gallery-icon landscape\"><img loading=\"lazy\" decoding=\"async\" width=\"900\" height=\"800\" src=\"https:\/\/graziamagazine.com\/mx\/wp-content\/uploads\/sites\/13\/2022\/05\/unnamed-5.png\" class=\"lazy\" alt=\"\" \/><\/div><\/figure><figure class=\"gallery-item\"><div class=\"gallery-icon landscape\"><img loading=\"lazy\" decoding=\"async\" width=\"362\" height=\"204\" src=\"https:\/\/graziamagazine.com\/mx\/wp-content\/uploads\/sites\/13\/2022\/05\/unnamed-11.png\" class=\"lazy\" alt=\"\" \/><\/div><\/figure><figure class=\"gallery-item\"><div class=\"gallery-icon landscape\"><img loading=\"lazy\" decoding=\"async\" width=\"640\" height=\"532\" src=\"https:\/\/graziamagazine.com\/mx\/wp-content\/uploads\/sites\/13\/2022\/05\/unnamed-6.png\" class=\"lazy\" alt=\"\" \/><\/div><\/figure><figure class=\"gallery-item\"><div class=\"gallery-icon landscape\"><img loading=\"lazy\" decoding=\"async\" width=\"622\" height=\"870\" src=\"https:\/\/graziamagazine.com\/mx\/wp-content\/uploads\/sites\/13\/2022\/05\/unnamed-1.png\" class=\"lazy\" alt=\"\" \/><\/div><\/figure><figure class=\"gallery-item\"><div class=\"gallery-icon landscape\"><img loading=\"lazy\" decoding=\"async\" width=\"1214\" height=\"512\" src=\"https:\/\/graziamagazine.com\/mx\/wp-content\/uploads\/sites\/13\/2022\/05\/unnamed-4.png\" class=\"lazy\" alt=\"\" \/><\/div><\/figure><figure class=\"gallery-item\"><div class=\"gallery-icon landscape\"><img loading=\"lazy\" decoding=\"async\" width=\"440\" height=\"674\" src=\"https:\/\/graziamagazine.com\/mx\/wp-content\/uploads\/sites\/13\/2022\/05\/unnamed.png\" class=\"lazy\" alt=\"\" \/><\/div><\/figure><\/div><\/div>\n<p><strong><em>*IMAGEN: Cortes\u00eda Tiffany &amp;Co.<\/em><\/strong><\/p>\n","protected":false},"author":28953,"featured_media":111226,"template":"","format":"standard","categories":[4],"acf":[],"yoast_head":"<!-- This site is optimized with the Yoast SEO Premium plugin v18.5 (Yoast SEO v20.4) - https:\/\/yoast.com\/wordpress\/plugins\/seo\/ -->\n<title>Tiffany &amp; Co. celebra su colecci\u00f3n Bot\u00e1nica: Blue Book 2022<\/title>\n<meta name=\"description\" content=\"Pharrell Williams, Zoey Deutch y Adria Arjona fueron entre las celebridades invitadas que asistieron a la celebraci\u00f3n de Tiffany &amp; Co.2022\" \/>\n<meta name=\"robots\" content=\"index, follow, max-snippet:-1, max-image-preview:large, max-video-preview:-1\" \/>\n<link rel=\"canonical\" href=\"https:\/\/graziamagazine.com\/mx\/articles\/tiffany-co-celebra-su-coleccion-botanica-blue-book-2022\/\" \/>\n<meta property=\"og:locale\" content=\"es_MX\" \/>\n<meta property=\"og:type\" content=\"article\" \/>\n<meta property=\"og:title\" content=\"Tiffany &amp; Co. celebra su colecci\u00f3n Bot\u00e1nica: Blue Book 2022\" \/>\n<meta property=\"og:description\" content=\"Pharrell Williams, Zoey Deutch y Adria Arjona fueron entre las celebridades invitadas que asistieron a la celebraci\u00f3n de Tiffany &amp; Co.2022\" \/>\n<meta property=\"og:url\" content=\"https:\/\/graziamagazine.com\/mx\/articles\/tiffany-co-celebra-su-coleccion-botanica-blue-book-2022\/\" \/>\n<meta property=\"og:site_name\" content=\"Grazia M\u00e9xico y Latinoam\u00e9rica\" \/>\n<meta property=\"article:modified_time\" content=\"2022-05-06T15:55:03+00:00\" \/>\n<meta property=\"og:image\" content=\"https:\/\/graziamagazine.com\/mx\/wp-content\/uploads\/sites\/13\/2022\/05\/unnamed-17.jpg?fit=3000%2C1915\" \/>\n\t<meta property=\"og:image:width\" content=\"3000\" \/>\n\t<meta property=\"og:image:height\" content=\"1915\" \/>\n\t<meta property=\"og:image:type\" content=\"image\/jpeg\" \/>\n<meta name=\"twitter:card\" content=\"summary_large_image\" \/>\n<meta name=\"twitter:label1\" content=\"Est. reading time\" \/>\n\t<meta name=\"twitter:data1\" content=\"2 minutos\" \/>\n<script type=\"application\/ld+json\" class=\"yoast-schema-graph\">{\"@context\":\"https:\/\/schema.org\",\"@graph\":[{\"@type\":\"WebPage\",\"@id\":\"https:\/\/graziamagazine.com\/mx\/articles\/tiffany-co-celebra-su-coleccion-botanica-blue-book-2022\/\",\"url\":\"https:\/\/graziamagazine.com\/mx\/articles\/tiffany-co-celebra-su-coleccion-botanica-blue-book-2022\/\",\"name\":\"Tiffany & Co. celebra su colecci\u00f3n Bot\u00e1nica: Blue Book 2022\",\"isPartOf\":{\"@id\":\"https:\/\/graziamagazine.com\/mx\/#website\"},\"datePublished\":\"2022-05-06T14:00:12+00:00\",\"dateModified\":\"2022-05-06T15:55:03+00:00\",\"description\":\"Pharrell Williams, Zoey Deutch y Adria Arjona fueron entre las celebridades invitadas que asistieron a la celebraci\u00f3n de Tiffany & Co.2022\",\"breadcrumb\":{\"@id\":\"https:\/\/graziamagazine.com\/mx\/articles\/tiffany-co-celebra-su-coleccion-botanica-blue-book-2022\/#breadcrumb\"},\"inLanguage\":\"es-MX\",\"potentialAction\":[{\"@type\":\"ReadAction\",\"target\":[\"https:\/\/graziamagazine.com\/mx\/articles\/tiffany-co-celebra-su-coleccion-botanica-blue-book-2022\/\"]}]},{\"@type\":\"BreadcrumbList\",\"@id\":\"https:\/\/graziamagazine.com\/mx\/articles\/tiffany-co-celebra-su-coleccion-botanica-blue-book-2022\/#breadcrumb\",\"itemListElement\":[{\"@type\":\"ListItem\",\"position\":1,\"name\":\"Home\",\"item\":\"https:\/\/graziamagazine.com\/mx\/\"},{\"@type\":\"ListItem\",\"position\":2,\"name\":\"Tiffany &amp; Co. celebra su colecci\u00f3n Bot\u00e1nica: Blue Book 2022\"}]},{\"@type\":\"WebSite\",\"@id\":\"https:\/\/graziamagazine.com\/mx\/#website\",\"url\":\"https:\/\/graziamagazine.com\/mx\/\",\"name\":\"Grazia M\u00e9xico y Latinoam\u00e9rica\",\"description\":\"Grazia es moda, belleza y noticias  de actualidad \",\"potentialAction\":[{\"@type\":\"SearchAction\",\"target\":{\"@type\":\"EntryPoint\",\"urlTemplate\":\"https:\/\/graziamagazine.com\/mx\/?s={search_term_string}\"},\"query-input\":\"required name=search_term_string\"}],\"inLanguage\":\"es-MX\"}]}<\/script>\n<!-- \/ Yoast SEO Premium plugin. -->","yoast_head_json":{"title":"Tiffany & Co. celebra su colecci\u00f3n Bot\u00e1nica: Blue Book 2022","description":"Pharrell Williams, Zoey Deutch y Adria Arjona fueron entre las celebridades invitadas que asistieron a la celebraci\u00f3n de Tiffany & Co.2022","robots":{"index":"index","follow":"follow","max-snippet":"max-snippet:-1","max-image-preview":"max-image-preview:large","max-video-preview":"max-video-preview:-1"},"canonical":"https:\/\/graziamagazine.com\/mx\/articles\/tiffany-co-celebra-su-coleccion-botanica-blue-book-2022\/","og_locale":"es_MX","og_type":"article","og_title":"Tiffany &amp; Co. celebra su colecci\u00f3n Bot\u00e1nica: Blue Book 2022","og_description":"Pharrell Williams, Zoey Deutch y Adria Arjona fueron entre las celebridades invitadas que asistieron a la celebraci\u00f3n de Tiffany & Co.2022","og_url":"https:\/\/graziamagazine.com\/mx\/articles\/tiffany-co-celebra-su-coleccion-botanica-blue-book-2022\/","og_site_name":"Grazia M\u00e9xico y Latinoam\u00e9rica","article_modified_time":"2022-05-06T15:55:03+00:00","og_image":[{"width":3000,"height":1915,"url":"https:\/\/graziamagazine.com\/mx\/wp-content\/uploads\/sites\/13\/2022\/05\/unnamed-17.jpg?fit=3000%2C1915","type":"image\/jpeg"}],"twitter_card":"summary_large_image","twitter_misc":{"Est. reading time":"2 minutos"},"schema":{"@context":"https:\/\/schema.org","@graph":[{"@type":"WebPage","@id":"https:\/\/graziamagazine.com\/mx\/articles\/tiffany-co-celebra-su-coleccion-botanica-blue-book-2022\/","url":"https:\/\/graziamagazine.com\/mx\/articles\/tiffany-co-celebra-su-coleccion-botanica-blue-book-2022\/","name":"Tiffany & Co. celebra su colecci\u00f3n Bot\u00e1nica: Blue Book 2022","isPartOf":{"@id":"https:\/\/graziamagazine.com\/mx\/#website"},"datePublished":"2022-05-06T14:00:12+00:00","dateModified":"2022-05-06T15:55:03+00:00","description":"Pharrell Williams, Zoey Deutch y Adria Arjona fueron entre las celebridades invitadas que asistieron a la celebraci\u00f3n de Tiffany & Co.2022","breadcrumb":{"@id":"https:\/\/graziamagazine.com\/mx\/articles\/tiffany-co-celebra-su-coleccion-botanica-blue-book-2022\/#breadcrumb"},"inLanguage":"es-MX","potentialAction":[{"@type":"ReadAction","target":["https:\/\/graziamagazine.com\/mx\/articles\/tiffany-co-celebra-su-coleccion-botanica-blue-book-2022\/"]}]},{"@type":"BreadcrumbList","@id":"https:\/\/graziamagazine.com\/mx\/articles\/tiffany-co-celebra-su-coleccion-botanica-blue-book-2022\/#breadcrumb","itemListElement":[{"@type":"ListItem","position":1,"name":"Home","item":"https:\/\/graziamagazine.com\/mx\/"},{"@type":"ListItem","position":2,"name":"Tiffany &amp; Co. celebra su colecci\u00f3n Bot\u00e1nica: Blue Book 2022"}]},{"@type":"WebSite","@id":"https:\/\/graziamagazine.com\/mx\/#website","url":"https:\/\/graziamagazine.com\/mx\/","name":"Grazia M\u00e9xico y Latinoam\u00e9rica","description":"Grazia es moda, belleza y noticias  de actualidad ","potentialAction":[{"@type":"SearchAction","target":{"@type":"EntryPoint","urlTemplate":"https:\/\/graziamagazine.com\/mx\/?s={search_term_string}"},"query-input":"required name=search_term_string"}],"inLanguage":"es-MX"}]}},"jetpack_sharing_enabled":true,"distributor_meta":false,"distributor_terms":false,"distributor_media":false,"distributor_original_site_name":"Grazia M\u00e9xico y Latinoam\u00e9rica","distributor_original_site_url":"https:\/\/graziamagazine.com\/mx","push-errors":false,"_links":{"self":[{"href":"https:\/\/graziamagazine.com\/mx\/wp-json\/wp\/v2\/articles\/111219"}],"collection":[{"href":"https:\/\/graziamagazine.com\/mx\/wp-json\/wp\/v2\/articles"}],"about":[{"href":"https:\/\/graziamagazine.com\/mx\/wp-json\/wp\/v2\/types\/articles"}],"author":[{"embeddable":true,"href":"https:\/\/graziamagazine.com\/mx\/wp-json\/wp\/v2\/users\/28953"}],"wp:featuredmedia":[{"embeddable":true,"href":"https:\/\/graziamagazine.com\/mx\/wp-json\/wp\/v2\/media\/111226"}],"wp:attachment":[{"href":"https:\/\/graziamagazine.com\/mx\/wp-json\/wp\/v2\/media?parent=111219"}],"wp:term":[{"taxonomy":"category","embeddable":true,"href":"https:\/\/graziamagazine.com\/mx\/wp-json\/wp\/v2\/categories?post=111219"}],"curies":[{"name":"wp","href":"https:\/\/api.w.org\/{rel}","templated":true}]}}