{"id":110525,"date":"2022-04-27T09:47:19","date_gmt":"2022-04-27T14:47:19","guid":{"rendered":"https:\/\/graziamagazine.com\/mx\/?post_type=articles&#038;p=110525"},"modified":"2022-05-17T18:53:49","modified_gmt":"2022-05-17T23:53:49","slug":"la-historia-detras-de-los-mocasines-de-louis-vuitton","status":"publish","type":"articles","link":"https:\/\/graziamagazine.com\/mx\/articles\/la-historia-detras-de-los-mocasines-de-louis-vuitton\/","title":{"rendered":"Te contamos la historia detr\u00e1s de los Loafers de Louis Vuitton"},"content":{"rendered":"<p><span style=\"font-weight: 400\">Los Mocasines de Louis Vuitton han formado parte de muchas colecciones importantes dentro del mundo de la moda, sin embargo varias de sus piezas cl\u00e1sicas remontan a diversas \u00e9pocas e historias que inspiran la realizaci\u00f3n de exitosos elementos que ahora forman parte de la familia Louis Vuitton.<\/span><\/p>\n<p><span style=\"font-weight: 400\">A principios del siglo XX se dice que los pescadores noruegos utilizaban un sencillo, pr\u00e1ctico y c\u00f3modo calzado producido por dos trozos de cuero <\/span><span style=\"font-weight: 400\">cosidos externamente o que varias tribus nativas americanas empleaban un modelo similar varios siglos atr\u00e1s.\u00a0<\/span><span style=\"font-weight: 400\">Dentro de esta gran historia este calzado m\u00e1s adelante se convertir\u00eda en uno de los modelos preferidos de Audrey Hepburn para bailar en <\/span><i><span style=\"font-weight: 400\">Una cara con \u00e1ng<\/span><\/i><span style=\"font-weight: 400\">el o de Grace Kelly para sus momentos de descanso.<\/span><\/p>\n<figure id=\"attachment_110536\" aria-describedby=\"caption-attachment-110536\" style=\"width: 656px\" class=\"wp-caption alignnone\"><img loading=\"lazy\" decoding=\"async\" class=\"wp-image-110536 size-large\" src=\"https:\/\/graziamagazine.com\/mx\/wp-content\/uploads\/sites\/13\/2022\/04\/5_HARDCOVER_MANUFACTURES_2000x2000_DI2.jpg?w=656\" alt=\"Te contamos la historia detr\u00e1s de los Mocasines de Louis Vuitton\" width=\"656\" height=\"656\" \/><figcaption id=\"caption-attachment-110536\" class=\"wp-caption-text\">Te contamos la historia detr\u00e1s de los Mocasines de Louis Vuitton<\/figcaption><\/figure>\n<p><span style=\"font-weight: 400\">\u00a0<\/span><span style=\"font-weight: 400\">Una gran trayectoria que recorre un camino con muchos precedentes desde los a\u00f1os cincuenta hasta el importante look <\/span><i><span style=\"font-weight: 400\">preppy. <\/span><\/i><span style=\"font-weight: 400\">En esta ocasi\u00f3n te contamos c\u00f3mo es que los ic\u00f3nicos <em>L<\/em><em>oafers<\/em> llegaron a las manos de sus directores creativos en su momento <strong>Virgil Abloh<\/strong> y <\/span><b>Nicolas Ghesqui\u00e8re<\/b><span style=\"font-weight: 400\">\u00a0en Louis Vuitton.<\/span><\/p>\n<p><span style=\"font-weight: 400\">El ingenio con el que el dise\u00f1ador franc\u00e9s impact\u00f3 la industria de la moda, se debe gracias a su elegancia y porte al convertir un zapato ordinario en la estrella de la marca. Una de sus apariciones m\u00e1s importantes fue en el desfile Primavera-Verano 2020 de la casa, combinando piezas contempor\u00e1neas con elementos del pasado y futuro. El dise\u00f1ador inspirado en la Belle \u00c9poque, esta colecci\u00f3n hizo homenaje a esa \u00e9poca vivaz en la que Par\u00eds estaba llena de lujo, encanto y opulencia.<\/span><\/p>\n<div class=\"content-gallery\"><div class=\"gallery-placeholder\"><div class=\"spinner\"><\/div><\/div><span class=\"gallery-pagination\"><\/span><div id=\"gallery-1\" class=\"gallery galleryid-110525 gallery-columns- gallery-size-\"><figure class=\"gallery-item\"><div class=\"gallery-icon landscape\"><img loading=\"lazy\" decoding=\"async\" width=\"656\" height=\"656\" src=\"https:\/\/graziamagazine.com\/mx\/wp-content\/uploads\/sites\/13\/2022\/04\/louis-vuitton-mocasin-major-zapatos-BLEL3XGZEB_PM2_Front-view.png.jpeg\" class=\"lazy\" alt=\"Loafers drivers modelo Major\" \/><\/div><\/figure><figure class=\"gallery-item\"><div class=\"gallery-icon landscape\"><img loading=\"lazy\" decoding=\"async\" width=\"614\" height=\"485\" src=\"https:\/\/graziamagazine.com\/mx\/wp-content\/uploads\/sites\/13\/2022\/04\/Captura-de-Pantalla-2022-04-27-a-las-16.56.09.png\" class=\"lazy\" alt=\"\" \/><\/div><\/figure><\/div><\/div>\n<p><span style=\"font-weight: 400\">Cabe recalcar que a partir de un estudio y seg\u00fan libros de historia,<\/span><span style=\"font-weight: 400\">\u00a0la Belle \u00c9poque se desata a partir de 1871, justo el momento en el que Louis Vuitton se traslada junto a su familia a una localidad al norte de Par\u00eds donde el creador hab\u00eda instalado el primer taller de la <\/span><i><span style=\"font-weight: 400\">maison<\/span><\/i><span style=\"font-weight: 400\"> varios a\u00f1os antes. \u00a0<\/span><span style=\"font-weight: 400\">Se dice que 20 artesanos daban forma a los ba\u00fales que comenzaron a recorrer el mundo en los modernos ferrocarriles y barcos de vapor de esa \u00e9poca. Como parte de su historia, el calzado sigue siendo uno de los accesorios elaborados artesanalmente con herramientas tradicionales y artesanos capacitados para su desarrollo.<\/span><\/p>\n<div class=\"content-gallery\"><div class=\"gallery-placeholder\"><div class=\"spinner\"><\/div><\/div><span class=\"gallery-pagination\"><\/span><div id=\"gallery-2\" class=\"gallery galleryid-110525 gallery-columns- gallery-size-\"><figure class=\"gallery-item\"><div class=\"gallery-icon landscape\"><img loading=\"lazy\" decoding=\"async\" width=\"597\" height=\"406\" src=\"https:\/\/graziamagazine.com\/mx\/wp-content\/uploads\/sites\/13\/2022\/04\/Captura-de-Pantalla-2022-04-27-a-las-17.09.06.png\" class=\"lazy\" alt=\"Loafers drivers modelo Major\" \/><\/div><\/figure><figure class=\"gallery-item\"><div class=\"gallery-icon landscape\"><img loading=\"lazy\" decoding=\"async\" width=\"610\" height=\"490\" src=\"https:\/\/graziamagazine.com\/mx\/wp-content\/uploads\/sites\/13\/2022\/04\/Captura-de-Pantalla-2022-04-27-a-las-17.09.16.png\" class=\"lazy\" alt=\"\" \/><\/div><\/figure><\/div><\/div>\n<p><span style=\"font-weight: 400\">Uno de los modelos m\u00e1s emblem\u00e1ticos es el <\/span><b>Academy,<\/b><span style=\"font-weight: 400\"> que probablemente sea uno de los m\u00e1s <\/span><i><span style=\"font-weight: 400\">preppy. <\/span><\/i><span style=\"font-weight: 400\">Elaborados con una suela que combina con la plataforma hecha de piel y el empeine forrado con la insigne lona Monogram hacen de este modelo un exquisitez que alude a la gran calidad de materiales y dise\u00f1o de la marca francesa.<\/span><\/p>\n<div class=\"content-gallery\"><div class=\"gallery-placeholder\"><div class=\"spinner\"><\/div><\/div><span class=\"gallery-pagination\"><\/span><div id=\"gallery-3\" class=\"gallery galleryid-110525 gallery-columns- gallery-size-\"><figure class=\"gallery-item\"><div class=\"gallery-icon landscape\"><img loading=\"lazy\" decoding=\"async\" width=\"677\" height=\"580\" src=\"https:\/\/graziamagazine.com\/mx\/wp-content\/uploads\/sites\/13\/2022\/04\/Captura-de-Pantalla-2022-04-27-a-las-9.51.26.png\" class=\"lazy\" alt=\"\" \/><\/div><\/figure><figure class=\"gallery-item\"><div class=\"gallery-icon landscape\"><img loading=\"lazy\" decoding=\"async\" width=\"656\" height=\"656\" src=\"https:\/\/graziamagazine.com\/mx\/wp-content\/uploads\/sites\/13\/2022\/04\/louis-vuitton-mocasin-lv-club-zapatos-BJAL1STCEB_PM2_Front-view.png.jpeg\" class=\"lazy\" alt=\"Te contamos la historia detr\u00e1s de los Mocasines de Louis Vuitton\" \/><\/div><\/figure><figure class=\"gallery-item\"><div class=\"gallery-icon landscape\"><img loading=\"lazy\" decoding=\"async\" width=\"456\" height=\"456\" src=\"https:\/\/graziamagazine.com\/mx\/wp-content\/uploads\/sites\/13\/2022\/04\/louis-vuitton-mocasin-lv-club-zapatos-BJAL1STCEB_PM1_Interior2-view.png.jpeg\" class=\"lazy\" alt=\"\" \/><\/div><\/figure><\/div><\/div>\n<p><span style=\"font-weight: 400\">Un dise\u00f1o de <\/span><b>Georges Vuitton <\/b><span style=\"font-weight: 400\">de 1896 que mezcla las corrientes favoritas de aquel momento: el japonismo y el neog\u00f3tico. Suma un ingenio que entonces supuso toda una sacudida, las iniciales del creador entrelazadas que dar\u00edan forma al logo tal y como hoy lo conocemos.<\/span><\/p>\n<p><span style=\"font-weight: 400\">Otro modelo que seguramente conoces a la perfecci\u00f3n es la versi\u00f3n con tac\u00f3n del mocas\u00edn <\/span><b><i>Swift<\/i><\/b><span style=\"font-weight: 400\">, que toma como inspiraci\u00f3n el mundo del ciclismo recreando con su tac\u00f3n una de las flores del motivo Monogram, la cual es inspirada en los <\/span><b>kamon japoneses<\/b><span style=\"font-weight: 400\"> que usaban las familias del pa\u00eds del sol naciente.<\/span><\/p>\n<div class=\"content-gallery\"><div class=\"gallery-placeholder\"><div class=\"spinner\"><\/div><\/div><span class=\"gallery-pagination\"><\/span><div id=\"gallery-4\" class=\"gallery galleryid-110525 gallery-columns- gallery-size-\"><figure class=\"gallery-item\"><div class=\"gallery-icon landscape\"><img loading=\"lazy\" decoding=\"async\" width=\"670\" height=\"491\" src=\"https:\/\/graziamagazine.com\/mx\/wp-content\/uploads\/sites\/13\/2022\/04\/Captura-de-Pantalla-2022-04-27-a-las-16.59.05.png\" class=\"lazy\" alt=\"\" \/><\/div><\/figure><figure class=\"gallery-item\"><div class=\"gallery-icon landscape\"><img loading=\"lazy\" decoding=\"async\" width=\"656\" height=\"656\" src=\"https:\/\/graziamagazine.com\/mx\/wp-content\/uploads\/sites\/13\/2022\/04\/louis-vuitton-mocasin-saint-germain-zapatos-BMSL1SWC30_PM2_Front-view.png.jpeg\" class=\"lazy\" alt=\"Loafers drivers modelo Saint Germain\" \/><\/div><\/figure><\/div><\/div>\n<p><span style=\"font-weight: 400\">Los mocasines de Louis Vuitton son un claro ejemplo de c\u00f3mo el pasado a\u00fan puede permanecer en nuestro presente, trazando una l\u00ednea prodigiosa para la creaci\u00f3n de nuevos dise\u00f1os y modelos para el futuro.\u00a0<\/span><\/p>\n<p><strong><em>*IMAGEN:Louis Vuitton\u00a0<\/em><\/strong><\/p>\n","protected":false},"author":28953,"featured_media":110527,"template":"","format":"standard","categories":[4],"acf":[],"yoast_head":"<!-- This site is optimized with the Yoast SEO Premium plugin v18.5 (Yoast SEO v20.4) - https:\/\/yoast.com\/wordpress\/plugins\/seo\/ -->\n<title>Te contamos la historia detr\u00e1s de los Mocasines de Louis Vuitton<\/title>\n<meta name=\"description\" content=\"Desde coser, cortar y alisar, este es el gran proceso artesanal para elaborar los famosos mocasines de Louis Vuitton \u00a1Aqu\u00ed te contamos la historia!\" \/>\n<meta name=\"robots\" content=\"index, follow, max-snippet:-1, max-image-preview:large, max-video-preview:-1\" \/>\n<link rel=\"canonical\" href=\"https:\/\/graziamagazine.com\/mx\/articles\/la-historia-detras-de-los-mocasines-de-louis-vuitton\/\" \/>\n<meta property=\"og:locale\" content=\"es_MX\" \/>\n<meta property=\"og:type\" content=\"article\" \/>\n<meta property=\"og:title\" content=\"Te contamos la historia detr\u00e1s de los Loafers de Louis Vuitton\" \/>\n<meta property=\"og:description\" content=\"Desde coser, cortar y alisar, este es el gran proceso artesanal para elaborar los famosos mocasines de Louis Vuitton \u00a1Aqu\u00ed te contamos la historia!\" \/>\n<meta property=\"og:url\" content=\"https:\/\/graziamagazine.com\/mx\/articles\/la-historia-detras-de-los-mocasines-de-louis-vuitton\/\" \/>\n<meta property=\"og:site_name\" content=\"Grazia M\u00e9xico y Latinoam\u00e9rica\" \/>\n<meta property=\"article:modified_time\" content=\"2022-05-17T23:53:49+00:00\" \/>\n<meta property=\"og:image\" content=\"https:\/\/graziamagazine.com\/mx\/wp-content\/uploads\/sites\/13\/2022\/04\/HARDCOVER_MANUFACTURES_3360x840_DIE-e1651070785927.jpg?fit=1408%2C512\" \/>\n\t<meta property=\"og:image:width\" content=\"1408\" \/>\n\t<meta property=\"og:image:height\" content=\"512\" \/>\n\t<meta property=\"og:image:type\" content=\"image\/jpeg\" \/>\n<meta name=\"twitter:card\" content=\"summary_large_image\" \/>\n<meta name=\"twitter:label1\" content=\"Est. reading time\" \/>\n\t<meta name=\"twitter:data1\" content=\"3 minutos\" \/>\n<script type=\"application\/ld+json\" class=\"yoast-schema-graph\">{\"@context\":\"https:\/\/schema.org\",\"@graph\":[{\"@type\":\"WebPage\",\"@id\":\"https:\/\/graziamagazine.com\/mx\/articles\/la-historia-detras-de-los-mocasines-de-louis-vuitton\/\",\"url\":\"https:\/\/graziamagazine.com\/mx\/articles\/la-historia-detras-de-los-mocasines-de-louis-vuitton\/\",\"name\":\"Te contamos la historia detr\u00e1s de los Mocasines de Louis Vuitton\",\"isPartOf\":{\"@id\":\"https:\/\/graziamagazine.com\/mx\/#website\"},\"datePublished\":\"2022-04-27T14:47:19+00:00\",\"dateModified\":\"2022-05-17T23:53:49+00:00\",\"description\":\"Desde coser, cortar y alisar, este es el gran proceso artesanal para elaborar los famosos mocasines de Louis Vuitton \u00a1Aqu\u00ed te contamos la historia!\",\"breadcrumb\":{\"@id\":\"https:\/\/graziamagazine.com\/mx\/articles\/la-historia-detras-de-los-mocasines-de-louis-vuitton\/#breadcrumb\"},\"inLanguage\":\"es-MX\",\"potentialAction\":[{\"@type\":\"ReadAction\",\"target\":[\"https:\/\/graziamagazine.com\/mx\/articles\/la-historia-detras-de-los-mocasines-de-louis-vuitton\/\"]}]},{\"@type\":\"BreadcrumbList\",\"@id\":\"https:\/\/graziamagazine.com\/mx\/articles\/la-historia-detras-de-los-mocasines-de-louis-vuitton\/#breadcrumb\",\"itemListElement\":[{\"@type\":\"ListItem\",\"position\":1,\"name\":\"Home\",\"item\":\"https:\/\/graziamagazine.com\/mx\/\"},{\"@type\":\"ListItem\",\"position\":2,\"name\":\"Te contamos la historia detr\u00e1s de los Loafers de Louis Vuitton\"}]},{\"@type\":\"WebSite\",\"@id\":\"https:\/\/graziamagazine.com\/mx\/#website\",\"url\":\"https:\/\/graziamagazine.com\/mx\/\",\"name\":\"Grazia M\u00e9xico y Latinoam\u00e9rica\",\"description\":\"Grazia es moda, belleza y noticias  de actualidad \",\"potentialAction\":[{\"@type\":\"SearchAction\",\"target\":{\"@type\":\"EntryPoint\",\"urlTemplate\":\"https:\/\/graziamagazine.com\/mx\/?s={search_term_string}\"},\"query-input\":\"required name=search_term_string\"}],\"inLanguage\":\"es-MX\"}]}<\/script>\n<!-- \/ Yoast SEO Premium plugin. -->","yoast_head_json":{"title":"Te contamos la historia detr\u00e1s de los Mocasines de Louis Vuitton","description":"Desde coser, cortar y alisar, este es el gran proceso artesanal para elaborar los famosos mocasines de Louis Vuitton \u00a1Aqu\u00ed te contamos la historia!","robots":{"index":"index","follow":"follow","max-snippet":"max-snippet:-1","max-image-preview":"max-image-preview:large","max-video-preview":"max-video-preview:-1"},"canonical":"https:\/\/graziamagazine.com\/mx\/articles\/la-historia-detras-de-los-mocasines-de-louis-vuitton\/","og_locale":"es_MX","og_type":"article","og_title":"Te contamos la historia detr\u00e1s de los Loafers de Louis Vuitton","og_description":"Desde coser, cortar y alisar, este es el gran proceso artesanal para elaborar los famosos mocasines de Louis Vuitton \u00a1Aqu\u00ed te contamos la historia!","og_url":"https:\/\/graziamagazine.com\/mx\/articles\/la-historia-detras-de-los-mocasines-de-louis-vuitton\/","og_site_name":"Grazia M\u00e9xico y Latinoam\u00e9rica","article_modified_time":"2022-05-17T23:53:49+00:00","og_image":[{"width":1408,"height":512,"url":"https:\/\/graziamagazine.com\/mx\/wp-content\/uploads\/sites\/13\/2022\/04\/HARDCOVER_MANUFACTURES_3360x840_DIE-e1651070785927.jpg?fit=1408%2C512","type":"image\/jpeg"}],"twitter_card":"summary_large_image","twitter_misc":{"Est. reading time":"3 minutos"},"schema":{"@context":"https:\/\/schema.org","@graph":[{"@type":"WebPage","@id":"https:\/\/graziamagazine.com\/mx\/articles\/la-historia-detras-de-los-mocasines-de-louis-vuitton\/","url":"https:\/\/graziamagazine.com\/mx\/articles\/la-historia-detras-de-los-mocasines-de-louis-vuitton\/","name":"Te contamos la historia detr\u00e1s de los Mocasines de Louis Vuitton","isPartOf":{"@id":"https:\/\/graziamagazine.com\/mx\/#website"},"datePublished":"2022-04-27T14:47:19+00:00","dateModified":"2022-05-17T23:53:49+00:00","description":"Desde coser, cortar y alisar, este es el gran proceso artesanal para elaborar los famosos mocasines de Louis Vuitton \u00a1Aqu\u00ed te contamos la historia!","breadcrumb":{"@id":"https:\/\/graziamagazine.com\/mx\/articles\/la-historia-detras-de-los-mocasines-de-louis-vuitton\/#breadcrumb"},"inLanguage":"es-MX","potentialAction":[{"@type":"ReadAction","target":["https:\/\/graziamagazine.com\/mx\/articles\/la-historia-detras-de-los-mocasines-de-louis-vuitton\/"]}]},{"@type":"BreadcrumbList","@id":"https:\/\/graziamagazine.com\/mx\/articles\/la-historia-detras-de-los-mocasines-de-louis-vuitton\/#breadcrumb","itemListElement":[{"@type":"ListItem","position":1,"name":"Home","item":"https:\/\/graziamagazine.com\/mx\/"},{"@type":"ListItem","position":2,"name":"Te contamos la historia detr\u00e1s de los Loafers de Louis Vuitton"}]},{"@type":"WebSite","@id":"https:\/\/graziamagazine.com\/mx\/#website","url":"https:\/\/graziamagazine.com\/mx\/","name":"Grazia M\u00e9xico y Latinoam\u00e9rica","description":"Grazia es moda, belleza y noticias  de actualidad ","potentialAction":[{"@type":"SearchAction","target":{"@type":"EntryPoint","urlTemplate":"https:\/\/graziamagazine.com\/mx\/?s={search_term_string}"},"query-input":"required name=search_term_string"}],"inLanguage":"es-MX"}]}},"jetpack_sharing_enabled":true,"distributor_meta":false,"distributor_terms":false,"distributor_media":false,"distributor_original_site_name":"Grazia M\u00e9xico y Latinoam\u00e9rica","distributor_original_site_url":"https:\/\/graziamagazine.com\/mx","push-errors":false,"_links":{"self":[{"href":"https:\/\/graziamagazine.com\/mx\/wp-json\/wp\/v2\/articles\/110525"}],"collection":[{"href":"https:\/\/graziamagazine.com\/mx\/wp-json\/wp\/v2\/articles"}],"about":[{"href":"https:\/\/graziamagazine.com\/mx\/wp-json\/wp\/v2\/types\/articles"}],"author":[{"embeddable":true,"href":"https:\/\/graziamagazine.com\/mx\/wp-json\/wp\/v2\/users\/28953"}],"wp:featuredmedia":[{"embeddable":true,"href":"https:\/\/graziamagazine.com\/mx\/wp-json\/wp\/v2\/media\/110527"}],"wp:attachment":[{"href":"https:\/\/graziamagazine.com\/mx\/wp-json\/wp\/v2\/media?parent=110525"}],"wp:term":[{"taxonomy":"category","embeddable":true,"href":"https:\/\/graziamagazine.com\/mx\/wp-json\/wp\/v2\/categories?post=110525"}],"curies":[{"name":"wp","href":"https:\/\/api.w.org\/{rel}","templated":true}]}}