{"id":110413,"date":"2022-04-25T15:52:33","date_gmt":"2022-04-25T20:52:33","guid":{"rendered":"https:\/\/graziamagazine.com\/mx\/?post_type=articles&#038;p=110413"},"modified":"2022-04-26T11:10:23","modified_gmt":"2022-04-26T16:10:23","slug":"gigi-hadid-cumple-27-y-nos-demuestra-que-el-encaje-puede-ser-formal","status":"publish","type":"articles","link":"https:\/\/graziamagazine.com\/mx\/articles\/gigi-hadid-cumple-27-y-nos-demuestra-que-el-encaje-puede-ser-formal\/","title":{"rendered":"Todo sobre el festejo de Gigi Hadid y sus invitados"},"content":{"rendered":"<p class=\"p2\"><span class=\"s1\">Jelena Noura Hadid, mejor conocida como Gigi Hadid, es una modelo sumamente reconocida. Adquiri\u00f3 su fama cuando debut\u00f3 en la lista de \u201cTop 50 Models\u201d.<\/span><\/p>\n<p><img loading=\"lazy\" decoding=\"async\" class=\"size-medium wp-image-110420 aligncenter\" src=\"https:\/\/graziamagazine.com\/mx\/wp-content\/uploads\/sites\/13\/2022\/04\/Captura-de-Pantalla-2022-04-25-a-las-16.19.04.png?w=383\" alt=\"\" width=\"383\" height=\"450\" \/><\/p>\n<p class=\"p2\"><span class=\"s1\">Tambi\u00e9n se ha presentado en la televisi\u00f3n, en el 2012 tuvo presencia en la pel\u00edcula <em>\u201cVirgin Eyes\u201d<\/em> y despu\u00e9s en la serie<em> \u201cThe Real Housewives of Beverly Hills\u201d<\/em>. Apareci\u00f3 tambi\u00e9n en varios videos musicales y ha sido co-host de diferentes programas de tele.<\/span><\/p>\n<p class=\"p2\"><span class=\"s1\">Gigi Hadid naci\u00f3 el 23 de abril de 1995, en Los \u00c1ngeles. Su padre es Mohamed Hadid, un desarrollador de bienes ra\u00edces y su madre es <a href=\"https:\/\/graziamagazine.com\/mx\/articles\/la-mama-de-gigi-y-bella-hadid-camino-en-la-pasarela-de-off-white-otono-invierno-2020\/\">Yolanda Hadid, que era tambi\u00e9n modelo<\/a>.<\/span><\/p>\n<p class=\"p2\"><span class=\"s1\">Tiene 2 hermanastras del primer matrimonio de Mohamed, llamadas Alana y Marielle, con las que mantiene una relaci\u00f3n cercana y 2 hermanos; Bella y Anwar, al igual que ella son modelos.<\/span><\/p>\n<p><img loading=\"lazy\" decoding=\"async\" class=\"size-medium wp-image-110421 aligncenter\" src=\"https:\/\/graziamagazine.com\/mx\/wp-content\/uploads\/sites\/13\/2022\/04\/Captura-de-Pantalla-2022-04-25-a-las-16.22.31.png?w=450\" alt=\"\" width=\"450\" height=\"341\" \/><\/p>\n<p class=\"p2\"><span class=\"s1\">Las hermanas, Hadid, han caminado juntas en el Victoria&#8217;s Secret Fashion Show y colaborado con varias <a href=\"https:\/\/graziamagazine.com\/mx\/articles\/6-veces-gigi-y-bella-hadid-desfilaron\/\">marcas al mismo tiempo<\/a>. <\/span><\/p>\n<p class=\"p2\"><span class=\"s1\">Gigi empez\u00f3 su carrera como modelo desde que ten\u00eda 2 a\u00f1os. Su padre, quer\u00eda que ella misma decidiera si quer\u00eda seguir con esa carrera, no su madre. Entonces se enfoc\u00f3 en equitaci\u00f3n competitiva y en jugar voleibol para tener una ni\u00f1ez normal; sin embargo, a los 17 decidi\u00f3 retomar el modelaje (lo ten\u00eda en su ADN).<\/span><\/p>\n<p class=\"p2\"><span class=\"s1\">Gigi ha continuado su carrera de manera exitosa con apariciones en portadas de revistas de moda internacionales y en las pasarelas de las principales semanas de la moda. Trabajando de la mano con Tom Ford, Versace, Marc Jacobs, Chanel, Michael Kors, Elie Saab, Fendi, Miu Miu, Balmain, entre otros.<\/span><\/p>\n<p class=\"p2\"><span class=\"s1\">Gigi debut\u00f3 en la semana de la moda de Nueva York modelando para Desigual en el 2014. Un a\u00f1o despu\u00e9s, en el 2015 particip\u00f3 en el Victoria&#8217;s Secret Fashion Show por primera vez, despu\u00e9s de ser rechazada dos veces. <\/span><\/p>\n<p class=\"p2\"><span class=\"s1\">En el 2016 se convirti\u00f3 en la cara de Tommy Hilfiger. Apareci\u00f3 en el desfile de Chanel, Elie Saab, Anna Sui, Balmain, Miu Miu, Diane Von Furstenberg y Fendi.<\/span><\/p>\n<p class=\"p2\"><span class=\"s1\">A\u00f1os despu\u00e9s la gente comenz\u00f3 a darse cuenta de que Gigi Hadid estaba muy flaca.\u00a0 Ella declar\u00f3 que sufre de Tiroiditis de Hashimoto (un trastorno de la gl\u00e1ndula tiroides). <\/span><\/p>\n<p class=\"p2\"><span class=\"s1\">Ella comenta que mientras lleve una dieta balanceada y est\u00e9 medicada, todo va bien.<\/span><\/p>\n<blockquote>\n<p class=\"p2\"><span class=\"s1\">\u201cPara aquellos de ustedes tan decididos a descubrir por qu\u00e9 mi cuerpo ha cambiado a lo largo de los a\u00f1os, es posible que no sepan que cuando comenc\u00e9 a los 17 a\u00f1os, a\u00fan no me hab\u00edan diagnosticado la enfermedad de Hashimoto; aquellos de ustedes que me llamaron &#8216;demasiado grande para la industria&#8217; estaban viendo inflamaci\u00f3n y retenci\u00f3n de agua debido a eso&#8221;.<\/span><\/p>\n<\/blockquote>\n<p class=\"p2\"><span class=\"s1\">Despu\u00e9s de salir con Cody Simpson y Joe Jonas. Gigi Hadid empez\u00f3 a salir con Zayn Malik (ex participante de One Direction).<\/span><\/p>\n<p class=\"p2\"><span class=\"s1\">La pareja atendi\u00f3 a varios eventos juntos, incluyendo las semanas de la moda y el Met Gala. Cortar\u00f3n en marzo del 2018, pero en verano del mismo a\u00f1o regresaron.<\/span><\/p>\n<p class=\"p2\"><span class=\"s1\">En el 2020 nos dieron la noticia que Gigi estaba embarazada y su <a href=\"https:\/\/graziamagazine.com\/mx\/articles\/gigi-hadid\/\">baby bump nos enamor\u00f3 a todos<\/a>. Meses despu\u00e9s el 23 de septiembre<a href=\"https:\/\/graziamagazine.com\/mx\/articles\/gigi-hadid-y-zayn-malik-ya-son-papas\/\"> Khai Malik, naci\u00f3<\/a>.<\/span><\/p>\n<p><img loading=\"lazy\" decoding=\"async\" class=\"size-medium wp-image-110414 aligncenter\" src=\"https:\/\/graziamagazine.com\/mx\/wp-content\/uploads\/sites\/13\/2022\/04\/Captura-de-Pantalla-2022-04-25-a-las-16.15.09.png?w=431\" alt=\"GIGI\" width=\"431\" height=\"450\" \/><\/p>\n<p class=\"p2\"><span class=\"s1\">Un a\u00f1o despu\u00e9s corto con Zayn Malik porque el cantante tuvo problemas con Yolanda Hadid. Los rumores dicen que la pareja est\u00e1 de regreso, pero no han confirmado nada.<\/span><\/p>\n<p class=\"p2\"><span class=\"s1\">Este a\u00f1o, Gigi cumpli\u00f3 27 a\u00f1os de edad. \u00bfQu\u00e9\u00a0 mejor manera de celebrarlo en uno de los lugares m\u00e1s top de Nueva York?<\/span><\/p>\n<p class=\"p2\"><span class=\"s1\">Zero Bond es un club privado localizado en el coraz\u00f3n de Noho, con espacios que pueden ser usados de d\u00eda o de noche. <\/span><\/p>\n<p class=\"p2\"><span class=\"s1\">Cuenta con cuartos designados para trabajar, tener juntas o ir a relajarse. <\/span><span style=\"font-family: -apple-system, BlinkMacSystemFont, 'Segoe UI', Roboto, Oxygen-Sans, Ubuntu, Cantarell, 'Helvetica Neue', sans-serif\">Tambi\u00e9n tiene varios restaurantes y bares para disfrutar y celebrar cualquier ocasi\u00f3n.<\/span><\/p>\n<h5 class=\"p2\"><span class=\"s1\"><em>Para ser aceptado, los directores siguen una regulaci\u00f3n rigurosa.<\/em><\/span><\/h5>\n<p class=\"p2\"><em><span class=\"s1\">\u00bfTe suena conocido? Si viste Inventing Anna, te lo aseguro. Anna Sorkin quer\u00eda hacer un club exclusivo, similar a Zero Bond.<\/span><\/em><\/p>\n<p class=\"p2\"><span class=\"s1\">El dise\u00f1ador Dion Lee, se lleva la ovaci\u00f3n, ya que \u00e9l\u00a0 dise\u00f1\u00f3, el look que eligi\u00f3 Gigi para festejar, un conjunto de encaje blanco. Una blusa tipo cors\u00e9 con las varillas expuestas, saco hasta el piso con el cuello parado y unos pantalones acampanados, todos eran del mismo material; encaje trasl\u00facido blanco.<\/span><\/p>\n<p><img loading=\"lazy\" decoding=\"async\" class=\"size-medium wp-image-110416 aligncenter\" src=\"https:\/\/graziamagazine.com\/mx\/wp-content\/uploads\/sites\/13\/2022\/04\/Captura-de-Pantalla-2022-04-25-a-las-16.16.38.png?w=274\" alt=\"GIGI 27\" width=\"274\" height=\"450\" \/><\/p>\n<p class=\"p2\"><span class=\"s1\">Las costuras se notan en las piezas y gracias a esto las prendas, aunque son del mismo material, tienen un sentido de profundidad.<\/span><\/p>\n<p class=\"p2\"><strong><span class=\"s1\">\u00a1No podemos olvidar los accesorios!<\/span><\/strong><\/p>\n<p class=\"p2\"><span class=\"s1\">Gigi Hadid us\u00f3 collares de perlas a distintas alturas de Jacquie Aiche, unas arracadas y unos stilettos blancos. <\/span><\/p>\n<p class=\"p2\"><span class=\"s1\">Ya hemos visto estas prendas en las tendencias 2022; cors\u00e9s y pantalones acampanados low-rise.<\/span><\/p>\n<p class=\"p2\"><span class=\"s1\">Al igual, asistieron sus hermanos Bella y Anwar y tambi\u00e9n fue su mam\u00e1 Yolanda con su actual pareja.<\/span><\/p>\n<p class=\"p2\"><span class=\"s1\">No podian faltar sus amigas; Blake Lively, Ziwe, Helena Christensen y Emily Ratajkowski, entre otras. <\/span><\/p>\n<p class=\"p2\"><span class=\"s1\"><em><strong>T<\/strong><\/em><\/span><span class=\"s1\"><em><strong>odas llevaban looks espectaculares y avant garde<\/strong><\/em>.<\/span><\/p>\n<p><img loading=\"lazy\" decoding=\"async\" class=\"alignnone size-medium wp-image-110419\" src=\"https:\/\/graziamagazine.com\/mx\/wp-content\/uploads\/sites\/13\/2022\/04\/Captura-de-Pantalla-2022-04-25-a-las-16.17.44.png?w=274\" alt=\"BELLA\" width=\"274\" height=\"450\" \/> <img loading=\"lazy\" decoding=\"async\" class=\"alignnone size-medium wp-image-110418\" src=\"https:\/\/graziamagazine.com\/mx\/wp-content\/uploads\/sites\/13\/2022\/04\/Captura-de-Pantalla-2022-04-25-a-las-16.17.24.png?w=288\" alt=\"BLAKE\" width=\"288\" height=\"450\" \/> <img loading=\"lazy\" decoding=\"async\" class=\"alignnone size-medium wp-image-110417\" src=\"https:\/\/graziamagazine.com\/mx\/wp-content\/uploads\/sites\/13\/2022\/04\/Captura-de-Pantalla-2022-04-25-a-las-16.17.14.png?w=267\" alt=\"EMILY\" width=\"267\" height=\"450\" \/><\/p>\n<h5 class=\"p2\"><span class=\"s1\">\u00a1Definitivamente, fue una pasarela de moda!<\/span><\/h5>\n<p class=\"p2\"><span class=\"s1\">Estoy segura de que en unos d\u00edas nos enteraremos de m\u00e1s celebridades que atendieron a la cena \u00edntima. <\/span><\/p>\n<p class=\"p2\"><span class=\"s1\">Mientras tanto, voy a tomar como inspiraci\u00f3n el look de Gigi para mi <em>pr\u00f3ximo evento.<\/em><\/span><\/p>\n<p>Fotograf\u00edas cortes\u00eda de Getty y el Instagram de Gigi Hadid.<\/p>\n","protected":false},"author":33864,"featured_media":110415,"template":"","format":"standard","categories":[],"acf":[],"yoast_head":"<!-- This site is optimized with the Yoast SEO Premium plugin v18.5 (Yoast SEO v20.4) - https:\/\/yoast.com\/wordpress\/plugins\/seo\/ -->\n<title>Todo sobre el festejo de Gigi Hadid y sus invitados | Grazia M\u00e9xico y Latinoam\u00e9rica<\/title>\n<meta name=\"description\" content=\"Gigi festej\u00f3 su cumplea\u00f1os n\u00famero 27 con una cena \u00edntima en Zero Bond, uno de los luagres m\u00e1s &quot;top&quot; de Nueva York, rodeada de moda y celebridades.\" \/>\n<meta name=\"robots\" content=\"index, follow, max-snippet:-1, max-image-preview:large, max-video-preview:-1\" \/>\n<link rel=\"canonical\" href=\"https:\/\/graziamagazine.com\/mx\/articles\/gigi-hadid-cumple-27-y-nos-demuestra-que-el-encaje-puede-ser-formal\/\" \/>\n<meta property=\"og:locale\" content=\"es_MX\" \/>\n<meta property=\"og:type\" content=\"article\" \/>\n<meta property=\"og:title\" content=\"Todo sobre el festejo de Gigi Hadid y sus invitados\" \/>\n<meta property=\"og:description\" content=\"Gigi festej\u00f3 su cumplea\u00f1os n\u00famero 27 con una cena \u00edntima en Zero Bond, uno de los luagres m\u00e1s &quot;top&quot; de Nueva York, rodeada de moda y celebridades.\" \/>\n<meta property=\"og:url\" content=\"https:\/\/graziamagazine.com\/mx\/articles\/gigi-hadid-cumple-27-y-nos-demuestra-que-el-encaje-puede-ser-formal\/\" \/>\n<meta property=\"og:site_name\" content=\"Grazia M\u00e9xico y Latinoam\u00e9rica\" \/>\n<meta property=\"article:modified_time\" content=\"2022-04-26T16:10:23+00:00\" \/>\n<meta property=\"og:image\" content=\"https:\/\/graziamagazine.com\/mx\/wp-content\/uploads\/sites\/13\/2022\/04\/Captura-de-Pantalla-2022-04-25-a-las-16.16.17.png?fit=1346%2C888\" \/>\n\t<meta property=\"og:image:width\" content=\"1346\" \/>\n\t<meta property=\"og:image:height\" content=\"888\" \/>\n\t<meta property=\"og:image:type\" content=\"image\/png\" \/>\n<meta name=\"twitter:card\" content=\"summary_large_image\" \/>\n<meta name=\"twitter:label1\" content=\"Est. reading time\" \/>\n\t<meta name=\"twitter:data1\" content=\"4 minutos\" \/>\n<script type=\"application\/ld+json\" class=\"yoast-schema-graph\">{\"@context\":\"https:\/\/schema.org\",\"@graph\":[{\"@type\":\"WebPage\",\"@id\":\"https:\/\/graziamagazine.com\/mx\/articles\/gigi-hadid-cumple-27-y-nos-demuestra-que-el-encaje-puede-ser-formal\/\",\"url\":\"https:\/\/graziamagazine.com\/mx\/articles\/gigi-hadid-cumple-27-y-nos-demuestra-que-el-encaje-puede-ser-formal\/\",\"name\":\"Todo sobre el festejo de Gigi Hadid y sus invitados | Grazia M\u00e9xico y Latinoam\u00e9rica\",\"isPartOf\":{\"@id\":\"https:\/\/graziamagazine.com\/mx\/#website\"},\"datePublished\":\"2022-04-25T20:52:33+00:00\",\"dateModified\":\"2022-04-26T16:10:23+00:00\",\"description\":\"Gigi festej\u00f3 su cumplea\u00f1os n\u00famero 27 con una cena \u00edntima en Zero Bond, uno de los luagres m\u00e1s \\\"top\\\" de Nueva York, rodeada de moda y celebridades.\",\"breadcrumb\":{\"@id\":\"https:\/\/graziamagazine.com\/mx\/articles\/gigi-hadid-cumple-27-y-nos-demuestra-que-el-encaje-puede-ser-formal\/#breadcrumb\"},\"inLanguage\":\"es-MX\",\"potentialAction\":[{\"@type\":\"ReadAction\",\"target\":[\"https:\/\/graziamagazine.com\/mx\/articles\/gigi-hadid-cumple-27-y-nos-demuestra-que-el-encaje-puede-ser-formal\/\"]}]},{\"@type\":\"BreadcrumbList\",\"@id\":\"https:\/\/graziamagazine.com\/mx\/articles\/gigi-hadid-cumple-27-y-nos-demuestra-que-el-encaje-puede-ser-formal\/#breadcrumb\",\"itemListElement\":[{\"@type\":\"ListItem\",\"position\":1,\"name\":\"Home\",\"item\":\"https:\/\/graziamagazine.com\/mx\/\"},{\"@type\":\"ListItem\",\"position\":2,\"name\":\"Todo sobre el festejo de Gigi Hadid y sus invitados\"}]},{\"@type\":\"WebSite\",\"@id\":\"https:\/\/graziamagazine.com\/mx\/#website\",\"url\":\"https:\/\/graziamagazine.com\/mx\/\",\"name\":\"Grazia M\u00e9xico y Latinoam\u00e9rica\",\"description\":\"Grazia es moda, belleza y noticias  de actualidad \",\"potentialAction\":[{\"@type\":\"SearchAction\",\"target\":{\"@type\":\"EntryPoint\",\"urlTemplate\":\"https:\/\/graziamagazine.com\/mx\/?s={search_term_string}\"},\"query-input\":\"required name=search_term_string\"}],\"inLanguage\":\"es-MX\"}]}<\/script>\n<!-- \/ Yoast SEO Premium plugin. -->","yoast_head_json":{"title":"Todo sobre el festejo de Gigi Hadid y sus invitados | Grazia M\u00e9xico y Latinoam\u00e9rica","description":"Gigi festej\u00f3 su cumplea\u00f1os n\u00famero 27 con una cena \u00edntima en Zero Bond, uno de los luagres m\u00e1s \"top\" de Nueva York, rodeada de moda y celebridades.","robots":{"index":"index","follow":"follow","max-snippet":"max-snippet:-1","max-image-preview":"max-image-preview:large","max-video-preview":"max-video-preview:-1"},"canonical":"https:\/\/graziamagazine.com\/mx\/articles\/gigi-hadid-cumple-27-y-nos-demuestra-que-el-encaje-puede-ser-formal\/","og_locale":"es_MX","og_type":"article","og_title":"Todo sobre el festejo de Gigi Hadid y sus invitados","og_description":"Gigi festej\u00f3 su cumplea\u00f1os n\u00famero 27 con una cena \u00edntima en Zero Bond, uno de los luagres m\u00e1s \"top\" de Nueva York, rodeada de moda y celebridades.","og_url":"https:\/\/graziamagazine.com\/mx\/articles\/gigi-hadid-cumple-27-y-nos-demuestra-que-el-encaje-puede-ser-formal\/","og_site_name":"Grazia M\u00e9xico y Latinoam\u00e9rica","article_modified_time":"2022-04-26T16:10:23+00:00","og_image":[{"width":1346,"height":888,"url":"https:\/\/graziamagazine.com\/mx\/wp-content\/uploads\/sites\/13\/2022\/04\/Captura-de-Pantalla-2022-04-25-a-las-16.16.17.png?fit=1346%2C888","type":"image\/png"}],"twitter_card":"summary_large_image","twitter_misc":{"Est. reading time":"4 minutos"},"schema":{"@context":"https:\/\/schema.org","@graph":[{"@type":"WebPage","@id":"https:\/\/graziamagazine.com\/mx\/articles\/gigi-hadid-cumple-27-y-nos-demuestra-que-el-encaje-puede-ser-formal\/","url":"https:\/\/graziamagazine.com\/mx\/articles\/gigi-hadid-cumple-27-y-nos-demuestra-que-el-encaje-puede-ser-formal\/","name":"Todo sobre el festejo de Gigi Hadid y sus invitados | Grazia M\u00e9xico y Latinoam\u00e9rica","isPartOf":{"@id":"https:\/\/graziamagazine.com\/mx\/#website"},"datePublished":"2022-04-25T20:52:33+00:00","dateModified":"2022-04-26T16:10:23+00:00","description":"Gigi festej\u00f3 su cumplea\u00f1os n\u00famero 27 con una cena \u00edntima en Zero Bond, uno de los luagres m\u00e1s \"top\" de Nueva York, rodeada de moda y celebridades.","breadcrumb":{"@id":"https:\/\/graziamagazine.com\/mx\/articles\/gigi-hadid-cumple-27-y-nos-demuestra-que-el-encaje-puede-ser-formal\/#breadcrumb"},"inLanguage":"es-MX","potentialAction":[{"@type":"ReadAction","target":["https:\/\/graziamagazine.com\/mx\/articles\/gigi-hadid-cumple-27-y-nos-demuestra-que-el-encaje-puede-ser-formal\/"]}]},{"@type":"BreadcrumbList","@id":"https:\/\/graziamagazine.com\/mx\/articles\/gigi-hadid-cumple-27-y-nos-demuestra-que-el-encaje-puede-ser-formal\/#breadcrumb","itemListElement":[{"@type":"ListItem","position":1,"name":"Home","item":"https:\/\/graziamagazine.com\/mx\/"},{"@type":"ListItem","position":2,"name":"Todo sobre el festejo de Gigi Hadid y sus invitados"}]},{"@type":"WebSite","@id":"https:\/\/graziamagazine.com\/mx\/#website","url":"https:\/\/graziamagazine.com\/mx\/","name":"Grazia M\u00e9xico y Latinoam\u00e9rica","description":"Grazia es moda, belleza y noticias  de actualidad ","potentialAction":[{"@type":"SearchAction","target":{"@type":"EntryPoint","urlTemplate":"https:\/\/graziamagazine.com\/mx\/?s={search_term_string}"},"query-input":"required name=search_term_string"}],"inLanguage":"es-MX"}]}},"jetpack_sharing_enabled":true,"distributor_meta":false,"distributor_terms":false,"distributor_media":false,"distributor_original_site_name":"Grazia M\u00e9xico y Latinoam\u00e9rica","distributor_original_site_url":"https:\/\/graziamagazine.com\/mx","push-errors":false,"_links":{"self":[{"href":"https:\/\/graziamagazine.com\/mx\/wp-json\/wp\/v2\/articles\/110413"}],"collection":[{"href":"https:\/\/graziamagazine.com\/mx\/wp-json\/wp\/v2\/articles"}],"about":[{"href":"https:\/\/graziamagazine.com\/mx\/wp-json\/wp\/v2\/types\/articles"}],"author":[{"embeddable":true,"href":"https:\/\/graziamagazine.com\/mx\/wp-json\/wp\/v2\/users\/33864"}],"wp:featuredmedia":[{"embeddable":true,"href":"https:\/\/graziamagazine.com\/mx\/wp-json\/wp\/v2\/media\/110415"}],"wp:attachment":[{"href":"https:\/\/graziamagazine.com\/mx\/wp-json\/wp\/v2\/media?parent=110413"}],"wp:term":[{"taxonomy":"category","embeddable":true,"href":"https:\/\/graziamagazine.com\/mx\/wp-json\/wp\/v2\/categories?post=110413"}],"curies":[{"name":"wp","href":"https:\/\/api.w.org\/{rel}","templated":true}]}}