{"id":110247,"date":"2022-04-21T15:27:17","date_gmt":"2022-04-21T20:27:17","guid":{"rendered":"https:\/\/graziamagazine.com\/mx\/?post_type=articles&#038;p=110247"},"modified":"2022-04-22T03:08:24","modified_gmt":"2022-04-22T08:08:24","slug":"saint-laurent-lanza-podcast-con-catherine-deneuve-como-primer-invitada","status":"publish","type":"articles","link":"https:\/\/graziamagazine.com\/mx\/articles\/saint-laurent-lanza-podcast-con-catherine-deneuve-como-primer-invitada\/","title":{"rendered":"Saint Laurent lanza podcast con Catherine Deneuve como primer invitada"},"content":{"rendered":"<p>La maison Saint Laurent ha anunciado su podcast, acertadamente llamado <strong>Saint Laurent Smoking<\/strong>, con la legendaria actriz francesa y musa de Saint Laurent, <strong>Catherine Deneuve <\/strong>popularmente conocida como la &#8220;rubia de hielo&#8221;, como primera invitada. El podcast, disponible tanto en franc\u00e9s como en ingl\u00e9s, invitar\u00e1 a los amigos de la Casa a participar en una discusi\u00f3n sin restricciones sobre varios temas mientras est\u00e1n escondidos en \u201cuna habitaci\u00f3n secreta y llena de humo en la tienda Saint Laurent Rive Droite en Par\u00eds\u201d. \u00bfPor qu\u00e9 deben tomar el tema tan literalmente? Seg\u00fan Saint Laurent, &#8220;la iluminaci\u00f3n tenue permite a los invitados estar completamente desinhibidos y abiertos durante sus intercambios \u00edntimos a medida que abordan cada tema&#8221;.<\/p>\n<p>En el primer episodio, Catherine Deneuve comparte sus pensamientos sobre la moda, la belleza y su relaci\u00f3n con el mismo Yves Saint Laurent mientras reflexiona sobre su ic\u00f3nica carrera.<\/p>\n<p>\u00bfSigues teniendo miedo esc\u00e9nico cuando has estado frente al p\u00fablico y las c\u00e1maras tanto tiempo como lo ha estado Catherine Deneuve? \u201cS\u00ed\u2026 siempre lo he tenido\u201d, revel\u00f3 la actriz francesa en el primer episodio de \u201cSmoking Le Podcast\u201d, una serie lanzada el viernes como parte del centro cultural Saint Laurent Rive Droite. A lo largo de 33 minutos&#8230;<\/p>\n<p>Los invitados en los siguientes episodios incluyen a la cantante <strong>Charlotte Gainsbourg<\/strong>, el director <strong>Gaspar No\u00e9<\/strong> y la supermodelo <strong>Laetitia Casta<\/strong>.\u00a0Saint Laurent Smoking est\u00e1 disponible en todas las plataformas principales.<\/p>\n<p>Definitivamente este podcast nos dar\u00e1 la agenda para conocer a profundidad en un \u00edntimo universo de moda, memorias y sensibles narrativas desde Rive Detroite.<\/p>\n<p><img loading=\"lazy\" decoding=\"async\" class=\"alignnone wp-image-110250 size-large\" src=\"https:\/\/graziamagazine.com\/mx\/wp-content\/uploads\/sites\/13\/2022\/04\/catherine-deneuve.jpeg?w=1024\" alt=\"\" width=\"1024\" height=\"576\" \/><\/p>\n<figure id=\"attachment_110249\" aria-describedby=\"caption-attachment-110249\" style=\"width: 963px\" class=\"wp-caption alignnone\"><img loading=\"lazy\" decoding=\"async\" class=\"wp-image-110249 size-large\" src=\"https:\/\/graziamagazine.com\/mx\/wp-content\/uploads\/sites\/13\/2022\/04\/belledejour2.jpg?w=963\" alt=\"\" width=\"963\" height=\"720\" \/><figcaption id=\"caption-attachment-110249\" class=\"wp-caption-text\">(BELLE DE JOUR) de Luis Bu\u00f1uel 1966. Catherine en total YSL.<\/figcaption><\/figure>\n<p><iframe loading=\"lazy\" title=\"Spotify Embed: SAINT LAURENT SMOKING THE PODCAST\" style=\"border-radius: 12px\" width=\"100%\" height=\"152\" frameborder=\"0\" allowfullscreen allow=\"autoplay; clipboard-write; encrypted-media; fullscreen; picture-in-picture\" src=\"https:\/\/open.spotify.com\/embed\/show\/48J7coL9G90RACICjmvIOz?utm_source=oembed\"><\/iframe><\/p>\n<p>Te puede interesar: El poder de del guardarropa de Catherine Deneuve:\u00a0<a href=\"https:\/\/graziamagazine.com\/mx\/articles\/el-poder-del-guardarropa-catherine-deneuve\/\">https:\/\/graziamagazine.com\/mx\/articles\/el-poder-del-guardarropa-catherine-deneuve\/<\/a><\/p>\n<h3>Deneuve &amp; YSL<\/h3>\n<p>La bell\u00edsima y talentosa Catherine Deneuve (con actualmente 72 a\u00f1os)\u00a0ten\u00eda a penas 22 a\u00f1os cuando conoci\u00f3 a Yves Saint Laurent, sin saber que se convertir\u00eda en una de sus m\u00e1s grandes\u00a0musas. En 1965, ella estaba casada con el famoso fot\u00f3grafo de moda\u00a0David Bailey, y se preparaba para un estreno en el que\u00a0conocer\u00eda a la reina Isabel II, por lo que confi\u00f3 en el dise\u00f1ador para\u00a0vestirla\u00a0para ese gran d\u00eda.<\/p>\n<p>M\u00e1s tarde, la actriz\u00a0le encarg\u00f3 otro vestido\u00a0para un evento de la pel\u00edcula \u201c<em>Les Demoiselles de Rochefort<\/em>\u201d (1967) y despu\u00e9s sugiri\u00f3 que Saint Laurent dise\u00f1ara su\u00a0vestuario\u00a0para la pel\u00edcula\u00a0\u201c<em>Belle du Jour<\/em>\u201d\u00a0(1967) del director naturalizado mexicano\u00a0Luis Bu\u00f1uel, lo que fue el\u00a0inicio de una amistad\u00a0que perdur\u00f3 hasta la muerte del dise\u00f1ador y que sigue\u00a0vigente a trav\u00e9s de su relaci\u00f3n con la firma hom\u00f3nima.<\/p>\n<figure id=\"attachment_110248\" aria-describedby=\"caption-attachment-110248\" style=\"width: 1024px\" class=\"wp-caption alignnone\"><img loading=\"lazy\" decoding=\"async\" class=\"wp-image-110248 size-large\" src=\"https:\/\/graziamagazine.com\/mx\/wp-content\/uploads\/sites\/13\/2022\/04\/f.elconfidencial.com_original_607_712_cf9_607712cf9893243782f3e94566947ccf.jpg?w=1024\" alt=\"\" width=\"1024\" height=\"576\" \/><figcaption id=\"caption-attachment-110248\" class=\"wp-caption-text\">La m\u00edtica dupla.<\/figcaption><\/figure>\n<p>&nbsp;<\/p>\n<p>Fotos: Getty Images<\/p>\n","protected":false},"author":33675,"featured_media":110251,"template":"","format":"standard","categories":[4,10],"acf":[],"yoast_head":"<!-- This site is optimized with the Yoast SEO Premium plugin v18.5 (Yoast SEO v20.4) - https:\/\/yoast.com\/wordpress\/plugins\/seo\/ -->\n<title>Saint Laurent lanza podcast con Catherine Deneuve como primer invitada | Grazia M\u00e9xico y Latinoam\u00e9rica<\/title>\n<meta name=\"description\" content=\"La maison Saint Laurent ha anunciado su podcast, acertadamente llamado Saint Laurent Smoking, con la legendaria actriz francesa y musa de Saint Laurent,\" \/>\n<meta name=\"robots\" content=\"index, follow, max-snippet:-1, max-image-preview:large, max-video-preview:-1\" \/>\n<link rel=\"canonical\" href=\"https:\/\/graziamagazine.com\/mx\/articles\/saint-laurent-lanza-podcast-con-catherine-deneuve-como-primer-invitada\/\" \/>\n<meta property=\"og:locale\" content=\"es_MX\" \/>\n<meta property=\"og:type\" content=\"article\" \/>\n<meta property=\"og:title\" content=\"Saint Laurent lanza podcast con Catherine Deneuve como primer invitada\" \/>\n<meta property=\"og:description\" content=\"La maison Saint Laurent ha anunciado su podcast, acertadamente llamado Saint Laurent Smoking, con la legendaria actriz francesa y musa de Saint Laurent,\" \/>\n<meta property=\"og:url\" content=\"https:\/\/graziamagazine.com\/mx\/articles\/saint-laurent-lanza-podcast-con-catherine-deneuve-como-primer-invitada\/\" \/>\n<meta property=\"og:site_name\" content=\"Grazia M\u00e9xico y Latinoam\u00e9rica\" \/>\n<meta property=\"article:modified_time\" content=\"2022-04-22T08:08:24+00:00\" \/>\n<meta property=\"og:image\" content=\"https:\/\/graziamagazine.com\/mx\/wp-content\/uploads\/sites\/13\/2022\/04\/1200x1200bb.jpg?fit=1200%2C1200\" \/>\n\t<meta property=\"og:image:width\" content=\"1200\" \/>\n\t<meta property=\"og:image:height\" content=\"1200\" \/>\n\t<meta property=\"og:image:type\" content=\"image\/jpeg\" \/>\n<meta name=\"twitter:card\" content=\"summary_large_image\" \/>\n<meta name=\"twitter:label1\" content=\"Est. reading time\" \/>\n\t<meta name=\"twitter:data1\" content=\"2 minutos\" \/>\n<script type=\"application\/ld+json\" class=\"yoast-schema-graph\">{\"@context\":\"https:\/\/schema.org\",\"@graph\":[{\"@type\":\"WebPage\",\"@id\":\"https:\/\/graziamagazine.com\/mx\/articles\/saint-laurent-lanza-podcast-con-catherine-deneuve-como-primer-invitada\/\",\"url\":\"https:\/\/graziamagazine.com\/mx\/articles\/saint-laurent-lanza-podcast-con-catherine-deneuve-como-primer-invitada\/\",\"name\":\"Saint Laurent lanza podcast con Catherine Deneuve como primer invitada | Grazia M\u00e9xico y Latinoam\u00e9rica\",\"isPartOf\":{\"@id\":\"https:\/\/graziamagazine.com\/mx\/#website\"},\"datePublished\":\"2022-04-21T20:27:17+00:00\",\"dateModified\":\"2022-04-22T08:08:24+00:00\",\"description\":\"La maison Saint Laurent ha anunciado su podcast, acertadamente llamado Saint Laurent Smoking, con la legendaria actriz francesa y musa de Saint Laurent,\",\"breadcrumb\":{\"@id\":\"https:\/\/graziamagazine.com\/mx\/articles\/saint-laurent-lanza-podcast-con-catherine-deneuve-como-primer-invitada\/#breadcrumb\"},\"inLanguage\":\"es-MX\",\"potentialAction\":[{\"@type\":\"ReadAction\",\"target\":[\"https:\/\/graziamagazine.com\/mx\/articles\/saint-laurent-lanza-podcast-con-catherine-deneuve-como-primer-invitada\/\"]}]},{\"@type\":\"BreadcrumbList\",\"@id\":\"https:\/\/graziamagazine.com\/mx\/articles\/saint-laurent-lanza-podcast-con-catherine-deneuve-como-primer-invitada\/#breadcrumb\",\"itemListElement\":[{\"@type\":\"ListItem\",\"position\":1,\"name\":\"Home\",\"item\":\"https:\/\/graziamagazine.com\/mx\/\"},{\"@type\":\"ListItem\",\"position\":2,\"name\":\"Saint Laurent lanza podcast con Catherine Deneuve como primer invitada\"}]},{\"@type\":\"WebSite\",\"@id\":\"https:\/\/graziamagazine.com\/mx\/#website\",\"url\":\"https:\/\/graziamagazine.com\/mx\/\",\"name\":\"Grazia M\u00e9xico y Latinoam\u00e9rica\",\"description\":\"Grazia es moda, belleza y noticias  de actualidad \",\"potentialAction\":[{\"@type\":\"SearchAction\",\"target\":{\"@type\":\"EntryPoint\",\"urlTemplate\":\"https:\/\/graziamagazine.com\/mx\/?s={search_term_string}\"},\"query-input\":\"required name=search_term_string\"}],\"inLanguage\":\"es-MX\"}]}<\/script>\n<!-- \/ Yoast SEO Premium plugin. -->","yoast_head_json":{"title":"Saint Laurent lanza podcast con Catherine Deneuve como primer invitada | Grazia M\u00e9xico y Latinoam\u00e9rica","description":"La maison Saint Laurent ha anunciado su podcast, acertadamente llamado Saint Laurent Smoking, con la legendaria actriz francesa y musa de Saint Laurent,","robots":{"index":"index","follow":"follow","max-snippet":"max-snippet:-1","max-image-preview":"max-image-preview:large","max-video-preview":"max-video-preview:-1"},"canonical":"https:\/\/graziamagazine.com\/mx\/articles\/saint-laurent-lanza-podcast-con-catherine-deneuve-como-primer-invitada\/","og_locale":"es_MX","og_type":"article","og_title":"Saint Laurent lanza podcast con Catherine Deneuve como primer invitada","og_description":"La maison Saint Laurent ha anunciado su podcast, acertadamente llamado Saint Laurent Smoking, con la legendaria actriz francesa y musa de Saint Laurent,","og_url":"https:\/\/graziamagazine.com\/mx\/articles\/saint-laurent-lanza-podcast-con-catherine-deneuve-como-primer-invitada\/","og_site_name":"Grazia M\u00e9xico y Latinoam\u00e9rica","article_modified_time":"2022-04-22T08:08:24+00:00","og_image":[{"width":1200,"height":1200,"url":"https:\/\/graziamagazine.com\/mx\/wp-content\/uploads\/sites\/13\/2022\/04\/1200x1200bb.jpg?fit=1200%2C1200","type":"image\/jpeg"}],"twitter_card":"summary_large_image","twitter_misc":{"Est. reading time":"2 minutos"},"schema":{"@context":"https:\/\/schema.org","@graph":[{"@type":"WebPage","@id":"https:\/\/graziamagazine.com\/mx\/articles\/saint-laurent-lanza-podcast-con-catherine-deneuve-como-primer-invitada\/","url":"https:\/\/graziamagazine.com\/mx\/articles\/saint-laurent-lanza-podcast-con-catherine-deneuve-como-primer-invitada\/","name":"Saint Laurent lanza podcast con Catherine Deneuve como primer invitada | Grazia M\u00e9xico y Latinoam\u00e9rica","isPartOf":{"@id":"https:\/\/graziamagazine.com\/mx\/#website"},"datePublished":"2022-04-21T20:27:17+00:00","dateModified":"2022-04-22T08:08:24+00:00","description":"La maison Saint Laurent ha anunciado su podcast, acertadamente llamado Saint Laurent Smoking, con la legendaria actriz francesa y musa de Saint Laurent,","breadcrumb":{"@id":"https:\/\/graziamagazine.com\/mx\/articles\/saint-laurent-lanza-podcast-con-catherine-deneuve-como-primer-invitada\/#breadcrumb"},"inLanguage":"es-MX","potentialAction":[{"@type":"ReadAction","target":["https:\/\/graziamagazine.com\/mx\/articles\/saint-laurent-lanza-podcast-con-catherine-deneuve-como-primer-invitada\/"]}]},{"@type":"BreadcrumbList","@id":"https:\/\/graziamagazine.com\/mx\/articles\/saint-laurent-lanza-podcast-con-catherine-deneuve-como-primer-invitada\/#breadcrumb","itemListElement":[{"@type":"ListItem","position":1,"name":"Home","item":"https:\/\/graziamagazine.com\/mx\/"},{"@type":"ListItem","position":2,"name":"Saint Laurent lanza podcast con Catherine Deneuve como primer invitada"}]},{"@type":"WebSite","@id":"https:\/\/graziamagazine.com\/mx\/#website","url":"https:\/\/graziamagazine.com\/mx\/","name":"Grazia M\u00e9xico y Latinoam\u00e9rica","description":"Grazia es moda, belleza y noticias  de actualidad ","potentialAction":[{"@type":"SearchAction","target":{"@type":"EntryPoint","urlTemplate":"https:\/\/graziamagazine.com\/mx\/?s={search_term_string}"},"query-input":"required name=search_term_string"}],"inLanguage":"es-MX"}]}},"jetpack_sharing_enabled":true,"distributor_meta":false,"distributor_terms":false,"distributor_media":false,"distributor_original_site_name":"Grazia M\u00e9xico y Latinoam\u00e9rica","distributor_original_site_url":"https:\/\/graziamagazine.com\/mx","push-errors":false,"_links":{"self":[{"href":"https:\/\/graziamagazine.com\/mx\/wp-json\/wp\/v2\/articles\/110247"}],"collection":[{"href":"https:\/\/graziamagazine.com\/mx\/wp-json\/wp\/v2\/articles"}],"about":[{"href":"https:\/\/graziamagazine.com\/mx\/wp-json\/wp\/v2\/types\/articles"}],"author":[{"embeddable":true,"href":"https:\/\/graziamagazine.com\/mx\/wp-json\/wp\/v2\/users\/33675"}],"wp:featuredmedia":[{"embeddable":true,"href":"https:\/\/graziamagazine.com\/mx\/wp-json\/wp\/v2\/media\/110251"}],"wp:attachment":[{"href":"https:\/\/graziamagazine.com\/mx\/wp-json\/wp\/v2\/media?parent=110247"}],"wp:term":[{"taxonomy":"category","embeddable":true,"href":"https:\/\/graziamagazine.com\/mx\/wp-json\/wp\/v2\/categories?post=110247"}],"curies":[{"name":"wp","href":"https:\/\/api.w.org\/{rel}","templated":true}]}}