{"id":110025,"date":"2022-04-18T22:14:36","date_gmt":"2022-04-19T03:14:36","guid":{"rendered":"https:\/\/graziamagazine.com\/mx\/?post_type=articles&#038;p=110025"},"modified":"2022-04-21T15:18:36","modified_gmt":"2022-04-21T20:18:36","slug":"billie-eilish-hace-vibrar-coachella-en-psny-x-nike-air-force-1s","status":"publish","type":"articles","link":"https:\/\/graziamagazine.com\/mx\/articles\/billie-eilish-hace-vibrar-coachella-en-psny-x-nike-air-force-1s\/","title":{"rendered":"Billie Eilish hace vibrar Coachella en PSNY x Nike Air Force 1s"},"content":{"rendered":"<p>La talentosa Billie Eilish hizo historia el s\u00e1bado por la noche cuando subi\u00f3 al escenario de Coachella, convirti\u00e9ndose en la cabeza de cartel m\u00e1s joven del festival de m\u00fasica, y ten\u00eda una colaboraci\u00f3n con Nike de alto nivel para la actuaci\u00f3n.<\/p>\n<p>Eilish, de a penas 20 a\u00f1os, subi\u00f3 al escenario de Coachella en Indio, California, con un par de PSNY x Nike Air Force 1 en blanco. Con esta colaboraci\u00f3n, seg\u00fan Nike, Dao-Yi Chow y Maxwell Osborne de Public School crearon un look despu\u00e9s de cuatro horas de engrapado y pegado que combinaba piezas de versiones blancas Low, Mid y High de los ic\u00f3nicos sneakers.<\/p>\n<p>Este PSNY x Nike Air Force 1, que se cre\u00f3 para celebrar el 35 aniversario de la silueta, lleg\u00f3 en septiembre de 2018.<\/p>\n<p>Aunque no est\u00e1 disponible al por menor, ahora hay varios pares en el mercado de reventa.\u00a0En StockX, por ejemplo, los\u00a0precios oscilan entre $190 y $1,000 d\u00f3lares\u00a0, dependiendo del tama\u00f1o.\u00a0Y en GOAT, los tenis te costar\u00e1n entre $175 y $750\u00a0.<\/p>\n<p><img loading=\"lazy\" decoding=\"async\" class=\"alignnone size-medium wp-image-110045\" src=\"https:\/\/graziamagazine.com\/mx\/wp-content\/uploads\/sites\/13\/2022\/04\/4c12c9f755c4a49b71312c96f6cb286e.jpg?w=300\" alt=\"\" width=\"300\" height=\"450\" \/><\/p>\n<h3>Eilish y Nike<\/h3>\n<p>La cantante de &#8220;Bad Guy&#8221; es colaboradora de las marcas Nike y Jordan, y se gan\u00f3 la atenci\u00f3n de los fan\u00e1ticos de sneakers de todo el mundo con sus audaces y monocrom\u00e1ticas versiones de las Air Jordan 1 KO\u00a0y las\u00a0Air Jordan 15.\u00a0, que se lanzaron en 2021. Para las Air Jordan 1 KO, Eilish visti\u00f3 el calzado con un llamativo color verde y emple\u00f3 un tono marr\u00f3n claro para el Air Jordan 15.<\/p>\n<p>Para su \u00faltima colaboraci\u00f3n, Eilish y Nike se unieron para crear\u00a0el Air Force 1 &#8220;Mushroom&#8221;.\u00a0El look se ejecuta con partes superiores monocrom\u00e1ticas de color marr\u00f3n claro que se construyen con un material de nubuck sint\u00e9tico construido a partir de contenido reciclado.\u00a0Tambi\u00e9n cuenta con cinco correas en la parte media del pie adem\u00e1s de la configuraci\u00f3n de cordones tradicional, una entresuela Nike Grind hecha con materiales reutilizados y suelas de goma.<\/p>\n<p>El \u201cMushroom\u201d de Billie Eilish x Nike Air Force 1 se lanzar\u00e1 en Store.billieeilish.com el 24 de abril\u00a0<span class=\"css-901oao css-16my406 r-poiln3 r-bcqeeo r-qvutc0\">y en la aplicaci\u00f3n SNKRS el 25 de abril. Se vender\u00e1 al por menor por $170 d\u00f3lares.<\/span><\/p>\n<p><img loading=\"lazy\" decoding=\"async\" class=\"alignnone size-medium wp-image-110046\" src=\"https:\/\/graziamagazine.com\/mx\/wp-content\/uploads\/sites\/13\/2022\/04\/Billie-Eilish-Nike-Air-Force-1-High-Mushroom-2.jpg?w=450\" alt=\"\" width=\"450\" height=\"450\" \/><\/p>\n","protected":false},"author":33675,"featured_media":110044,"template":"","format":"standard","categories":[4],"acf":[],"yoast_head":"<!-- This site is optimized with the Yoast SEO Premium plugin v18.5 (Yoast SEO v20.4) - https:\/\/yoast.com\/wordpress\/plugins\/seo\/ -->\n<title>Billie Eilish hace vibrar Coachella en PSNY x Nike Air Force 1s | Grazia M\u00e9xico y Latinoam\u00e9rica<\/title>\n<meta name=\"description\" content=\"La talentosa Billie Eilish hizo historia el s\u00e1bado por la noche cuando subi\u00f3 al escenario de Coachella, convirti\u00e9ndose en la cabeza de cartel m\u00e1s joven\" \/>\n<meta name=\"robots\" content=\"index, follow, max-snippet:-1, max-image-preview:large, max-video-preview:-1\" \/>\n<link rel=\"canonical\" href=\"https:\/\/graziamagazine.com\/mx\/articles\/billie-eilish-hace-vibrar-coachella-en-psny-x-nike-air-force-1s\/\" \/>\n<meta property=\"og:locale\" content=\"es_MX\" \/>\n<meta property=\"og:type\" content=\"article\" \/>\n<meta property=\"og:title\" content=\"Billie Eilish hace vibrar Coachella en PSNY x Nike Air Force 1s\" \/>\n<meta property=\"og:description\" content=\"La talentosa Billie Eilish hizo historia el s\u00e1bado por la noche cuando subi\u00f3 al escenario de Coachella, convirti\u00e9ndose en la cabeza de cartel m\u00e1s joven\" \/>\n<meta property=\"og:url\" content=\"https:\/\/graziamagazine.com\/mx\/articles\/billie-eilish-hace-vibrar-coachella-en-psny-x-nike-air-force-1s\/\" \/>\n<meta property=\"og:site_name\" content=\"Grazia M\u00e9xico y Latinoam\u00e9rica\" \/>\n<meta property=\"article:modified_time\" content=\"2022-04-21T20:18:36+00:00\" \/>\n<meta property=\"og:image\" content=\"https:\/\/graziamagazine.com\/mx\/wp-content\/uploads\/sites\/13\/2022\/04\/NMFMSXEJ6JG2NGSIYUAQZB5ICI.jpg?fit=1023%2C682\" \/>\n\t<meta property=\"og:image:width\" content=\"1023\" \/>\n\t<meta property=\"og:image:height\" content=\"682\" \/>\n\t<meta property=\"og:image:type\" content=\"image\/jpeg\" \/>\n<meta name=\"twitter:card\" content=\"summary_large_image\" \/>\n<meta name=\"twitter:label1\" content=\"Est. reading time\" \/>\n\t<meta name=\"twitter:data1\" content=\"2 minutos\" \/>\n<script type=\"application\/ld+json\" class=\"yoast-schema-graph\">{\"@context\":\"https:\/\/schema.org\",\"@graph\":[{\"@type\":\"WebPage\",\"@id\":\"https:\/\/graziamagazine.com\/mx\/articles\/billie-eilish-hace-vibrar-coachella-en-psny-x-nike-air-force-1s\/\",\"url\":\"https:\/\/graziamagazine.com\/mx\/articles\/billie-eilish-hace-vibrar-coachella-en-psny-x-nike-air-force-1s\/\",\"name\":\"Billie Eilish hace vibrar Coachella en PSNY x Nike Air Force 1s | Grazia M\u00e9xico y Latinoam\u00e9rica\",\"isPartOf\":{\"@id\":\"https:\/\/graziamagazine.com\/mx\/#website\"},\"datePublished\":\"2022-04-19T03:14:36+00:00\",\"dateModified\":\"2022-04-21T20:18:36+00:00\",\"description\":\"La talentosa Billie Eilish hizo historia el s\u00e1bado por la noche cuando subi\u00f3 al escenario de Coachella, convirti\u00e9ndose en la cabeza de cartel m\u00e1s joven\",\"breadcrumb\":{\"@id\":\"https:\/\/graziamagazine.com\/mx\/articles\/billie-eilish-hace-vibrar-coachella-en-psny-x-nike-air-force-1s\/#breadcrumb\"},\"inLanguage\":\"es-MX\",\"potentialAction\":[{\"@type\":\"ReadAction\",\"target\":[\"https:\/\/graziamagazine.com\/mx\/articles\/billie-eilish-hace-vibrar-coachella-en-psny-x-nike-air-force-1s\/\"]}]},{\"@type\":\"BreadcrumbList\",\"@id\":\"https:\/\/graziamagazine.com\/mx\/articles\/billie-eilish-hace-vibrar-coachella-en-psny-x-nike-air-force-1s\/#breadcrumb\",\"itemListElement\":[{\"@type\":\"ListItem\",\"position\":1,\"name\":\"Home\",\"item\":\"https:\/\/graziamagazine.com\/mx\/\"},{\"@type\":\"ListItem\",\"position\":2,\"name\":\"Billie Eilish hace vibrar Coachella en PSNY x Nike Air Force 1s\"}]},{\"@type\":\"WebSite\",\"@id\":\"https:\/\/graziamagazine.com\/mx\/#website\",\"url\":\"https:\/\/graziamagazine.com\/mx\/\",\"name\":\"Grazia M\u00e9xico y Latinoam\u00e9rica\",\"description\":\"Grazia es moda, belleza y noticias  de actualidad \",\"potentialAction\":[{\"@type\":\"SearchAction\",\"target\":{\"@type\":\"EntryPoint\",\"urlTemplate\":\"https:\/\/graziamagazine.com\/mx\/?s={search_term_string}\"},\"query-input\":\"required name=search_term_string\"}],\"inLanguage\":\"es-MX\"}]}<\/script>\n<!-- \/ Yoast SEO Premium plugin. -->","yoast_head_json":{"title":"Billie Eilish hace vibrar Coachella en PSNY x Nike Air Force 1s | Grazia M\u00e9xico y Latinoam\u00e9rica","description":"La talentosa Billie Eilish hizo historia el s\u00e1bado por la noche cuando subi\u00f3 al escenario de Coachella, convirti\u00e9ndose en la cabeza de cartel m\u00e1s joven","robots":{"index":"index","follow":"follow","max-snippet":"max-snippet:-1","max-image-preview":"max-image-preview:large","max-video-preview":"max-video-preview:-1"},"canonical":"https:\/\/graziamagazine.com\/mx\/articles\/billie-eilish-hace-vibrar-coachella-en-psny-x-nike-air-force-1s\/","og_locale":"es_MX","og_type":"article","og_title":"Billie Eilish hace vibrar Coachella en PSNY x Nike Air Force 1s","og_description":"La talentosa Billie Eilish hizo historia el s\u00e1bado por la noche cuando subi\u00f3 al escenario de Coachella, convirti\u00e9ndose en la cabeza de cartel m\u00e1s joven","og_url":"https:\/\/graziamagazine.com\/mx\/articles\/billie-eilish-hace-vibrar-coachella-en-psny-x-nike-air-force-1s\/","og_site_name":"Grazia M\u00e9xico y Latinoam\u00e9rica","article_modified_time":"2022-04-21T20:18:36+00:00","og_image":[{"width":1023,"height":682,"url":"https:\/\/graziamagazine.com\/mx\/wp-content\/uploads\/sites\/13\/2022\/04\/NMFMSXEJ6JG2NGSIYUAQZB5ICI.jpg?fit=1023%2C682","type":"image\/jpeg"}],"twitter_card":"summary_large_image","twitter_misc":{"Est. reading time":"2 minutos"},"schema":{"@context":"https:\/\/schema.org","@graph":[{"@type":"WebPage","@id":"https:\/\/graziamagazine.com\/mx\/articles\/billie-eilish-hace-vibrar-coachella-en-psny-x-nike-air-force-1s\/","url":"https:\/\/graziamagazine.com\/mx\/articles\/billie-eilish-hace-vibrar-coachella-en-psny-x-nike-air-force-1s\/","name":"Billie Eilish hace vibrar Coachella en PSNY x Nike Air Force 1s | Grazia M\u00e9xico y Latinoam\u00e9rica","isPartOf":{"@id":"https:\/\/graziamagazine.com\/mx\/#website"},"datePublished":"2022-04-19T03:14:36+00:00","dateModified":"2022-04-21T20:18:36+00:00","description":"La talentosa Billie Eilish hizo historia el s\u00e1bado por la noche cuando subi\u00f3 al escenario de Coachella, convirti\u00e9ndose en la cabeza de cartel m\u00e1s joven","breadcrumb":{"@id":"https:\/\/graziamagazine.com\/mx\/articles\/billie-eilish-hace-vibrar-coachella-en-psny-x-nike-air-force-1s\/#breadcrumb"},"inLanguage":"es-MX","potentialAction":[{"@type":"ReadAction","target":["https:\/\/graziamagazine.com\/mx\/articles\/billie-eilish-hace-vibrar-coachella-en-psny-x-nike-air-force-1s\/"]}]},{"@type":"BreadcrumbList","@id":"https:\/\/graziamagazine.com\/mx\/articles\/billie-eilish-hace-vibrar-coachella-en-psny-x-nike-air-force-1s\/#breadcrumb","itemListElement":[{"@type":"ListItem","position":1,"name":"Home","item":"https:\/\/graziamagazine.com\/mx\/"},{"@type":"ListItem","position":2,"name":"Billie Eilish hace vibrar Coachella en PSNY x Nike Air Force 1s"}]},{"@type":"WebSite","@id":"https:\/\/graziamagazine.com\/mx\/#website","url":"https:\/\/graziamagazine.com\/mx\/","name":"Grazia M\u00e9xico y Latinoam\u00e9rica","description":"Grazia es moda, belleza y noticias  de actualidad ","potentialAction":[{"@type":"SearchAction","target":{"@type":"EntryPoint","urlTemplate":"https:\/\/graziamagazine.com\/mx\/?s={search_term_string}"},"query-input":"required name=search_term_string"}],"inLanguage":"es-MX"}]}},"jetpack_sharing_enabled":true,"distributor_meta":false,"distributor_terms":false,"distributor_media":false,"distributor_original_site_name":"Grazia M\u00e9xico y Latinoam\u00e9rica","distributor_original_site_url":"https:\/\/graziamagazine.com\/mx","push-errors":false,"_links":{"self":[{"href":"https:\/\/graziamagazine.com\/mx\/wp-json\/wp\/v2\/articles\/110025"}],"collection":[{"href":"https:\/\/graziamagazine.com\/mx\/wp-json\/wp\/v2\/articles"}],"about":[{"href":"https:\/\/graziamagazine.com\/mx\/wp-json\/wp\/v2\/types\/articles"}],"author":[{"embeddable":true,"href":"https:\/\/graziamagazine.com\/mx\/wp-json\/wp\/v2\/users\/33675"}],"wp:featuredmedia":[{"embeddable":true,"href":"https:\/\/graziamagazine.com\/mx\/wp-json\/wp\/v2\/media\/110044"}],"wp:attachment":[{"href":"https:\/\/graziamagazine.com\/mx\/wp-json\/wp\/v2\/media?parent=110025"}],"wp:term":[{"taxonomy":"category","embeddable":true,"href":"https:\/\/graziamagazine.com\/mx\/wp-json\/wp\/v2\/categories?post=110025"}],"curies":[{"name":"wp","href":"https:\/\/api.w.org\/{rel}","templated":true}]}}