{"id":109893,"date":"2022-04-15T16:00:31","date_gmt":"2022-04-15T21:00:31","guid":{"rendered":"https:\/\/graziamagazine.com\/mx\/?post_type=articles&#038;p=109893"},"modified":"2022-04-21T15:30:07","modified_gmt":"2022-04-21T20:30:07","slug":"pelo-seco-te-damos-las-claves-para-hidratarlo","status":"publish","type":"articles","link":"https:\/\/graziamagazine.com\/mx\/articles\/pelo-seco-te-damos-las-claves-para-hidratarlo\/","title":{"rendered":"\u00bfPelo seco? Te damos las claves para hidratarlo"},"content":{"rendered":"<p>El pelo seco se puede dar por diversos factores, dentro de ellos: decoloraci\u00f3n, abusar de las herramental de calor, no cortar cada tres meses las puntas de tu cabello, entre otros factores.\u00a0Resulta primordial tomar acci\u00f3n e ir hidratando tu cabello, de lo contrario cada vez puede tornarse a\u00fan m\u00e1s maltratado y deshidratado. Por ello y m\u00e1s te damos las claves para hidratarlo:<\/p>\n<h3>Alejate del agua caliente<\/h3>\n<p>Sabemos que amas ba\u00f1arte con agua caliente, pero tenemos malas noticias para ti, el agua caliente es muy mala para el cuero cabelludo porque no solo lo deshidrata, sino que tambi\u00e9n se rompen las fibras capilares y lleg\u00e1 el famoso quiebre, lo ideal es ba\u00f1arte con agua fr\u00eda, de esta manera activar\u00e1s la circulaci\u00f3n de tu cuero cabelludo y tu pelo crecer\u00e1 a\u00fan m\u00e1s fuerte.<\/p>\n<h3>EVITA EL CEPILLADO DESPU\u00c9S DE BA\u00d1ARTE<\/h3>\n<p>Despu\u00e9s del ba\u00f1o es cuando tu cabello se encuentra m\u00e1s d\u00e9bil y lo m\u00e1s importante es que no lo peines desde la ra\u00edz, ya que propiciar\u00e1s el quiebre. Para evitarlo, lo que tienes que hacer es comenzar a cepillar de las puntas para arriba, de esta manera evitar\u00e1s que se rompa o caiga con mayor frecuencia. Y si eres de muchos nudos, ay\u00fadate con una crema para peinar, cr\u00e9enos este ultimo paso har\u00e1 la diferencia en cuanto a hidrataci\u00f3n se refiere.<\/p>\n<h3>sI A LOS TRATAMIENTOS DE HIDRATACI\u00d3N<\/h3>\n<p>Conseguir un cabello completamente saludable e hidratado es m\u00e1s f\u00e1cil si usas mascarillas de hidrataci\u00f3n al menos dos veces por semana, de esta manera evitar\u00e1s que las puntas de tu cabello se abran con facilidad, adem\u00e1s de mantener tu pelo siempre hidratado. Recuerda que no importa que tipo de cabello tengas, siempre existir\u00e1 una opci\u00f3n dependiendo tu pelo y necesidad a tratar. Puedes optar porque las mascarillas contengan activos hidratantes como: aguacate, almendras, y ahora hasta la nueva opci\u00f3n para ti, mascarillas con \u00e1cido hialur\u00f3nico que dejaran tu pelo m\u00e1s hidratado desde la ra\u00edz, hasta la punta.<\/p>\n<h3>PELO hidratado= Tomar m\u00e1s agua<\/h3>\n<p>\u00bfSab\u00edas qu\u00e9 si tomas agua tendr\u00e1s el pelo m\u00e1s hidratado que nunca? Lo ideal es tomar al menos dos litros de agua al d\u00eda, de esta manera estar\u00e1s gozando de todos los beneficios que el agua puede brindarte.<\/p>\n<p>&nbsp;<\/p>\n<p>&nbsp;<\/p>\n","protected":false},"author":11625,"featured_media":109924,"template":"","format":"standard","categories":[3],"acf":[],"yoast_head":"<!-- This site is optimized with the Yoast SEO Premium plugin v18.5 (Yoast SEO v20.4) - https:\/\/yoast.com\/wordpress\/plugins\/seo\/ -->\n<title>\u00bfPelo seco? Te damos las claves para hidratarlo | Grazia M\u00e9xico y Latinoam\u00e9rica<\/title>\n<meta name=\"description\" content=\"El pelo seco puede surgir por diversos factores, es por ello que es importante tomar en cuenta algunos consejos para prevenirlo, toma nota:\" \/>\n<meta name=\"robots\" content=\"index, follow, max-snippet:-1, max-image-preview:large, max-video-preview:-1\" \/>\n<link rel=\"canonical\" href=\"https:\/\/graziamagazine.com\/mx\/articles\/pelo-seco-te-damos-las-claves-para-hidratarlo\/\" \/>\n<meta property=\"og:locale\" content=\"es_MX\" \/>\n<meta property=\"og:type\" content=\"article\" \/>\n<meta property=\"og:title\" content=\"\u00bfPelo seco? Te damos las claves para hidratarlo\" \/>\n<meta property=\"og:description\" content=\"El pelo seco puede surgir por diversos factores, es por ello que es importante tomar en cuenta algunos consejos para prevenirlo, toma nota:\" \/>\n<meta property=\"og:url\" content=\"https:\/\/graziamagazine.com\/mx\/articles\/pelo-seco-te-damos-las-claves-para-hidratarlo\/\" \/>\n<meta property=\"og:site_name\" content=\"Grazia M\u00e9xico y Latinoam\u00e9rica\" \/>\n<meta property=\"article:modified_time\" content=\"2022-04-21T20:30:07+00:00\" \/>\n<meta property=\"og:image\" content=\"https:\/\/graziamagazine.com\/mx\/wp-content\/uploads\/sites\/13\/2022\/04\/pelo.jpg?fit=745%2C745\" \/>\n\t<meta property=\"og:image:width\" content=\"745\" \/>\n\t<meta property=\"og:image:height\" content=\"745\" \/>\n\t<meta property=\"og:image:type\" content=\"image\/jpeg\" \/>\n<meta name=\"twitter:card\" content=\"summary_large_image\" \/>\n<meta name=\"twitter:label1\" content=\"Est. reading time\" \/>\n\t<meta name=\"twitter:data1\" content=\"2 minutos\" \/>\n<script type=\"application\/ld+json\" class=\"yoast-schema-graph\">{\"@context\":\"https:\/\/schema.org\",\"@graph\":[{\"@type\":\"WebPage\",\"@id\":\"https:\/\/graziamagazine.com\/mx\/articles\/pelo-seco-te-damos-las-claves-para-hidratarlo\/\",\"url\":\"https:\/\/graziamagazine.com\/mx\/articles\/pelo-seco-te-damos-las-claves-para-hidratarlo\/\",\"name\":\"\u00bfPelo seco? Te damos las claves para hidratarlo | Grazia M\u00e9xico y Latinoam\u00e9rica\",\"isPartOf\":{\"@id\":\"https:\/\/graziamagazine.com\/mx\/#website\"},\"datePublished\":\"2022-04-15T21:00:31+00:00\",\"dateModified\":\"2022-04-21T20:30:07+00:00\",\"description\":\"El pelo seco puede surgir por diversos factores, es por ello que es importante tomar en cuenta algunos consejos para prevenirlo, toma nota:\",\"breadcrumb\":{\"@id\":\"https:\/\/graziamagazine.com\/mx\/articles\/pelo-seco-te-damos-las-claves-para-hidratarlo\/#breadcrumb\"},\"inLanguage\":\"es-MX\",\"potentialAction\":[{\"@type\":\"ReadAction\",\"target\":[\"https:\/\/graziamagazine.com\/mx\/articles\/pelo-seco-te-damos-las-claves-para-hidratarlo\/\"]}]},{\"@type\":\"BreadcrumbList\",\"@id\":\"https:\/\/graziamagazine.com\/mx\/articles\/pelo-seco-te-damos-las-claves-para-hidratarlo\/#breadcrumb\",\"itemListElement\":[{\"@type\":\"ListItem\",\"position\":1,\"name\":\"Home\",\"item\":\"https:\/\/graziamagazine.com\/mx\/\"},{\"@type\":\"ListItem\",\"position\":2,\"name\":\"\u00bfPelo seco? Te damos las claves para hidratarlo\"}]},{\"@type\":\"WebSite\",\"@id\":\"https:\/\/graziamagazine.com\/mx\/#website\",\"url\":\"https:\/\/graziamagazine.com\/mx\/\",\"name\":\"Grazia M\u00e9xico y Latinoam\u00e9rica\",\"description\":\"Grazia es moda, belleza y noticias  de actualidad \",\"potentialAction\":[{\"@type\":\"SearchAction\",\"target\":{\"@type\":\"EntryPoint\",\"urlTemplate\":\"https:\/\/graziamagazine.com\/mx\/?s={search_term_string}\"},\"query-input\":\"required name=search_term_string\"}],\"inLanguage\":\"es-MX\"}]}<\/script>\n<!-- \/ Yoast SEO Premium plugin. -->","yoast_head_json":{"title":"\u00bfPelo seco? Te damos las claves para hidratarlo | Grazia M\u00e9xico y Latinoam\u00e9rica","description":"El pelo seco puede surgir por diversos factores, es por ello que es importante tomar en cuenta algunos consejos para prevenirlo, toma nota:","robots":{"index":"index","follow":"follow","max-snippet":"max-snippet:-1","max-image-preview":"max-image-preview:large","max-video-preview":"max-video-preview:-1"},"canonical":"https:\/\/graziamagazine.com\/mx\/articles\/pelo-seco-te-damos-las-claves-para-hidratarlo\/","og_locale":"es_MX","og_type":"article","og_title":"\u00bfPelo seco? Te damos las claves para hidratarlo","og_description":"El pelo seco puede surgir por diversos factores, es por ello que es importante tomar en cuenta algunos consejos para prevenirlo, toma nota:","og_url":"https:\/\/graziamagazine.com\/mx\/articles\/pelo-seco-te-damos-las-claves-para-hidratarlo\/","og_site_name":"Grazia M\u00e9xico y Latinoam\u00e9rica","article_modified_time":"2022-04-21T20:30:07+00:00","og_image":[{"width":745,"height":745,"url":"https:\/\/graziamagazine.com\/mx\/wp-content\/uploads\/sites\/13\/2022\/04\/pelo.jpg?fit=745%2C745","type":"image\/jpeg"}],"twitter_card":"summary_large_image","twitter_misc":{"Est. reading time":"2 minutos"},"schema":{"@context":"https:\/\/schema.org","@graph":[{"@type":"WebPage","@id":"https:\/\/graziamagazine.com\/mx\/articles\/pelo-seco-te-damos-las-claves-para-hidratarlo\/","url":"https:\/\/graziamagazine.com\/mx\/articles\/pelo-seco-te-damos-las-claves-para-hidratarlo\/","name":"\u00bfPelo seco? Te damos las claves para hidratarlo | Grazia M\u00e9xico y Latinoam\u00e9rica","isPartOf":{"@id":"https:\/\/graziamagazine.com\/mx\/#website"},"datePublished":"2022-04-15T21:00:31+00:00","dateModified":"2022-04-21T20:30:07+00:00","description":"El pelo seco puede surgir por diversos factores, es por ello que es importante tomar en cuenta algunos consejos para prevenirlo, toma nota:","breadcrumb":{"@id":"https:\/\/graziamagazine.com\/mx\/articles\/pelo-seco-te-damos-las-claves-para-hidratarlo\/#breadcrumb"},"inLanguage":"es-MX","potentialAction":[{"@type":"ReadAction","target":["https:\/\/graziamagazine.com\/mx\/articles\/pelo-seco-te-damos-las-claves-para-hidratarlo\/"]}]},{"@type":"BreadcrumbList","@id":"https:\/\/graziamagazine.com\/mx\/articles\/pelo-seco-te-damos-las-claves-para-hidratarlo\/#breadcrumb","itemListElement":[{"@type":"ListItem","position":1,"name":"Home","item":"https:\/\/graziamagazine.com\/mx\/"},{"@type":"ListItem","position":2,"name":"\u00bfPelo seco? Te damos las claves para hidratarlo"}]},{"@type":"WebSite","@id":"https:\/\/graziamagazine.com\/mx\/#website","url":"https:\/\/graziamagazine.com\/mx\/","name":"Grazia M\u00e9xico y Latinoam\u00e9rica","description":"Grazia es moda, belleza y noticias  de actualidad ","potentialAction":[{"@type":"SearchAction","target":{"@type":"EntryPoint","urlTemplate":"https:\/\/graziamagazine.com\/mx\/?s={search_term_string}"},"query-input":"required name=search_term_string"}],"inLanguage":"es-MX"}]}},"jetpack_sharing_enabled":true,"distributor_meta":false,"distributor_terms":false,"distributor_media":false,"distributor_original_site_name":"Grazia M\u00e9xico y Latinoam\u00e9rica","distributor_original_site_url":"https:\/\/graziamagazine.com\/mx","push-errors":false,"_links":{"self":[{"href":"https:\/\/graziamagazine.com\/mx\/wp-json\/wp\/v2\/articles\/109893"}],"collection":[{"href":"https:\/\/graziamagazine.com\/mx\/wp-json\/wp\/v2\/articles"}],"about":[{"href":"https:\/\/graziamagazine.com\/mx\/wp-json\/wp\/v2\/types\/articles"}],"author":[{"embeddable":true,"href":"https:\/\/graziamagazine.com\/mx\/wp-json\/wp\/v2\/users\/11625"}],"wp:featuredmedia":[{"embeddable":true,"href":"https:\/\/graziamagazine.com\/mx\/wp-json\/wp\/v2\/media\/109924"}],"wp:attachment":[{"href":"https:\/\/graziamagazine.com\/mx\/wp-json\/wp\/v2\/media?parent=109893"}],"wp:term":[{"taxonomy":"category","embeddable":true,"href":"https:\/\/graziamagazine.com\/mx\/wp-json\/wp\/v2\/categories?post=109893"}],"curies":[{"name":"wp","href":"https:\/\/api.w.org\/{rel}","templated":true}]}}