{"id":109856,"date":"2022-04-12T20:58:26","date_gmt":"2022-04-13T01:58:26","guid":{"rendered":"https:\/\/graziamagazine.com\/mx\/?post_type=articles&#038;p=109856"},"modified":"2022-04-13T13:59:06","modified_gmt":"2022-04-13T18:59:06","slug":"kate-middleton-y-el-principe-william-rechazaron-la-invitacion-a-la-boda-de-brooklyn-beckham-y-nicola-peltz","status":"publish","type":"articles","link":"https:\/\/graziamagazine.com\/mx\/articles\/kate-middleton-y-el-principe-william-rechazaron-la-invitacion-a-la-boda-de-brooklyn-beckham-y-nicola-peltz\/","title":{"rendered":"Kate Middleton y el pr\u00edncipe William rechazaron la invitaci\u00f3n a la boda de Brooklyn Beckham y Nicola Peltz"},"content":{"rendered":"<p><span style=\"font-weight: 400\">\u00bfProblemas en el para\u00edso? Como sabes, <strong>Brooklyn Beckham<\/strong> y la heredera multimillonaria <strong>Nicola Peltz<\/strong> acaban de casarse el pasado s\u00e1bado 9 de abril e hicieron una <strong>boda tan lujosa<\/strong> como era de esperarse en Florida, Estados Unidos.<\/span><\/p>\n<p><img loading=\"lazy\" decoding=\"async\" class=\"aligncenter size-large wp-image-109743\" src=\"https:\/\/graziamagazine.com\/mx\/wp-content\/uploads\/sites\/13\/2022\/04\/Captura-de-Pantalla-2022-04-11-a-las-14.03.24.png?w=736\" alt=\"\" width=\"736\" height=\"578\" \/><\/p>\n<p><span style=\"font-weight: 400\">Entre sus m\u00faltiples invitados famosos estaban, por supuesto, miembros de la realeza brit\u00e1nica, como <strong>Kate Middleton y el pr\u00edncipe William<\/strong>, por invitaci\u00f3n de los padres del novio, <strong>David y Victoria Beckham.\u00a0<\/strong><\/span><\/p>\n<p><span style=\"font-weight: 400\">Sin embargo, los duques de Cambridge declinaron la invitaci\u00f3n por motivos de seguridad.<\/span><\/p>\n<p><span style=\"font-weight: 400\">La fuente afirma que el duque y la duquesa de Cambridge rechazaron la solicitud por razones de seguridad.<\/span><\/p>\n<p><span style=\"font-weight: 400\">\u201cDavid y Victoria escribieron a William y Kate invit\u00e1ndolos a ellos y a la familia a la boda de su hijo, y William respondi\u00f3 dese\u00e1ndoles mucha alegr\u00eda pero que no podr\u00edan asistir\u201d, dijo una fuente cercana a los Beckham seg\u00fan public\u00f3 <em>The Mirror<\/em>, a pesar de que ellos s\u00ed asistieron a la boda de William y Kate, en 2011.<\/span><\/p>\n<p><span style=\"font-weight: 400\">Bueno, y a todo esto, \u00bf<strong>Meghan Markle y el pr\u00edncipe Harry<\/strong> fueron invitados a la boda?<\/span><\/p>\n<p><span style=\"font-weight: 400\">Seg\u00fan dice <em>The Mirror<\/em>, la respuesta es no, a pesar de que los duques de Sussex tambi\u00e9n invitaron a los Beckham a su boda en 2018.<\/span><\/p>\n<p><span style=\"font-weight: 400\">Muchos fans de la realeza especularon si su invitaci\u00f3n desapareci\u00f3 debido a la supuesta ruptura en curso entre los dos hermanos de la familia real brit\u00e1nica. Pero, <em>The Mirror<\/em> afirma que no se trata de eso y que, en cualquier caso, David y Victoria son m\u00e1s amigos del pr\u00edncipe William y de Kate.<\/span><\/p>\n<p><span style=\"font-weight: 400\">\u201cEl apego y la historia de David se remontan a William y Kate, tienen una relaci\u00f3n muy fuerte y fueron su elecci\u00f3n como invitados a la boda\u201d, afirma el diario ingl\u00e9s.<\/span><\/p>\n<p><span style=\"font-weight: 400\">Adem\u00e1s de los duques de Cambridge, celebridades como <strong>Gigi Hadid y Nicole Ritchie<\/strong> estuvieron invitadas a la gran boda, aunque todos los detalles todav\u00eda se mantienen ocultos.<\/span><\/p>\n<p><span style=\"font-weight: 400\">\u00a1Amor eterno para los nuevos esposos!<\/span><\/p>\n<p>&nbsp;<\/p>\n<p><img loading=\"lazy\" decoding=\"async\" class=\"aligncenter size-large wp-image-109922\" src=\"https:\/\/graziamagazine.com\/mx\/wp-content\/uploads\/sites\/13\/2022\/04\/44F1317A-EA5C-4382-8609-7A2B683A415B.jpeg?w=400\" alt=\"\" width=\"400\" height=\"431\" \/><\/p>\n","protected":false},"author":11628,"featured_media":97482,"template":"","format":"standard","categories":[12655],"acf":[],"yoast_head":"<!-- This site is optimized with the Yoast SEO Premium plugin v18.5 (Yoast SEO v20.4) - https:\/\/yoast.com\/wordpress\/plugins\/seo\/ -->\n<title>Kate Middleton y el pr\u00edncipe William rechazaron la invitaci\u00f3n a la boda de Brooklyn Beckham y Nicola Peltz | Grazia M\u00e9xico y Latinoam\u00e9rica<\/title>\n<meta name=\"description\" content=\"Una boda de altura a la que los royals no pudieron asistir.\" \/>\n<meta name=\"robots\" content=\"index, follow, max-snippet:-1, max-image-preview:large, max-video-preview:-1\" \/>\n<link rel=\"canonical\" href=\"https:\/\/graziamagazine.com\/mx\/articles\/kate-middleton-y-el-principe-william-rechazaron-la-invitacion-a-la-boda-de-brooklyn-beckham-y-nicola-peltz\/\" \/>\n<meta property=\"og:locale\" content=\"es_MX\" \/>\n<meta property=\"og:type\" content=\"article\" \/>\n<meta property=\"og:title\" content=\"Kate Middleton y el pr\u00edncipe William rechazaron la invitaci\u00f3n a la boda de Brooklyn Beckham y Nicola Peltz\" \/>\n<meta property=\"og:description\" content=\"Una boda de altura a la que los royals no pudieron asistir.\" \/>\n<meta property=\"og:url\" content=\"https:\/\/graziamagazine.com\/mx\/articles\/kate-middleton-y-el-principe-william-rechazaron-la-invitacion-a-la-boda-de-brooklyn-beckham-y-nicola-peltz\/\" \/>\n<meta property=\"og:site_name\" content=\"Grazia M\u00e9xico y Latinoam\u00e9rica\" \/>\n<meta property=\"article:modified_time\" content=\"2022-04-13T18:59:06+00:00\" \/>\n<meta property=\"og:image\" content=\"https:\/\/graziamagazine.com\/mx\/wp-content\/uploads\/sites\/13\/2021\/05\/kate_middleton_prince_william_gettyimages_886935804-1.jpeg?fit=1280%2C720\" \/>\n\t<meta property=\"og:image:width\" content=\"1280\" \/>\n\t<meta property=\"og:image:height\" content=\"720\" \/>\n\t<meta property=\"og:image:type\" content=\"image\/jpeg\" \/>\n<meta name=\"twitter:card\" content=\"summary_large_image\" \/>\n<meta name=\"twitter:label1\" content=\"Est. reading time\" \/>\n\t<meta name=\"twitter:data1\" content=\"2 minutos\" \/>\n<script type=\"application\/ld+json\" class=\"yoast-schema-graph\">{\"@context\":\"https:\/\/schema.org\",\"@graph\":[{\"@type\":\"WebPage\",\"@id\":\"https:\/\/graziamagazine.com\/mx\/articles\/kate-middleton-y-el-principe-william-rechazaron-la-invitacion-a-la-boda-de-brooklyn-beckham-y-nicola-peltz\/\",\"url\":\"https:\/\/graziamagazine.com\/mx\/articles\/kate-middleton-y-el-principe-william-rechazaron-la-invitacion-a-la-boda-de-brooklyn-beckham-y-nicola-peltz\/\",\"name\":\"Kate Middleton y el pr\u00edncipe William rechazaron la invitaci\u00f3n a la boda de Brooklyn Beckham y Nicola Peltz | Grazia M\u00e9xico y Latinoam\u00e9rica\",\"isPartOf\":{\"@id\":\"https:\/\/graziamagazine.com\/mx\/#website\"},\"datePublished\":\"2022-04-13T01:58:26+00:00\",\"dateModified\":\"2022-04-13T18:59:06+00:00\",\"description\":\"Una boda de altura a la que los royals no pudieron asistir.\",\"breadcrumb\":{\"@id\":\"https:\/\/graziamagazine.com\/mx\/articles\/kate-middleton-y-el-principe-william-rechazaron-la-invitacion-a-la-boda-de-brooklyn-beckham-y-nicola-peltz\/#breadcrumb\"},\"inLanguage\":\"es-MX\",\"potentialAction\":[{\"@type\":\"ReadAction\",\"target\":[\"https:\/\/graziamagazine.com\/mx\/articles\/kate-middleton-y-el-principe-william-rechazaron-la-invitacion-a-la-boda-de-brooklyn-beckham-y-nicola-peltz\/\"]}]},{\"@type\":\"BreadcrumbList\",\"@id\":\"https:\/\/graziamagazine.com\/mx\/articles\/kate-middleton-y-el-principe-william-rechazaron-la-invitacion-a-la-boda-de-brooklyn-beckham-y-nicola-peltz\/#breadcrumb\",\"itemListElement\":[{\"@type\":\"ListItem\",\"position\":1,\"name\":\"Home\",\"item\":\"https:\/\/graziamagazine.com\/mx\/\"},{\"@type\":\"ListItem\",\"position\":2,\"name\":\"Kate Middleton y el pr\u00edncipe William rechazaron la invitaci\u00f3n a la boda de Brooklyn Beckham y Nicola Peltz\"}]},{\"@type\":\"WebSite\",\"@id\":\"https:\/\/graziamagazine.com\/mx\/#website\",\"url\":\"https:\/\/graziamagazine.com\/mx\/\",\"name\":\"Grazia M\u00e9xico y Latinoam\u00e9rica\",\"description\":\"Grazia es moda, belleza y noticias  de actualidad \",\"potentialAction\":[{\"@type\":\"SearchAction\",\"target\":{\"@type\":\"EntryPoint\",\"urlTemplate\":\"https:\/\/graziamagazine.com\/mx\/?s={search_term_string}\"},\"query-input\":\"required name=search_term_string\"}],\"inLanguage\":\"es-MX\"}]}<\/script>\n<!-- \/ Yoast SEO Premium plugin. -->","yoast_head_json":{"title":"Kate Middleton y el pr\u00edncipe William rechazaron la invitaci\u00f3n a la boda de Brooklyn Beckham y Nicola Peltz | Grazia M\u00e9xico y Latinoam\u00e9rica","description":"Una boda de altura a la que los royals no pudieron asistir.","robots":{"index":"index","follow":"follow","max-snippet":"max-snippet:-1","max-image-preview":"max-image-preview:large","max-video-preview":"max-video-preview:-1"},"canonical":"https:\/\/graziamagazine.com\/mx\/articles\/kate-middleton-y-el-principe-william-rechazaron-la-invitacion-a-la-boda-de-brooklyn-beckham-y-nicola-peltz\/","og_locale":"es_MX","og_type":"article","og_title":"Kate Middleton y el pr\u00edncipe William rechazaron la invitaci\u00f3n a la boda de Brooklyn Beckham y Nicola Peltz","og_description":"Una boda de altura a la que los royals no pudieron asistir.","og_url":"https:\/\/graziamagazine.com\/mx\/articles\/kate-middleton-y-el-principe-william-rechazaron-la-invitacion-a-la-boda-de-brooklyn-beckham-y-nicola-peltz\/","og_site_name":"Grazia M\u00e9xico y Latinoam\u00e9rica","article_modified_time":"2022-04-13T18:59:06+00:00","og_image":[{"width":1280,"height":720,"url":"https:\/\/graziamagazine.com\/mx\/wp-content\/uploads\/sites\/13\/2021\/05\/kate_middleton_prince_william_gettyimages_886935804-1.jpeg?fit=1280%2C720","type":"image\/jpeg"}],"twitter_card":"summary_large_image","twitter_misc":{"Est. reading time":"2 minutos"},"schema":{"@context":"https:\/\/schema.org","@graph":[{"@type":"WebPage","@id":"https:\/\/graziamagazine.com\/mx\/articles\/kate-middleton-y-el-principe-william-rechazaron-la-invitacion-a-la-boda-de-brooklyn-beckham-y-nicola-peltz\/","url":"https:\/\/graziamagazine.com\/mx\/articles\/kate-middleton-y-el-principe-william-rechazaron-la-invitacion-a-la-boda-de-brooklyn-beckham-y-nicola-peltz\/","name":"Kate Middleton y el pr\u00edncipe William rechazaron la invitaci\u00f3n a la boda de Brooklyn Beckham y Nicola Peltz | Grazia M\u00e9xico y Latinoam\u00e9rica","isPartOf":{"@id":"https:\/\/graziamagazine.com\/mx\/#website"},"datePublished":"2022-04-13T01:58:26+00:00","dateModified":"2022-04-13T18:59:06+00:00","description":"Una boda de altura a la que los royals no pudieron asistir.","breadcrumb":{"@id":"https:\/\/graziamagazine.com\/mx\/articles\/kate-middleton-y-el-principe-william-rechazaron-la-invitacion-a-la-boda-de-brooklyn-beckham-y-nicola-peltz\/#breadcrumb"},"inLanguage":"es-MX","potentialAction":[{"@type":"ReadAction","target":["https:\/\/graziamagazine.com\/mx\/articles\/kate-middleton-y-el-principe-william-rechazaron-la-invitacion-a-la-boda-de-brooklyn-beckham-y-nicola-peltz\/"]}]},{"@type":"BreadcrumbList","@id":"https:\/\/graziamagazine.com\/mx\/articles\/kate-middleton-y-el-principe-william-rechazaron-la-invitacion-a-la-boda-de-brooklyn-beckham-y-nicola-peltz\/#breadcrumb","itemListElement":[{"@type":"ListItem","position":1,"name":"Home","item":"https:\/\/graziamagazine.com\/mx\/"},{"@type":"ListItem","position":2,"name":"Kate Middleton y el pr\u00edncipe William rechazaron la invitaci\u00f3n a la boda de Brooklyn Beckham y Nicola Peltz"}]},{"@type":"WebSite","@id":"https:\/\/graziamagazine.com\/mx\/#website","url":"https:\/\/graziamagazine.com\/mx\/","name":"Grazia M\u00e9xico y Latinoam\u00e9rica","description":"Grazia es moda, belleza y noticias  de actualidad ","potentialAction":[{"@type":"SearchAction","target":{"@type":"EntryPoint","urlTemplate":"https:\/\/graziamagazine.com\/mx\/?s={search_term_string}"},"query-input":"required name=search_term_string"}],"inLanguage":"es-MX"}]}},"jetpack_sharing_enabled":true,"distributor_meta":false,"distributor_terms":false,"distributor_media":false,"distributor_original_site_name":"Grazia M\u00e9xico y Latinoam\u00e9rica","distributor_original_site_url":"https:\/\/graziamagazine.com\/mx","push-errors":false,"_links":{"self":[{"href":"https:\/\/graziamagazine.com\/mx\/wp-json\/wp\/v2\/articles\/109856"}],"collection":[{"href":"https:\/\/graziamagazine.com\/mx\/wp-json\/wp\/v2\/articles"}],"about":[{"href":"https:\/\/graziamagazine.com\/mx\/wp-json\/wp\/v2\/types\/articles"}],"author":[{"embeddable":true,"href":"https:\/\/graziamagazine.com\/mx\/wp-json\/wp\/v2\/users\/11628"}],"wp:featuredmedia":[{"embeddable":true,"href":"https:\/\/graziamagazine.com\/mx\/wp-json\/wp\/v2\/media\/97482"}],"wp:attachment":[{"href":"https:\/\/graziamagazine.com\/mx\/wp-json\/wp\/v2\/media?parent=109856"}],"wp:term":[{"taxonomy":"category","embeddable":true,"href":"https:\/\/graziamagazine.com\/mx\/wp-json\/wp\/v2\/categories?post=109856"}],"curies":[{"name":"wp","href":"https:\/\/api.w.org\/{rel}","templated":true}]}}