{"id":109739,"date":"2022-04-11T14:00:53","date_gmt":"2022-04-11T19:00:53","guid":{"rendered":"https:\/\/graziamagazine.com\/mx\/?post_type=articles&#038;p=109739"},"modified":"2022-04-12T04:30:18","modified_gmt":"2022-04-12T09:30:18","slug":"una-rara-conjuncion-astronomica-ocurrira-este-martes","status":"publish","type":"articles","link":"https:\/\/graziamagazine.com\/mx\/articles\/una-rara-conjuncion-astronomica-ocurrira-este-martes\/","title":{"rendered":"Una rara conjunci\u00f3n astron\u00f3mica ocurrir\u00e1 este martes"},"content":{"rendered":"<div class=\"section-outer-container\">\n<div class=\"section-container section-text-container\">\n<div>\n<div class=\"section-outer-container\">\n<div class=\"section-container section-text-container\">\n<div class=\"section-text\">Durante nuestra existencia vivimos muchos momentos \u00fanicos en la vida: nuestros primeros pasos, nuestro primer amor, nuestro primer<a href=\"https:\/\/www.refinery29.com\/en-us\/2019\/06\/235477\/jonas-brothers-fan-interview\" data-tracker-added=\"true\" target=\"_blank\">\u00a0<\/a>concierto.\u00a0Pero m\u00e1s all\u00e1 de estos encuentros terrestres, hay otros eventos astrol\u00f3gicos \u00fanicos en la vida que ocurren muy, muy por encima de nosotros en el sistema solar, y aunque no podemos verlos, podemos sentirlos.\u00a0Este mes, un acontecimiento raro est\u00e1 sobre nosotros cuando el\u00a0afortunado J\u00fapiter\u00a0se conecta con el intuitivo Neptuno en Piscis el 12 de abril.<\/div>\n<\/div>\n<\/div>\n<div class=\"after-section-content\"><\/div>\n<div class=\"section-outer-container\">\n<div class=\"section-container section-text-container\">\n<div class=\"section-text\">&#8220;J\u00fapiter visita Piscis una vez cada 12 a\u00f1os; sin embargo, Neptuno toma descansos mucho m\u00e1s largos para visitar Piscis debido a su movimiento extremadamente lento alrededor del Sol&#8221;, dice\u00a0<a href=\"https:\/\/www.instagram.com\/narayanamontufar\/\" target=\"_blank\" rel=\"noreferrer noopener\" data-tracker-added=\"true\" target=\"_blank\">Narayana Mont\u00fafar<\/a>\u00a0, astr\u00f3loga s\u00e9nior de\u00a0\u00a0<a href=\"http:\/\/astrology.com\/\" target=\"_blank\" rel=\"noreferrer noopener\" data-tracker-added=\"true\" target=\"_blank\">Astrology.com<\/a>\u00a0\u00a0y autora de\u00a0\u00a0<em>Moon Signs: Unlock Your Inner Luminary. <\/em>\u00a0&#8220;Por esta raz\u00f3n, J\u00fapiter y Neptuno no se han encontrado en Piscis, el signo sobre el que comparten la regencia, desde 1856, \u00a1y no volver\u00e1 a suceder hasta 2188!&#8221;<\/div>\n<\/div>\n<\/div>\n<\/div>\n<div class=\"section-text\">Si bien J\u00fapiter y Neptuno se encuentran cada 13 a\u00f1os, esta reuni\u00f3n en particular es excepcionalmente especial porque estos dos planetas gobiernan conjuntamente el signo de Piscis: J\u00fapiter en la astrolog\u00eda tradicional y Neptuno en la astrolog\u00eda moderna, seg\u00fan Mont\u00fafar.\u00a0Esto significa que ambos est\u00e1n\u00a0<em>muy<\/em>\u00a0felices de estar all\u00ed en este momento y, combinados, su energ\u00eda es incre\u00edblemente fuerte, positiva y m\u00e1gica.<\/div>\n<\/div>\n<\/div>\n<div class=\"after-section-content\">\n<div id=\"ad-native-add\" class=\"ad native-ad\" data-ad-size=\"fluid\" data-ad-position=\"native\" data-slot-id=\"native\" data-targeting=\"{&quot;sponsorship&quot;:null,&quot;section_name&quot;:[&quot;horoscope&quot;,&quot;horoscopes&quot;,&quot;spirit&quot;,&quot;wellness&quot;],&quot;collections&quot;:[],&quot;aggregations&quot;:null,&quot;entityid&quot;:10935524,&quot;aid&quot;:&quot;jupiter-neptune-conjunction-pisces-meaning-effects-april-2022&quot;,&quot;pageid&quot;:&quot;jupiter-neptune-conjunction-pisces-meaning-effects-april-2022&quot;,&quot;pagetype&quot;:&quot;scrollable&quot;,&quot;test&quot;:null,&quot;is_sensitive_content&quot;:false,&quot;edition&quot;:&quot;en-us&quot;,&quot;utm_source&quot;:null,&quot;utm_medium&quot;:null,&quot;utm_content&quot;:null,&quot;utm_campaign&quot;:null,&quot;vertical&quot;:&quot;r29&quot;,&quot;document.referrer&quot;:&quot;&quot;}\"><\/div>\n<\/div>\n<div class=\"section-outer-container\">\n<div class=\"section-container section-text-container\">\n<div class=\"section-text\">J\u00fapiter est\u00e1 orientado al crecimiento y le encanta expandir nuestras mentes, mientras que Neptuno nos trae la intuici\u00f3n y los sue\u00f1os.\u00a0&#8220;Como estos planetas est\u00e1n en Piscis, pueden generar mucha energ\u00eda m\u00edstica y transformadora&#8221;, dice\u00a0<a href=\"http:\/\/lisastardust.com\/\" target=\"_blank\" rel=\"noreferrer noopener\" data-tracker-added=\"true\" target=\"_blank\">Lisa Stardust<\/a>\u00a0, autora de\u00a0\u00a0<em>Saturn Return Survival Guide<\/em>\u00a0\u00a0y\u00a0\u00a0<em>The Astrology Deck<\/em>\u00a0.\u00a0&#8220;Piscis es un signo muy fluido que tiene muchos componentes m\u00e1gicos; por lo tanto, es un buen momento para manifestar nuestras corrientes y pasiones m\u00e1s \u00edntimas que hemos estado guardando dentro de nosotros durante mucho tiempo&#8221;.\u00a0Nuestro lado espiritual ser\u00e1 m\u00e1s f\u00e1cil de acceder y nuestra creatividad fluir\u00e1.<\/div>\n<div><img loading=\"lazy\" decoding=\"async\" class=\"alignnone wp-image-109753 size-large\" src=\"https:\/\/graziamagazine.com\/mx\/wp-content\/uploads\/sites\/13\/2022\/04\/1635583508_280239_1635583652_gigante_normal.jpg?w=1024\" alt=\"\" width=\"1024\" height=\"464\" \/><\/div>\n<\/div>\n<\/div>\n<div class=\"after-section-content\"><\/div>\n<div class=\"section-outer-container\">\n<div class=\"section-container section-text-container\">\n<div class=\"section-text\">La energ\u00eda aqu\u00ed es bastante seria, tan seria, de hecho, que Stardust dice que este es el mejor d\u00eda de\u00a0<em>toda tu vida<\/em>\u00a0para manifestar tus sue\u00f1os.\u00a0Saca ese diario de manifestaci\u00f3n, prueba el\u00a0m\u00e9todo 369\u00a0o simplemente pasa el d\u00eda presentando la energ\u00eda que deseas recibir del universo en el futuro.\u00a0No puede doler.<\/div>\n<\/div>\n<\/div>\n<div class=\"after-section-content\"><\/div>\n<div class=\"section-outer-container\">\n<div class=\"section-container section-text-container\">\n<div class=\"section-text\">Esta conjunci\u00f3n est\u00e1 &#8220;destinada a inundar nuestra conciencia colectiva con las caracter\u00edsticas del elemento agua&#8221;, dice Mont\u00fafar.\u00a0Espec\u00edficamente, estaremos sintiendo toda la\u00a0energ\u00eda de Piscis\u00a0, que rige el romance, la m\u00fasica, el cine, la cultura pop, el arte, la creatividad, la intuici\u00f3n y la espiritualidad.\u00a0\u201cEsta conjunci\u00f3n pondr\u00e1 en marcha una gran transformaci\u00f3n en la cultura que se desarrollar\u00e1 durante los 166 a\u00f1os, que es cuando estos dos planetas se reencuentran en Piscis\u201d, dice.\u00a0Piense en este evento astrol\u00f3gico como el comienzo de una nueva fase en estas \u00e1reas de gobierno de Piscis: nuestros lados creativos podr\u00e1n evolucionar hacia algo completamente nuevo.<\/div>\n<\/div>\n<\/div>\n","protected":false},"author":33675,"featured_media":109754,"template":"","format":"standard","categories":[114],"acf":[],"yoast_head":"<!-- This site is optimized with the Yoast SEO Premium plugin v18.5 (Yoast SEO v20.4) - https:\/\/yoast.com\/wordpress\/plugins\/seo\/ -->\n<title>Una rara conjunci\u00f3n astron\u00f3mica ocurrir\u00e1 este martes | Grazia M\u00e9xico y Latinoam\u00e9rica<\/title>\n<meta name=\"description\" content=\"Durante nuestra existencia vivimos muchos momentos \u00fanicos en la vida: nuestros primeros pasos, nuestro primer amor, nuestro primer\u00a0concierto.\u00a0Pero m\u00e1s\" \/>\n<meta name=\"robots\" content=\"index, follow, max-snippet:-1, max-image-preview:large, max-video-preview:-1\" \/>\n<link rel=\"canonical\" href=\"https:\/\/graziamagazine.com\/mx\/articles\/una-rara-conjuncion-astronomica-ocurrira-este-martes\/\" \/>\n<meta property=\"og:locale\" content=\"es_MX\" \/>\n<meta property=\"og:type\" content=\"article\" \/>\n<meta property=\"og:title\" content=\"Una rara conjunci\u00f3n astron\u00f3mica ocurrir\u00e1 este martes\" \/>\n<meta property=\"og:description\" content=\"Durante nuestra existencia vivimos muchos momentos \u00fanicos en la vida: nuestros primeros pasos, nuestro primer amor, nuestro primer\u00a0concierto.\u00a0Pero m\u00e1s\" \/>\n<meta property=\"og:url\" content=\"https:\/\/graziamagazine.com\/mx\/articles\/una-rara-conjuncion-astronomica-ocurrira-este-martes\/\" \/>\n<meta property=\"og:site_name\" content=\"Grazia M\u00e9xico y Latinoam\u00e9rica\" \/>\n<meta property=\"article:modified_time\" content=\"2022-04-12T09:30:18+00:00\" \/>\n<meta property=\"og:image\" content=\"https:\/\/graziamagazine.com\/mx\/wp-content\/uploads\/sites\/13\/2022\/04\/DC52LJJB25BMZAXWHSXGDCKY34.jpg?fit=1920%2C1594\" \/>\n\t<meta property=\"og:image:width\" content=\"1920\" \/>\n\t<meta property=\"og:image:height\" content=\"1594\" \/>\n\t<meta property=\"og:image:type\" content=\"image\/jpeg\" \/>\n<meta name=\"twitter:card\" content=\"summary_large_image\" \/>\n<meta name=\"twitter:label1\" content=\"Est. reading time\" \/>\n\t<meta name=\"twitter:data1\" content=\"3 minutos\" \/>\n<script type=\"application\/ld+json\" class=\"yoast-schema-graph\">{\"@context\":\"https:\/\/schema.org\",\"@graph\":[{\"@type\":\"WebPage\",\"@id\":\"https:\/\/graziamagazine.com\/mx\/articles\/una-rara-conjuncion-astronomica-ocurrira-este-martes\/\",\"url\":\"https:\/\/graziamagazine.com\/mx\/articles\/una-rara-conjuncion-astronomica-ocurrira-este-martes\/\",\"name\":\"Una rara conjunci\u00f3n astron\u00f3mica ocurrir\u00e1 este martes | Grazia M\u00e9xico y Latinoam\u00e9rica\",\"isPartOf\":{\"@id\":\"https:\/\/graziamagazine.com\/mx\/#website\"},\"datePublished\":\"2022-04-11T19:00:53+00:00\",\"dateModified\":\"2022-04-12T09:30:18+00:00\",\"description\":\"Durante nuestra existencia vivimos muchos momentos \u00fanicos en la vida: nuestros primeros pasos, nuestro primer amor, nuestro primer\u00a0concierto.\u00a0Pero m\u00e1s\",\"breadcrumb\":{\"@id\":\"https:\/\/graziamagazine.com\/mx\/articles\/una-rara-conjuncion-astronomica-ocurrira-este-martes\/#breadcrumb\"},\"inLanguage\":\"es-MX\",\"potentialAction\":[{\"@type\":\"ReadAction\",\"target\":[\"https:\/\/graziamagazine.com\/mx\/articles\/una-rara-conjuncion-astronomica-ocurrira-este-martes\/\"]}]},{\"@type\":\"BreadcrumbList\",\"@id\":\"https:\/\/graziamagazine.com\/mx\/articles\/una-rara-conjuncion-astronomica-ocurrira-este-martes\/#breadcrumb\",\"itemListElement\":[{\"@type\":\"ListItem\",\"position\":1,\"name\":\"Home\",\"item\":\"https:\/\/graziamagazine.com\/mx\/\"},{\"@type\":\"ListItem\",\"position\":2,\"name\":\"Una rara conjunci\u00f3n astron\u00f3mica ocurrir\u00e1 este martes\"}]},{\"@type\":\"WebSite\",\"@id\":\"https:\/\/graziamagazine.com\/mx\/#website\",\"url\":\"https:\/\/graziamagazine.com\/mx\/\",\"name\":\"Grazia M\u00e9xico y Latinoam\u00e9rica\",\"description\":\"Grazia es moda, belleza y noticias  de actualidad \",\"potentialAction\":[{\"@type\":\"SearchAction\",\"target\":{\"@type\":\"EntryPoint\",\"urlTemplate\":\"https:\/\/graziamagazine.com\/mx\/?s={search_term_string}\"},\"query-input\":\"required name=search_term_string\"}],\"inLanguage\":\"es-MX\"}]}<\/script>\n<!-- \/ Yoast SEO Premium plugin. -->","yoast_head_json":{"title":"Una rara conjunci\u00f3n astron\u00f3mica ocurrir\u00e1 este martes | Grazia M\u00e9xico y Latinoam\u00e9rica","description":"Durante nuestra existencia vivimos muchos momentos \u00fanicos en la vida: nuestros primeros pasos, nuestro primer amor, nuestro primer\u00a0concierto.\u00a0Pero m\u00e1s","robots":{"index":"index","follow":"follow","max-snippet":"max-snippet:-1","max-image-preview":"max-image-preview:large","max-video-preview":"max-video-preview:-1"},"canonical":"https:\/\/graziamagazine.com\/mx\/articles\/una-rara-conjuncion-astronomica-ocurrira-este-martes\/","og_locale":"es_MX","og_type":"article","og_title":"Una rara conjunci\u00f3n astron\u00f3mica ocurrir\u00e1 este martes","og_description":"Durante nuestra existencia vivimos muchos momentos \u00fanicos en la vida: nuestros primeros pasos, nuestro primer amor, nuestro primer\u00a0concierto.\u00a0Pero m\u00e1s","og_url":"https:\/\/graziamagazine.com\/mx\/articles\/una-rara-conjuncion-astronomica-ocurrira-este-martes\/","og_site_name":"Grazia M\u00e9xico y Latinoam\u00e9rica","article_modified_time":"2022-04-12T09:30:18+00:00","og_image":[{"width":1920,"height":1594,"url":"https:\/\/graziamagazine.com\/mx\/wp-content\/uploads\/sites\/13\/2022\/04\/DC52LJJB25BMZAXWHSXGDCKY34.jpg?fit=1920%2C1594","type":"image\/jpeg"}],"twitter_card":"summary_large_image","twitter_misc":{"Est. reading time":"3 minutos"},"schema":{"@context":"https:\/\/schema.org","@graph":[{"@type":"WebPage","@id":"https:\/\/graziamagazine.com\/mx\/articles\/una-rara-conjuncion-astronomica-ocurrira-este-martes\/","url":"https:\/\/graziamagazine.com\/mx\/articles\/una-rara-conjuncion-astronomica-ocurrira-este-martes\/","name":"Una rara conjunci\u00f3n astron\u00f3mica ocurrir\u00e1 este martes | Grazia M\u00e9xico y Latinoam\u00e9rica","isPartOf":{"@id":"https:\/\/graziamagazine.com\/mx\/#website"},"datePublished":"2022-04-11T19:00:53+00:00","dateModified":"2022-04-12T09:30:18+00:00","description":"Durante nuestra existencia vivimos muchos momentos \u00fanicos en la vida: nuestros primeros pasos, nuestro primer amor, nuestro primer\u00a0concierto.\u00a0Pero m\u00e1s","breadcrumb":{"@id":"https:\/\/graziamagazine.com\/mx\/articles\/una-rara-conjuncion-astronomica-ocurrira-este-martes\/#breadcrumb"},"inLanguage":"es-MX","potentialAction":[{"@type":"ReadAction","target":["https:\/\/graziamagazine.com\/mx\/articles\/una-rara-conjuncion-astronomica-ocurrira-este-martes\/"]}]},{"@type":"BreadcrumbList","@id":"https:\/\/graziamagazine.com\/mx\/articles\/una-rara-conjuncion-astronomica-ocurrira-este-martes\/#breadcrumb","itemListElement":[{"@type":"ListItem","position":1,"name":"Home","item":"https:\/\/graziamagazine.com\/mx\/"},{"@type":"ListItem","position":2,"name":"Una rara conjunci\u00f3n astron\u00f3mica ocurrir\u00e1 este martes"}]},{"@type":"WebSite","@id":"https:\/\/graziamagazine.com\/mx\/#website","url":"https:\/\/graziamagazine.com\/mx\/","name":"Grazia M\u00e9xico y Latinoam\u00e9rica","description":"Grazia es moda, belleza y noticias  de actualidad ","potentialAction":[{"@type":"SearchAction","target":{"@type":"EntryPoint","urlTemplate":"https:\/\/graziamagazine.com\/mx\/?s={search_term_string}"},"query-input":"required name=search_term_string"}],"inLanguage":"es-MX"}]}},"jetpack_sharing_enabled":true,"distributor_meta":false,"distributor_terms":false,"distributor_media":false,"distributor_original_site_name":"Grazia M\u00e9xico y Latinoam\u00e9rica","distributor_original_site_url":"https:\/\/graziamagazine.com\/mx","push-errors":false,"_links":{"self":[{"href":"https:\/\/graziamagazine.com\/mx\/wp-json\/wp\/v2\/articles\/109739"}],"collection":[{"href":"https:\/\/graziamagazine.com\/mx\/wp-json\/wp\/v2\/articles"}],"about":[{"href":"https:\/\/graziamagazine.com\/mx\/wp-json\/wp\/v2\/types\/articles"}],"author":[{"embeddable":true,"href":"https:\/\/graziamagazine.com\/mx\/wp-json\/wp\/v2\/users\/33675"}],"wp:featuredmedia":[{"embeddable":true,"href":"https:\/\/graziamagazine.com\/mx\/wp-json\/wp\/v2\/media\/109754"}],"wp:attachment":[{"href":"https:\/\/graziamagazine.com\/mx\/wp-json\/wp\/v2\/media?parent=109739"}],"wp:term":[{"taxonomy":"category","embeddable":true,"href":"https:\/\/graziamagazine.com\/mx\/wp-json\/wp\/v2\/categories?post=109739"}],"curies":[{"name":"wp","href":"https:\/\/api.w.org\/{rel}","templated":true}]}}