{"id":109545,"date":"2022-04-06T23:08:51","date_gmt":"2022-04-07T04:08:51","guid":{"rendered":"https:\/\/graziamagazine.com\/mx\/?post_type=articles&#038;p=109545"},"modified":"2022-04-07T10:37:59","modified_gmt":"2022-04-07T15:37:59","slug":"mini-jodie-el-nuevo-must-de-bottega-veneta-para-primavera-verano-2022","status":"publish","type":"articles","link":"https:\/\/graziamagazine.com\/mx\/articles\/mini-jodie-el-nuevo-must-de-bottega-veneta-para-primavera-verano-2022\/","title":{"rendered":"Mini Jodie: El nuevo must de Bottega Veneta para Primavera\/Verano 2022"},"content":{"rendered":"<p><span style=\"font-weight: 400\">Bottega Veneta se caracteriza por inspirar la individualidad con artesan\u00eda innovadora desde 1966. La creatividad es el coraz\u00f3n de todo lo que hacemos. Nacida en Vicenza, la casa tiene sus ra\u00edces en la cultura italiana, pero mantiene una perspectiva verdaderamente global. Una marca inclusiva con productos exclusivos Bottega Veneta es al mismo tiempo sentimiento y est\u00e9tica de la marca italiana.\u00a0<\/span><\/p>\n<p><span style=\"font-weight: 400\">\u00a0Esta primavera, <\/span><b>Bottega Veneta<\/b><span style=\"font-weight: 400\"> quiere darle la bienvenida a la temporada con el accesorio que no s\u00f3lo le dar\u00e1 un <\/span><i><span style=\"font-weight: 400\">must<\/span><\/i><span style=\"font-weight: 400\"> a lo que desees utilizar, d\u00e1ndole un toque \u00fanico a ese look que tanto te gusta, tambi\u00e9n marcar\u00e1 el tono de tu atuendo todo el d\u00eda. Es por eso que aqu\u00ed te contamos las razones por las que debes usar la Mini Jodie en esta \u00e9poca del a\u00f1o.\u00a0<\/span><\/p>\n<h3><span style=\"font-weight: 400\">Color<\/span><\/h3>\n<figure id=\"attachment_109551\" aria-describedby=\"caption-attachment-109551\" style=\"width: 683px\" class=\"wp-caption alignnone\"><img loading=\"lazy\" decoding=\"async\" class=\"wp-image-109551 size-large\" src=\"https:\/\/graziamagazine.com\/mx\/wp-content\/uploads\/sites\/13\/2022\/04\/w2000_q60.jpg?w=683\" alt=\"Bottega Veneta, Mini Jodie Primavera 2022\" width=\"683\" height=\"1024\" \/><figcaption id=\"caption-attachment-109551\" class=\"wp-caption-text\">Bottega Veneta, Mini Jodie Primavera 2022<\/figcaption><\/figure>\n<p><span style=\"font-weight: 400\">Posee una variedad de tonos \u00fanicos, pero sin duda el protagonista ser\u00e1 el <\/span><i><span style=\"font-weight: 400\">parakeet<\/span><\/i><span style=\"font-weight: 400\">, uno de los que integran la paleta de colores de la casa de modas italiana y que resaltar\u00e1 cualquier estilo. Ya sea que lo lleves con un<\/span><i><span style=\"font-weight: 400\"> outfit<\/span><\/i><span style=\"font-weight: 400\"> casual o tipo <\/span><i><span style=\"font-weight: 400\">working<\/span><\/i><span style=\"font-weight: 400\">, est\u00e9 verde definitivamente le dar\u00e1 ese toque atrevido a tu atuendo.<\/span><\/p>\n<h3><span style=\"font-weight: 400\">Tejido<\/span><\/h3>\n<figure id=\"attachment_109546\" aria-describedby=\"caption-attachment-109546\" style=\"width: 513px\" class=\"wp-caption alignnone\"><img loading=\"lazy\" decoding=\"async\" class=\"wp-image-109546 size-large\" src=\"https:\/\/graziamagazine.com\/mx\/wp-content\/uploads\/sites\/13\/2022\/04\/c76970ecf8daff6ec2f158e468b046db.jpg?w=513\" alt=\"Bottega Veneta, Mini Jodie Primavera 2022\" width=\"513\" height=\"580\" \/><figcaption id=\"caption-attachment-109546\" class=\"wp-caption-text\">Bottega Veneta, Mini Jodie Primavera 2022<\/figcaption><\/figure>\n<p><span style=\"font-weight: 400\">Presente en toda la bolsa, el patr\u00f3n <\/span><i><span style=\"font-weight: 400\">intrecciato<\/span><\/i><span style=\"font-weight: 400\"> es reconocible al instante al presumir de forma magistral su entrelazado que ha sido confeccionado 50% piel de cordero y 50% piel de becerro. Sin duda, una t\u00e9cnica artesanal que ha caracterizado temporada tras temporada a la marca.<\/span><\/p>\n<h3><span style=\"font-weight: 400\">Materiales<\/span><\/h3>\n<figure id=\"attachment_109550\" aria-describedby=\"caption-attachment-109550\" style=\"width: 683px\" class=\"wp-caption alignnone\"><img loading=\"lazy\" decoding=\"async\" class=\"wp-image-109550 size-large\" src=\"https:\/\/graziamagazine.com\/mx\/wp-content\/uploads\/sites\/13\/2022\/04\/w2000_q80.jpg?w=683\" alt=\"Bottega Veneta, Mini Jodie Primavera 2022\" width=\"683\" height=\"1024\" \/><figcaption id=\"caption-attachment-109550\" class=\"wp-caption-text\">Bottega Veneta, Mini Jodie Primavera 2022<\/figcaption><\/figure>\n<p><span style=\"font-weight: 400\">El tejido intrecciato de la firma sigue siendo uno de los c\u00f3digos de la casa m\u00e1s antiguos de Bottega Veneta: es refinado, elegante y reconocible al instante para los que saben. Hecho en Italia, este bolso tote &#8216;Jodie&#8217; est\u00e1 magistralmente ensamblado con tiras de cuero flexible y tiene una forma suavemente redondeada. El asa superior est\u00e1 ingeniosamente anudada en un lado.<\/span><\/p>\n<h3><span style=\"font-weight: 400\">Est\u00e9tica<\/span><\/h3>\n<figure id=\"attachment_109552\" aria-describedby=\"caption-attachment-109552\" style=\"width: 870px\" class=\"wp-caption alignnone\"><img loading=\"lazy\" decoding=\"async\" class=\"wp-image-109552 size-large\" src=\"https:\/\/graziamagazine.com\/mx\/wp-content\/uploads\/sites\/13\/2022\/04\/bottega-veneta-ICE-Mini-Bv-Jodie.jpeg?w=870\" alt=\"Bottega Veneta, Mini Jodie Primavera 2022\" width=\"870\" height=\"1024\" \/><figcaption id=\"caption-attachment-109552\" class=\"wp-caption-text\">Bottega Veneta, Mini Jodie Primavera 2022<\/figcaption><\/figure>\n<p><span style=\"font-weight: 400\">Peque\u00f1o, pero poderoso y con un fino acabado met\u00e1lico en plata, el <\/span><b>mini Jodie <\/b><span style=\"font-weight: 400\">tambi\u00e9n es un objeto de colecci\u00f3n, holgado, suave y con un asa superior con un nudo a un lado, que le otorga ese detalle de coqueter\u00eda implacable.<\/span><\/p>\n<h3><span style=\"font-weight: 400\">Comodidad<\/span><\/h3>\n<figure id=\"attachment_109548\" aria-describedby=\"caption-attachment-109548\" style=\"width: 683px\" class=\"wp-caption alignnone\"><img loading=\"lazy\" decoding=\"async\" class=\"wp-image-109548 size-large\" src=\"https:\/\/graziamagazine.com\/mx\/wp-content\/uploads\/sites\/13\/2022\/04\/w2000_q60-1.jpg?w=683\" alt=\"Bottega Veneta, Mini Jodie Primavera 2022\" width=\"683\" height=\"1024\" \/><figcaption id=\"caption-attachment-109548\" class=\"wp-caption-text\">Bottega Veneta, Mini Jodie Primavera 2022<\/figcaption><\/figure>\n<p><span style=\"font-weight: 400\">Adem\u00e1s de su innovadora silueta, es un bolso muy ligero con el espacio suficiente al interior para llevar lo necesario, y cierre con cremallera que, al combinarse con el tejido del <\/span><i><span style=\"font-weight: 400\">intrecciato<\/span><\/i><span style=\"font-weight: 400\">, lo hacen un bolso muy flexible que brindan muchas posibilidades para usarlo a donde sea que se vaya.\u00a0<\/span><\/p>\n<figure id=\"attachment_109549\" aria-describedby=\"caption-attachment-109549\" style=\"width: 901px\" class=\"wp-caption alignnone\"><img loading=\"lazy\" decoding=\"async\" class=\"wp-image-109549 size-large\" src=\"https:\/\/graziamagazine.com\/mx\/wp-content\/uploads\/sites\/13\/2022\/04\/16354401_31302410_2048.jpg?w=901\" alt=\"Bottega Veneta, Mini Jodie Primavera 2022\" width=\"901\" height=\"1024\" \/><figcaption id=\"caption-attachment-109549\" class=\"wp-caption-text\">Bottega Veneta, Mini Jodie Primavera 2022<\/figcaption><\/figure>\n<p><span style=\"font-weight: 400\">Podr\u00e1s encontrar el<\/span><b> Mini Jodie<\/b><span style=\"font-weight: 400\"> de <\/span><b>Bottega Veneta<\/b><span style=\"font-weight: 400\"> disponible en El Palacio de Hierro y<\/span><a href=\"https:\/\/www.elpalaciodehierro.com\/bottega-veneta-bolso-de-mano-en-piel-42411062.html?cid=119146\" target=\"_blank\"> <span style=\"font-weight: 400\">elpalaciodehierro.com<\/span><\/a> <span style=\"font-weight: 400\">para completar un look de ensue\u00f1o para esta \u00e9poca de sol.<\/span><\/p>\n<p><img loading=\"lazy\" decoding=\"async\" class=\"aligncenter wp-image-109567 size-large\" src=\"https:\/\/graziamagazine.com\/mx\/wp-content\/uploads\/sites\/13\/2022\/04\/353E8F00-FB8D-4B2B-8719-D4398609F20B.jpeg?w=869\" alt=\"\" width=\"869\" height=\"1024\" \/> <img loading=\"lazy\" decoding=\"async\" class=\"aligncenter wp-image-109568 size-large\" src=\"https:\/\/graziamagazine.com\/mx\/wp-content\/uploads\/sites\/13\/2022\/04\/88778009-13CD-4FA5-AB3B-A6C07E2BAA66.jpeg?w=869\" alt=\"\" width=\"869\" height=\"1024\" \/><\/p>\n<p>&nbsp;<\/p>\n","protected":false},"author":28953,"featured_media":109547,"template":"","format":"standard","categories":[4],"acf":[],"yoast_head":"<!-- This site is optimized with the Yoast SEO Premium plugin v18.5 (Yoast SEO v20.4) - https:\/\/yoast.com\/wordpress\/plugins\/seo\/ -->\n<title>Mini Jodie: El nuevo must de Bottega Veneta para Primavera\/Verano 2022 | Grazia M\u00e9xico y Latinoam\u00e9rica<\/title>\n<meta name=\"description\" content=\"Bottega Veneta se caracteriza por inspirar la individualidad con artesan\u00eda innovadora desde 1966. La creatividad es el coraz\u00f3n de todo lo que hacemos.\" \/>\n<meta name=\"robots\" content=\"index, follow, max-snippet:-1, max-image-preview:large, max-video-preview:-1\" \/>\n<link rel=\"canonical\" href=\"https:\/\/graziamagazine.com\/mx\/articles\/mini-jodie-el-nuevo-must-de-bottega-veneta-para-primavera-verano-2022\/\" \/>\n<meta property=\"og:locale\" content=\"es_MX\" \/>\n<meta property=\"og:type\" content=\"article\" \/>\n<meta property=\"og:title\" content=\"Mini Jodie: El nuevo must de Bottega Veneta para Primavera\/Verano 2022\" \/>\n<meta property=\"og:description\" content=\"Bottega Veneta se caracteriza por inspirar la individualidad con artesan\u00eda innovadora desde 1966. La creatividad es el coraz\u00f3n de todo lo que hacemos.\" \/>\n<meta property=\"og:url\" content=\"https:\/\/graziamagazine.com\/mx\/articles\/mini-jodie-el-nuevo-must-de-bottega-veneta-para-primavera-verano-2022\/\" \/>\n<meta property=\"og:site_name\" content=\"Grazia M\u00e9xico y Latinoam\u00e9rica\" \/>\n<meta property=\"article:modified_time\" content=\"2022-04-07T15:37:59+00:00\" \/>\n<meta property=\"og:image\" content=\"https:\/\/graziamagazine.com\/mx\/wp-content\/uploads\/sites\/13\/2022\/04\/How-to-Wear-Green_Hero.jpg?fit=1200%2C820\" \/>\n\t<meta property=\"og:image:width\" content=\"1200\" \/>\n\t<meta property=\"og:image:height\" content=\"820\" \/>\n\t<meta property=\"og:image:type\" content=\"image\/jpeg\" \/>\n<meta name=\"twitter:card\" content=\"summary_large_image\" \/>\n<meta name=\"twitter:label1\" content=\"Est. reading time\" \/>\n\t<meta name=\"twitter:data1\" content=\"3 minutos\" \/>\n<script type=\"application\/ld+json\" class=\"yoast-schema-graph\">{\"@context\":\"https:\/\/schema.org\",\"@graph\":[{\"@type\":\"WebPage\",\"@id\":\"https:\/\/graziamagazine.com\/mx\/articles\/mini-jodie-el-nuevo-must-de-bottega-veneta-para-primavera-verano-2022\/\",\"url\":\"https:\/\/graziamagazine.com\/mx\/articles\/mini-jodie-el-nuevo-must-de-bottega-veneta-para-primavera-verano-2022\/\",\"name\":\"Mini Jodie: El nuevo must de Bottega Veneta para Primavera\/Verano 2022 | Grazia M\u00e9xico y Latinoam\u00e9rica\",\"isPartOf\":{\"@id\":\"https:\/\/graziamagazine.com\/mx\/#website\"},\"datePublished\":\"2022-04-07T04:08:51+00:00\",\"dateModified\":\"2022-04-07T15:37:59+00:00\",\"description\":\"Bottega Veneta se caracteriza por inspirar la individualidad con artesan\u00eda innovadora desde 1966. La creatividad es el coraz\u00f3n de todo lo que hacemos.\",\"breadcrumb\":{\"@id\":\"https:\/\/graziamagazine.com\/mx\/articles\/mini-jodie-el-nuevo-must-de-bottega-veneta-para-primavera-verano-2022\/#breadcrumb\"},\"inLanguage\":\"es-MX\",\"potentialAction\":[{\"@type\":\"ReadAction\",\"target\":[\"https:\/\/graziamagazine.com\/mx\/articles\/mini-jodie-el-nuevo-must-de-bottega-veneta-para-primavera-verano-2022\/\"]}]},{\"@type\":\"BreadcrumbList\",\"@id\":\"https:\/\/graziamagazine.com\/mx\/articles\/mini-jodie-el-nuevo-must-de-bottega-veneta-para-primavera-verano-2022\/#breadcrumb\",\"itemListElement\":[{\"@type\":\"ListItem\",\"position\":1,\"name\":\"Home\",\"item\":\"https:\/\/graziamagazine.com\/mx\/\"},{\"@type\":\"ListItem\",\"position\":2,\"name\":\"Mini Jodie: El nuevo must de Bottega Veneta para Primavera\/Verano 2022\"}]},{\"@type\":\"WebSite\",\"@id\":\"https:\/\/graziamagazine.com\/mx\/#website\",\"url\":\"https:\/\/graziamagazine.com\/mx\/\",\"name\":\"Grazia M\u00e9xico y Latinoam\u00e9rica\",\"description\":\"Grazia es moda, belleza y noticias  de actualidad \",\"potentialAction\":[{\"@type\":\"SearchAction\",\"target\":{\"@type\":\"EntryPoint\",\"urlTemplate\":\"https:\/\/graziamagazine.com\/mx\/?s={search_term_string}\"},\"query-input\":\"required name=search_term_string\"}],\"inLanguage\":\"es-MX\"}]}<\/script>\n<!-- \/ Yoast SEO Premium plugin. -->","yoast_head_json":{"title":"Mini Jodie: El nuevo must de Bottega Veneta para Primavera\/Verano 2022 | Grazia M\u00e9xico y Latinoam\u00e9rica","description":"Bottega Veneta se caracteriza por inspirar la individualidad con artesan\u00eda innovadora desde 1966. La creatividad es el coraz\u00f3n de todo lo que hacemos.","robots":{"index":"index","follow":"follow","max-snippet":"max-snippet:-1","max-image-preview":"max-image-preview:large","max-video-preview":"max-video-preview:-1"},"canonical":"https:\/\/graziamagazine.com\/mx\/articles\/mini-jodie-el-nuevo-must-de-bottega-veneta-para-primavera-verano-2022\/","og_locale":"es_MX","og_type":"article","og_title":"Mini Jodie: El nuevo must de Bottega Veneta para Primavera\/Verano 2022","og_description":"Bottega Veneta se caracteriza por inspirar la individualidad con artesan\u00eda innovadora desde 1966. La creatividad es el coraz\u00f3n de todo lo que hacemos.","og_url":"https:\/\/graziamagazine.com\/mx\/articles\/mini-jodie-el-nuevo-must-de-bottega-veneta-para-primavera-verano-2022\/","og_site_name":"Grazia M\u00e9xico y Latinoam\u00e9rica","article_modified_time":"2022-04-07T15:37:59+00:00","og_image":[{"width":1200,"height":820,"url":"https:\/\/graziamagazine.com\/mx\/wp-content\/uploads\/sites\/13\/2022\/04\/How-to-Wear-Green_Hero.jpg?fit=1200%2C820","type":"image\/jpeg"}],"twitter_card":"summary_large_image","twitter_misc":{"Est. reading time":"3 minutos"},"schema":{"@context":"https:\/\/schema.org","@graph":[{"@type":"WebPage","@id":"https:\/\/graziamagazine.com\/mx\/articles\/mini-jodie-el-nuevo-must-de-bottega-veneta-para-primavera-verano-2022\/","url":"https:\/\/graziamagazine.com\/mx\/articles\/mini-jodie-el-nuevo-must-de-bottega-veneta-para-primavera-verano-2022\/","name":"Mini Jodie: El nuevo must de Bottega Veneta para Primavera\/Verano 2022 | Grazia M\u00e9xico y Latinoam\u00e9rica","isPartOf":{"@id":"https:\/\/graziamagazine.com\/mx\/#website"},"datePublished":"2022-04-07T04:08:51+00:00","dateModified":"2022-04-07T15:37:59+00:00","description":"Bottega Veneta se caracteriza por inspirar la individualidad con artesan\u00eda innovadora desde 1966. La creatividad es el coraz\u00f3n de todo lo que hacemos.","breadcrumb":{"@id":"https:\/\/graziamagazine.com\/mx\/articles\/mini-jodie-el-nuevo-must-de-bottega-veneta-para-primavera-verano-2022\/#breadcrumb"},"inLanguage":"es-MX","potentialAction":[{"@type":"ReadAction","target":["https:\/\/graziamagazine.com\/mx\/articles\/mini-jodie-el-nuevo-must-de-bottega-veneta-para-primavera-verano-2022\/"]}]},{"@type":"BreadcrumbList","@id":"https:\/\/graziamagazine.com\/mx\/articles\/mini-jodie-el-nuevo-must-de-bottega-veneta-para-primavera-verano-2022\/#breadcrumb","itemListElement":[{"@type":"ListItem","position":1,"name":"Home","item":"https:\/\/graziamagazine.com\/mx\/"},{"@type":"ListItem","position":2,"name":"Mini Jodie: El nuevo must de Bottega Veneta para Primavera\/Verano 2022"}]},{"@type":"WebSite","@id":"https:\/\/graziamagazine.com\/mx\/#website","url":"https:\/\/graziamagazine.com\/mx\/","name":"Grazia M\u00e9xico y Latinoam\u00e9rica","description":"Grazia es moda, belleza y noticias  de actualidad ","potentialAction":[{"@type":"SearchAction","target":{"@type":"EntryPoint","urlTemplate":"https:\/\/graziamagazine.com\/mx\/?s={search_term_string}"},"query-input":"required name=search_term_string"}],"inLanguage":"es-MX"}]}},"jetpack_sharing_enabled":true,"distributor_meta":false,"distributor_terms":false,"distributor_media":false,"distributor_original_site_name":"Grazia M\u00e9xico y Latinoam\u00e9rica","distributor_original_site_url":"https:\/\/graziamagazine.com\/mx","push-errors":false,"_links":{"self":[{"href":"https:\/\/graziamagazine.com\/mx\/wp-json\/wp\/v2\/articles\/109545"}],"collection":[{"href":"https:\/\/graziamagazine.com\/mx\/wp-json\/wp\/v2\/articles"}],"about":[{"href":"https:\/\/graziamagazine.com\/mx\/wp-json\/wp\/v2\/types\/articles"}],"author":[{"embeddable":true,"href":"https:\/\/graziamagazine.com\/mx\/wp-json\/wp\/v2\/users\/28953"}],"wp:featuredmedia":[{"embeddable":true,"href":"https:\/\/graziamagazine.com\/mx\/wp-json\/wp\/v2\/media\/109547"}],"wp:attachment":[{"href":"https:\/\/graziamagazine.com\/mx\/wp-json\/wp\/v2\/media?parent=109545"}],"wp:term":[{"taxonomy":"category","embeddable":true,"href":"https:\/\/graziamagazine.com\/mx\/wp-json\/wp\/v2\/categories?post=109545"}],"curies":[{"name":"wp","href":"https:\/\/api.w.org\/{rel}","templated":true}]}}