{"id":10949,"date":"2016-11-23T17:11:38","date_gmt":"2016-11-23T23:11:38","guid":{"rendered":"https:\/\/graziamagazine.com\/mx\/?p=10949"},"modified":"2016-11-23T17:12:11","modified_gmt":"2016-11-23T23:12:11","slug":"producto-de-la-semana-la-nueva-linea-kerastase","status":"publish","type":"articles","link":"https:\/\/graziamagazine.com\/mx\/articles\/producto-de-la-semana-la-nueva-linea-kerastase\/","title":{"rendered":"PRODUCTO DE LA SEMANA: LA NUEVA L\u00cdNEA K\u00c9RASTASE"},"content":{"rendered":"<p><strong>Una f\u00f3rmula enriquecida que adem\u00e1s hace alarde del lujo sustentable.<\/strong><!--more--><\/p>\n<p>\u2013\u2013\u2013\u2013<\/p>\n<p>&nbsp;<\/p>\n<p style=\"text-align: right;\"><strong>Por Daniela Vega<\/strong><\/p>\n<p>&nbsp;<\/p>\n<p>&nbsp;<\/p>\n<p><span style=\"font-weight: 400;\">Una nueva era ha llegado a <strong>K\u00e9rastase;<\/strong>\u00a0ahora la firma de cuidado capilar celebra\u00a0una visi\u00f3n de estilos personalizados, de la mano del\u00a0compromiso sustentable.<\/span><\/p>\n<p><span style=\"font-weight: 400;\">Los\u00a0tratamientos <strong>K\u00e9rastase<\/strong> se enfocan en glorificar sus productos a trav\u00e9s de un dise\u00f1o mucho m\u00e1s femenino y elegante. Sus envases permiten reducir el impacto en el ambiente al ahorrar 45 toneladas de pl\u00e1stico por a\u00f1o y 30 toneladas de materiales al utilizar 25% de materiales reciclados en su producci\u00f3n. <\/span><\/p>\n<p><span style=\"font-weight: 400;\">Cada familia de productos <strong>K\u00e9rastase<\/strong> fusiona el <\/span><i><span style=\"font-weight: 400;\">expertirse<\/span><\/i><span style=\"font-weight: 400;\"> de grandes estilistas con los avances cient\u00edficos. Un equipo de investigadores se encarga de dise\u00f1ar productos a la medida de las necesidades de cada mujer, ofreciendo un cuidado espec\u00edfico para conseguir un pelo excepcional; fortalecimiento de\u00a0la hebra capilar, protecci\u00f3n de color, productos para disciplinar los rizos y nutrici\u00f3n extrema. <\/span><\/p>\n<p>&nbsp;<\/p>\n<p><img loading=\"lazy\" decoding=\"async\" class=\"alignnone size-full wp-image-10952\" src=\"https:\/\/graziamagazine.com\/mx\/wp-content\/uploads\/sites\/13\/2016\/11\/WhatsApp-Image-2016-11-23-at-1.26.36-PM.jpeg\" alt=\"whatsapp-image-2016-11-23-at-1-26-36-pm\" width=\"1200\" height=\"627\" srcset=\"https:\/\/graziamagazine.com\/mx\/wp-content\/uploads\/sites\/13\/2016\/11\/WhatsApp-Image-2016-11-23-at-1.26.36-PM.jpeg 1200w, https:\/\/graziamagazine.com\/mx\/wp-content\/uploads\/sites\/13\/2016\/11\/WhatsApp-Image-2016-11-23-at-1.26.36-PM.jpeg?resize=450,235 450w, https:\/\/graziamagazine.com\/mx\/wp-content\/uploads\/sites\/13\/2016\/11\/WhatsApp-Image-2016-11-23-at-1.26.36-PM.jpeg?resize=768,401 768w, https:\/\/graziamagazine.com\/mx\/wp-content\/uploads\/sites\/13\/2016\/11\/WhatsApp-Image-2016-11-23-at-1.26.36-PM.jpeg?resize=1024,535 1024w, https:\/\/graziamagazine.com\/mx\/wp-content\/uploads\/sites\/13\/2016\/11\/WhatsApp-Image-2016-11-23-at-1.26.36-PM.jpeg?resize=155,81 155w\" sizes=\"(max-width: 1200px) 100vw, 1200px\" \/><\/p>\n<p>&nbsp;<\/p>\n<p><i><span style=\"font-weight: 400;\">Shampoo Discipline Curl Ideal<\/span><\/i><span style=\"font-weight: 400;\">, <\/span><b>Kerastase<\/b><span style=\"font-weight: 400;\">, $310, <\/span><i><span style=\"font-weight: 400;\">Bain SatinIrosome<\/span><\/i><span style=\"font-weight: 400;\">, <\/span><b>Kerastase<\/b><span style=\"font-weight: 400;\">, $499, <\/span><i><span style=\"font-weight: 400;\">Bain Chroma Captive, <\/span><\/i><b>Kerastase<\/b><span style=\"font-weight: 400;\">, $499. Salones de prestigio.<\/span><\/p>\n","protected":false},"author":11636,"featured_media":10950,"template":"","format":"standard","categories":[3,10],"acf":[],"yoast_head":"<!-- This site is optimized with the Yoast SEO Premium plugin v18.5 (Yoast SEO v20.4) - https:\/\/yoast.com\/wordpress\/plugins\/seo\/ -->\n<title>PRODUCTO DE LA SEMANA: LA NUEVA L\u00cdNEA K\u00c9RASTASE | Grazia M\u00e9xico y Latinoam\u00e9rica<\/title>\n<meta name=\"description\" content=\"Una f\u00f3rmula enriquecida que adem\u00e1s hace alarde del lujo sustentable. \u2013\u2013\u2013\u2013 &nbsp; Por Daniela Vega &nbsp; &nbsp; Una nueva era ha llegado a\" \/>\n<meta name=\"robots\" content=\"index, follow, max-snippet:-1, max-image-preview:large, max-video-preview:-1\" \/>\n<link rel=\"canonical\" href=\"https:\/\/graziamagazine.com\/mx\/articles\/producto-de-la-semana-la-nueva-linea-kerastase\/\" \/>\n<meta property=\"og:locale\" content=\"es_MX\" \/>\n<meta property=\"og:type\" content=\"article\" \/>\n<meta property=\"og:title\" content=\"PRODUCTO DE LA SEMANA: LA NUEVA L\u00cdNEA K\u00c9RASTASE\" \/>\n<meta property=\"og:description\" content=\"Una f\u00f3rmula enriquecida que adem\u00e1s hace alarde del lujo sustentable. \u2013\u2013\u2013\u2013 &nbsp; Por Daniela Vega &nbsp; &nbsp; Una nueva era ha llegado a\" \/>\n<meta property=\"og:url\" content=\"https:\/\/graziamagazine.com\/mx\/articles\/producto-de-la-semana-la-nueva-linea-kerastase\/\" \/>\n<meta property=\"og:site_name\" content=\"Grazia M\u00e9xico y Latinoam\u00e9rica\" \/>\n<meta property=\"article:modified_time\" content=\"2016-11-23T23:12:11+00:00\" \/>\n<meta property=\"og:image\" content=\"https:\/\/graziamagazine.com\/mx\/wp-content\/uploads\/sites\/13\/2016\/11\/WhatsApp-Image-2016-11-23-at-1.26.36-PMAAAA.jpeg?fit=970%2C600\" \/>\n\t<meta property=\"og:image:width\" content=\"970\" \/>\n\t<meta property=\"og:image:height\" content=\"600\" \/>\n\t<meta property=\"og:image:type\" content=\"image\/jpeg\" \/>\n<meta name=\"twitter:card\" content=\"summary_large_image\" \/>\n<meta name=\"twitter:label1\" content=\"Est. reading time\" \/>\n\t<meta name=\"twitter:data1\" content=\"1 minuto\" \/>\n<script type=\"application\/ld+json\" class=\"yoast-schema-graph\">{\"@context\":\"https:\/\/schema.org\",\"@graph\":[{\"@type\":\"WebPage\",\"@id\":\"https:\/\/graziamagazine.com\/mx\/articles\/producto-de-la-semana-la-nueva-linea-kerastase\/\",\"url\":\"https:\/\/graziamagazine.com\/mx\/articles\/producto-de-la-semana-la-nueva-linea-kerastase\/\",\"name\":\"PRODUCTO DE LA SEMANA: LA NUEVA L\u00cdNEA K\u00c9RASTASE | Grazia M\u00e9xico y Latinoam\u00e9rica\",\"isPartOf\":{\"@id\":\"https:\/\/graziamagazine.com\/mx\/#website\"},\"datePublished\":\"2016-11-23T23:11:38+00:00\",\"dateModified\":\"2016-11-23T23:12:11+00:00\",\"description\":\"Una f\u00f3rmula enriquecida que adem\u00e1s hace alarde del lujo sustentable. \u2013\u2013\u2013\u2013 &nbsp; Por Daniela Vega &nbsp; &nbsp; Una nueva era ha llegado a\",\"breadcrumb\":{\"@id\":\"https:\/\/graziamagazine.com\/mx\/articles\/producto-de-la-semana-la-nueva-linea-kerastase\/#breadcrumb\"},\"inLanguage\":\"es-MX\",\"potentialAction\":[{\"@type\":\"ReadAction\",\"target\":[\"https:\/\/graziamagazine.com\/mx\/articles\/producto-de-la-semana-la-nueva-linea-kerastase\/\"]}]},{\"@type\":\"BreadcrumbList\",\"@id\":\"https:\/\/graziamagazine.com\/mx\/articles\/producto-de-la-semana-la-nueva-linea-kerastase\/#breadcrumb\",\"itemListElement\":[{\"@type\":\"ListItem\",\"position\":1,\"name\":\"Home\",\"item\":\"https:\/\/graziamagazine.com\/mx\/\"},{\"@type\":\"ListItem\",\"position\":2,\"name\":\"PRODUCTO DE LA SEMANA: LA NUEVA L\u00cdNEA K\u00c9RASTASE\"}]},{\"@type\":\"WebSite\",\"@id\":\"https:\/\/graziamagazine.com\/mx\/#website\",\"url\":\"https:\/\/graziamagazine.com\/mx\/\",\"name\":\"Grazia M\u00e9xico y Latinoam\u00e9rica\",\"description\":\"Grazia es moda, belleza y noticias  de actualidad \",\"potentialAction\":[{\"@type\":\"SearchAction\",\"target\":{\"@type\":\"EntryPoint\",\"urlTemplate\":\"https:\/\/graziamagazine.com\/mx\/?s={search_term_string}\"},\"query-input\":\"required name=search_term_string\"}],\"inLanguage\":\"es-MX\"}]}<\/script>\n<!-- \/ Yoast SEO Premium plugin. -->","yoast_head_json":{"title":"PRODUCTO DE LA SEMANA: LA NUEVA L\u00cdNEA K\u00c9RASTASE | Grazia M\u00e9xico y Latinoam\u00e9rica","description":"Una f\u00f3rmula enriquecida que adem\u00e1s hace alarde del lujo sustentable. \u2013\u2013\u2013\u2013 &nbsp; Por Daniela Vega &nbsp; &nbsp; Una nueva era ha llegado a","robots":{"index":"index","follow":"follow","max-snippet":"max-snippet:-1","max-image-preview":"max-image-preview:large","max-video-preview":"max-video-preview:-1"},"canonical":"https:\/\/graziamagazine.com\/mx\/articles\/producto-de-la-semana-la-nueva-linea-kerastase\/","og_locale":"es_MX","og_type":"article","og_title":"PRODUCTO DE LA SEMANA: LA NUEVA L\u00cdNEA K\u00c9RASTASE","og_description":"Una f\u00f3rmula enriquecida que adem\u00e1s hace alarde del lujo sustentable. \u2013\u2013\u2013\u2013 &nbsp; Por Daniela Vega &nbsp; &nbsp; Una nueva era ha llegado a","og_url":"https:\/\/graziamagazine.com\/mx\/articles\/producto-de-la-semana-la-nueva-linea-kerastase\/","og_site_name":"Grazia M\u00e9xico y Latinoam\u00e9rica","article_modified_time":"2016-11-23T23:12:11+00:00","og_image":[{"width":970,"height":600,"url":"https:\/\/graziamagazine.com\/mx\/wp-content\/uploads\/sites\/13\/2016\/11\/WhatsApp-Image-2016-11-23-at-1.26.36-PMAAAA.jpeg?fit=970%2C600","type":"image\/jpeg"}],"twitter_card":"summary_large_image","twitter_misc":{"Est. reading time":"1 minuto"},"schema":{"@context":"https:\/\/schema.org","@graph":[{"@type":"WebPage","@id":"https:\/\/graziamagazine.com\/mx\/articles\/producto-de-la-semana-la-nueva-linea-kerastase\/","url":"https:\/\/graziamagazine.com\/mx\/articles\/producto-de-la-semana-la-nueva-linea-kerastase\/","name":"PRODUCTO DE LA SEMANA: LA NUEVA L\u00cdNEA K\u00c9RASTASE | Grazia M\u00e9xico y Latinoam\u00e9rica","isPartOf":{"@id":"https:\/\/graziamagazine.com\/mx\/#website"},"datePublished":"2016-11-23T23:11:38+00:00","dateModified":"2016-11-23T23:12:11+00:00","description":"Una f\u00f3rmula enriquecida que adem\u00e1s hace alarde del lujo sustentable. \u2013\u2013\u2013\u2013 &nbsp; Por Daniela Vega &nbsp; &nbsp; Una nueva era ha llegado a","breadcrumb":{"@id":"https:\/\/graziamagazine.com\/mx\/articles\/producto-de-la-semana-la-nueva-linea-kerastase\/#breadcrumb"},"inLanguage":"es-MX","potentialAction":[{"@type":"ReadAction","target":["https:\/\/graziamagazine.com\/mx\/articles\/producto-de-la-semana-la-nueva-linea-kerastase\/"]}]},{"@type":"BreadcrumbList","@id":"https:\/\/graziamagazine.com\/mx\/articles\/producto-de-la-semana-la-nueva-linea-kerastase\/#breadcrumb","itemListElement":[{"@type":"ListItem","position":1,"name":"Home","item":"https:\/\/graziamagazine.com\/mx\/"},{"@type":"ListItem","position":2,"name":"PRODUCTO DE LA SEMANA: LA NUEVA L\u00cdNEA K\u00c9RASTASE"}]},{"@type":"WebSite","@id":"https:\/\/graziamagazine.com\/mx\/#website","url":"https:\/\/graziamagazine.com\/mx\/","name":"Grazia M\u00e9xico y Latinoam\u00e9rica","description":"Grazia es moda, belleza y noticias  de actualidad ","potentialAction":[{"@type":"SearchAction","target":{"@type":"EntryPoint","urlTemplate":"https:\/\/graziamagazine.com\/mx\/?s={search_term_string}"},"query-input":"required name=search_term_string"}],"inLanguage":"es-MX"}]}},"jetpack_sharing_enabled":true,"distributor_meta":false,"distributor_terms":false,"distributor_media":false,"distributor_original_site_name":"Grazia M\u00e9xico y Latinoam\u00e9rica","distributor_original_site_url":"https:\/\/graziamagazine.com\/mx","push-errors":false,"_links":{"self":[{"href":"https:\/\/graziamagazine.com\/mx\/wp-json\/wp\/v2\/articles\/10949"}],"collection":[{"href":"https:\/\/graziamagazine.com\/mx\/wp-json\/wp\/v2\/articles"}],"about":[{"href":"https:\/\/graziamagazine.com\/mx\/wp-json\/wp\/v2\/types\/articles"}],"author":[{"embeddable":true,"href":"https:\/\/graziamagazine.com\/mx\/wp-json\/wp\/v2\/users\/11636"}],"wp:featuredmedia":[{"embeddable":true,"href":"https:\/\/graziamagazine.com\/mx\/wp-json\/wp\/v2\/media\/10950"}],"wp:attachment":[{"href":"https:\/\/graziamagazine.com\/mx\/wp-json\/wp\/v2\/media?parent=10949"}],"wp:term":[{"taxonomy":"category","embeddable":true,"href":"https:\/\/graziamagazine.com\/mx\/wp-json\/wp\/v2\/categories?post=10949"}],"curies":[{"name":"wp","href":"https:\/\/api.w.org\/{rel}","templated":true}]}}