{"id":109367,"date":"2022-04-05T18:46:48","date_gmt":"2022-04-05T23:46:48","guid":{"rendered":"https:\/\/graziamagazine.com\/mx\/?post_type=articles&#038;p=109367"},"modified":"2022-04-06T10:22:09","modified_gmt":"2022-04-06T15:22:09","slug":"welcome-to-derry-la-precuela-de-it-que-prepara-hbo-max","status":"publish","type":"articles","link":"https:\/\/graziamagazine.com\/mx\/articles\/welcome-to-derry-la-precuela-de-it-que-prepara-hbo-max\/","title":{"rendered":"\u2018Welcome to Derry\u2019: la precuela de \u2018IT\u2019 que prepara HBO Max"},"content":{"rendered":"<p>\u00a1Esta noticia nos ha hecho flotar! Y es que despu\u00e9s de tres a\u00f1os del estreno de It: Cap\u00edtulo 2, se ha confirmado el desarrollo de una precuela. Jeff Sneider ha confirmado que HBO Max ya ha iniciado el proyecto que contar\u00e1 los or\u00edgenes de Pennywise: Welcome to Derry.<\/p>\n<p>Seg\u00fan Variety, Welcome to Derry va a estar ambientada en la d\u00e9cada de los 1960. Esto significa que nos situar\u00e1 antes de lo sucedido en It: Cap\u00edtulo 1. Por lo que parece, la serie se centrar\u00e1 en el surgimiento de Pennywise en el poblado de Maine. El payaso m\u00e1s temido del g\u00e9nero del terror ha pasado por distintas \u00e9pocas, ya que despierta cada 27 a\u00f1os para alimentarse de ni\u00f1os. As\u00ed pues, el objetivo se centra en conocer al m\u00edtico personaje.<\/p>\n<p><img loading=\"lazy\" decoding=\"async\" class=\"alignnone size-medium wp-image-109369\" src=\"https:\/\/graziamagazine.com\/mx\/wp-content\/uploads\/sites\/13\/2022\/04\/1432.jpg?w=450\" alt=\"\" width=\"450\" height=\"450\" \/><\/p>\n<p>\u00daltimamente estamos viendo como grandes proyectos como este se expanden a la peque\u00f1a pantalla. Se esta volviendo especialmente habitual en empresas vinculadas a HBO Max. Y es que, a parte de Welcome to Derry, tambi\u00e9n se han confirmado producciones similares que desarrollar\u00e1n personajes como El Ping\u00fcino (de The Batman) o las brujas Bene Gesserit (de Dune). Todas de la mano de HBO Max.<\/p>\n<p><img loading=\"lazy\" decoding=\"async\" class=\"alignnone size-medium wp-image-109370\" src=\"https:\/\/graziamagazine.com\/mx\/wp-content\/uploads\/sites\/13\/2022\/04\/it-capitolo-2-pennywise-piu-spaventoso-bill-skarsgard_jpg_1200x0_crop_q85.jpg?w=450\" alt=\"\" width=\"450\" height=\"300\" \/><\/p>\n<p>Andy Muschietti, el responsable de las dos adaptaciones cinematogr\u00e1ficas de la novela de Stephen King, ser\u00e1 quien dirija y produzca el episodio piloto. Desgraciadamente, no se conoce m\u00e1s informaci\u00f3n sobre el proyecto. Se espera a\u00fan la confirmaci\u00f3n del elenco y la participaci\u00f3n de Bill Skarsg\u00e5rd, actor que interpreta a Pennywise en las pel\u00edculas, tampoco est\u00e1 clara. Adem\u00e1s, a\u00fan no tenemos fecha de estreno.<\/p>\n<p>Sin embargo, los fans de Stephen King y sus adaptaciones tienen otra cita pendiente. El pr\u00f3ximo 13 de mayo se estrena Ojos de fuego, la adaptaci\u00f3n de la novela del autor Firestarter. Protagonizada por Ryan Kiera Armstrong y Zac Efron, cuenta la historia de una ni\u00f1a con poderes sobrenaturales relacionados con el fuego.<\/p>\n<p><img loading=\"lazy\" decoding=\"async\" class=\"alignnone size-medium wp-image-109368\" src=\"https:\/\/graziamagazine.com\/mx\/wp-content\/uploads\/sites\/13\/2022\/04\/61A6SQk2HeS._AC_SY450_.jpg?w=301\" alt=\"\" width=\"301\" height=\"450\" \/><\/p>\n","protected":false},"author":33675,"featured_media":109371,"template":"","format":"standard","categories":[12832],"acf":[],"yoast_head":"<!-- This site is optimized with the Yoast SEO Premium plugin v18.5 (Yoast SEO v20.4) - https:\/\/yoast.com\/wordpress\/plugins\/seo\/ -->\n<title>\u2018Welcome to Derry\u2019: la precuela de \u2018IT\u2019 que prepara HBO Max | Grazia M\u00e9xico y Latinoam\u00e9rica<\/title>\n<meta name=\"description\" content=\"\u00a1Esta noticia nos ha hecho flotar! Y es que despu\u00e9s de tres a\u00f1os del estreno de It: Cap\u00edtulo 2, se ha confirmado el desarrollo de una precuela. Jeff\" \/>\n<meta name=\"robots\" content=\"index, follow, max-snippet:-1, max-image-preview:large, max-video-preview:-1\" \/>\n<link rel=\"canonical\" href=\"https:\/\/graziamagazine.com\/mx\/articles\/welcome-to-derry-la-precuela-de-it-que-prepara-hbo-max\/\" \/>\n<meta property=\"og:locale\" content=\"es_MX\" \/>\n<meta property=\"og:type\" content=\"article\" \/>\n<meta property=\"og:title\" content=\"\u2018Welcome to Derry\u2019: la precuela de \u2018IT\u2019 que prepara HBO Max\" \/>\n<meta property=\"og:description\" content=\"\u00a1Esta noticia nos ha hecho flotar! Y es que despu\u00e9s de tres a\u00f1os del estreno de It: Cap\u00edtulo 2, se ha confirmado el desarrollo de una precuela. Jeff\" \/>\n<meta property=\"og:url\" content=\"https:\/\/graziamagazine.com\/mx\/articles\/welcome-to-derry-la-precuela-de-it-que-prepara-hbo-max\/\" \/>\n<meta property=\"og:site_name\" content=\"Grazia M\u00e9xico y Latinoam\u00e9rica\" \/>\n<meta property=\"article:modified_time\" content=\"2022-04-06T15:22:09+00:00\" \/>\n<meta property=\"og:image\" content=\"https:\/\/graziamagazine.com\/mx\/wp-content\/uploads\/sites\/13\/2022\/04\/es_it_pennywise-992x560-1.jpg?fit=992%2C560\" \/>\n\t<meta property=\"og:image:width\" content=\"992\" \/>\n\t<meta property=\"og:image:height\" content=\"560\" \/>\n\t<meta property=\"og:image:type\" content=\"image\/jpeg\" \/>\n<meta name=\"twitter:card\" content=\"summary_large_image\" \/>\n<meta name=\"twitter:label1\" content=\"Est. reading time\" \/>\n\t<meta name=\"twitter:data1\" content=\"2 minutos\" \/>\n<script type=\"application\/ld+json\" class=\"yoast-schema-graph\">{\"@context\":\"https:\/\/schema.org\",\"@graph\":[{\"@type\":\"WebPage\",\"@id\":\"https:\/\/graziamagazine.com\/mx\/articles\/welcome-to-derry-la-precuela-de-it-que-prepara-hbo-max\/\",\"url\":\"https:\/\/graziamagazine.com\/mx\/articles\/welcome-to-derry-la-precuela-de-it-que-prepara-hbo-max\/\",\"name\":\"\u2018Welcome to Derry\u2019: la precuela de \u2018IT\u2019 que prepara HBO Max | Grazia M\u00e9xico y Latinoam\u00e9rica\",\"isPartOf\":{\"@id\":\"https:\/\/graziamagazine.com\/mx\/#website\"},\"datePublished\":\"2022-04-05T23:46:48+00:00\",\"dateModified\":\"2022-04-06T15:22:09+00:00\",\"description\":\"\u00a1Esta noticia nos ha hecho flotar! Y es que despu\u00e9s de tres a\u00f1os del estreno de It: Cap\u00edtulo 2, se ha confirmado el desarrollo de una precuela. Jeff\",\"breadcrumb\":{\"@id\":\"https:\/\/graziamagazine.com\/mx\/articles\/welcome-to-derry-la-precuela-de-it-que-prepara-hbo-max\/#breadcrumb\"},\"inLanguage\":\"es-MX\",\"potentialAction\":[{\"@type\":\"ReadAction\",\"target\":[\"https:\/\/graziamagazine.com\/mx\/articles\/welcome-to-derry-la-precuela-de-it-que-prepara-hbo-max\/\"]}]},{\"@type\":\"BreadcrumbList\",\"@id\":\"https:\/\/graziamagazine.com\/mx\/articles\/welcome-to-derry-la-precuela-de-it-que-prepara-hbo-max\/#breadcrumb\",\"itemListElement\":[{\"@type\":\"ListItem\",\"position\":1,\"name\":\"Home\",\"item\":\"https:\/\/graziamagazine.com\/mx\/\"},{\"@type\":\"ListItem\",\"position\":2,\"name\":\"\u2018Welcome to Derry\u2019: la precuela de \u2018IT\u2019 que prepara HBO Max\"}]},{\"@type\":\"WebSite\",\"@id\":\"https:\/\/graziamagazine.com\/mx\/#website\",\"url\":\"https:\/\/graziamagazine.com\/mx\/\",\"name\":\"Grazia M\u00e9xico y Latinoam\u00e9rica\",\"description\":\"Grazia es moda, belleza y noticias  de actualidad \",\"potentialAction\":[{\"@type\":\"SearchAction\",\"target\":{\"@type\":\"EntryPoint\",\"urlTemplate\":\"https:\/\/graziamagazine.com\/mx\/?s={search_term_string}\"},\"query-input\":\"required name=search_term_string\"}],\"inLanguage\":\"es-MX\"}]}<\/script>\n<!-- \/ Yoast SEO Premium plugin. -->","yoast_head_json":{"title":"\u2018Welcome to Derry\u2019: la precuela de \u2018IT\u2019 que prepara HBO Max | Grazia M\u00e9xico y Latinoam\u00e9rica","description":"\u00a1Esta noticia nos ha hecho flotar! Y es que despu\u00e9s de tres a\u00f1os del estreno de It: Cap\u00edtulo 2, se ha confirmado el desarrollo de una precuela. Jeff","robots":{"index":"index","follow":"follow","max-snippet":"max-snippet:-1","max-image-preview":"max-image-preview:large","max-video-preview":"max-video-preview:-1"},"canonical":"https:\/\/graziamagazine.com\/mx\/articles\/welcome-to-derry-la-precuela-de-it-que-prepara-hbo-max\/","og_locale":"es_MX","og_type":"article","og_title":"\u2018Welcome to Derry\u2019: la precuela de \u2018IT\u2019 que prepara HBO Max","og_description":"\u00a1Esta noticia nos ha hecho flotar! Y es que despu\u00e9s de tres a\u00f1os del estreno de It: Cap\u00edtulo 2, se ha confirmado el desarrollo de una precuela. Jeff","og_url":"https:\/\/graziamagazine.com\/mx\/articles\/welcome-to-derry-la-precuela-de-it-que-prepara-hbo-max\/","og_site_name":"Grazia M\u00e9xico y Latinoam\u00e9rica","article_modified_time":"2022-04-06T15:22:09+00:00","og_image":[{"width":992,"height":560,"url":"https:\/\/graziamagazine.com\/mx\/wp-content\/uploads\/sites\/13\/2022\/04\/es_it_pennywise-992x560-1.jpg?fit=992%2C560","type":"image\/jpeg"}],"twitter_card":"summary_large_image","twitter_misc":{"Est. reading time":"2 minutos"},"schema":{"@context":"https:\/\/schema.org","@graph":[{"@type":"WebPage","@id":"https:\/\/graziamagazine.com\/mx\/articles\/welcome-to-derry-la-precuela-de-it-que-prepara-hbo-max\/","url":"https:\/\/graziamagazine.com\/mx\/articles\/welcome-to-derry-la-precuela-de-it-que-prepara-hbo-max\/","name":"\u2018Welcome to Derry\u2019: la precuela de \u2018IT\u2019 que prepara HBO Max | Grazia M\u00e9xico y Latinoam\u00e9rica","isPartOf":{"@id":"https:\/\/graziamagazine.com\/mx\/#website"},"datePublished":"2022-04-05T23:46:48+00:00","dateModified":"2022-04-06T15:22:09+00:00","description":"\u00a1Esta noticia nos ha hecho flotar! Y es que despu\u00e9s de tres a\u00f1os del estreno de It: Cap\u00edtulo 2, se ha confirmado el desarrollo de una precuela. Jeff","breadcrumb":{"@id":"https:\/\/graziamagazine.com\/mx\/articles\/welcome-to-derry-la-precuela-de-it-que-prepara-hbo-max\/#breadcrumb"},"inLanguage":"es-MX","potentialAction":[{"@type":"ReadAction","target":["https:\/\/graziamagazine.com\/mx\/articles\/welcome-to-derry-la-precuela-de-it-que-prepara-hbo-max\/"]}]},{"@type":"BreadcrumbList","@id":"https:\/\/graziamagazine.com\/mx\/articles\/welcome-to-derry-la-precuela-de-it-que-prepara-hbo-max\/#breadcrumb","itemListElement":[{"@type":"ListItem","position":1,"name":"Home","item":"https:\/\/graziamagazine.com\/mx\/"},{"@type":"ListItem","position":2,"name":"\u2018Welcome to Derry\u2019: la precuela de \u2018IT\u2019 que prepara HBO Max"}]},{"@type":"WebSite","@id":"https:\/\/graziamagazine.com\/mx\/#website","url":"https:\/\/graziamagazine.com\/mx\/","name":"Grazia M\u00e9xico y Latinoam\u00e9rica","description":"Grazia es moda, belleza y noticias  de actualidad ","potentialAction":[{"@type":"SearchAction","target":{"@type":"EntryPoint","urlTemplate":"https:\/\/graziamagazine.com\/mx\/?s={search_term_string}"},"query-input":"required name=search_term_string"}],"inLanguage":"es-MX"}]}},"jetpack_sharing_enabled":true,"distributor_meta":false,"distributor_terms":false,"distributor_media":false,"distributor_original_site_name":"Grazia M\u00e9xico y Latinoam\u00e9rica","distributor_original_site_url":"https:\/\/graziamagazine.com\/mx","push-errors":false,"_links":{"self":[{"href":"https:\/\/graziamagazine.com\/mx\/wp-json\/wp\/v2\/articles\/109367"}],"collection":[{"href":"https:\/\/graziamagazine.com\/mx\/wp-json\/wp\/v2\/articles"}],"about":[{"href":"https:\/\/graziamagazine.com\/mx\/wp-json\/wp\/v2\/types\/articles"}],"author":[{"embeddable":true,"href":"https:\/\/graziamagazine.com\/mx\/wp-json\/wp\/v2\/users\/33675"}],"wp:featuredmedia":[{"embeddable":true,"href":"https:\/\/graziamagazine.com\/mx\/wp-json\/wp\/v2\/media\/109371"}],"wp:attachment":[{"href":"https:\/\/graziamagazine.com\/mx\/wp-json\/wp\/v2\/media?parent=109367"}],"wp:term":[{"taxonomy":"category","embeddable":true,"href":"https:\/\/graziamagazine.com\/mx\/wp-json\/wp\/v2\/categories?post=109367"}],"curies":[{"name":"wp","href":"https:\/\/api.w.org\/{rel}","templated":true}]}}