{"id":109331,"date":"2022-04-07T17:35:15","date_gmt":"2022-04-07T22:35:15","guid":{"rendered":"https:\/\/graziamagazine.com\/mx\/?post_type=articles&#038;p=109331"},"modified":"2022-04-08T10:30:04","modified_gmt":"2022-04-08T15:30:04","slug":"109331","status":"publish","type":"articles","link":"https:\/\/graziamagazine.com\/mx\/articles\/109331\/","title":{"rendered":"\u00a1Ya vienen las vacaciones! Est\u00e1n tan cerca, que puedo oler el mar."},"content":{"rendered":"<p>Mi \u00e9poca favorita del a\u00f1o, me encanta aprovechar unos d\u00edas libres haciendo lo que m\u00e1s me gusta.<\/p>\n<p>Me encantan los trajes de ba\u00f1o, no solamente por lo lindos que lucen, sino por lo que representan.<\/p>\n<p>Todo comenz\u00f3 en el siglo 18, nadar ya era una actividad que los m\u00e9dicos recomendaban para la salud. Se dec\u00eda que el agua salada era buena para la salud y para la reproducci\u00f3n, pero no estaba permitido estar demasiado tiempo en el agua para no captar la atenci\u00f3n de los hombres y porque no era una actividad suficientemente femenina.<\/p>\n<p>Las mujeres usaban vestidos holgados con pesas cosidas en el ruedo para asegurar que este no fuera a flotar mientras estaban nadando. Un siglo despu\u00e9s las siluetas mejoraron un poco, pero la prioridad segu\u00eda siendo que las mujeres fueran modestas, incluso se utilizaba mucho que utilizaran pantalones y blusa para mantener la decencia, pero fomentar la comodidad.<\/p>\n<p>Durante el Siglo 20 hubo un gran avance. En 1912, Annette Kellerman (nadadora australiana) logr\u00f3 cambiar el punto de vista social acerca de los trajes de ba\u00f1o y logr\u00f3 la modernizaci\u00f3n de este, antes de nadar en las olimpiadas. Ya que dec\u00eda que si los trajes de ba\u00f1o no estaban pegados al cuerpo no pod\u00eda desempe\u00f1arse como nadadora. Jantzen y Speedo fueron las primeras marcas en innovar los dise\u00f1os de estos.<\/p>\n<p>Despu\u00e9s de la primera guerra mundial las mujeres empezaron a coser sus propios trajes de ba\u00f1o en casa, en general todo el mundo segu\u00eda los mismos est\u00e1ndares, solo cambiaban los detalles dependiendo del continente. Durante este periodo Coco Chanel cre\u00f3 un traje de ba\u00f1o de una pieza que era unisex y varios dise\u00f1adores siguieron su tendencia como Paul Poiret, Lanvin y Schiaparelli.<\/p>\n<p>En 1931 el hilo de l\u00e1tex fue inventado. Este hecho fue un parte aguas para los trajes de ba\u00f1o, ya que ten\u00edan m\u00e1s resistencia, no se encog\u00edan, hab\u00eda una gran variedad de colores y tallas. La producci\u00f3n empez\u00f3 a ser masiva.<\/p>\n<p>Uno de los momentos m\u00e1s significativos para la revoluci\u00f3n del traje de ba\u00f1o fue en 1946. Al mismo tiempo dos dise\u00f1adores independientes, lograron un traje de ba\u00f1o de dos piezas, Jacques Heim y Louis R\u00e9ard. Ambos dise\u00f1os eran minimalistas; Constaban de 4 tri\u00e1ngulos unidos por una cuerda. Los dos compitieron por la atenci\u00f3n del mercado y fue una victoria compartida, ya que la prenda de Heim fue la primera que usaron en la playa y el t\u00e9rmino de R\u00e9ard \u201cbikini\u201d fue el que se mantiene, hasta el d\u00eda de hoy.<\/p>\n<h4>Los trajes de ba\u00f1o son m\u00e1s que una prenda para lucir en \u00e9pocas de calor, representan el trabajo y la pelea de muchas mujeres que lucharon por sus derechos. \u00bfLo hab\u00edas pensado?<\/h4>\n<p>A decir verdad, lo \u00fanico que necesito para la playa son trajes de ba\u00f1o, (muuuchos) y tal vez uno que otro vestido, pero con eso estoy m\u00e1s que cubierta.<\/p>\n<p>Empec\u00e9 a empacar con mucha emoci\u00f3n, imagin\u00e1ndome que estaba en la playa, acostada en un camastro, bronce\u00e1ndome, con mi libro favorito, un Clamato, la brisa del mar y mi bikini favorito\u2026. Que compre antes de la pandemia !Qu\u00e9\u00a0 pena! ya no me queda y me veo p\u00e1lida. Antes de seguir empacando me quise consentir y decid\u00ed comprarme trajes de ba\u00f1o nuevos. Puse todo en pausa, prend\u00ed mi computadora y empece la b\u00fasqueda de<\/p>\n<p>el bikini perfecto para esta temporada.<\/p>\n<p>Despu\u00e9s de hacer un poco de investigaci\u00f3n me di cuenta de que todas las tendencias apuntan a lo mismo, colores brillantes, estampados y contrastes. Una de mis marcas favoritas de trajes de ba\u00f1o, conjuntos y ropa interior sin duda es <strong>Aerie<\/strong>, ya que tienen un precio razonable, tienen una estructura muy buena, me hace sentir segura, son muy c\u00f3modos, duraderos y siempre est\u00e1n al \u00faltimo grito de la moda.<\/p>\n<p>Tal como lo estaba pensando desde que me met\u00ed a su siti\u00f3 web, me enamor\u00e9, encontr\u00e9 todo lo que necesitaba. Trajes de ba\u00f1o con colores brillantes, complementos que combinan perfecto y hasta me decid\u00ed por unos accesorios que puedo usar en cualquier lugar.<\/p>\n<p><img loading=\"lazy\" decoding=\"async\" class=\"alignnone size-medium wp-image-109469\" src=\"https:\/\/graziamagazine.com\/mx\/wp-content\/uploads\/sites\/13\/2022\/04\/0.jpg?w=351\" alt=\"\" width=\"351\" height=\"450\" \/> <img loading=\"lazy\" decoding=\"async\" class=\"alignnone size-medium wp-image-109468\" src=\"https:\/\/graziamagazine.com\/mx\/wp-content\/uploads\/sites\/13\/2022\/04\/0-1.jpg?w=351\" alt=\"\" width=\"351\" height=\"450\" \/> <img loading=\"lazy\" decoding=\"async\" class=\"alignnone size-medium wp-image-109467\" src=\"https:\/\/graziamagazine.com\/mx\/wp-content\/uploads\/sites\/13\/2022\/04\/0-2.jpg?w=351\" alt=\"\" width=\"351\" height=\"450\" \/> <img loading=\"lazy\" decoding=\"async\" class=\"alignnone size-medium wp-image-109466\" src=\"https:\/\/graziamagazine.com\/mx\/wp-content\/uploads\/sites\/13\/2022\/04\/0-3.jpg?w=351\" alt=\"\" width=\"351\" height=\"450\" \/> <img loading=\"lazy\" decoding=\"async\" class=\"alignnone size-medium wp-image-109465\" src=\"https:\/\/graziamagazine.com\/mx\/wp-content\/uploads\/sites\/13\/2022\/04\/0-4.jpg?w=351\" alt=\"\" width=\"351\" height=\"450\" \/> <img loading=\"lazy\" decoding=\"async\" class=\"alignnone size-medium wp-image-109464\" src=\"https:\/\/graziamagazine.com\/mx\/wp-content\/uploads\/sites\/13\/2022\/04\/0-5.jpg?w=351\" alt=\"\" width=\"351\" height=\"450\" \/><\/p>\n<p>Para no quedarme con las ganas me met\u00ed a <strong>Mango<\/strong>, ya que sacaron una colecci\u00f3n nueva de colores c\u00edtricos, combinaciones de estampados con lisos y siluetas renovadas, no lo pude evitar y compr\u00e9 dos m\u00e1s pues me fascin\u00f3 c\u00f3mo lograron el balance perfecto entre colores, diferentes texturas y la forma de los trajes de ba\u00f1o, definitivamente no lo hab\u00eda visto antes.<\/p>\n<p>&nbsp;<\/p>\n<p><img loading=\"lazy\" decoding=\"async\" class=\"alignnone size-medium wp-image-109471\" src=\"https:\/\/graziamagazine.com\/mx\/wp-content\/uploads\/sites\/13\/2022\/04\/0-10.jpg?w=366\" alt=\"\" width=\"366\" height=\"450\" \/> <img loading=\"lazy\" decoding=\"async\" class=\"alignnone size-medium wp-image-109475\" src=\"https:\/\/graziamagazine.com\/mx\/wp-content\/uploads\/sites\/13\/2022\/04\/0-6.jpg?w=300\" alt=\"\" width=\"300\" height=\"450\" \/> <img loading=\"lazy\" decoding=\"async\" class=\"alignnone size-medium wp-image-109474\" src=\"https:\/\/graziamagazine.com\/mx\/wp-content\/uploads\/sites\/13\/2022\/04\/0-7.jpg?w=311\" alt=\"\" width=\"311\" height=\"450\" \/> <img loading=\"lazy\" decoding=\"async\" class=\"alignnone size-medium wp-image-109473\" src=\"https:\/\/graziamagazine.com\/mx\/wp-content\/uploads\/sites\/13\/2022\/04\/0-8.jpg?w=282\" alt=\"\" width=\"282\" height=\"450\" \/> <img loading=\"lazy\" decoding=\"async\" class=\"alignnone size-medium wp-image-109472\" src=\"https:\/\/graziamagazine.com\/mx\/wp-content\/uploads\/sites\/13\/2022\/04\/0-9.jpg?w=315\" alt=\"\" width=\"315\" height=\"450\" \/><\/p>\n<p>Ya estaba por terminar, pero pens\u00e9 \u00bfY mis sobrinos?<\/p>\n<p>Desde que conozco la marca <strong>Magic Waves<\/strong> no puedo dejar de querer regalarles algo de cada colecci\u00f3n a mis chiquitos. Son una marca de trajes de ba\u00f1o que son consientes con el medio ambiente, la ecolog\u00eda y del da\u00f1o que puede tener la moda en nuestro planeta, as\u00ed que decidieron hacer algo al respecto. Crearon una marca utilizando materiales reciclados para reducir el impacto ambiental, todos sus trajes de ba\u00f1o est\u00e1n producidos con poli\u00e9ster reciclado que lo obtienen a partir de botellas de PET recolectadas. Aparte de ser conscientes, \u00a1Tienen prints incre\u00edbles! \u00bfQu\u00e9 tal? Los m\u00e1s peque\u00f1os de la familia est\u00e1n a la moda mientras est\u00e1n ayudando al planeta.<\/p>\n<p>Al igual todos los trajes de ba\u00f1o incluyen una clasificaci\u00f3n UPF de 50, esta bloquea el 98% de la radiaci\u00f3n UV y la producci\u00f3n es 100% echa en M\u00e9xico.<\/p>\n<p><img loading=\"lazy\" decoding=\"async\" class=\"alignnone size-medium wp-image-109476\" src=\"https:\/\/graziamagazine.com\/mx\/wp-content\/uploads\/sites\/13\/2022\/04\/Captura-de-Pantalla-2022-04-06-a-las-12.56.22.png?w=447\" alt=\"\" width=\"447\" height=\"450\" \/><\/p>\n<p><img loading=\"lazy\" decoding=\"async\" class=\"alignnone size-medium wp-image-109478\" src=\"https:\/\/graziamagazine.com\/mx\/wp-content\/uploads\/sites\/13\/2022\/04\/Captura-de-Pantalla-2022-04-06-a-las-12.55.45.png?w=450\" alt=\"\" width=\"450\" height=\"410\" \/><img loading=\"lazy\" decoding=\"async\" class=\"alignnone size-medium wp-image-109477\" src=\"https:\/\/graziamagazine.com\/mx\/wp-content\/uploads\/sites\/13\/2022\/04\/Captura-de-Pantalla-2022-04-06-a-las-12.56.00.png?w=450\" alt=\"\" width=\"450\" height=\"391\" \/><\/p>\n<p>\u00a1Despu\u00e9s de 10 minutos ya ten\u00eda todo lo que necesitaba! Ahora s\u00ed, estoy lista para ir a descansar y estar en tendencia.<\/p>\n<p>Im\u00e1genes cortes\u00eda de Aerie, Mango y Magic Waves.<\/p>\n","protected":false},"author":33864,"featured_media":104649,"template":"","format":"standard","categories":[4],"acf":[],"yoast_head":"<!-- This site is optimized with the Yoast SEO Premium plugin v18.5 (Yoast SEO v20.4) - https:\/\/yoast.com\/wordpress\/plugins\/seo\/ -->\n<title>\u00a1Ya vienen las vacaciones! Est\u00e1n tan cerca, que puedo oler el mar. | Grazia M\u00e9xico y Latinoam\u00e9rica<\/title>\n<meta name=\"description\" content=\"Estamos a pocos d\u00edas de unas vacaciones merecidas, ya sea un fin de semana o 10 d\u00edas, vacaciones son vacaciones\u2026\u2026. \u00a1Espera! Me falta empacar y no s\u00e9 ni por d\u00f3nde empezar.\" \/>\n<meta name=\"robots\" content=\"index, follow, max-snippet:-1, max-image-preview:large, max-video-preview:-1\" \/>\n<link rel=\"canonical\" href=\"https:\/\/graziamagazine.com\/mx\/articles\/109331\/\" \/>\n<meta property=\"og:locale\" content=\"es_MX\" \/>\n<meta property=\"og:type\" content=\"article\" \/>\n<meta property=\"og:title\" content=\"\u00a1Ya vienen las vacaciones! Est\u00e1n tan cerca, que puedo oler el mar.\" \/>\n<meta property=\"og:description\" content=\"Estamos a pocos d\u00edas de unas vacaciones merecidas, ya sea un fin de semana o 10 d\u00edas, vacaciones son vacaciones\u2026\u2026. \u00a1Espera! Me falta empacar y no s\u00e9 ni por d\u00f3nde empezar.\" \/>\n<meta property=\"og:url\" content=\"https:\/\/graziamagazine.com\/mx\/articles\/109331\/\" \/>\n<meta property=\"og:site_name\" content=\"Grazia M\u00e9xico y Latinoam\u00e9rica\" \/>\n<meta property=\"article:modified_time\" content=\"2022-04-08T15:30:04+00:00\" \/>\n<meta property=\"og:image\" content=\"https:\/\/graziamagazine.com\/mx\/wp-content\/uploads\/sites\/13\/2021\/12\/playa-balandra.jpeg?fit=1280%2C800\" \/>\n\t<meta property=\"og:image:width\" content=\"1280\" \/>\n\t<meta property=\"og:image:height\" content=\"800\" \/>\n\t<meta property=\"og:image:type\" content=\"image\/jpeg\" \/>\n<meta name=\"twitter:card\" content=\"summary_large_image\" \/>\n<meta name=\"twitter:label1\" content=\"Est. reading time\" \/>\n\t<meta name=\"twitter:data1\" content=\"5 minutos\" \/>\n<script type=\"application\/ld+json\" class=\"yoast-schema-graph\">{\"@context\":\"https:\/\/schema.org\",\"@graph\":[{\"@type\":\"WebPage\",\"@id\":\"https:\/\/graziamagazine.com\/mx\/articles\/109331\/\",\"url\":\"https:\/\/graziamagazine.com\/mx\/articles\/109331\/\",\"name\":\"\u00a1Ya vienen las vacaciones! Est\u00e1n tan cerca, que puedo oler el mar. | Grazia M\u00e9xico y Latinoam\u00e9rica\",\"isPartOf\":{\"@id\":\"https:\/\/graziamagazine.com\/mx\/#website\"},\"datePublished\":\"2022-04-07T22:35:15+00:00\",\"dateModified\":\"2022-04-08T15:30:04+00:00\",\"description\":\"Estamos a pocos d\u00edas de unas vacaciones merecidas, ya sea un fin de semana o 10 d\u00edas, vacaciones son vacaciones\u2026\u2026. \u00a1Espera! Me falta empacar y no s\u00e9 ni por d\u00f3nde empezar.\",\"breadcrumb\":{\"@id\":\"https:\/\/graziamagazine.com\/mx\/articles\/109331\/#breadcrumb\"},\"inLanguage\":\"es-MX\",\"potentialAction\":[{\"@type\":\"ReadAction\",\"target\":[\"https:\/\/graziamagazine.com\/mx\/articles\/109331\/\"]}]},{\"@type\":\"BreadcrumbList\",\"@id\":\"https:\/\/graziamagazine.com\/mx\/articles\/109331\/#breadcrumb\",\"itemListElement\":[{\"@type\":\"ListItem\",\"position\":1,\"name\":\"Home\",\"item\":\"https:\/\/graziamagazine.com\/mx\/\"},{\"@type\":\"ListItem\",\"position\":2,\"name\":\"\u00a1Ya vienen las vacaciones! Est\u00e1n tan cerca, que puedo oler el mar.\"}]},{\"@type\":\"WebSite\",\"@id\":\"https:\/\/graziamagazine.com\/mx\/#website\",\"url\":\"https:\/\/graziamagazine.com\/mx\/\",\"name\":\"Grazia M\u00e9xico y Latinoam\u00e9rica\",\"description\":\"Grazia es moda, belleza y noticias  de actualidad \",\"potentialAction\":[{\"@type\":\"SearchAction\",\"target\":{\"@type\":\"EntryPoint\",\"urlTemplate\":\"https:\/\/graziamagazine.com\/mx\/?s={search_term_string}\"},\"query-input\":\"required name=search_term_string\"}],\"inLanguage\":\"es-MX\"}]}<\/script>\n<!-- \/ Yoast SEO Premium plugin. -->","yoast_head_json":{"title":"\u00a1Ya vienen las vacaciones! Est\u00e1n tan cerca, que puedo oler el mar. | Grazia M\u00e9xico y Latinoam\u00e9rica","description":"Estamos a pocos d\u00edas de unas vacaciones merecidas, ya sea un fin de semana o 10 d\u00edas, vacaciones son vacaciones\u2026\u2026. \u00a1Espera! Me falta empacar y no s\u00e9 ni por d\u00f3nde empezar.","robots":{"index":"index","follow":"follow","max-snippet":"max-snippet:-1","max-image-preview":"max-image-preview:large","max-video-preview":"max-video-preview:-1"},"canonical":"https:\/\/graziamagazine.com\/mx\/articles\/109331\/","og_locale":"es_MX","og_type":"article","og_title":"\u00a1Ya vienen las vacaciones! Est\u00e1n tan cerca, que puedo oler el mar.","og_description":"Estamos a pocos d\u00edas de unas vacaciones merecidas, ya sea un fin de semana o 10 d\u00edas, vacaciones son vacaciones\u2026\u2026. \u00a1Espera! Me falta empacar y no s\u00e9 ni por d\u00f3nde empezar.","og_url":"https:\/\/graziamagazine.com\/mx\/articles\/109331\/","og_site_name":"Grazia M\u00e9xico y Latinoam\u00e9rica","article_modified_time":"2022-04-08T15:30:04+00:00","og_image":[{"width":1280,"height":800,"url":"https:\/\/graziamagazine.com\/mx\/wp-content\/uploads\/sites\/13\/2021\/12\/playa-balandra.jpeg?fit=1280%2C800","type":"image\/jpeg"}],"twitter_card":"summary_large_image","twitter_misc":{"Est. reading time":"5 minutos"},"schema":{"@context":"https:\/\/schema.org","@graph":[{"@type":"WebPage","@id":"https:\/\/graziamagazine.com\/mx\/articles\/109331\/","url":"https:\/\/graziamagazine.com\/mx\/articles\/109331\/","name":"\u00a1Ya vienen las vacaciones! Est\u00e1n tan cerca, que puedo oler el mar. | Grazia M\u00e9xico y Latinoam\u00e9rica","isPartOf":{"@id":"https:\/\/graziamagazine.com\/mx\/#website"},"datePublished":"2022-04-07T22:35:15+00:00","dateModified":"2022-04-08T15:30:04+00:00","description":"Estamos a pocos d\u00edas de unas vacaciones merecidas, ya sea un fin de semana o 10 d\u00edas, vacaciones son vacaciones\u2026\u2026. \u00a1Espera! Me falta empacar y no s\u00e9 ni por d\u00f3nde empezar.","breadcrumb":{"@id":"https:\/\/graziamagazine.com\/mx\/articles\/109331\/#breadcrumb"},"inLanguage":"es-MX","potentialAction":[{"@type":"ReadAction","target":["https:\/\/graziamagazine.com\/mx\/articles\/109331\/"]}]},{"@type":"BreadcrumbList","@id":"https:\/\/graziamagazine.com\/mx\/articles\/109331\/#breadcrumb","itemListElement":[{"@type":"ListItem","position":1,"name":"Home","item":"https:\/\/graziamagazine.com\/mx\/"},{"@type":"ListItem","position":2,"name":"\u00a1Ya vienen las vacaciones! Est\u00e1n tan cerca, que puedo oler el mar."}]},{"@type":"WebSite","@id":"https:\/\/graziamagazine.com\/mx\/#website","url":"https:\/\/graziamagazine.com\/mx\/","name":"Grazia M\u00e9xico y Latinoam\u00e9rica","description":"Grazia es moda, belleza y noticias  de actualidad ","potentialAction":[{"@type":"SearchAction","target":{"@type":"EntryPoint","urlTemplate":"https:\/\/graziamagazine.com\/mx\/?s={search_term_string}"},"query-input":"required name=search_term_string"}],"inLanguage":"es-MX"}]}},"jetpack_sharing_enabled":true,"distributor_meta":false,"distributor_terms":false,"distributor_media":false,"distributor_original_site_name":"Grazia M\u00e9xico y Latinoam\u00e9rica","distributor_original_site_url":"https:\/\/graziamagazine.com\/mx","push-errors":false,"_links":{"self":[{"href":"https:\/\/graziamagazine.com\/mx\/wp-json\/wp\/v2\/articles\/109331"}],"collection":[{"href":"https:\/\/graziamagazine.com\/mx\/wp-json\/wp\/v2\/articles"}],"about":[{"href":"https:\/\/graziamagazine.com\/mx\/wp-json\/wp\/v2\/types\/articles"}],"author":[{"embeddable":true,"href":"https:\/\/graziamagazine.com\/mx\/wp-json\/wp\/v2\/users\/33864"}],"wp:featuredmedia":[{"embeddable":true,"href":"https:\/\/graziamagazine.com\/mx\/wp-json\/wp\/v2\/media\/104649"}],"wp:attachment":[{"href":"https:\/\/graziamagazine.com\/mx\/wp-json\/wp\/v2\/media?parent=109331"}],"wp:term":[{"taxonomy":"category","embeddable":true,"href":"https:\/\/graziamagazine.com\/mx\/wp-json\/wp\/v2\/categories?post=109331"}],"curies":[{"name":"wp","href":"https:\/\/api.w.org\/{rel}","templated":true}]}}