{"id":10921,"date":"2016-11-23T00:50:24","date_gmt":"2016-11-23T06:50:24","guid":{"rendered":"https:\/\/graziamagazine.com\/mx\/?p=10921"},"modified":"2016-11-23T00:52:53","modified_gmt":"2016-11-23T06:52:53","slug":"chanel-es-la-palabra-mas-buscada-por-los-amantes-del-diseno","status":"publish","type":"articles","link":"https:\/\/graziamagazine.com\/mx\/articles\/chanel-es-la-palabra-mas-buscada-por-los-amantes-del-diseno\/","title":{"rendered":"CHANEL ES LA PALABRA M\u00c1S BUSCADA POR LOS AMANTES DEL DISE\u00d1O"},"content":{"rendered":"<p><b>El sitio de arquitectura y dise\u00f1o Dezeen, revel\u00f3 la primer edici\u00f3n de su Hot List y el top destinado a moda ya tiene un ganador.<\/b><!--more--><\/p>\n<p>\u2013\u2013\u2013\u2013<\/p>\n<p>&nbsp;<\/p>\n<p><span style=\"font-weight: 400;\">Las firmas de lujo son mucho m\u00e1s que un bolso o un par de zapatos; se trata de una filosof\u00eda entera creada en torno a ella y traducida en numerosas plataformas. La arquitectura de sus espacios juega un papel importante para completar la experiencia de compra y es precisamente ese el precepto bajo el cual una firma se coloc\u00f3 como la m\u00e1s buscada por los amantes del dise\u00f1o.<\/span><\/p>\n<p><span style=\"font-weight: 400;\">Este a\u00f1o, <strong>Dezeen<\/strong> revela la primer edici\u00f3n de <strong>Dezeen Hot List<\/strong>, un top que re\u00fane lo m\u00e1s trendy del momento y en la secci\u00f3n de moda, <strong>Chanel<\/strong> ocup\u00f3 el n\u00famero uno en b\u00fasquedas de usuarios. \u00bfEl motivo? La boutique de la <strong><em>maison<\/em><\/strong> en <strong>Amsterdam<\/strong> cuya fachada fue intervenida para completarse con ladrillos de cristal.<\/span><\/p>\n<p>&nbsp;<\/p>\n<blockquote class=\"instagram-media\" data-instgrm-captioned data-instgrm-version=\"7\" style=\" background:#FFF; border:0; border-radius:3px; box-shadow:0 0 1px 0 rgba(0,0,0,0.5),0 1px 10px 0 rgba(0,0,0,0.15); margin: 1px; max-width:500px; padding:0; width:99.375%; width:-webkit-calc(100% - 2px); width:calc(100% - 2px);\">\n<div style=\"padding:8px;\">\n<div style=\" background:#F8F8F8; line-height:0; margin-top:40px; padding:50.0% 0; text-align:center; width:100%;\">\n<div style=\" background:url(data:image\/png;base64,iVBORw0KGgoAAAANSUhEUgAAACwAAAAsCAMAAAApWqozAAAABGdBTUEAALGPC\/xhBQAAAAFzUkdCAK7OHOkAAAAMUExURczMzPf399fX1+bm5mzY9AMAAADiSURBVDjLvZXbEsMgCES5\/P8\/t9FuRVCRmU73JWlzosgSIIZURCjo\/ad+EQJJB4Hv8BFt+IDpQoCx1wjOSBFhh2XssxEIYn3ulI\/6MNReE07UIWJEv8UEOWDS88LY97kqyTliJKKtuYBbruAyVh5wOHiXmpi5we58Ek028czwyuQdLKPG1Bkb4NnM+VeAnfHqn1k4+GPT6uGQcvu2h2OVuIf\/gWUFyy8OWEpdyZSa3aVCqpVoVvzZZ2VTnn2wU8qzVjDDetO90GSy9mVLqtgYSy231MxrY6I2gGqjrTY0L8fxCxfCBbhWrsYYAAAAAElFTkSuQmCC); display:block; height:44px; margin:0 auto -44px; position:relative; top:-22px; width:44px;\"><\/div>\n<\/div>\n<p style=\" margin:8px 0 0 0; padding:0 4px;\"> <a href=\"https:\/\/www.instagram.com\/p\/BM4JQRlgc4n\/\" style=\" color:#000; font-family:Arial,sans-serif; font-size:14px; font-style:normal; font-weight:normal; line-height:17px; text-decoration:none; word-wrap:break-word;\" target=\"_blank\" target=\"_blank\">?\u2728? . . #chanel#chanelamsterdam#amsterdam#city#cityscape#design#interiordesign#dam#travel#travelgram#traveling#hotspots#gold#wanderlust#adventure#luxury#discover#love#happy#happiness#fashion#autumn#architecture#sunset#awesome#like#blog#blogger#lifestyle#citylife<\/a><\/p>\n<p style=\" color:#c9c8cd; font-family:Arial,sans-serif; font-size:14px; line-height:17px; margin-bottom:0; margin-top:8px; overflow:hidden; padding:8px 0 7px; text-align:center; text-overflow:ellipsis; white-space:nowrap;\">A photo posted by C\u00e9lia Duch\u00e2tel ? (@c_elia) on <time style=\" font-family:Arial,sans-serif; font-size:14px; line-height:17px;\" datetime=\"2016-11-16T16:11:19+00:00\">Nov 16, 2016 at 8:11am PST<\/time><\/p>\n<\/div>\n<\/blockquote>\n<p><script async defer src=\"\/\/platform.instagram.com\/en_US\/embeds.js\"><\/script><\/p>\n<p>&nbsp;<\/p>\n<p><span style=\"font-weight: 400;\">Tal y como lo lees, la transparencia e innovaci\u00f3n son el principal atractivo de esta construcci\u00f3n en la afamada calle <strong>Hooftstraat<\/strong> que corri\u00f3 a cargo del despacho de dise\u00f1o <strong>MVRDV<\/strong>. Adem\u00e1s de sus cl\u00e1sicos \u00edconos, ahora <strong>Chanel<\/strong> a\u00f1ade otra raz\u00f3n\u00a0m\u00e1s a su lista de cosas que la hacen objeto de culto de las <strong><em>fashionistas<\/em><\/strong>.<\/span><\/p>\n","protected":false},"author":11636,"featured_media":10922,"template":"","format":"standard","categories":[4,10],"acf":[],"yoast_head":"<!-- This site is optimized with the Yoast SEO Premium plugin v18.5 (Yoast SEO v20.4) - https:\/\/yoast.com\/wordpress\/plugins\/seo\/ -->\n<title>CHANEL ES LA PALABRA M\u00c1S BUSCADA POR LOS AMANTES DEL DISE\u00d1O | Grazia M\u00e9xico y Latinoam\u00e9rica<\/title>\n<meta name=\"description\" content=\"El sitio de arquitectura y dise\u00f1o Dezeen, revel\u00f3 la primer edici\u00f3n de su Hot List y el top destinado a moda ya tiene un ganador. \u2013\u2013\u2013\u2013 &nbsp; Las firmas de\" \/>\n<meta name=\"robots\" content=\"index, follow, max-snippet:-1, max-image-preview:large, max-video-preview:-1\" \/>\n<link rel=\"canonical\" href=\"https:\/\/graziamagazine.com\/mx\/articles\/chanel-es-la-palabra-mas-buscada-por-los-amantes-del-diseno\/\" \/>\n<meta property=\"og:locale\" content=\"es_MX\" \/>\n<meta property=\"og:type\" content=\"article\" \/>\n<meta property=\"og:title\" content=\"CHANEL ES LA PALABRA M\u00c1S BUSCADA POR LOS AMANTES DEL DISE\u00d1O\" \/>\n<meta property=\"og:description\" content=\"El sitio de arquitectura y dise\u00f1o Dezeen, revel\u00f3 la primer edici\u00f3n de su Hot List y el top destinado a moda ya tiene un ganador. \u2013\u2013\u2013\u2013 &nbsp; Las firmas de\" \/>\n<meta property=\"og:url\" content=\"https:\/\/graziamagazine.com\/mx\/articles\/chanel-es-la-palabra-mas-buscada-por-los-amantes-del-diseno\/\" \/>\n<meta property=\"og:site_name\" content=\"Grazia M\u00e9xico y Latinoam\u00e9rica\" \/>\n<meta property=\"article:modified_time\" content=\"2016-11-23T06:52:53+00:00\" \/>\n<meta property=\"og:image\" content=\"https:\/\/graziamagazine.com\/mx\/wp-content\/uploads\/sites\/13\/2016\/11\/1280_CHANEL_HAUTE_COUTURE_FALL_WINTER_DEFILE_2016_2017.jpg?fit=1280%2C720\" \/>\n\t<meta property=\"og:image:width\" content=\"1280\" \/>\n\t<meta property=\"og:image:height\" content=\"720\" \/>\n\t<meta property=\"og:image:type\" content=\"image\/jpeg\" \/>\n<meta name=\"twitter:card\" content=\"summary_large_image\" \/>\n<meta name=\"twitter:label1\" content=\"Est. reading time\" \/>\n\t<meta name=\"twitter:data1\" content=\"1 minuto\" \/>\n<script type=\"application\/ld+json\" class=\"yoast-schema-graph\">{\"@context\":\"https:\/\/schema.org\",\"@graph\":[{\"@type\":\"WebPage\",\"@id\":\"https:\/\/graziamagazine.com\/mx\/articles\/chanel-es-la-palabra-mas-buscada-por-los-amantes-del-diseno\/\",\"url\":\"https:\/\/graziamagazine.com\/mx\/articles\/chanel-es-la-palabra-mas-buscada-por-los-amantes-del-diseno\/\",\"name\":\"CHANEL ES LA PALABRA M\u00c1S BUSCADA POR LOS AMANTES DEL DISE\u00d1O | Grazia M\u00e9xico y Latinoam\u00e9rica\",\"isPartOf\":{\"@id\":\"https:\/\/graziamagazine.com\/mx\/#website\"},\"datePublished\":\"2016-11-23T06:50:24+00:00\",\"dateModified\":\"2016-11-23T06:52:53+00:00\",\"description\":\"El sitio de arquitectura y dise\u00f1o Dezeen, revel\u00f3 la primer edici\u00f3n de su Hot List y el top destinado a moda ya tiene un ganador. \u2013\u2013\u2013\u2013 &nbsp; Las firmas de\",\"breadcrumb\":{\"@id\":\"https:\/\/graziamagazine.com\/mx\/articles\/chanel-es-la-palabra-mas-buscada-por-los-amantes-del-diseno\/#breadcrumb\"},\"inLanguage\":\"es-MX\",\"potentialAction\":[{\"@type\":\"ReadAction\",\"target\":[\"https:\/\/graziamagazine.com\/mx\/articles\/chanel-es-la-palabra-mas-buscada-por-los-amantes-del-diseno\/\"]}]},{\"@type\":\"BreadcrumbList\",\"@id\":\"https:\/\/graziamagazine.com\/mx\/articles\/chanel-es-la-palabra-mas-buscada-por-los-amantes-del-diseno\/#breadcrumb\",\"itemListElement\":[{\"@type\":\"ListItem\",\"position\":1,\"name\":\"Home\",\"item\":\"https:\/\/graziamagazine.com\/mx\/\"},{\"@type\":\"ListItem\",\"position\":2,\"name\":\"CHANEL ES LA PALABRA M\u00c1S BUSCADA POR LOS AMANTES DEL DISE\u00d1O\"}]},{\"@type\":\"WebSite\",\"@id\":\"https:\/\/graziamagazine.com\/mx\/#website\",\"url\":\"https:\/\/graziamagazine.com\/mx\/\",\"name\":\"Grazia M\u00e9xico y Latinoam\u00e9rica\",\"description\":\"Grazia es moda, belleza y noticias  de actualidad \",\"potentialAction\":[{\"@type\":\"SearchAction\",\"target\":{\"@type\":\"EntryPoint\",\"urlTemplate\":\"https:\/\/graziamagazine.com\/mx\/?s={search_term_string}\"},\"query-input\":\"required name=search_term_string\"}],\"inLanguage\":\"es-MX\"}]}<\/script>\n<!-- \/ Yoast SEO Premium plugin. -->","yoast_head_json":{"title":"CHANEL ES LA PALABRA M\u00c1S BUSCADA POR LOS AMANTES DEL DISE\u00d1O | Grazia M\u00e9xico y Latinoam\u00e9rica","description":"El sitio de arquitectura y dise\u00f1o Dezeen, revel\u00f3 la primer edici\u00f3n de su Hot List y el top destinado a moda ya tiene un ganador. \u2013\u2013\u2013\u2013 &nbsp; Las firmas de","robots":{"index":"index","follow":"follow","max-snippet":"max-snippet:-1","max-image-preview":"max-image-preview:large","max-video-preview":"max-video-preview:-1"},"canonical":"https:\/\/graziamagazine.com\/mx\/articles\/chanel-es-la-palabra-mas-buscada-por-los-amantes-del-diseno\/","og_locale":"es_MX","og_type":"article","og_title":"CHANEL ES LA PALABRA M\u00c1S BUSCADA POR LOS AMANTES DEL DISE\u00d1O","og_description":"El sitio de arquitectura y dise\u00f1o Dezeen, revel\u00f3 la primer edici\u00f3n de su Hot List y el top destinado a moda ya tiene un ganador. \u2013\u2013\u2013\u2013 &nbsp; Las firmas de","og_url":"https:\/\/graziamagazine.com\/mx\/articles\/chanel-es-la-palabra-mas-buscada-por-los-amantes-del-diseno\/","og_site_name":"Grazia M\u00e9xico y Latinoam\u00e9rica","article_modified_time":"2016-11-23T06:52:53+00:00","og_image":[{"width":1280,"height":720,"url":"https:\/\/graziamagazine.com\/mx\/wp-content\/uploads\/sites\/13\/2016\/11\/1280_CHANEL_HAUTE_COUTURE_FALL_WINTER_DEFILE_2016_2017.jpg?fit=1280%2C720","type":"image\/jpeg"}],"twitter_card":"summary_large_image","twitter_misc":{"Est. reading time":"1 minuto"},"schema":{"@context":"https:\/\/schema.org","@graph":[{"@type":"WebPage","@id":"https:\/\/graziamagazine.com\/mx\/articles\/chanel-es-la-palabra-mas-buscada-por-los-amantes-del-diseno\/","url":"https:\/\/graziamagazine.com\/mx\/articles\/chanel-es-la-palabra-mas-buscada-por-los-amantes-del-diseno\/","name":"CHANEL ES LA PALABRA M\u00c1S BUSCADA POR LOS AMANTES DEL DISE\u00d1O | Grazia M\u00e9xico y Latinoam\u00e9rica","isPartOf":{"@id":"https:\/\/graziamagazine.com\/mx\/#website"},"datePublished":"2016-11-23T06:50:24+00:00","dateModified":"2016-11-23T06:52:53+00:00","description":"El sitio de arquitectura y dise\u00f1o Dezeen, revel\u00f3 la primer edici\u00f3n de su Hot List y el top destinado a moda ya tiene un ganador. \u2013\u2013\u2013\u2013 &nbsp; Las firmas de","breadcrumb":{"@id":"https:\/\/graziamagazine.com\/mx\/articles\/chanel-es-la-palabra-mas-buscada-por-los-amantes-del-diseno\/#breadcrumb"},"inLanguage":"es-MX","potentialAction":[{"@type":"ReadAction","target":["https:\/\/graziamagazine.com\/mx\/articles\/chanel-es-la-palabra-mas-buscada-por-los-amantes-del-diseno\/"]}]},{"@type":"BreadcrumbList","@id":"https:\/\/graziamagazine.com\/mx\/articles\/chanel-es-la-palabra-mas-buscada-por-los-amantes-del-diseno\/#breadcrumb","itemListElement":[{"@type":"ListItem","position":1,"name":"Home","item":"https:\/\/graziamagazine.com\/mx\/"},{"@type":"ListItem","position":2,"name":"CHANEL ES LA PALABRA M\u00c1S BUSCADA POR LOS AMANTES DEL DISE\u00d1O"}]},{"@type":"WebSite","@id":"https:\/\/graziamagazine.com\/mx\/#website","url":"https:\/\/graziamagazine.com\/mx\/","name":"Grazia M\u00e9xico y Latinoam\u00e9rica","description":"Grazia es moda, belleza y noticias  de actualidad ","potentialAction":[{"@type":"SearchAction","target":{"@type":"EntryPoint","urlTemplate":"https:\/\/graziamagazine.com\/mx\/?s={search_term_string}"},"query-input":"required name=search_term_string"}],"inLanguage":"es-MX"}]}},"jetpack_sharing_enabled":true,"distributor_meta":false,"distributor_terms":false,"distributor_media":false,"distributor_original_site_name":"Grazia M\u00e9xico y Latinoam\u00e9rica","distributor_original_site_url":"https:\/\/graziamagazine.com\/mx","push-errors":false,"_links":{"self":[{"href":"https:\/\/graziamagazine.com\/mx\/wp-json\/wp\/v2\/articles\/10921"}],"collection":[{"href":"https:\/\/graziamagazine.com\/mx\/wp-json\/wp\/v2\/articles"}],"about":[{"href":"https:\/\/graziamagazine.com\/mx\/wp-json\/wp\/v2\/types\/articles"}],"author":[{"embeddable":true,"href":"https:\/\/graziamagazine.com\/mx\/wp-json\/wp\/v2\/users\/11636"}],"wp:featuredmedia":[{"embeddable":true,"href":"https:\/\/graziamagazine.com\/mx\/wp-json\/wp\/v2\/media\/10922"}],"wp:attachment":[{"href":"https:\/\/graziamagazine.com\/mx\/wp-json\/wp\/v2\/media?parent=10921"}],"wp:term":[{"taxonomy":"category","embeddable":true,"href":"https:\/\/graziamagazine.com\/mx\/wp-json\/wp\/v2\/categories?post=10921"}],"curies":[{"name":"wp","href":"https:\/\/api.w.org\/{rel}","templated":true}]}}