{"id":109059,"date":"2022-04-01T15:24:05","date_gmt":"2022-04-01T20:24:05","guid":{"rendered":"https:\/\/graziamagazine.com\/mx\/?post_type=articles&#038;p=109059"},"modified":"2022-04-01T17:29:15","modified_gmt":"2022-04-01T22:29:15","slug":"alguna-vez-habias-escuchado-hablar-sobre-el-cuero-de-manzana-aqui-te-contamos-todo-lo-que-debes-saber-de-el","status":"publish","type":"articles","link":"https:\/\/graziamagazine.com\/mx\/articles\/alguna-vez-habias-escuchado-hablar-sobre-el-cuero-de-manzana-aqui-te-contamos-todo-lo-que-debes-saber-de-el\/","title":{"rendered":"\u00bfAlguna vez hab\u00edas escuchado hablar sobre el cuero de manzana? Aqu\u00ed te contamos todo lo que debes saber de \u00e9l"},"content":{"rendered":"<p><span style=\"font-weight: 400\">La industria de la moda busca m\u00e1s alternativas que sean amigables con el medio ambiente, pues cabe recalcar que la industria textil es una de las m\u00e1s contaminantes del mundo y los expertos han comenzado a buscar nuevas opciones para sustituir el uso animal en sus prendas y textiles. Curiosos e innovadores, expertos saben que la conciencia es el primer paso para poder cambiar la desafortunada situaci\u00f3n clim\u00e1tica, aportando su conocimiento en la realizaci\u00f3n de nuevos materiales.<\/span><\/p>\n<figure id=\"attachment_109060\" aria-describedby=\"caption-attachment-109060\" style=\"width: 860px\" class=\"wp-caption alignnone\"><img loading=\"lazy\" decoding=\"async\" class=\"wp-image-109060 size-large\" src=\"https:\/\/graziamagazine.com\/mx\/wp-content\/uploads\/sites\/13\/2022\/04\/GCLFSUEMCRDM3DXPB7PV2GDLJU.jpg?w=860\" alt=\"Cuero de manzana, el textil que esta revolucionando la industria del textil \" width=\"860\" height=\"754\" \/><figcaption id=\"caption-attachment-109060\" class=\"wp-caption-text\">Cuero de manzana, el textil que esta revolucionando la industria del textil<\/figcaption><\/figure>\n<p><span style=\"font-weight: 400\">La tierra necesita de sus recursos para poder sobrevivir, ya sea aire, agua, tierra, etc., y nosotros como seres humanos dependemos de todo lo que la tierra nos brinda. Sin embargo, hemos encontrado de alguna manera una nueva forma de vivir m\u00e1s all\u00e1 de lo que b\u00e1sicamente se requiere.<\/span><\/p>\n<p><span style=\"font-weight: 400\">Hoy te presentamos el cuero de manzana, una fibra que naci\u00f3 a ra\u00edz del cuero vegano hecho de nopal y de vino. Una nueva materia que est\u00e1 revolucionando la industria de moda sostenible al garantizar gran calidad dentro de sus prendas y de sus accesorios respetando el bienestar del planeta.<\/span><\/p>\n<figure id=\"attachment_109063\" aria-describedby=\"caption-attachment-109063\" style=\"width: 700px\" class=\"wp-caption alignnone\"><img loading=\"lazy\" decoding=\"async\" class=\"wp-image-109063 size-large\" src=\"https:\/\/graziamagazine.com\/mx\/wp-content\/uploads\/sites\/13\/2022\/04\/samara-bags-cultura-vegana-0002.jpg?w=700\" alt=\"Samara, accesorios hechos con cuero de manzana\" width=\"700\" height=\"700\" \/><figcaption id=\"caption-attachment-109063\" class=\"wp-caption-text\">Samara, accesorios hechos con cuero de manzana<\/figcaption><\/figure>\n<p><span style=\"font-weight: 400\">Elegantes y sencillas, la marca Samara se caracteriza por el impecable trabajo que realiza con esta materia prima. Creada por <\/span><b>Salima <\/b><span style=\"font-weight: 400\">y <\/span><b>Samara, dos hermanas que se han comprometido por el cuidado del medio ambiente a trav\u00e9s de la moda, <\/b><span style=\"font-weight: 400\">no dejan de buscar la innovaci\u00f3n en cada nuevo dise\u00f1o de bolsos ecol\u00f3gicos y veganos de la marca. La mayor parte del <\/span><b>cuero vegano<\/b><span style=\"font-weight: 400\"> est\u00e1 hecho de PVC. La marca trata de limitar el uso de PVC y usan PU, PU a base de agua y microfibra siempre que pueden, que son menos t\u00f3xicos en su producci\u00f3n.<\/span><\/p>\n<p><span style=\"font-weight: 400\">Samara comienza a marcar tendencia con el nuevo material de cuero de manzana, pues ofrecen accesorios de moda 100% sostenibles con la piel de una manzana, dando una visi\u00f3n que va m\u00e1s all\u00e1 de un producto de moda sustentable.<\/span><\/p>\n<figure id=\"attachment_109062\" aria-describedby=\"caption-attachment-109062\" style=\"width: 1024px\" class=\"wp-caption alignnone\"><img loading=\"lazy\" decoding=\"async\" class=\"wp-image-109062 size-large\" src=\"https:\/\/graziamagazine.com\/mx\/wp-content\/uploads\/sites\/13\/2022\/04\/O6PSB5YOTFAVTMSLUVQNE7CCRM.jpeg?w=1024\" alt=\"Cuero de manzana, hecho de piel de manzana \" width=\"1024\" height=\"1024\" \/><figcaption id=\"caption-attachment-109062\" class=\"wp-caption-text\">Cuero de manzana, hecho de piel de manzana<\/figcaption><\/figure>\n<p><span style=\"font-weight: 400\">El cuero de manzana pasa por un proceso en el que se recolectan las c\u00e1scaras y restos de manzana logrando tener una finalidad mucho m\u00e1s \u00fatil generando un m\u00ednimo impacto ambiental. Tambi\u00e9n tomemos en cuenta que la producci\u00f3n de manzanas es mucho menos perjudicial, lo que lo hace una incre\u00edble alternativa en la industria de la moda.<\/span><\/p>\n<p>&nbsp;<\/p>\n","protected":false},"author":28953,"featured_media":109061,"template":"","format":"standard","categories":[114,4],"acf":[],"yoast_head":"<!-- This site is optimized with the Yoast SEO Premium plugin v18.5 (Yoast SEO v20.4) - https:\/\/yoast.com\/wordpress\/plugins\/seo\/ -->\n<title>\u00bfAlguna vez hab\u00edas escuchado hablar sobre el cuero de manzana? Aqu\u00ed te contamos todo lo que debes saber de \u00e9l | Grazia M\u00e9xico y Latinoam\u00e9rica<\/title>\n<meta name=\"description\" content=\"La industria de la moda busca m\u00e1s alternativas que sean amigables con el medio ambiente, pues cabe recalcar que la industria textil es una de las m\u00e1s\" \/>\n<meta name=\"robots\" content=\"index, follow, max-snippet:-1, max-image-preview:large, max-video-preview:-1\" \/>\n<link rel=\"canonical\" href=\"https:\/\/graziamagazine.com\/mx\/articles\/alguna-vez-habias-escuchado-hablar-sobre-el-cuero-de-manzana-aqui-te-contamos-todo-lo-que-debes-saber-de-el\/\" \/>\n<meta property=\"og:locale\" content=\"es_MX\" \/>\n<meta property=\"og:type\" content=\"article\" \/>\n<meta property=\"og:title\" content=\"\u00bfAlguna vez hab\u00edas escuchado hablar sobre el cuero de manzana? Aqu\u00ed te contamos todo lo que debes saber de \u00e9l\" \/>\n<meta property=\"og:description\" content=\"La industria de la moda busca m\u00e1s alternativas que sean amigables con el medio ambiente, pues cabe recalcar que la industria textil es una de las m\u00e1s\" \/>\n<meta property=\"og:url\" content=\"https:\/\/graziamagazine.com\/mx\/articles\/alguna-vez-habias-escuchado-hablar-sobre-el-cuero-de-manzana-aqui-te-contamos-todo-lo-que-debes-saber-de-el\/\" \/>\n<meta property=\"og:site_name\" content=\"Grazia M\u00e9xico y Latinoam\u00e9rica\" \/>\n<meta property=\"article:modified_time\" content=\"2022-04-01T22:29:15+00:00\" \/>\n<meta property=\"og:image\" content=\"https:\/\/graziamagazine.com\/mx\/wp-content\/uploads\/sites\/13\/2022\/04\/3TNBILPVIRGDJGBMCVNH3NZBTQ.jpg?fit=1280%2C720\" \/>\n\t<meta property=\"og:image:width\" content=\"1280\" \/>\n\t<meta property=\"og:image:height\" content=\"720\" \/>\n\t<meta property=\"og:image:type\" content=\"image\/jpeg\" \/>\n<meta name=\"twitter:card\" content=\"summary_large_image\" \/>\n<meta name=\"twitter:label1\" content=\"Est. reading time\" \/>\n\t<meta name=\"twitter:data1\" content=\"2 minutos\" \/>\n<script type=\"application\/ld+json\" class=\"yoast-schema-graph\">{\"@context\":\"https:\/\/schema.org\",\"@graph\":[{\"@type\":\"WebPage\",\"@id\":\"https:\/\/graziamagazine.com\/mx\/articles\/alguna-vez-habias-escuchado-hablar-sobre-el-cuero-de-manzana-aqui-te-contamos-todo-lo-que-debes-saber-de-el\/\",\"url\":\"https:\/\/graziamagazine.com\/mx\/articles\/alguna-vez-habias-escuchado-hablar-sobre-el-cuero-de-manzana-aqui-te-contamos-todo-lo-que-debes-saber-de-el\/\",\"name\":\"\u00bfAlguna vez hab\u00edas escuchado hablar sobre el cuero de manzana? Aqu\u00ed te contamos todo lo que debes saber de \u00e9l | Grazia M\u00e9xico y Latinoam\u00e9rica\",\"isPartOf\":{\"@id\":\"https:\/\/graziamagazine.com\/mx\/#website\"},\"datePublished\":\"2022-04-01T20:24:05+00:00\",\"dateModified\":\"2022-04-01T22:29:15+00:00\",\"description\":\"La industria de la moda busca m\u00e1s alternativas que sean amigables con el medio ambiente, pues cabe recalcar que la industria textil es una de las m\u00e1s\",\"breadcrumb\":{\"@id\":\"https:\/\/graziamagazine.com\/mx\/articles\/alguna-vez-habias-escuchado-hablar-sobre-el-cuero-de-manzana-aqui-te-contamos-todo-lo-que-debes-saber-de-el\/#breadcrumb\"},\"inLanguage\":\"es-MX\",\"potentialAction\":[{\"@type\":\"ReadAction\",\"target\":[\"https:\/\/graziamagazine.com\/mx\/articles\/alguna-vez-habias-escuchado-hablar-sobre-el-cuero-de-manzana-aqui-te-contamos-todo-lo-que-debes-saber-de-el\/\"]}]},{\"@type\":\"BreadcrumbList\",\"@id\":\"https:\/\/graziamagazine.com\/mx\/articles\/alguna-vez-habias-escuchado-hablar-sobre-el-cuero-de-manzana-aqui-te-contamos-todo-lo-que-debes-saber-de-el\/#breadcrumb\",\"itemListElement\":[{\"@type\":\"ListItem\",\"position\":1,\"name\":\"Home\",\"item\":\"https:\/\/graziamagazine.com\/mx\/\"},{\"@type\":\"ListItem\",\"position\":2,\"name\":\"\u00bfAlguna vez hab\u00edas escuchado hablar sobre el cuero de manzana? Aqu\u00ed te contamos todo lo que debes saber de \u00e9l\"}]},{\"@type\":\"WebSite\",\"@id\":\"https:\/\/graziamagazine.com\/mx\/#website\",\"url\":\"https:\/\/graziamagazine.com\/mx\/\",\"name\":\"Grazia M\u00e9xico y Latinoam\u00e9rica\",\"description\":\"Grazia es moda, belleza y noticias  de actualidad \",\"potentialAction\":[{\"@type\":\"SearchAction\",\"target\":{\"@type\":\"EntryPoint\",\"urlTemplate\":\"https:\/\/graziamagazine.com\/mx\/?s={search_term_string}\"},\"query-input\":\"required name=search_term_string\"}],\"inLanguage\":\"es-MX\"}]}<\/script>\n<!-- \/ Yoast SEO Premium plugin. -->","yoast_head_json":{"title":"\u00bfAlguna vez hab\u00edas escuchado hablar sobre el cuero de manzana? Aqu\u00ed te contamos todo lo que debes saber de \u00e9l | Grazia M\u00e9xico y Latinoam\u00e9rica","description":"La industria de la moda busca m\u00e1s alternativas que sean amigables con el medio ambiente, pues cabe recalcar que la industria textil es una de las m\u00e1s","robots":{"index":"index","follow":"follow","max-snippet":"max-snippet:-1","max-image-preview":"max-image-preview:large","max-video-preview":"max-video-preview:-1"},"canonical":"https:\/\/graziamagazine.com\/mx\/articles\/alguna-vez-habias-escuchado-hablar-sobre-el-cuero-de-manzana-aqui-te-contamos-todo-lo-que-debes-saber-de-el\/","og_locale":"es_MX","og_type":"article","og_title":"\u00bfAlguna vez hab\u00edas escuchado hablar sobre el cuero de manzana? Aqu\u00ed te contamos todo lo que debes saber de \u00e9l","og_description":"La industria de la moda busca m\u00e1s alternativas que sean amigables con el medio ambiente, pues cabe recalcar que la industria textil es una de las m\u00e1s","og_url":"https:\/\/graziamagazine.com\/mx\/articles\/alguna-vez-habias-escuchado-hablar-sobre-el-cuero-de-manzana-aqui-te-contamos-todo-lo-que-debes-saber-de-el\/","og_site_name":"Grazia M\u00e9xico y Latinoam\u00e9rica","article_modified_time":"2022-04-01T22:29:15+00:00","og_image":[{"width":1280,"height":720,"url":"https:\/\/graziamagazine.com\/mx\/wp-content\/uploads\/sites\/13\/2022\/04\/3TNBILPVIRGDJGBMCVNH3NZBTQ.jpg?fit=1280%2C720","type":"image\/jpeg"}],"twitter_card":"summary_large_image","twitter_misc":{"Est. reading time":"2 minutos"},"schema":{"@context":"https:\/\/schema.org","@graph":[{"@type":"WebPage","@id":"https:\/\/graziamagazine.com\/mx\/articles\/alguna-vez-habias-escuchado-hablar-sobre-el-cuero-de-manzana-aqui-te-contamos-todo-lo-que-debes-saber-de-el\/","url":"https:\/\/graziamagazine.com\/mx\/articles\/alguna-vez-habias-escuchado-hablar-sobre-el-cuero-de-manzana-aqui-te-contamos-todo-lo-que-debes-saber-de-el\/","name":"\u00bfAlguna vez hab\u00edas escuchado hablar sobre el cuero de manzana? Aqu\u00ed te contamos todo lo que debes saber de \u00e9l | Grazia M\u00e9xico y Latinoam\u00e9rica","isPartOf":{"@id":"https:\/\/graziamagazine.com\/mx\/#website"},"datePublished":"2022-04-01T20:24:05+00:00","dateModified":"2022-04-01T22:29:15+00:00","description":"La industria de la moda busca m\u00e1s alternativas que sean amigables con el medio ambiente, pues cabe recalcar que la industria textil es una de las m\u00e1s","breadcrumb":{"@id":"https:\/\/graziamagazine.com\/mx\/articles\/alguna-vez-habias-escuchado-hablar-sobre-el-cuero-de-manzana-aqui-te-contamos-todo-lo-que-debes-saber-de-el\/#breadcrumb"},"inLanguage":"es-MX","potentialAction":[{"@type":"ReadAction","target":["https:\/\/graziamagazine.com\/mx\/articles\/alguna-vez-habias-escuchado-hablar-sobre-el-cuero-de-manzana-aqui-te-contamos-todo-lo-que-debes-saber-de-el\/"]}]},{"@type":"BreadcrumbList","@id":"https:\/\/graziamagazine.com\/mx\/articles\/alguna-vez-habias-escuchado-hablar-sobre-el-cuero-de-manzana-aqui-te-contamos-todo-lo-que-debes-saber-de-el\/#breadcrumb","itemListElement":[{"@type":"ListItem","position":1,"name":"Home","item":"https:\/\/graziamagazine.com\/mx\/"},{"@type":"ListItem","position":2,"name":"\u00bfAlguna vez hab\u00edas escuchado hablar sobre el cuero de manzana? Aqu\u00ed te contamos todo lo que debes saber de \u00e9l"}]},{"@type":"WebSite","@id":"https:\/\/graziamagazine.com\/mx\/#website","url":"https:\/\/graziamagazine.com\/mx\/","name":"Grazia M\u00e9xico y Latinoam\u00e9rica","description":"Grazia es moda, belleza y noticias  de actualidad ","potentialAction":[{"@type":"SearchAction","target":{"@type":"EntryPoint","urlTemplate":"https:\/\/graziamagazine.com\/mx\/?s={search_term_string}"},"query-input":"required name=search_term_string"}],"inLanguage":"es-MX"}]}},"jetpack_sharing_enabled":true,"distributor_meta":false,"distributor_terms":false,"distributor_media":false,"distributor_original_site_name":"Grazia M\u00e9xico y Latinoam\u00e9rica","distributor_original_site_url":"https:\/\/graziamagazine.com\/mx","push-errors":false,"_links":{"self":[{"href":"https:\/\/graziamagazine.com\/mx\/wp-json\/wp\/v2\/articles\/109059"}],"collection":[{"href":"https:\/\/graziamagazine.com\/mx\/wp-json\/wp\/v2\/articles"}],"about":[{"href":"https:\/\/graziamagazine.com\/mx\/wp-json\/wp\/v2\/types\/articles"}],"author":[{"embeddable":true,"href":"https:\/\/graziamagazine.com\/mx\/wp-json\/wp\/v2\/users\/28953"}],"wp:featuredmedia":[{"embeddable":true,"href":"https:\/\/graziamagazine.com\/mx\/wp-json\/wp\/v2\/media\/109061"}],"wp:attachment":[{"href":"https:\/\/graziamagazine.com\/mx\/wp-json\/wp\/v2\/media?parent=109059"}],"wp:term":[{"taxonomy":"category","embeddable":true,"href":"https:\/\/graziamagazine.com\/mx\/wp-json\/wp\/v2\/categories?post=109059"}],"curies":[{"name":"wp","href":"https:\/\/api.w.org\/{rel}","templated":true}]}}