{"id":108385,"date":"2022-03-23T13:16:01","date_gmt":"2022-03-23T18:16:01","guid":{"rendered":"https:\/\/graziamagazine.com\/mx\/?post_type=articles&#038;p=108385"},"modified":"2022-03-23T17:58:48","modified_gmt":"2022-03-23T22:58:48","slug":"se-la-protagonista-este-otono-invierno-2022-con-estas-prendas","status":"publish","type":"articles","link":"https:\/\/graziamagazine.com\/mx\/articles\/se-la-protagonista-este-otono-invierno-2022-con-estas-prendas\/","title":{"rendered":"Se la protagonista este Oto\u00f1o\/Invierno 2022 con estas prendas"},"content":{"rendered":"<p><span style=\"font-weight: 400\">Los escaparates se han empezado a llenar de las tendencias de Oto\u00f1o\/Invierno 2022 donde encontrar\u00e1s los mejores conjuntos y looks para lucir espectacular en esta temporada del a\u00f1o. \u00a1Aqu\u00ed te damos un vistazo de todo lo que podr\u00e1s encontrar!<\/span><\/p>\n<h3><span style=\"font-weight: 400\">Sastrer\u00eda<\/span><\/h3>\n<div class=\"content-gallery\"><div class=\"gallery-placeholder\"><div class=\"spinner\"><\/div><\/div><span class=\"gallery-pagination\"><\/span><div id=\"gallery-1\" class=\"gallery galleryid-108385 gallery-columns- gallery-size-\"><figure class=\"gallery-item\"><div class=\"gallery-icon landscape\"><img loading=\"lazy\" decoding=\"async\" width=\"768\" height=\"1152\" src=\"https:\/\/graziamagazine.com\/mx\/wp-content\/uploads\/sites\/13\/2022\/03\/1791497728_extras_albumes_0_movil.jpg\" class=\"lazy\" alt=\"\" \/><\/div><figcaption class=\"wp-caption-text gallery-caption\" id=\"gallery-1-108443\">Sastrer\u00eda Tendencias Oto\u00f1o\/Invierno 2022<\/figcaption><\/figure><figure class=\"gallery-item\"><div class=\"gallery-icon landscape\"><img loading=\"lazy\" decoding=\"async\" width=\"1665\" height=\"2500\" src=\"https:\/\/graziamagazine.com\/mx\/wp-content\/uploads\/sites\/13\/2022\/03\/16456296416656.jpg\" class=\"lazy\" alt=\"\" \/><\/div><figcaption class=\"wp-caption-text gallery-caption\" id=\"gallery-1-108424\">Sastrer\u00eda Tendencias Oto\u00f1o\/Invierno 2022<\/figcaption><\/figure><figure class=\"gallery-item\"><div class=\"gallery-icon landscape\"><img loading=\"lazy\" decoding=\"async\" width=\"1600\" height=\"2400\" src=\"https:\/\/graziamagazine.com\/mx\/wp-content\/uploads\/sites\/13\/2022\/03\/GettyImages-1372352846.jpg\" class=\"lazy\" alt=\"Sastrer\u00eda Tendencias Oto\u00f1o\/Invierno 2022\" \/><\/div><figcaption class=\"wp-caption-text gallery-caption\" id=\"gallery-1-108423\">Sastrer\u00eda Tendencias Oto\u00f1o\/Invierno 2022<\/figcaption><\/figure><\/div><\/div>\n<p><span style=\"font-weight: 400\">Una de las tendencias m\u00e1s vistas en los \u00faltimos tiempos vuelve a nuestro closet. Transformando las piezas en diversas combinaciones, las <strong>chaquetas y pantalones sastreados<\/strong> tendr\u00e1n que formar parte de tu guardarropa.<\/span><\/p>\n<p><span style=\"font-weight: 400\">Para lucir un look m\u00e1s casual podr\u00e1s usar unos jeans con un saco y blusa de cuello alto o bien, unos pantalones sastreados con alguna camisa y chaqueta que eleven el look. Los <\/span><span style=\"font-weight: 400\">de <\/span><span style=\"font-weight: 400\">pinzas a juego con <\/span><strong><i>blazers<\/i><\/strong><span style=\"font-weight: 400\"> de todo tipo son <strong>prendas asociadas a contextos de socializaci\u00f3n<\/strong> m\u00e1s o menos formales. <\/span><span style=\"font-weight: 400\">\u00a0Recuerda que los colores son muy importantes, pues en la sastrer\u00eda se puede jugar con una infinidad de ellos dependiendo la situaci\u00f3n en la que los desees usar.<\/span><\/p>\n<h3><span style=\"font-weight: 400\">Prendas con texturas<\/span><\/h3>\n<div class=\"content-gallery\"><div class=\"gallery-placeholder\"><div class=\"spinner\"><\/div><\/div><span class=\"gallery-pagination\"><\/span><div id=\"gallery-2\" class=\"gallery galleryid-108385 gallery-columns- gallery-size-\"><figure class=\"gallery-item\"><div class=\"gallery-icon landscape\"><img loading=\"lazy\" decoding=\"async\" width=\"1015\" height=\"1500\" src=\"https:\/\/graziamagazine.com\/mx\/wp-content\/uploads\/sites\/13\/2022\/03\/peluche1.jpg\" class=\"lazy\" alt=\"\" \/><\/div><figcaption class=\"wp-caption-text gallery-caption\" id=\"gallery-2-108441\">Prendas con Texturas tendencias Oto\u00f1o\/Invierno 2022<\/figcaption><\/figure><figure class=\"gallery-item\"><div class=\"gallery-icon landscape\"><img loading=\"lazy\" decoding=\"async\" width=\"683\" height=\"1024\" src=\"https:\/\/graziamagazine.com\/mx\/wp-content\/uploads\/sites\/13\/2022\/03\/abrigopeluche.jpg\" class=\"lazy\" alt=\"\" \/><\/div><figcaption class=\"wp-caption-text gallery-caption\" id=\"gallery-2-108427\">Prendas con Texturas tendencias Oto\u00f1o\/Invierno 2022<\/figcaption><\/figure><figure class=\"gallery-item\"><div class=\"gallery-icon landscape\"><img loading=\"lazy\" decoding=\"async\" width=\"1280\" height=\"1920\" src=\"https:\/\/graziamagazine.com\/mx\/wp-content\/uploads\/sites\/13\/2022\/03\/5f055e81fa7299698aa6da97331d1231.jpg\" class=\"lazy\" alt=\"Prendas con Texturas tendencias Oto\u00f1o\/Invierno 2022\" \/><\/div><figcaption class=\"wp-caption-text gallery-caption\" id=\"gallery-2-108426\">Prendas con Texturas tendencias Oto\u00f1o\/Invierno 2022<\/figcaption><\/figure><\/div><\/div>\n<p><span style=\"font-weight: 400\">Las texturas siempre han jugado un rol muy importante en Oto\u00f1o\/Invierno, pues las <strong>plumas, la lana, texturas afelpadas o de punto grueso<\/strong>, dan un toque muy <strong>chic a tu look<\/strong>.<\/span><\/p>\n<p><span style=\"font-weight: 400\">Esta es una de las tendencias m\u00e1s f\u00e1ciles de detectar, pues dise\u00f1adores como Khaite, Isabel Marant, Miu Miu, Chanel, entre otros han optado por dar una textura aut\u00e9ntica a sus colecciones.\u00a0<\/span><\/p>\n<p><span style=\"font-weight: 400\">La exageraci\u00f3n de las texturas ha sido acompa\u00f1ada de piezas como para vestidos, zapatos y bolsos. Podr\u00e1s hacer fabulosas<strong> combinaciones con patrones y texturas divertidos<\/strong> y <strong>vers\u00e1tiles<\/strong> que se complementar\u00e1n con los matching looks de punto que quieras portar.<\/span><\/p>\n<h3><span style=\"font-weight: 400\">Prendas de noche<\/span><\/h3>\n<div class=\"content-gallery\"><div class=\"gallery-placeholder\"><div class=\"spinner\"><\/div><\/div><span class=\"gallery-pagination\"><\/span><div id=\"gallery-3\" class=\"gallery galleryid-108385 gallery-columns- gallery-size-\"><figure class=\"gallery-item\"><div class=\"gallery-icon landscape\"><img loading=\"lazy\" decoding=\"async\" width=\"1366\" height=\"2049\" src=\"https:\/\/graziamagazine.com\/mx\/wp-content\/uploads\/sites\/13\/2022\/03\/ALE0341.jpg\" class=\"lazy\" alt=\"\" \/><\/div><figcaption class=\"wp-caption-text gallery-caption\" id=\"gallery-3-108431\">Prendas de noche tendencia Oto\u00f1o\/Invierno 2022<\/figcaption><\/figure><figure class=\"gallery-item\"><div class=\"gallery-icon landscape\"><img loading=\"lazy\" decoding=\"async\" width=\"980\" height=\"1474\" src=\"https:\/\/graziamagazine.com\/mx\/wp-content\/uploads\/sites\/13\/2022\/03\/bd3b07e63de2b12f82f0c82432265a76.png\" class=\"lazy\" alt=\"\" \/><\/div><figcaption class=\"wp-caption-text gallery-caption\" id=\"gallery-3-108432\">Prendas de noche tendencia Oto\u00f1o\/Invierno 2022<\/figcaption><\/figure><figure class=\"gallery-item\"><div class=\"gallery-icon landscape\"><img loading=\"lazy\" decoding=\"async\" width=\"600\" height=\"903\" src=\"https:\/\/graziamagazine.com\/mx\/wp-content\/uploads\/sites\/13\/2022\/03\/etam-a.jpg\" class=\"lazy\" alt=\"Prendas de noche tendencia Oto\u00f1o\/Invierno 2022\" \/><\/div><figcaption class=\"wp-caption-text gallery-caption\" id=\"gallery-3-108433\">Prendas de noche tendencia Oto\u00f1o\/Invierno 2022<\/figcaption><\/figure><\/div><\/div>\n<p><span style=\"font-weight: 400\">\u00bfQui\u00e9n lo dir\u00eda? En alg\u00fan tiempo se pensar\u00eda que esto ser\u00eda un disparate, pues llevar prendas de noche en el d\u00eda todav\u00eda se ve\u00eda como algo experimental y muy lejano. Sin embargo nuestra era ha evolucionado y las opciones de combinar<strong> piezas de lentejuela, brillantes, vestidos coctel, escotes, de pluma o vestidos lenceros<\/strong> han dado un giro en el mundo de la moda.<\/span><\/p>\n<p><span style=\"font-weight: 400\">Marcas como <\/span><span style=\"font-weight: 400\"><strong>Balmain, Paco Rabanne, Saint Laurent, Gucci o Michael Kors,<\/strong> han demostrado que llevar prendas de noche puede ser tan chic como las combinaciones que elijas, aportando elegancia, seguridad y hasta comodidad.<\/span><\/p>\n<p><span style=\"font-weight: 400\">Los tejidos brillantes junto con otros cargados de lentejuelas podr\u00e1n ser combinados con chaquetas denim, tenis o zapatillas c\u00f3modas y algunos mayones d\u00e1ndole un toque <\/span><i><span style=\"font-weight: 400\">sport<\/span><\/i><span style=\"font-weight: 400\"> al asunto.<\/span><\/p>\n<h3><span style=\"font-weight: 400\">Logoman\u00eda<\/span><\/h3>\n<div class=\"content-gallery\"><div class=\"gallery-placeholder\"><div class=\"spinner\"><\/div><\/div><span class=\"gallery-pagination\"><\/span><div id=\"gallery-4\" class=\"gallery galleryid-108385 gallery-columns- gallery-size-\"><figure class=\"gallery-item\"><div class=\"gallery-icon landscape\"><img loading=\"lazy\" decoding=\"async\" width=\"630\" height=\"945\" src=\"https:\/\/graziamagazine.com\/mx\/wp-content\/uploads\/sites\/13\/2022\/03\/5012740.jpg\" class=\"lazy\" alt=\"\" \/><\/div><figcaption class=\"wp-caption-text gallery-caption\" id=\"gallery-4-108428\">Logoman\u00eda tendencia Oto\u00f1o\/Invierno 2022<\/figcaption><\/figure><figure class=\"gallery-item\"><div class=\"gallery-icon landscape\"><img loading=\"lazy\" decoding=\"async\" width=\"1600\" height=\"2400\" src=\"https:\/\/graziamagazine.com\/mx\/wp-content\/uploads\/sites\/13\/2022\/03\/00009-VERSACE-FALL-21.jpg\" class=\"lazy\" alt=\"\" \/><\/div><figcaption class=\"wp-caption-text gallery-caption\" id=\"gallery-4-108429\">Logoman\u00eda tendencia Oto\u00f1o\/Invierno 2022<\/figcaption><\/figure><figure class=\"gallery-item\"><div class=\"gallery-icon landscape\"><img loading=\"lazy\" decoding=\"async\" width=\"1600\" height=\"3000\" src=\"https:\/\/graziamagazine.com\/mx\/wp-content\/uploads\/sites\/13\/2022\/03\/Chanel-LogomanC3ADa-primavera-verano-2020.jpg\" class=\"lazy\" alt=\"Logoman\u00eda tendencia Oto\u00f1o\/Invierno 2022\" \/><\/div><figcaption class=\"wp-caption-text gallery-caption\" id=\"gallery-4-108430\">Logoman\u00eda tendencia Oto\u00f1o\/Invierno 2022<\/figcaption><\/figure><\/div><\/div>\n<p><span style=\"font-weight: 400\">El lujo silencioso en las prendas forma una armon\u00eda adornada entre los logotipos y anagramas puestos sobre los textiles. <strong>Sudaderas, ropa deportiva, ropa casual<\/strong> han sido renovadas por <strong>estrategias de <\/strong><\/span><strong><i>branding<\/i><\/strong><span style=\"font-weight: 400\"> mostrando un estatus social a sus consumidores, pues con estas prendas se da a conocer una afiliaci\u00f3n y conocimiento est\u00e9tico.<\/span><\/p>\n<p><span style=\"font-weight: 400\">Estas piezas podr\u00e1n formar parte de tu closet, ya que nunca est\u00e1 de mas tener prendas o accesorios con el logotipo de tus marcas favoritas como<strong> Versace, Louis Vuitton, Chanel y Balenciaga<\/strong>; jugando con los colores, colocaci\u00f3n y tama\u00f1o de la tipografia de estos grandes logos. Como\u00a0 resultado podr\u00e1s formar una identificaci\u00f3n de las piezas incluso m\u00e1s sencilla y contundente.\u00a0<\/span><\/p>\n<h3><span style=\"font-weight: 400\">colores complementarios (Amarillo y Lila)<\/span><\/h3>\n<div class=\"content-gallery\"><div class=\"gallery-placeholder\"><div class=\"spinner\"><\/div><\/div><span class=\"gallery-pagination\"><\/span><div id=\"gallery-5\" class=\"gallery galleryid-108385 gallery-columns- gallery-size-\"><figure class=\"gallery-item\"><div class=\"gallery-icon landscape\"><img loading=\"lazy\" decoding=\"async\" width=\"480\" height=\"720\" src=\"https:\/\/graziamagazine.com\/mx\/wp-content\/uploads\/sites\/13\/2022\/03\/gettyimages-1130600789-1-1586169987.jpg\" class=\"lazy\" alt=\"\" \/><\/div><figcaption class=\"wp-caption-text gallery-caption\" id=\"gallery-5-108434\">colores complementarios (Amarillo y Lila) Oto\u00f1o\/Invierno 2022<\/figcaption><\/figure><figure class=\"gallery-item\"><div class=\"gallery-icon landscape\"><img loading=\"lazy\" decoding=\"async\" width=\"480\" height=\"720\" src=\"https:\/\/graziamagazine.com\/mx\/wp-content\/uploads\/sites\/13\/2022\/03\/gettyimages-1177416257.jpg\" class=\"lazy\" alt=\"\" \/><\/div><figcaption class=\"wp-caption-text gallery-caption\" id=\"gallery-5-108435\">colores complementarios (Amarillo y Lila) Oto\u00f1o\/Invierno 2022<\/figcaption><\/figure><figure class=\"gallery-item\"><div class=\"gallery-icon landscape\"><img loading=\"lazy\" decoding=\"async\" width=\"550\" height=\"800\" src=\"https:\/\/graziamagazine.com\/mx\/wp-content\/uploads\/sites\/13\/2022\/03\/emilisindlev-a.jpg\" class=\"lazy\" alt=\"colores complementarios (Amarillo y Lila) Oto\u00f1o\/Invierno 2022\" \/><\/div><figcaption class=\"wp-caption-text gallery-caption\" id=\"gallery-5-108436\">colores complementarios (Amarillo y Lila) Oto\u00f1o\/Invierno 2022<\/figcaption><\/figure><\/div><\/div>\n<p><span style=\"font-weight: 400\">Seamos parte del entorno, pues esta temporada los colores en tendencia ser\u00e1n los amarillos y lilas, que juegan un rol importante para la combinacion de looks.<\/span><\/p>\n<p><span style=\"font-weight: 400\">Podr\u00e1s explorar colores poco habituales en distintas intensidades de tonalidades, por lo general, brillantes.\u00a0<\/span><\/p>\n<p><span style=\"font-weight: 400\">No es casualidad que sean colores complementarios ya que a pesar de ser distintos, consiguen un <\/span><b>toque glamuroso y chic <\/b><span style=\"font-weight: 400\">en looks como los de <\/span><b>Loewe<\/b><span style=\"font-weight: 400\">.<\/span><\/p>\n<p><span style=\"font-weight: 400\">Abrigos, pantalones, playeras, accesorios, vestidos, sacos, todo en una gama de estos dos colores complementarios que ser\u00e1n las piezas y los colores clave para ser la m\u00e1s fashion del lugar.<\/span><\/p>\n<h3><span style=\"font-weight: 400\">Matching Sets<\/span><\/h3>\n<div class=\"content-gallery\"><div class=\"gallery-placeholder\"><div class=\"spinner\"><\/div><\/div><span class=\"gallery-pagination\"><\/span><div id=\"gallery-6\" class=\"gallery galleryid-108385 gallery-columns- gallery-size-\"><figure class=\"gallery-item\"><div class=\"gallery-icon landscape\"><img loading=\"lazy\" decoding=\"async\" width=\"2732\" height=\"4098\" src=\"https:\/\/graziamagazine.com\/mx\/wp-content\/uploads\/sites\/13\/2022\/03\/1614869170673.jpg\" class=\"lazy\" alt=\"Matching Sets tendencias Oto\u00f1o\/Invierno 2022\" \/><\/div><figcaption class=\"wp-caption-text gallery-caption\" id=\"gallery-6-108445\">Matching Sets tendencias Oto\u00f1o\/Invierno 2022<\/figcaption><\/figure><figure class=\"gallery-item\"><div class=\"gallery-icon landscape\"><img loading=\"lazy\" decoding=\"async\" width=\"400\" height=\"600\" src=\"https:\/\/graziamagazine.com\/mx\/wp-content\/uploads\/sites\/13\/2022\/03\/tendances-mode-automne-hiver-2021-2022-la-maille.jpg\" class=\"lazy\" alt=\"\" \/><\/div><\/figure><figure class=\"gallery-item\"><div class=\"gallery-icon landscape\"><img loading=\"lazy\" decoding=\"async\" width=\"1600\" height=\"2400\" src=\"https:\/\/graziamagazine.com\/mx\/wp-content\/uploads\/sites\/13\/2022\/03\/00004-Chloe-Fall-21.jpg\" class=\"lazy\" alt=\"\" \/><\/div><\/figure><\/div><\/div>\n<h3><span style=\"font-weight: 400\">\u00a0<\/span><\/h3>\n<p><span style=\"font-weight: 400\">Los conjuntos de dos piezas vuelven a casa. El motivo es muy sencillo pues el argumento principal es un estilismo f\u00e1cil de interpretar. Si buscas un look minimalista, elegante o casual en menos de cinco minutos \u00a1esta opci\u00f3n es para ti!<\/span><\/p>\n<p><b>Altuzarra, Proenza Schouler o N\u00ba21<\/b><span style=\"font-weight: 400\"> han formado parte de esta tendencia, utilizando textiles como lana fr\u00eda y de cuadros en el caso de <\/span><b>Celine by Hedi Slimane<\/b><span style=\"font-weight: 400\"> o el tricotado de <\/span><b>Jil Sander<\/b><span style=\"font-weight: 400\">, recordando que las <\/span><b>texturas mullidas y envolventes<\/b><span style=\"font-weight: 400\"> son imperativas esta temporada<\/span><span style=\"font-weight: 400\">.\u00a0<\/span><\/p>\n<h3><span style=\"font-weight: 400\">Accesorios Maximalistas<\/span><\/h3>\n<div class=\"content-gallery\"><div class=\"gallery-placeholder\"><div class=\"spinner\"><\/div><\/div><span class=\"gallery-pagination\"><\/span><div id=\"gallery-7\" class=\"gallery galleryid-108385 gallery-columns- gallery-size-\"><figure class=\"gallery-item\"><div class=\"gallery-icon landscape\"><img loading=\"lazy\" decoding=\"async\" width=\"465\" height=\"657\" src=\"https:\/\/graziamagazine.com\/mx\/wp-content\/uploads\/sites\/13\/2022\/03\/Captura-de-Pantalla-2022-03-22-a-las-12.44.54.png\" class=\"lazy\" alt=\"\" \/><\/div><figcaption class=\"wp-caption-text gallery-caption\" id=\"gallery-7-108438\">Accesorios Maximalistas\u00a0, tendencias Oto\u00f1o\/Invierno 2022<\/figcaption><\/figure><figure class=\"gallery-item\"><div class=\"gallery-icon landscape\"><img loading=\"lazy\" decoding=\"async\" width=\"800\" height=\"1200\" src=\"https:\/\/graziamagazine.com\/mx\/wp-content\/uploads\/sites\/13\/2022\/03\/Hermes-bag-S20-005.jpg\" class=\"lazy\" alt=\"\" \/><\/div><figcaption class=\"wp-caption-text gallery-caption\" id=\"gallery-7-108439\">Accesorios Maximalistas\u00a0, tendencias Oto\u00f1o\/Invierno 2022<\/figcaption><\/figure><figure class=\"gallery-item\"><div class=\"gallery-icon landscape\"><img loading=\"lazy\" decoding=\"async\" width=\"800\" height=\"1200\" src=\"https:\/\/graziamagazine.com\/mx\/wp-content\/uploads\/sites\/13\/2022\/03\/Bottega-Veneta-bag-S20-035.jpg\" class=\"lazy\" alt=\"Accesorios Maximalistas\u00a0\" \/><\/div><figcaption class=\"wp-caption-text gallery-caption\" id=\"gallery-7-108440\">Accesorios Maximalistas\u00a0, tendencias Oto\u00f1o\/Invierno 2022<\/figcaption><\/figure><\/div><\/div>\n<p><span style=\"font-weight: 400\">Esta categor\u00eda es el esp\u00edritu de cada look, divertidos, aut\u00e9nticos y \u00fanicos. Elegir los accesorios correctos te pueden salvar de cometer un grave error con los outfits que elijas, pues de ellos depende que sean todo un \u00e9xito o un fracaso.\u00a0<\/span><\/p>\n<p><span style=\"font-weight: 400\">Esta temporada Oto\u00f1o\/Invierno podr\u00e1s lucir guantes largos en todos los colores y materiales, tal es el caso de <\/span><b>Prada, Miu Miu, <\/b><b>Simone Rocha<\/b><b>y Altuzarra.<\/b><\/p>\n<p><span style=\"font-weight: 400\">Tambi\u00e9n no olvides los<\/span><b> zapatos con detalles de peluche o pelo sint\u00e9tico<\/b><span style=\"font-weight: 400\"> y los protagonistas de la historia, los<\/span><b> bolsos<\/b><b><i> pop<\/i><\/b><b> de Blumarine <\/b><span style=\"font-weight: 400\">al igual que las <\/span><b>joyas maximalistas<\/b><span style=\"font-weight: 400\"> que brillar\u00e1n en el oto\u00f1o<\/span><span style=\"font-weight: 400\">.<\/span><\/p>\n","protected":false},"author":28953,"featured_media":108444,"template":"","format":"standard","categories":[4],"acf":[],"yoast_head":"<!-- This site is optimized with the Yoast SEO Premium plugin v18.5 (Yoast SEO v20.4) - https:\/\/yoast.com\/wordpress\/plugins\/seo\/ -->\n<title>Se la protagonista este Oto\u00f1o\/Invierno 2022 con estas prendas | Grazia M\u00e9xico y Latinoam\u00e9rica<\/title>\n<meta name=\"description\" content=\"Los escaparates se han empezado a llenar de las tendencias de Oto\u00f1o\/Invierno 2022 donde encontrar\u00e1s los mejores conjuntos y looks para lucir espectacular\" \/>\n<meta name=\"robots\" content=\"index, follow, max-snippet:-1, max-image-preview:large, max-video-preview:-1\" \/>\n<link rel=\"canonical\" href=\"https:\/\/graziamagazine.com\/mx\/articles\/se-la-protagonista-este-otono-invierno-2022-con-estas-prendas\/\" \/>\n<meta property=\"og:locale\" content=\"es_MX\" \/>\n<meta property=\"og:type\" content=\"article\" \/>\n<meta property=\"og:title\" content=\"Se la protagonista este Oto\u00f1o\/Invierno 2022 con estas prendas\" \/>\n<meta property=\"og:description\" content=\"Los escaparates se han empezado a llenar de las tendencias de Oto\u00f1o\/Invierno 2022 donde encontrar\u00e1s los mejores conjuntos y looks para lucir espectacular\" \/>\n<meta property=\"og:url\" content=\"https:\/\/graziamagazine.com\/mx\/articles\/se-la-protagonista-este-otono-invierno-2022-con-estas-prendas\/\" \/>\n<meta property=\"og:site_name\" content=\"Grazia M\u00e9xico y Latinoam\u00e9rica\" \/>\n<meta property=\"article:modified_time\" content=\"2022-03-23T22:58:48+00:00\" \/>\n<meta property=\"og:image\" content=\"https:\/\/graziamagazine.com\/mx\/wp-content\/uploads\/sites\/13\/2022\/03\/wgsn11.jpg?fit=840%2C450\" \/>\n\t<meta property=\"og:image:width\" content=\"840\" \/>\n\t<meta property=\"og:image:height\" content=\"450\" \/>\n\t<meta property=\"og:image:type\" content=\"image\/jpeg\" \/>\n<meta name=\"twitter:card\" content=\"summary_large_image\" \/>\n<meta name=\"twitter:label1\" content=\"Est. reading time\" \/>\n\t<meta name=\"twitter:data1\" content=\"4 minutos\" \/>\n<script type=\"application\/ld+json\" class=\"yoast-schema-graph\">{\"@context\":\"https:\/\/schema.org\",\"@graph\":[{\"@type\":\"WebPage\",\"@id\":\"https:\/\/graziamagazine.com\/mx\/articles\/se-la-protagonista-este-otono-invierno-2022-con-estas-prendas\/\",\"url\":\"https:\/\/graziamagazine.com\/mx\/articles\/se-la-protagonista-este-otono-invierno-2022-con-estas-prendas\/\",\"name\":\"Se la protagonista este Oto\u00f1o\/Invierno 2022 con estas prendas | Grazia M\u00e9xico y Latinoam\u00e9rica\",\"isPartOf\":{\"@id\":\"https:\/\/graziamagazine.com\/mx\/#website\"},\"datePublished\":\"2022-03-23T18:16:01+00:00\",\"dateModified\":\"2022-03-23T22:58:48+00:00\",\"description\":\"Los escaparates se han empezado a llenar de las tendencias de Oto\u00f1o\/Invierno 2022 donde encontrar\u00e1s los mejores conjuntos y looks para lucir espectacular\",\"breadcrumb\":{\"@id\":\"https:\/\/graziamagazine.com\/mx\/articles\/se-la-protagonista-este-otono-invierno-2022-con-estas-prendas\/#breadcrumb\"},\"inLanguage\":\"es-MX\",\"potentialAction\":[{\"@type\":\"ReadAction\",\"target\":[\"https:\/\/graziamagazine.com\/mx\/articles\/se-la-protagonista-este-otono-invierno-2022-con-estas-prendas\/\"]}]},{\"@type\":\"BreadcrumbList\",\"@id\":\"https:\/\/graziamagazine.com\/mx\/articles\/se-la-protagonista-este-otono-invierno-2022-con-estas-prendas\/#breadcrumb\",\"itemListElement\":[{\"@type\":\"ListItem\",\"position\":1,\"name\":\"Home\",\"item\":\"https:\/\/graziamagazine.com\/mx\/\"},{\"@type\":\"ListItem\",\"position\":2,\"name\":\"Se la protagonista este Oto\u00f1o\/Invierno 2022 con estas prendas\"}]},{\"@type\":\"WebSite\",\"@id\":\"https:\/\/graziamagazine.com\/mx\/#website\",\"url\":\"https:\/\/graziamagazine.com\/mx\/\",\"name\":\"Grazia M\u00e9xico y Latinoam\u00e9rica\",\"description\":\"Grazia es moda, belleza y noticias  de actualidad \",\"potentialAction\":[{\"@type\":\"SearchAction\",\"target\":{\"@type\":\"EntryPoint\",\"urlTemplate\":\"https:\/\/graziamagazine.com\/mx\/?s={search_term_string}\"},\"query-input\":\"required name=search_term_string\"}],\"inLanguage\":\"es-MX\"}]}<\/script>\n<!-- \/ Yoast SEO Premium plugin. -->","yoast_head_json":{"title":"Se la protagonista este Oto\u00f1o\/Invierno 2022 con estas prendas | Grazia M\u00e9xico y Latinoam\u00e9rica","description":"Los escaparates se han empezado a llenar de las tendencias de Oto\u00f1o\/Invierno 2022 donde encontrar\u00e1s los mejores conjuntos y looks para lucir espectacular","robots":{"index":"index","follow":"follow","max-snippet":"max-snippet:-1","max-image-preview":"max-image-preview:large","max-video-preview":"max-video-preview:-1"},"canonical":"https:\/\/graziamagazine.com\/mx\/articles\/se-la-protagonista-este-otono-invierno-2022-con-estas-prendas\/","og_locale":"es_MX","og_type":"article","og_title":"Se la protagonista este Oto\u00f1o\/Invierno 2022 con estas prendas","og_description":"Los escaparates se han empezado a llenar de las tendencias de Oto\u00f1o\/Invierno 2022 donde encontrar\u00e1s los mejores conjuntos y looks para lucir espectacular","og_url":"https:\/\/graziamagazine.com\/mx\/articles\/se-la-protagonista-este-otono-invierno-2022-con-estas-prendas\/","og_site_name":"Grazia M\u00e9xico y Latinoam\u00e9rica","article_modified_time":"2022-03-23T22:58:48+00:00","og_image":[{"width":840,"height":450,"url":"https:\/\/graziamagazine.com\/mx\/wp-content\/uploads\/sites\/13\/2022\/03\/wgsn11.jpg?fit=840%2C450","type":"image\/jpeg"}],"twitter_card":"summary_large_image","twitter_misc":{"Est. reading time":"4 minutos"},"schema":{"@context":"https:\/\/schema.org","@graph":[{"@type":"WebPage","@id":"https:\/\/graziamagazine.com\/mx\/articles\/se-la-protagonista-este-otono-invierno-2022-con-estas-prendas\/","url":"https:\/\/graziamagazine.com\/mx\/articles\/se-la-protagonista-este-otono-invierno-2022-con-estas-prendas\/","name":"Se la protagonista este Oto\u00f1o\/Invierno 2022 con estas prendas | Grazia M\u00e9xico y Latinoam\u00e9rica","isPartOf":{"@id":"https:\/\/graziamagazine.com\/mx\/#website"},"datePublished":"2022-03-23T18:16:01+00:00","dateModified":"2022-03-23T22:58:48+00:00","description":"Los escaparates se han empezado a llenar de las tendencias de Oto\u00f1o\/Invierno 2022 donde encontrar\u00e1s los mejores conjuntos y looks para lucir espectacular","breadcrumb":{"@id":"https:\/\/graziamagazine.com\/mx\/articles\/se-la-protagonista-este-otono-invierno-2022-con-estas-prendas\/#breadcrumb"},"inLanguage":"es-MX","potentialAction":[{"@type":"ReadAction","target":["https:\/\/graziamagazine.com\/mx\/articles\/se-la-protagonista-este-otono-invierno-2022-con-estas-prendas\/"]}]},{"@type":"BreadcrumbList","@id":"https:\/\/graziamagazine.com\/mx\/articles\/se-la-protagonista-este-otono-invierno-2022-con-estas-prendas\/#breadcrumb","itemListElement":[{"@type":"ListItem","position":1,"name":"Home","item":"https:\/\/graziamagazine.com\/mx\/"},{"@type":"ListItem","position":2,"name":"Se la protagonista este Oto\u00f1o\/Invierno 2022 con estas prendas"}]},{"@type":"WebSite","@id":"https:\/\/graziamagazine.com\/mx\/#website","url":"https:\/\/graziamagazine.com\/mx\/","name":"Grazia M\u00e9xico y Latinoam\u00e9rica","description":"Grazia es moda, belleza y noticias  de actualidad ","potentialAction":[{"@type":"SearchAction","target":{"@type":"EntryPoint","urlTemplate":"https:\/\/graziamagazine.com\/mx\/?s={search_term_string}"},"query-input":"required name=search_term_string"}],"inLanguage":"es-MX"}]}},"jetpack_sharing_enabled":true,"distributor_meta":false,"distributor_terms":false,"distributor_media":false,"distributor_original_site_name":"Grazia M\u00e9xico y Latinoam\u00e9rica","distributor_original_site_url":"https:\/\/graziamagazine.com\/mx","push-errors":false,"_links":{"self":[{"href":"https:\/\/graziamagazine.com\/mx\/wp-json\/wp\/v2\/articles\/108385"}],"collection":[{"href":"https:\/\/graziamagazine.com\/mx\/wp-json\/wp\/v2\/articles"}],"about":[{"href":"https:\/\/graziamagazine.com\/mx\/wp-json\/wp\/v2\/types\/articles"}],"author":[{"embeddable":true,"href":"https:\/\/graziamagazine.com\/mx\/wp-json\/wp\/v2\/users\/28953"}],"wp:featuredmedia":[{"embeddable":true,"href":"https:\/\/graziamagazine.com\/mx\/wp-json\/wp\/v2\/media\/108444"}],"wp:attachment":[{"href":"https:\/\/graziamagazine.com\/mx\/wp-json\/wp\/v2\/media?parent=108385"}],"wp:term":[{"taxonomy":"category","embeddable":true,"href":"https:\/\/graziamagazine.com\/mx\/wp-json\/wp\/v2\/categories?post=108385"}],"curies":[{"name":"wp","href":"https:\/\/api.w.org\/{rel}","templated":true}]}}