{"id":107856,"date":"2022-03-14T19:26:11","date_gmt":"2022-03-15T00:26:11","guid":{"rendered":"https:\/\/graziamagazine.com\/mx\/?post_type=articles&#038;p=107856"},"modified":"2022-03-15T14:51:20","modified_gmt":"2022-03-15T19:51:20","slug":"los-fans-de-andy-warhol-no-se-pueden-perder-esta-docuserie-de-netflix","status":"publish","type":"articles","link":"https:\/\/graziamagazine.com\/mx\/articles\/los-fans-de-andy-warhol-no-se-pueden-perder-esta-docuserie-de-netflix\/","title":{"rendered":"Los fans de Andy Warhol no se pueden perder esta docuserie de Netflix"},"content":{"rendered":"<p><span style=\"font-weight: 400\">Desde el pl\u00e1tano amarillo, hasta la lata de sopa de marca Campbells, <strong>Andy Warhol<\/strong> supo c\u00f3mo hacer de lo ordinario un arte. Y ese arte, fue nombrado \u201c<strong>Arte Pop<\/strong>\u201d casi, casi,\u00a0 solo por \u00e9l.<\/span><\/p>\n<p><span style=\"font-weight: 400\">A\u00f1os despu\u00e9s de su muerte, en 1987, el artista se convirti\u00f3 en el \u00edcono de toda una generaci\u00f3n y su obra y su legado persisten en la actualidad.<\/span><\/p>\n<p><span style=\"font-weight: 400\">Dicho esto, cualquier persona que sea fan de Warhol y del arte pop, debe ver esta mini serie documental de 6 cap\u00edtulos en <strong>Netflix: <em>The Andy Warhol Diaries.<\/em><\/strong><\/span><\/p>\n<p><span style=\"font-weight: 400\">Lo mejor de todo, como sucede ahora de manera m\u00e1s frecuente, es que la serie documental est\u00e1 narrada en primera persona por Warhol, con audios y videos grabados en alg\u00fan momento de su vida, pero rescatados hasta ahora para producir el documental.<\/span><\/p>\n<p><span style=\"font-weight: 400\">Pero esta curiosa historia est\u00e1 escrita sobre otra historia y sobre otra historia. Es decir, todo parte de los diarios que Andy Warhol escribi\u00f3 en su \u00e9poca, que a su vez fueron utilizados para la serie del director Andrew Rossi, que a su vez ahora son reinterpretados por el p\u00fablico que la vemos y, aunque el trabajo ya ha sido masticado\u00a0 un mill\u00f3n de veces, esta es una nueva larga mirada a lo que Warhol hizo y\u2026 \u00a1nunca estaremos cansados de su vida y su obra!<\/span><\/p>\n<p><span style=\"font-weight: 400\">En palabras de Netflix, la serie documental \u201cse basa en las propias palabras de Warhol, habladas y transcritas por su amigo Pat Hackett diariamente entre 1976 y la muerte de Warhol en 1987, luego publicadas como un bloque de intriga de 1200 p\u00e1ginas en 1989\u201d.<\/span><\/p>\n<p><img loading=\"lazy\" decoding=\"async\" class=\"alignnone size-medium wp-image-107858 aligncenter\" src=\"https:\/\/graziamagazine.com\/mx\/wp-content\/uploads\/sites\/13\/2022\/03\/andy-warhol.png?w=450\" alt=\"\" width=\"450\" height=\"235\" \/><\/p>\n<p><span style=\"font-weight: 400\">As\u00ed, el episodio uno comienza con una instrucci\u00f3n de que no debemos confiar en la versi\u00f3n de los hechos de Warhol, pero que s\u00ed podemos creer en la versi\u00f3n de los curadores.<\/span><\/p>\n<p><span style=\"font-weight: 400\">Tambi\u00e9n podremos descubrir la historia de c\u00f3mo Andy, lleg\u00f3 a ser qui\u00e9n fue. Aunque ni \u00e9l, ni nadie, sab\u00eda en quien se convertir\u00eda tras su muerte.<\/span><\/p>\n<p><span style=\"font-weight: 400\">Andrew Warhol, hijo de inmigrantes austroh\u00fangaros de una zona pobre de la conservadora Pittsburgh, Pensilvania, se mud\u00f3 a Nueva York y se reinvent\u00f3 a s\u00ed mismo como el jefe de Factory, un santuario queer en el extremo vanguardista de la escena art\u00edstica de Manhattan de la d\u00e9cada de 1960, y un int\u00e9rprete tremendamente popular de las iconograf\u00edas vulgares del comercio y las celebridades.\u00a0<\/span><\/p>\n<p><span style=\"font-weight: 400\">S\u00ed, Warhol era <em>queer<\/em>, parte de la<strong> comunidad LGBT+<\/strong> de aquella \u00e9poca en la que todav\u00eda no se reconoc\u00edan sus derechos.<\/span><\/p>\n<p><span style=\"font-weight: 400\">El punto central planteado por <em>The Andy Warhol Diaries<\/em> es hasta qu\u00e9 punto las tensiones sociales de un artista son creadas por la sexualidad, la religi\u00f3n y la autoimagen.<\/span><\/p>\n<p><span style=\"font-weight: 400\">Y el impacto que tuvieron sobre Warhol.<\/span><\/p>\n<p><span style=\"font-weight: 400\">Como un cat\u00f3lico gay que odiaba su propio cabello, piel y rasgos, \u00e9l dijo: \u201cSolo soy un bicho raro. No puedo cambiarlo. Soy demasiado inusual\u201d.\u00a0<\/span><\/p>\n<p><span style=\"font-weight: 400\">Y en la serie se revela su lado m\u00e1s inseguro y emocional, aunque nunca debi\u00f3 ser as\u00ed: una vida personal definida por tres relaciones clave, sus tres grandes amores: <strong>Jed Johnson, Jon Gould y su amigo y colaborador Jean Michel Basquiat.<\/strong><\/span><\/p>\n<p><span style=\"font-weight: 400\">\u00bfNecesitas m\u00e1s argumentos para correr ahora mismo a ver la serie?<\/span><\/p>\n","protected":false},"author":11628,"featured_media":107857,"template":"","format":"standard","categories":[114],"acf":[],"yoast_head":"<!-- This site is optimized with the Yoast SEO Premium plugin v18.5 (Yoast SEO v20.4) - https:\/\/yoast.com\/wordpress\/plugins\/seo\/ -->\n<title>Los fans de Andy Warhol no se pueden perder esta docuserie de Netflix | Grazia M\u00e9xico y Latinoam\u00e9rica<\/title>\n<meta name=\"description\" content=\"Desde el pl\u00e1tano amarillo, hasta la lata de sopa de marca Campbells, Andy Warhol supo c\u00f3mo hacer de lo ordinario un arte. Y ese arte, fue nombrado \u201cArte\" \/>\n<meta name=\"robots\" content=\"index, follow, max-snippet:-1, max-image-preview:large, max-video-preview:-1\" \/>\n<link rel=\"canonical\" href=\"https:\/\/graziamagazine.com\/mx\/articles\/los-fans-de-andy-warhol-no-se-pueden-perder-esta-docuserie-de-netflix\/\" \/>\n<meta property=\"og:locale\" content=\"es_MX\" \/>\n<meta property=\"og:type\" content=\"article\" \/>\n<meta property=\"og:title\" content=\"Los fans de Andy Warhol no se pueden perder esta docuserie de Netflix\" \/>\n<meta property=\"og:description\" content=\"Desde el pl\u00e1tano amarillo, hasta la lata de sopa de marca Campbells, Andy Warhol supo c\u00f3mo hacer de lo ordinario un arte. Y ese arte, fue nombrado \u201cArte\" \/>\n<meta property=\"og:url\" content=\"https:\/\/graziamagazine.com\/mx\/articles\/los-fans-de-andy-warhol-no-se-pueden-perder-esta-docuserie-de-netflix\/\" \/>\n<meta property=\"og:site_name\" content=\"Grazia M\u00e9xico y Latinoam\u00e9rica\" \/>\n<meta property=\"article:modified_time\" content=\"2022-03-15T19:51:20+00:00\" \/>\n<meta property=\"og:image\" content=\"https:\/\/graziamagazine.com\/mx\/wp-content\/uploads\/sites\/13\/2022\/03\/andy-warhol.jpeg?fit=1200%2C1200\" \/>\n\t<meta property=\"og:image:width\" content=\"1200\" \/>\n\t<meta property=\"og:image:height\" content=\"1200\" \/>\n\t<meta property=\"og:image:type\" content=\"image\/jpeg\" \/>\n<meta name=\"twitter:card\" content=\"summary_large_image\" \/>\n<meta name=\"twitter:label1\" content=\"Est. reading time\" \/>\n\t<meta name=\"twitter:data1\" content=\"3 minutos\" \/>\n<script type=\"application\/ld+json\" class=\"yoast-schema-graph\">{\"@context\":\"https:\/\/schema.org\",\"@graph\":[{\"@type\":\"WebPage\",\"@id\":\"https:\/\/graziamagazine.com\/mx\/articles\/los-fans-de-andy-warhol-no-se-pueden-perder-esta-docuserie-de-netflix\/\",\"url\":\"https:\/\/graziamagazine.com\/mx\/articles\/los-fans-de-andy-warhol-no-se-pueden-perder-esta-docuserie-de-netflix\/\",\"name\":\"Los fans de Andy Warhol no se pueden perder esta docuserie de Netflix | Grazia M\u00e9xico y Latinoam\u00e9rica\",\"isPartOf\":{\"@id\":\"https:\/\/graziamagazine.com\/mx\/#website\"},\"datePublished\":\"2022-03-15T00:26:11+00:00\",\"dateModified\":\"2022-03-15T19:51:20+00:00\",\"description\":\"Desde el pl\u00e1tano amarillo, hasta la lata de sopa de marca Campbells, Andy Warhol supo c\u00f3mo hacer de lo ordinario un arte. Y ese arte, fue nombrado \u201cArte\",\"breadcrumb\":{\"@id\":\"https:\/\/graziamagazine.com\/mx\/articles\/los-fans-de-andy-warhol-no-se-pueden-perder-esta-docuserie-de-netflix\/#breadcrumb\"},\"inLanguage\":\"es-MX\",\"potentialAction\":[{\"@type\":\"ReadAction\",\"target\":[\"https:\/\/graziamagazine.com\/mx\/articles\/los-fans-de-andy-warhol-no-se-pueden-perder-esta-docuserie-de-netflix\/\"]}]},{\"@type\":\"BreadcrumbList\",\"@id\":\"https:\/\/graziamagazine.com\/mx\/articles\/los-fans-de-andy-warhol-no-se-pueden-perder-esta-docuserie-de-netflix\/#breadcrumb\",\"itemListElement\":[{\"@type\":\"ListItem\",\"position\":1,\"name\":\"Home\",\"item\":\"https:\/\/graziamagazine.com\/mx\/\"},{\"@type\":\"ListItem\",\"position\":2,\"name\":\"Los fans de Andy Warhol no se pueden perder esta docuserie de Netflix\"}]},{\"@type\":\"WebSite\",\"@id\":\"https:\/\/graziamagazine.com\/mx\/#website\",\"url\":\"https:\/\/graziamagazine.com\/mx\/\",\"name\":\"Grazia M\u00e9xico y Latinoam\u00e9rica\",\"description\":\"Grazia es moda, belleza y noticias  de actualidad \",\"potentialAction\":[{\"@type\":\"SearchAction\",\"target\":{\"@type\":\"EntryPoint\",\"urlTemplate\":\"https:\/\/graziamagazine.com\/mx\/?s={search_term_string}\"},\"query-input\":\"required name=search_term_string\"}],\"inLanguage\":\"es-MX\"}]}<\/script>\n<!-- \/ Yoast SEO Premium plugin. -->","yoast_head_json":{"title":"Los fans de Andy Warhol no se pueden perder esta docuserie de Netflix | Grazia M\u00e9xico y Latinoam\u00e9rica","description":"Desde el pl\u00e1tano amarillo, hasta la lata de sopa de marca Campbells, Andy Warhol supo c\u00f3mo hacer de lo ordinario un arte. Y ese arte, fue nombrado \u201cArte","robots":{"index":"index","follow":"follow","max-snippet":"max-snippet:-1","max-image-preview":"max-image-preview:large","max-video-preview":"max-video-preview:-1"},"canonical":"https:\/\/graziamagazine.com\/mx\/articles\/los-fans-de-andy-warhol-no-se-pueden-perder-esta-docuserie-de-netflix\/","og_locale":"es_MX","og_type":"article","og_title":"Los fans de Andy Warhol no se pueden perder esta docuserie de Netflix","og_description":"Desde el pl\u00e1tano amarillo, hasta la lata de sopa de marca Campbells, Andy Warhol supo c\u00f3mo hacer de lo ordinario un arte. Y ese arte, fue nombrado \u201cArte","og_url":"https:\/\/graziamagazine.com\/mx\/articles\/los-fans-de-andy-warhol-no-se-pueden-perder-esta-docuserie-de-netflix\/","og_site_name":"Grazia M\u00e9xico y Latinoam\u00e9rica","article_modified_time":"2022-03-15T19:51:20+00:00","og_image":[{"width":1200,"height":1200,"url":"https:\/\/graziamagazine.com\/mx\/wp-content\/uploads\/sites\/13\/2022\/03\/andy-warhol.jpeg?fit=1200%2C1200","type":"image\/jpeg"}],"twitter_card":"summary_large_image","twitter_misc":{"Est. reading time":"3 minutos"},"schema":{"@context":"https:\/\/schema.org","@graph":[{"@type":"WebPage","@id":"https:\/\/graziamagazine.com\/mx\/articles\/los-fans-de-andy-warhol-no-se-pueden-perder-esta-docuserie-de-netflix\/","url":"https:\/\/graziamagazine.com\/mx\/articles\/los-fans-de-andy-warhol-no-se-pueden-perder-esta-docuserie-de-netflix\/","name":"Los fans de Andy Warhol no se pueden perder esta docuserie de Netflix | Grazia M\u00e9xico y Latinoam\u00e9rica","isPartOf":{"@id":"https:\/\/graziamagazine.com\/mx\/#website"},"datePublished":"2022-03-15T00:26:11+00:00","dateModified":"2022-03-15T19:51:20+00:00","description":"Desde el pl\u00e1tano amarillo, hasta la lata de sopa de marca Campbells, Andy Warhol supo c\u00f3mo hacer de lo ordinario un arte. Y ese arte, fue nombrado \u201cArte","breadcrumb":{"@id":"https:\/\/graziamagazine.com\/mx\/articles\/los-fans-de-andy-warhol-no-se-pueden-perder-esta-docuserie-de-netflix\/#breadcrumb"},"inLanguage":"es-MX","potentialAction":[{"@type":"ReadAction","target":["https:\/\/graziamagazine.com\/mx\/articles\/los-fans-de-andy-warhol-no-se-pueden-perder-esta-docuserie-de-netflix\/"]}]},{"@type":"BreadcrumbList","@id":"https:\/\/graziamagazine.com\/mx\/articles\/los-fans-de-andy-warhol-no-se-pueden-perder-esta-docuserie-de-netflix\/#breadcrumb","itemListElement":[{"@type":"ListItem","position":1,"name":"Home","item":"https:\/\/graziamagazine.com\/mx\/"},{"@type":"ListItem","position":2,"name":"Los fans de Andy Warhol no se pueden perder esta docuserie de Netflix"}]},{"@type":"WebSite","@id":"https:\/\/graziamagazine.com\/mx\/#website","url":"https:\/\/graziamagazine.com\/mx\/","name":"Grazia M\u00e9xico y Latinoam\u00e9rica","description":"Grazia es moda, belleza y noticias  de actualidad ","potentialAction":[{"@type":"SearchAction","target":{"@type":"EntryPoint","urlTemplate":"https:\/\/graziamagazine.com\/mx\/?s={search_term_string}"},"query-input":"required name=search_term_string"}],"inLanguage":"es-MX"}]}},"jetpack_sharing_enabled":true,"distributor_meta":false,"distributor_terms":false,"distributor_media":false,"distributor_original_site_name":"Grazia M\u00e9xico y Latinoam\u00e9rica","distributor_original_site_url":"https:\/\/graziamagazine.com\/mx","push-errors":false,"_links":{"self":[{"href":"https:\/\/graziamagazine.com\/mx\/wp-json\/wp\/v2\/articles\/107856"}],"collection":[{"href":"https:\/\/graziamagazine.com\/mx\/wp-json\/wp\/v2\/articles"}],"about":[{"href":"https:\/\/graziamagazine.com\/mx\/wp-json\/wp\/v2\/types\/articles"}],"author":[{"embeddable":true,"href":"https:\/\/graziamagazine.com\/mx\/wp-json\/wp\/v2\/users\/11628"}],"wp:featuredmedia":[{"embeddable":true,"href":"https:\/\/graziamagazine.com\/mx\/wp-json\/wp\/v2\/media\/107857"}],"wp:attachment":[{"href":"https:\/\/graziamagazine.com\/mx\/wp-json\/wp\/v2\/media?parent=107856"}],"wp:term":[{"taxonomy":"category","embeddable":true,"href":"https:\/\/graziamagazine.com\/mx\/wp-json\/wp\/v2\/categories?post=107856"}],"curies":[{"name":"wp","href":"https:\/\/api.w.org\/{rel}","templated":true}]}}