{"id":107790,"date":"2022-03-11T21:15:26","date_gmt":"2022-03-12T02:15:26","guid":{"rendered":"https:\/\/graziamagazine.com\/mx\/?post_type=articles&#038;p=107790"},"modified":"2022-03-11T22:20:35","modified_gmt":"2022-03-12T03:20:35","slug":"vuelve-burberry-con-dramatico-concepto","status":"publish","type":"articles","link":"https:\/\/graziamagazine.com\/mx\/articles\/vuelve-burberry-con-dramatico-concepto\/","title":{"rendered":"Vuelve Burberry con &#8220;dram\u00e1tico&#8221; concepto"},"content":{"rendered":"<p>&nbsp;<\/p>\n<p>Tras el anuncio de colaboraci\u00f3n con la marca del \u2018streetwear\u2019 por antonomasia Supreme y despu\u00e9s de una larga pandemia (El \u00faltimo desfile de moda f\u00edsico de Burberry tuvo lugar durante la Semana de la Moda de Londres en febrero de 2020),\u00a0 la maison brit\u00e1nica Burberry mont\u00f3 en formato presencial un espectacular desfile en el Central Hall de Westminster, en el coraz\u00f3n de Londres.<\/p>\n<p>El dram\u00e1tico espect\u00e1culo estuvo enmarcado por la presentaci\u00f3n en vivo de la Orquesta Contempor\u00e1nea de Londres, ejecutando partituras de Max Richter y Michael Nyman, adem\u00e1s de un coro de cien personas que sum\u00f3 profundidad a la presentaci\u00f3n.<\/p>\n<p>Sobre una serie de mesas de banquete iluminadas, vestidas con largos manteles blancos y porcelana fina,\u00a0 sorpresivamente sirvieron como elevados pedestales para que desfilaran las modelos.<\/p>\n<p><img loading=\"lazy\" decoding=\"async\" class=\"alignnone size-medium wp-image-107786\" src=\"https:\/\/graziamagazine.com\/mx\/wp-content\/uploads\/sites\/13\/2022\/03\/744f3710-a440-4510-81ab-3764c982ce92.jpg?w=360\" alt=\"\" width=\"360\" height=\"450\" \/><\/p>\n<h3>Homenaje al concepto cl\u00e1sico de la casa<\/h3>\n<p>El impactante show ha sido un homenaje al dise\u00f1o ecuestre del logo. S\u00edmbolo de la personalidad cl\u00e1sica e innovadora de la firma.<\/p>\n<p>Los c\u00f3digos de estilo cl\u00e1sico de Burberry, incluyeron la gabardina caracter\u00edstica y los emblem\u00e1ticos cuadros beige de la marca, junto con delicadas blusas tipo cors\u00e9, monos holgados, faldas plisadas y vestidos de lunares. Gorras con cintas para la cabeza. La ropa de noche incluy\u00f3 vestidos sin tirantes hasta el suelo y plumas de color amarillo brillante.<\/p>\n<p>El desfile ha presentado las \u00faltimas colecciones de Riccardo Tisci, quien se inspir\u00f3 en Londres, una ciudad a la que llam\u00f3 un &#8220;lugar de sue\u00f1os&#8221; y el hogar de la marca durante m\u00e1s de 130 a\u00f1os.<\/p>\n<p><img loading=\"lazy\" decoding=\"async\" class=\"alignnone size-medium wp-image-107785\" src=\"https:\/\/graziamagazine.com\/mx\/wp-content\/uploads\/sites\/13\/2022\/03\/540d9fcc-e900-4fd3-be8f-866234a9b6e1.jpg?w=307\" alt=\"\" width=\"307\" height=\"450\" \/><img loading=\"lazy\" decoding=\"async\" class=\"alignnone size-medium wp-image-107787\" src=\"https:\/\/graziamagazine.com\/mx\/wp-content\/uploads\/sites\/13\/2022\/03\/347663d2-61ff-4c5c-95ec-a892b991eae0.jpg?w=290\" alt=\"\" width=\"290\" height=\"450\" \/><\/p>\n<p>La semana pasada, Burberry y Supreme anunciaron que se asociaron para la creaci\u00f3n de una pr\u00f3xima colecci\u00f3n c\u00e1psula Primavera 2022 que incluye conjuntos de pijamas de seda, conjuntos sport, abrigos y accesorios.<\/p>\n<p>En la pasarela no han faltado, Gigi y\u00a0Bella Hadid. Bella acudi\u00f3 al desfile en un conjunto estampado con los cl\u00e1sicos cuadros de la marca, Gigi, ha asistido al show luciendo una gabardina en la que el print brit\u00e1nico se encontraba en su interior.<\/p>\n<p>Nuestra amada Kate Moss\u00a0en pantalones negros de talle alto combinados con un jersey de cuello vuelto brillante y guantes de \u00f3pera negros. Botines de tac\u00f3n alto y el bolso acolchado Lola, de Burberry.<\/p>\n","protected":false},"author":33675,"featured_media":107792,"template":"","format":"standard","categories":[4],"acf":[],"yoast_head":"<!-- This site is optimized with the Yoast SEO Premium plugin v18.5 (Yoast SEO v20.4) - https:\/\/yoast.com\/wordpress\/plugins\/seo\/ -->\n<title>Vuelve Burberry con &quot;dram\u00e1tico&quot; concepto | Grazia M\u00e9xico y Latinoam\u00e9rica<\/title>\n<meta name=\"description\" content=\"&nbsp; Tras el anuncio de colaboraci\u00f3n con la marca del \u2018streetwear\u2019 por antonomasia Supreme y despu\u00e9s de una larga pandemia (El \u00faltimo desfile de moda\" \/>\n<meta name=\"robots\" content=\"index, follow, max-snippet:-1, max-image-preview:large, max-video-preview:-1\" \/>\n<link rel=\"canonical\" href=\"https:\/\/graziamagazine.com\/mx\/articles\/vuelve-burberry-con-dramatico-concepto\/\" \/>\n<meta property=\"og:locale\" content=\"es_MX\" \/>\n<meta property=\"og:type\" content=\"article\" \/>\n<meta property=\"og:title\" content=\"Vuelve Burberry con &quot;dram\u00e1tico&quot; concepto\" \/>\n<meta property=\"og:description\" content=\"&nbsp; Tras el anuncio de colaboraci\u00f3n con la marca del \u2018streetwear\u2019 por antonomasia Supreme y despu\u00e9s de una larga pandemia (El \u00faltimo desfile de moda\" \/>\n<meta property=\"og:url\" content=\"https:\/\/graziamagazine.com\/mx\/articles\/vuelve-burberry-con-dramatico-concepto\/\" \/>\n<meta property=\"og:site_name\" content=\"Grazia M\u00e9xico y Latinoam\u00e9rica\" \/>\n<meta property=\"article:modified_time\" content=\"2022-03-12T03:20:35+00:00\" \/>\n<meta property=\"og:image\" content=\"https:\/\/graziamagazine.com\/mx\/wp-content\/uploads\/sites\/13\/2022\/03\/BBCBC714-2B00-4244-86BA-7D5E3AD24EC6.jpeg?fit=1284%2C804\" \/>\n\t<meta property=\"og:image:width\" content=\"1284\" \/>\n\t<meta property=\"og:image:height\" content=\"804\" \/>\n\t<meta property=\"og:image:type\" content=\"image\/jpeg\" \/>\n<meta name=\"twitter:card\" content=\"summary_large_image\" \/>\n<meta name=\"twitter:label1\" content=\"Est. reading time\" \/>\n\t<meta name=\"twitter:data1\" content=\"2 minutos\" \/>\n<script type=\"application\/ld+json\" class=\"yoast-schema-graph\">{\"@context\":\"https:\/\/schema.org\",\"@graph\":[{\"@type\":\"WebPage\",\"@id\":\"https:\/\/graziamagazine.com\/mx\/articles\/vuelve-burberry-con-dramatico-concepto\/\",\"url\":\"https:\/\/graziamagazine.com\/mx\/articles\/vuelve-burberry-con-dramatico-concepto\/\",\"name\":\"Vuelve Burberry con \\\"dram\u00e1tico\\\" concepto | Grazia M\u00e9xico y Latinoam\u00e9rica\",\"isPartOf\":{\"@id\":\"https:\/\/graziamagazine.com\/mx\/#website\"},\"datePublished\":\"2022-03-12T02:15:26+00:00\",\"dateModified\":\"2022-03-12T03:20:35+00:00\",\"description\":\"&nbsp; Tras el anuncio de colaboraci\u00f3n con la marca del \u2018streetwear\u2019 por antonomasia Supreme y despu\u00e9s de una larga pandemia (El \u00faltimo desfile de moda\",\"breadcrumb\":{\"@id\":\"https:\/\/graziamagazine.com\/mx\/articles\/vuelve-burberry-con-dramatico-concepto\/#breadcrumb\"},\"inLanguage\":\"es-MX\",\"potentialAction\":[{\"@type\":\"ReadAction\",\"target\":[\"https:\/\/graziamagazine.com\/mx\/articles\/vuelve-burberry-con-dramatico-concepto\/\"]}]},{\"@type\":\"BreadcrumbList\",\"@id\":\"https:\/\/graziamagazine.com\/mx\/articles\/vuelve-burberry-con-dramatico-concepto\/#breadcrumb\",\"itemListElement\":[{\"@type\":\"ListItem\",\"position\":1,\"name\":\"Home\",\"item\":\"https:\/\/graziamagazine.com\/mx\/\"},{\"@type\":\"ListItem\",\"position\":2,\"name\":\"Vuelve Burberry con &#8220;dram\u00e1tico&#8221; concepto\"}]},{\"@type\":\"WebSite\",\"@id\":\"https:\/\/graziamagazine.com\/mx\/#website\",\"url\":\"https:\/\/graziamagazine.com\/mx\/\",\"name\":\"Grazia M\u00e9xico y Latinoam\u00e9rica\",\"description\":\"Grazia es moda, belleza y noticias  de actualidad \",\"potentialAction\":[{\"@type\":\"SearchAction\",\"target\":{\"@type\":\"EntryPoint\",\"urlTemplate\":\"https:\/\/graziamagazine.com\/mx\/?s={search_term_string}\"},\"query-input\":\"required name=search_term_string\"}],\"inLanguage\":\"es-MX\"}]}<\/script>\n<!-- \/ Yoast SEO Premium plugin. -->","yoast_head_json":{"title":"Vuelve Burberry con \"dram\u00e1tico\" concepto | Grazia M\u00e9xico y Latinoam\u00e9rica","description":"&nbsp; Tras el anuncio de colaboraci\u00f3n con la marca del \u2018streetwear\u2019 por antonomasia Supreme y despu\u00e9s de una larga pandemia (El \u00faltimo desfile de moda","robots":{"index":"index","follow":"follow","max-snippet":"max-snippet:-1","max-image-preview":"max-image-preview:large","max-video-preview":"max-video-preview:-1"},"canonical":"https:\/\/graziamagazine.com\/mx\/articles\/vuelve-burberry-con-dramatico-concepto\/","og_locale":"es_MX","og_type":"article","og_title":"Vuelve Burberry con \"dram\u00e1tico\" concepto","og_description":"&nbsp; Tras el anuncio de colaboraci\u00f3n con la marca del \u2018streetwear\u2019 por antonomasia Supreme y despu\u00e9s de una larga pandemia (El \u00faltimo desfile de moda","og_url":"https:\/\/graziamagazine.com\/mx\/articles\/vuelve-burberry-con-dramatico-concepto\/","og_site_name":"Grazia M\u00e9xico y Latinoam\u00e9rica","article_modified_time":"2022-03-12T03:20:35+00:00","og_image":[{"width":1284,"height":804,"url":"https:\/\/graziamagazine.com\/mx\/wp-content\/uploads\/sites\/13\/2022\/03\/BBCBC714-2B00-4244-86BA-7D5E3AD24EC6.jpeg?fit=1284%2C804","type":"image\/jpeg"}],"twitter_card":"summary_large_image","twitter_misc":{"Est. reading time":"2 minutos"},"schema":{"@context":"https:\/\/schema.org","@graph":[{"@type":"WebPage","@id":"https:\/\/graziamagazine.com\/mx\/articles\/vuelve-burberry-con-dramatico-concepto\/","url":"https:\/\/graziamagazine.com\/mx\/articles\/vuelve-burberry-con-dramatico-concepto\/","name":"Vuelve Burberry con \"dram\u00e1tico\" concepto | Grazia M\u00e9xico y Latinoam\u00e9rica","isPartOf":{"@id":"https:\/\/graziamagazine.com\/mx\/#website"},"datePublished":"2022-03-12T02:15:26+00:00","dateModified":"2022-03-12T03:20:35+00:00","description":"&nbsp; Tras el anuncio de colaboraci\u00f3n con la marca del \u2018streetwear\u2019 por antonomasia Supreme y despu\u00e9s de una larga pandemia (El \u00faltimo desfile de moda","breadcrumb":{"@id":"https:\/\/graziamagazine.com\/mx\/articles\/vuelve-burberry-con-dramatico-concepto\/#breadcrumb"},"inLanguage":"es-MX","potentialAction":[{"@type":"ReadAction","target":["https:\/\/graziamagazine.com\/mx\/articles\/vuelve-burberry-con-dramatico-concepto\/"]}]},{"@type":"BreadcrumbList","@id":"https:\/\/graziamagazine.com\/mx\/articles\/vuelve-burberry-con-dramatico-concepto\/#breadcrumb","itemListElement":[{"@type":"ListItem","position":1,"name":"Home","item":"https:\/\/graziamagazine.com\/mx\/"},{"@type":"ListItem","position":2,"name":"Vuelve Burberry con &#8220;dram\u00e1tico&#8221; concepto"}]},{"@type":"WebSite","@id":"https:\/\/graziamagazine.com\/mx\/#website","url":"https:\/\/graziamagazine.com\/mx\/","name":"Grazia M\u00e9xico y Latinoam\u00e9rica","description":"Grazia es moda, belleza y noticias  de actualidad ","potentialAction":[{"@type":"SearchAction","target":{"@type":"EntryPoint","urlTemplate":"https:\/\/graziamagazine.com\/mx\/?s={search_term_string}"},"query-input":"required name=search_term_string"}],"inLanguage":"es-MX"}]}},"jetpack_sharing_enabled":true,"distributor_meta":false,"distributor_terms":false,"distributor_media":false,"distributor_original_site_name":"Grazia M\u00e9xico y Latinoam\u00e9rica","distributor_original_site_url":"https:\/\/graziamagazine.com\/mx","push-errors":false,"_links":{"self":[{"href":"https:\/\/graziamagazine.com\/mx\/wp-json\/wp\/v2\/articles\/107790"}],"collection":[{"href":"https:\/\/graziamagazine.com\/mx\/wp-json\/wp\/v2\/articles"}],"about":[{"href":"https:\/\/graziamagazine.com\/mx\/wp-json\/wp\/v2\/types\/articles"}],"author":[{"embeddable":true,"href":"https:\/\/graziamagazine.com\/mx\/wp-json\/wp\/v2\/users\/33675"}],"wp:featuredmedia":[{"embeddable":true,"href":"https:\/\/graziamagazine.com\/mx\/wp-json\/wp\/v2\/media\/107792"}],"wp:attachment":[{"href":"https:\/\/graziamagazine.com\/mx\/wp-json\/wp\/v2\/media?parent=107790"}],"wp:term":[{"taxonomy":"category","embeddable":true,"href":"https:\/\/graziamagazine.com\/mx\/wp-json\/wp\/v2\/categories?post=107790"}],"curies":[{"name":"wp","href":"https:\/\/api.w.org\/{rel}","templated":true}]}}