{"id":107544,"date":"2022-03-07T16:30:57","date_gmt":"2022-03-07T21:30:57","guid":{"rendered":"https:\/\/graziamagazine.com\/mx\/?post_type=articles&#038;p=107544"},"modified":"2022-03-09T13:15:00","modified_gmt":"2022-03-09T18:15:00","slug":"entrevistamos-a-la-fundadora-de-productos-latina-y-esto-fue-lo-que-nos-conto-acerca-de-sus-productos-para-cabello-rizado","status":"publish","type":"articles","link":"https:\/\/graziamagazine.com\/mx\/articles\/entrevistamos-a-la-fundadora-de-productos-latina-y-esto-fue-lo-que-nos-conto-acerca-de-sus-productos-para-cabello-rizado\/","title":{"rendered":"Entrevistamos a la fundadora de Productos Latina y esto fue lo que nos cont\u00f3 acerca de sus productos para cabello rizado"},"content":{"rendered":"<p>Sabemos lo complicado que puede llegar a ser encontrar los productos ideales en cuanto a cabello rizado se refiere, es por ello que hemos entrevistado a la experta y creadora de Productos Latina, Pilar Garc\u00eda Bonilla\u00a0que nos cuenta como fue el paso para la creaci\u00f3n de su marca, y como ha iniciado el camino de empoderamiento con muchas mujeres que actualmente conocen su marca y aman su cabello rizado gracias a Productos Latina.<\/p>\n<h3>1)\u00bfC\u00f3mo decides iniciar el paso para crear tu propia marca de belleza, tras ver<br \/>\ntantas necesidades en cuanto a cabello rizado se refiere?<\/h3>\n<p>Todo comenz\u00f3 cuando inicie un grupo de Facebook que se llama Rizos Latinos, empece a descubrir como cuidar correctamente el cabello rizado y queria compartido con mis primas, hermanas, y sobrinas, primero empezamos 8 y luego ya \u00e9ramos 200, despu\u00e9s dos mil, ahora medio mill\u00f3n. La demanda de la informaci\u00f3n empez\u00f3 a surgir y fue as\u00ed como comenc\u00e9 a estudiar cursos. Yo odiaba mi cabello, nunca acepte mi pelo, era algo que yo rechazaba, pero llego un momento que yo me redescubri a trav\u00e9s del cabello, y me di cuenta que yo no estaba sola y veo que hay una necesidad gigante de productos para el cabello rizado, y as\u00ed cree mis productos.<\/p>\n<h3>2) \u00bfQu\u00e9 respuesta has tenido despu\u00e9s de empoderar a miles de mujeres a<br \/>\namar su cabello rizado?<\/h3>\n<p>Me siento agradecida con la oportunidad de poder llegar a lavado de una mujer, llegar a la vida de una mujer y que me escriba y me diga gracias a lo que compartes me siento segura de mi misma, es una satisfacci\u00f3n gigante, he aportado algo en la vida de alguien m\u00e1s y eso me encanta. Me siento muy agradecida de poder entrar a la vida de alguien m\u00e1s.<\/p>\n<h3>3) \u00bfQu\u00e9 significa para ti el mundo del cuidado del cabello?<\/h3>\n<p>Soy de las que nunca se peina y no se maquilla para miel mundo del <em>beauty<\/em> era algo ajeno a mi, pero despu\u00e9s vi el que cuidado de tu persona es un acto de amor propio es algo de un respeto y honrar lo que vienes cargando, describir que todo es un medio de comunicaci\u00f3n entre lo interno y lo externo.<\/p>\n<h3>4) \u00bfC\u00f3mo tomas inspiraci\u00f3n para lograr d\u00eda tras d\u00eda el crear productos de<br \/>\nbelleza para el mercado Latino?<\/h3>\n<p>Principalmente de la comunidad de Rizos Latinos, de la comunidad que formamos parte de este mundo donde comparten su frustraci\u00f3n, sus ideas, ellas me comparten tantas necesidades, me platican lo que les gustar\u00eda de manera personal, tambi\u00e9n a trav\u00e9s de mi experiencia propia y de lo que comparto con m\u00e1s de medio mill\u00f3n de personas en el mundo.<\/p>\n<h3>5) \u00bfQu\u00e9 tan importante es M\u00e9xico para Productos Latina?<\/h3>\n<p>Lo es todo, la verdad es que yo soy mexicana orgullosamente tambi\u00e9n mi marca: Productos Latina, para mi mi pa\u00eds tiene mucho que ofrecer al mundo, tenemos ingredientes incre\u00edbles, tenemos gente incre\u00edble. M\u00e9xico es mi hogar y la cuna de este proyecto<\/p>\n<h3>6) \u00bfCu\u00e1les son los retos que te enfrentas d\u00eda con d\u00eda?<\/h3>\n<p>Emprender es un reto en si todos los retos que trae un nuevo proyecto, desde conseguir ingredientes, lograr una forma y que volvemos a empezar, todos los obst\u00e1culos son retos de d\u00eda a d\u00eda, pero sino pierdes de vista el motor, m\u00e1s que retos los vez como aprendizaje, te levantan m\u00e1s fuerte y te hacen m\u00e1s fuerte es un mundo de muchos retos la industria de la belleza es muy competido a veces da mucho miedo pero sino pierdes tu objetivo lo disfrutas.<\/p>\n<p>Actualmente Productos Latina cuenta con una linea de shampoo, acondicionador, activador de rizos, gel liquido, una linea anti-frizz, mascarillas capilares, entre otros productos que ayudan a todas las personas a amar sus rizos y cuidar de ellos. Algo que amamos es que su linea es sin: sulfatos, siliconas, parafinas, aceite mineral, ceras o alcoholes secantes, todos ellos aptos para el m\u00e9todo <em>Curly Girl<\/em>.<\/p>\n<p>Elaborados con la m\u00e1s alta tecnolog\u00eda cosm\u00e9tica y con ingredientes cuidadosamente elegidos, cada producto es fruto del trabajo intenso y profesional del equipo de desarrollo, que armoniza las f\u00f3rmulas para lograr el m\u00e1ximo desempe\u00f1o y cuidado del cabello.\u00a0Productos seguros, eficaces y responsables con el entorno natural, y lo mejor es que los puedes encontrar en Sephora M\u00e9xico.<\/p>\n<p><img loading=\"lazy\" decoding=\"async\" class=\"alignnone size-medium wp-image-107592\" src=\"https:\/\/graziamagazine.com\/mx\/wp-content\/uploads\/sites\/13\/2022\/03\/PRODUCTOSLAT.jpg?w=338\" alt=\"\" width=\"338\" height=\"450\" \/><\/p>\n<blockquote class=\"instagram-media\" data-instgrm-captioned data-instgrm-permalink=\"https:\/\/www.instagram.com\/p\/CaBY4qkusIT\/?utm_source=ig_embed&amp;utm_campaign=loading\" data-instgrm-version=\"14\" style=\" background:#FFF; border:0; border-radius:3px; box-shadow:0 0 1px 0 rgba(0,0,0,0.5),0 1px 10px 0 rgba(0,0,0,0.15); margin: 1px; max-width:500px; min-width:326px; padding:0; width:99.375%; width:-webkit-calc(100% - 2px); width:calc(100% - 2px);\">\n<div style=\"padding:16px;\"> <a href=\"https:\/\/www.instagram.com\/p\/CaBY4qkusIT\/?utm_source=ig_embed&amp;utm_campaign=loading\" style=\" background:#FFFFFF; line-height:0; padding:0 0; text-align:center; text-decoration:none; width:100%;\" target=\"_blank\"> <\/p>\n<div style=\" display: flex; flex-direction: row; align-items: center;\">\n<div style=\"background-color: #F4F4F4; border-radius: 50%; flex-grow: 0; height: 40px; margin-right: 14px; width: 40px;\"><\/div>\n<div style=\"display: flex; flex-direction: column; flex-grow: 1; justify-content: center;\">\n<div style=\" background-color: #F4F4F4; border-radius: 4px; flex-grow: 0; height: 14px; margin-bottom: 6px; width: 100px;\"><\/div>\n<div style=\" background-color: #F4F4F4; border-radius: 4px; flex-grow: 0; height: 14px; width: 60px;\"><\/div>\n<\/div>\n<\/div>\n<div style=\"padding: 19% 0;\"><\/div>\n<div style=\"display:block; height:50px; margin:0 auto 12px; width:50px;\"><svg width=\"50px\" height=\"50px\" viewBox=\"0 0 60 60\" version=\"1.1\" xmlns=\"https:\/\/www.w3.org\/2000\/svg\" xmlns:xlink=\"https:\/\/www.w3.org\/1999\/xlink\"><g stroke=\"none\" stroke-width=\"1\" fill=\"none\" fill-rule=\"evenodd\"><g transform=\"translate(-511.000000, -20.000000)\" fill=\"#000000\"><g><path d=\"M556.869,30.41 C554.814,30.41 553.148,32.076 553.148,34.131 C553.148,36.186 554.814,37.852 556.869,37.852 C558.924,37.852 560.59,36.186 560.59,34.131 C560.59,32.076 558.924,30.41 556.869,30.41 M541,60.657 C535.114,60.657 530.342,55.887 530.342,50 C530.342,44.114 535.114,39.342 541,39.342 C546.887,39.342 551.658,44.114 551.658,50 C551.658,55.887 546.887,60.657 541,60.657 M541,33.886 C532.1,33.886 524.886,41.1 524.886,50 C524.886,58.899 532.1,66.113 541,66.113 C549.9,66.113 557.115,58.899 557.115,50 C557.115,41.1 549.9,33.886 541,33.886 M565.378,62.101 C565.244,65.022 564.756,66.606 564.346,67.663 C563.803,69.06 563.154,70.057 562.106,71.106 C561.058,72.155 560.06,72.803 558.662,73.347 C557.607,73.757 556.021,74.244 553.102,74.378 C549.944,74.521 548.997,74.552 541,74.552 C533.003,74.552 532.056,74.521 528.898,74.378 C525.979,74.244 524.393,73.757 523.338,73.347 C521.94,72.803 520.942,72.155 519.894,71.106 C518.846,70.057 518.197,69.06 517.654,67.663 C517.244,66.606 516.755,65.022 516.623,62.101 C516.479,58.943 516.448,57.996 516.448,50 C516.448,42.003 516.479,41.056 516.623,37.899 C516.755,34.978 517.244,33.391 517.654,32.338 C518.197,30.938 518.846,29.942 519.894,28.894 C520.942,27.846 521.94,27.196 523.338,26.654 C524.393,26.244 525.979,25.756 528.898,25.623 C532.057,25.479 533.004,25.448 541,25.448 C548.997,25.448 549.943,25.479 553.102,25.623 C556.021,25.756 557.607,26.244 558.662,26.654 C560.06,27.196 561.058,27.846 562.106,28.894 C563.154,29.942 563.803,30.938 564.346,32.338 C564.756,33.391 565.244,34.978 565.378,37.899 C565.522,41.056 565.552,42.003 565.552,50 C565.552,57.996 565.522,58.943 565.378,62.101 M570.82,37.631 C570.674,34.438 570.167,32.258 569.425,30.349 C568.659,28.377 567.633,26.702 565.965,25.035 C564.297,23.368 562.623,22.342 560.652,21.575 C558.743,20.834 556.562,20.326 553.369,20.18 C550.169,20.033 549.148,20 541,20 C532.853,20 531.831,20.033 528.631,20.18 C525.438,20.326 523.257,20.834 521.349,21.575 C519.376,22.342 517.703,23.368 516.035,25.035 C514.368,26.702 513.342,28.377 512.574,30.349 C511.834,32.258 511.326,34.438 511.181,37.631 C511.035,40.831 511,41.851 511,50 C511,58.147 511.035,59.17 511.181,62.369 C511.326,65.562 511.834,67.743 512.574,69.651 C513.342,71.625 514.368,73.296 516.035,74.965 C517.703,76.634 519.376,77.658 521.349,78.425 C523.257,79.167 525.438,79.673 528.631,79.82 C531.831,79.965 532.853,80.001 541,80.001 C549.148,80.001 550.169,79.965 553.369,79.82 C556.562,79.673 558.743,79.167 560.652,78.425 C562.623,77.658 564.297,76.634 565.965,74.965 C567.633,73.296 568.659,71.625 569.425,69.651 C570.167,67.743 570.674,65.562 570.82,62.369 C570.966,59.17 571,58.147 571,50 C571,41.851 570.966,40.831 570.82,37.631\"><\/path><\/g><\/g><\/g><\/svg><\/div>\n<div style=\"padding-top: 8px;\">\n<div style=\" color:#3897f0; font-family:Arial,sans-serif; font-size:14px; font-style:normal; font-weight:550; line-height:18px;\">View this post on Instagram<\/div>\n<\/div>\n<div style=\"padding: 12.5% 0;\"><\/div>\n<div style=\"display: flex; flex-direction: row; margin-bottom: 14px; align-items: center;\">\n<div>\n<div style=\"background-color: #F4F4F4; border-radius: 50%; height: 12.5px; width: 12.5px; transform: translateX(0px) translateY(7px);\"><\/div>\n<div style=\"background-color: #F4F4F4; height: 12.5px; transform: rotate(-45deg) translateX(3px) translateY(1px); width: 12.5px; flex-grow: 0; margin-right: 14px; margin-left: 2px;\"><\/div>\n<div style=\"background-color: #F4F4F4; border-radius: 50%; height: 12.5px; width: 12.5px; transform: translateX(9px) translateY(-18px);\"><\/div>\n<\/div>\n<div style=\"margin-left: 8px;\">\n<div style=\" background-color: #F4F4F4; border-radius: 50%; flex-grow: 0; height: 20px; width: 20px;\"><\/div>\n<div style=\" width: 0; height: 0; border-top: 2px solid transparent; border-left: 6px solid #f4f4f4; border-bottom: 2px solid transparent; transform: translateX(16px) translateY(-4px) rotate(30deg)\"><\/div>\n<\/div>\n<div style=\"margin-left: auto;\">\n<div style=\" width: 0px; border-top: 8px solid #F4F4F4; border-right: 8px solid transparent; transform: translateY(16px);\"><\/div>\n<div style=\" background-color: #F4F4F4; flex-grow: 0; height: 12px; width: 16px; transform: translateY(-4px);\"><\/div>\n<div style=\" width: 0; height: 0; border-top: 8px solid #F4F4F4; border-left: 8px solid transparent; transform: translateY(-4px) translateX(8px);\"><\/div>\n<\/div>\n<\/div>\n<div style=\"display: flex; flex-direction: column; flex-grow: 1; justify-content: center; margin-bottom: 24px;\">\n<div style=\" background-color: #F4F4F4; border-radius: 4px; flex-grow: 0; height: 14px; margin-bottom: 6px; width: 224px;\"><\/div>\n<div style=\" background-color: #F4F4F4; border-radius: 4px; flex-grow: 0; height: 14px; width: 144px;\"><\/div>\n<\/div>\n<p><\/a><\/p>\n<p style=\" color:#c9c8cd; font-family:Arial,sans-serif; font-size:14px; line-height:17px; margin-bottom:0; margin-top:8px; overflow:hidden; padding:8px 0 7px; text-align:center; text-overflow:ellipsis; white-space:nowrap;\"><a href=\"https:\/\/www.instagram.com\/p\/CaBY4qkusIT\/?utm_source=ig_embed&amp;utm_campaign=loading\" style=\" color:#c9c8cd; font-family:Arial,sans-serif; font-size:14px; font-style:normal; font-weight:normal; line-height:17px; text-decoration:none;\" target=\"_blank\" target=\"_blank\">A post shared by Productos LATINA. \ud83c\uddf2\ud83c\uddfd (@yosoy.latina)<\/a><\/p>\n<\/div>\n<\/blockquote>\n<p><script async src=\"\/\/platform.instagram.com\/en_US\/embeds.js\"><\/script><\/p>\n","protected":false},"author":11625,"featured_media":107590,"template":"","format":"standard","categories":[],"acf":[],"yoast_head":"<!-- This site is optimized with the Yoast SEO Premium plugin v18.5 (Yoast SEO v20.4) - https:\/\/yoast.com\/wordpress\/plugins\/seo\/ -->\n<title>Entrevistamos a la fundadora de Productos Latina y esto fue lo que nos cont\u00f3 acerca de sus productos para cabello rizado | Grazia M\u00e9xico y Latinoam\u00e9rica<\/title>\n<meta name=\"description\" content=\"Sabemos lo complicado que puede llegar a ser encontrar los productos ideales en cuanto a cabello rizado se refiere, es por ello que hemos entrevistado a\" \/>\n<meta name=\"robots\" content=\"index, follow, max-snippet:-1, max-image-preview:large, max-video-preview:-1\" \/>\n<link rel=\"canonical\" href=\"https:\/\/graziamagazine.com\/mx\/articles\/entrevistamos-a-la-fundadora-de-productos-latina-y-esto-fue-lo-que-nos-conto-acerca-de-sus-productos-para-cabello-rizado\/\" \/>\n<meta property=\"og:locale\" content=\"es_MX\" \/>\n<meta property=\"og:type\" content=\"article\" \/>\n<meta property=\"og:title\" content=\"Entrevistamos a la fundadora de Productos Latina y esto fue lo que nos cont\u00f3 acerca de sus productos para cabello rizado\" \/>\n<meta property=\"og:description\" content=\"Sabemos lo complicado que puede llegar a ser encontrar los productos ideales en cuanto a cabello rizado se refiere, es por ello que hemos entrevistado a\" \/>\n<meta property=\"og:url\" content=\"https:\/\/graziamagazine.com\/mx\/articles\/entrevistamos-a-la-fundadora-de-productos-latina-y-esto-fue-lo-que-nos-conto-acerca-de-sus-productos-para-cabello-rizado\/\" \/>\n<meta property=\"og:site_name\" content=\"Grazia M\u00e9xico y Latinoam\u00e9rica\" \/>\n<meta property=\"article:modified_time\" content=\"2022-03-09T18:15:00+00:00\" \/>\n<meta property=\"og:image\" content=\"https:\/\/graziamagazine.com\/mx\/wp-content\/uploads\/sites\/13\/2022\/03\/latina.jpg?fit=1920%2C1144\" \/>\n\t<meta property=\"og:image:width\" content=\"1920\" \/>\n\t<meta property=\"og:image:height\" content=\"1144\" \/>\n\t<meta property=\"og:image:type\" content=\"image\/jpeg\" \/>\n<meta name=\"twitter:card\" content=\"summary_large_image\" \/>\n<meta name=\"twitter:label1\" content=\"Est. reading time\" \/>\n\t<meta name=\"twitter:data1\" content=\"4 minutos\" \/>\n<script type=\"application\/ld+json\" class=\"yoast-schema-graph\">{\"@context\":\"https:\/\/schema.org\",\"@graph\":[{\"@type\":\"WebPage\",\"@id\":\"https:\/\/graziamagazine.com\/mx\/articles\/entrevistamos-a-la-fundadora-de-productos-latina-y-esto-fue-lo-que-nos-conto-acerca-de-sus-productos-para-cabello-rizado\/\",\"url\":\"https:\/\/graziamagazine.com\/mx\/articles\/entrevistamos-a-la-fundadora-de-productos-latina-y-esto-fue-lo-que-nos-conto-acerca-de-sus-productos-para-cabello-rizado\/\",\"name\":\"Entrevistamos a la fundadora de Productos Latina y esto fue lo que nos cont\u00f3 acerca de sus productos para cabello rizado | Grazia M\u00e9xico y Latinoam\u00e9rica\",\"isPartOf\":{\"@id\":\"https:\/\/graziamagazine.com\/mx\/#website\"},\"datePublished\":\"2022-03-07T21:30:57+00:00\",\"dateModified\":\"2022-03-09T18:15:00+00:00\",\"description\":\"Sabemos lo complicado que puede llegar a ser encontrar los productos ideales en cuanto a cabello rizado se refiere, es por ello que hemos entrevistado a\",\"breadcrumb\":{\"@id\":\"https:\/\/graziamagazine.com\/mx\/articles\/entrevistamos-a-la-fundadora-de-productos-latina-y-esto-fue-lo-que-nos-conto-acerca-de-sus-productos-para-cabello-rizado\/#breadcrumb\"},\"inLanguage\":\"es-MX\",\"potentialAction\":[{\"@type\":\"ReadAction\",\"target\":[\"https:\/\/graziamagazine.com\/mx\/articles\/entrevistamos-a-la-fundadora-de-productos-latina-y-esto-fue-lo-que-nos-conto-acerca-de-sus-productos-para-cabello-rizado\/\"]}]},{\"@type\":\"BreadcrumbList\",\"@id\":\"https:\/\/graziamagazine.com\/mx\/articles\/entrevistamos-a-la-fundadora-de-productos-latina-y-esto-fue-lo-que-nos-conto-acerca-de-sus-productos-para-cabello-rizado\/#breadcrumb\",\"itemListElement\":[{\"@type\":\"ListItem\",\"position\":1,\"name\":\"Home\",\"item\":\"https:\/\/graziamagazine.com\/mx\/\"},{\"@type\":\"ListItem\",\"position\":2,\"name\":\"Entrevistamos a la fundadora de Productos Latina y esto fue lo que nos cont\u00f3 acerca de sus productos para cabello rizado\"}]},{\"@type\":\"WebSite\",\"@id\":\"https:\/\/graziamagazine.com\/mx\/#website\",\"url\":\"https:\/\/graziamagazine.com\/mx\/\",\"name\":\"Grazia M\u00e9xico y Latinoam\u00e9rica\",\"description\":\"Grazia es moda, belleza y noticias  de actualidad \",\"potentialAction\":[{\"@type\":\"SearchAction\",\"target\":{\"@type\":\"EntryPoint\",\"urlTemplate\":\"https:\/\/graziamagazine.com\/mx\/?s={search_term_string}\"},\"query-input\":\"required name=search_term_string\"}],\"inLanguage\":\"es-MX\"}]}<\/script>\n<!-- \/ Yoast SEO Premium plugin. -->","yoast_head_json":{"title":"Entrevistamos a la fundadora de Productos Latina y esto fue lo que nos cont\u00f3 acerca de sus productos para cabello rizado | Grazia M\u00e9xico y Latinoam\u00e9rica","description":"Sabemos lo complicado que puede llegar a ser encontrar los productos ideales en cuanto a cabello rizado se refiere, es por ello que hemos entrevistado a","robots":{"index":"index","follow":"follow","max-snippet":"max-snippet:-1","max-image-preview":"max-image-preview:large","max-video-preview":"max-video-preview:-1"},"canonical":"https:\/\/graziamagazine.com\/mx\/articles\/entrevistamos-a-la-fundadora-de-productos-latina-y-esto-fue-lo-que-nos-conto-acerca-de-sus-productos-para-cabello-rizado\/","og_locale":"es_MX","og_type":"article","og_title":"Entrevistamos a la fundadora de Productos Latina y esto fue lo que nos cont\u00f3 acerca de sus productos para cabello rizado","og_description":"Sabemos lo complicado que puede llegar a ser encontrar los productos ideales en cuanto a cabello rizado se refiere, es por ello que hemos entrevistado a","og_url":"https:\/\/graziamagazine.com\/mx\/articles\/entrevistamos-a-la-fundadora-de-productos-latina-y-esto-fue-lo-que-nos-conto-acerca-de-sus-productos-para-cabello-rizado\/","og_site_name":"Grazia M\u00e9xico y Latinoam\u00e9rica","article_modified_time":"2022-03-09T18:15:00+00:00","og_image":[{"width":1920,"height":1144,"url":"https:\/\/graziamagazine.com\/mx\/wp-content\/uploads\/sites\/13\/2022\/03\/latina.jpg?fit=1920%2C1144","type":"image\/jpeg"}],"twitter_card":"summary_large_image","twitter_misc":{"Est. reading time":"4 minutos"},"schema":{"@context":"https:\/\/schema.org","@graph":[{"@type":"WebPage","@id":"https:\/\/graziamagazine.com\/mx\/articles\/entrevistamos-a-la-fundadora-de-productos-latina-y-esto-fue-lo-que-nos-conto-acerca-de-sus-productos-para-cabello-rizado\/","url":"https:\/\/graziamagazine.com\/mx\/articles\/entrevistamos-a-la-fundadora-de-productos-latina-y-esto-fue-lo-que-nos-conto-acerca-de-sus-productos-para-cabello-rizado\/","name":"Entrevistamos a la fundadora de Productos Latina y esto fue lo que nos cont\u00f3 acerca de sus productos para cabello rizado | Grazia M\u00e9xico y Latinoam\u00e9rica","isPartOf":{"@id":"https:\/\/graziamagazine.com\/mx\/#website"},"datePublished":"2022-03-07T21:30:57+00:00","dateModified":"2022-03-09T18:15:00+00:00","description":"Sabemos lo complicado que puede llegar a ser encontrar los productos ideales en cuanto a cabello rizado se refiere, es por ello que hemos entrevistado a","breadcrumb":{"@id":"https:\/\/graziamagazine.com\/mx\/articles\/entrevistamos-a-la-fundadora-de-productos-latina-y-esto-fue-lo-que-nos-conto-acerca-de-sus-productos-para-cabello-rizado\/#breadcrumb"},"inLanguage":"es-MX","potentialAction":[{"@type":"ReadAction","target":["https:\/\/graziamagazine.com\/mx\/articles\/entrevistamos-a-la-fundadora-de-productos-latina-y-esto-fue-lo-que-nos-conto-acerca-de-sus-productos-para-cabello-rizado\/"]}]},{"@type":"BreadcrumbList","@id":"https:\/\/graziamagazine.com\/mx\/articles\/entrevistamos-a-la-fundadora-de-productos-latina-y-esto-fue-lo-que-nos-conto-acerca-de-sus-productos-para-cabello-rizado\/#breadcrumb","itemListElement":[{"@type":"ListItem","position":1,"name":"Home","item":"https:\/\/graziamagazine.com\/mx\/"},{"@type":"ListItem","position":2,"name":"Entrevistamos a la fundadora de Productos Latina y esto fue lo que nos cont\u00f3 acerca de sus productos para cabello rizado"}]},{"@type":"WebSite","@id":"https:\/\/graziamagazine.com\/mx\/#website","url":"https:\/\/graziamagazine.com\/mx\/","name":"Grazia M\u00e9xico y Latinoam\u00e9rica","description":"Grazia es moda, belleza y noticias  de actualidad ","potentialAction":[{"@type":"SearchAction","target":{"@type":"EntryPoint","urlTemplate":"https:\/\/graziamagazine.com\/mx\/?s={search_term_string}"},"query-input":"required name=search_term_string"}],"inLanguage":"es-MX"}]}},"jetpack_sharing_enabled":true,"distributor_meta":false,"distributor_terms":false,"distributor_media":false,"distributor_original_site_name":"Grazia M\u00e9xico y Latinoam\u00e9rica","distributor_original_site_url":"https:\/\/graziamagazine.com\/mx","push-errors":false,"_links":{"self":[{"href":"https:\/\/graziamagazine.com\/mx\/wp-json\/wp\/v2\/articles\/107544"}],"collection":[{"href":"https:\/\/graziamagazine.com\/mx\/wp-json\/wp\/v2\/articles"}],"about":[{"href":"https:\/\/graziamagazine.com\/mx\/wp-json\/wp\/v2\/types\/articles"}],"author":[{"embeddable":true,"href":"https:\/\/graziamagazine.com\/mx\/wp-json\/wp\/v2\/users\/11625"}],"wp:featuredmedia":[{"embeddable":true,"href":"https:\/\/graziamagazine.com\/mx\/wp-json\/wp\/v2\/media\/107590"}],"wp:attachment":[{"href":"https:\/\/graziamagazine.com\/mx\/wp-json\/wp\/v2\/media?parent=107544"}],"wp:term":[{"taxonomy":"category","embeddable":true,"href":"https:\/\/graziamagazine.com\/mx\/wp-json\/wp\/v2\/categories?post=107544"}],"curies":[{"name":"wp","href":"https:\/\/api.w.org\/{rel}","templated":true}]}}