{"id":107516,"date":"2022-03-03T06:06:39","date_gmt":"2022-03-03T11:06:39","guid":{"rendered":"https:\/\/graziamagazine.com\/mx\/?post_type=articles&#038;p=107516"},"modified":"2022-03-04T13:54:37","modified_gmt":"2022-03-04T18:54:37","slug":"imagine-peace-yoko-ono-hace-intervencion-artistica-como-llamado-a-la-paz-mundial","status":"publish","type":"articles","link":"https:\/\/graziamagazine.com\/mx\/articles\/imagine-peace-yoko-ono-hace-intervencion-artistica-como-llamado-a-la-paz-mundial\/","title":{"rendered":"\u2018Imagine Peace\u2019: Yoko Ono hace intervenci\u00f3n art\u00edstica como llamado a la paz mundial"},"content":{"rendered":"<p><span style=\"font-weight: 400\"><strong>Yoko Ono<\/strong> ha sorprendido al mundo entero con una intervenci\u00f3n art\u00edstica en varias de las principales pantallas del planeta, que est\u00e1n ubicadas en algunos de los sitios m\u00e1s concurridos del mundo.<\/span><\/p>\n<p><span style=\"font-weight: 400\">Recordando palabras de una de las canciones m\u00e1s famosas de quien fuera su pareja &#8211; <strong>John Lennon,<\/strong> integrante de <strong>The Beatles <\/strong>&#8211; Ono retom\u00f3 Imagine para protestar art\u00edsticamente en contra de la <strong>guerra entre Ucrania y Rusia.<\/strong><\/span><\/p>\n<p><img loading=\"lazy\" decoding=\"async\" class=\"wp-image-107519 size-medium\" src=\"https:\/\/graziamagazine.com\/mx\/wp-content\/uploads\/sites\/13\/2022\/03\/John-Lennon-Yoko-Ono-1920-1.jpeg?w=450\" alt=\"\" width=\"450\" height=\"253\" \/><\/p>\n<p><span style=\"font-weight: 400\">El mensaje de la artista de 89 a\u00f1os &#8211; &#8220;Imagine Peace&#8221; &#8211; se exhibe en Londres, Berl\u00edn, Los \u00c1ngeles, Melbourne, Mil\u00e1n, Nueva York y Se\u00fal.<\/span><\/p>\n<blockquote class=\"twitter-tweet\" data-width=\"500\" data-dnt=\"true\">\n<p lang=\"en\" dir=\"ltr\">The world is calling for peace. <a href=\"https:\/\/twitter.com\/yokoono?ref_src=twsrc%5Etfw\" target=\"_blank\">@YokoOno<\/a> <a href=\"https:\/\/twitter.com\/PicLights?ref_src=twsrc%5Etfw\" target=\"_blank\">@PicLights<\/a> <a href=\"https:\/\/t.co\/wulW9hOrXh\" target=\"_blank\">pic.twitter.com\/wulW9hOrXh<\/a><\/p>\n<p>&mdash; Mayor of London, Sadiq Khan (@MayorofLondon) <a href=\"https:\/\/twitter.com\/MayorofLondon\/status\/1499498921659441160?ref_src=twsrc%5Etfw\" target=\"_blank\">March 3, 2022<\/a><\/p><\/blockquote>\n<p><script async src=\"https:\/\/platform.twitter.com\/widgets.js\" charset=\"utf-8\"><\/script><\/p>\n<p><span style=\"font-weight: 400\">Se trata de una obra repetitiva. El mensaje, que se presentar\u00e1 en el idioma local de cada ciudad, se transmitir\u00e1 todas las noches del mes de marzo, exactamente a las 8:22 p.m. a manera de mantra.<\/span><\/p>\n<p><span style=\"font-weight: 400\">Pero la cosa no queda ah\u00ed. Para ayudar a los ucranianos que est\u00e1n sufriendo las consecuencias de la guerra, tambi\u00e9n se est\u00e1 vendiendo una pieza de edici\u00f3n limitada de Yoko Ono, y todas las ganancias se donar\u00e1n al Fondo Central de Respuesta a Emergencias de las Naciones Unidas (UNCERF).<\/span><\/p>\n<p><span style=\"font-weight: 400\">A lo largo de los a\u00f1os, Ono ha trabajado para promover la paz, invitando al mundo a unirse desde principios de la d\u00e9cada de 2000 a trav\u00e9s de vallas publicitarias, anuncios, carteles y <em>tweets.<\/em><\/span><\/p>\n<p><span style=\"font-weight: 400\">Por supuesto que la actual guerra entre Ucrania y Rusia representa una raz\u00f3n enorme para seguir difundiendo el mensaje.<\/span><\/p>\n<p><img loading=\"lazy\" decoding=\"async\" class=\"alignnone size-medium wp-image-107520 aligncenter\" src=\"https:\/\/graziamagazine.com\/mx\/wp-content\/uploads\/sites\/13\/2022\/03\/Captura-de-Pantalla-2022-03-03-a-las-19.46.57.png?w=450\" alt=\"\" width=\"450\" height=\"250\" \/><\/p>\n<p><span style=\"font-weight: 400\">En 2007, en memoria de Lennon, Yoko Ono conceptualiz\u00f3 la &#8220;Torre Imagine Peace&#8221; en Reykjavik, Islandia, actuando como un faro para la paz mundial.<\/span><\/p>\n<p><span style=\"font-weight: 400\">&#8220;Imaginar es algo que todos podemos hacer, incluso cuando tenemos diferentes opiniones sobre c\u00f3mo llegar all\u00ed&#8221;, dijo en ese momento.<\/span><\/p>\n<p><span style=\"font-weight: 400\">Pero hay otra raz\u00f3n para esta protesta pac\u00edfica. Esta intervenci\u00f3n art\u00edstica marca tambi\u00e9n 20 a\u00f1os desde que Ono instal\u00f3 el cartel <strong><em>&#8220;Imagine all the people living life in Peace<\/em><\/strong>&#8221; tomado tambi\u00e9n se la canci\u00f3n escrita por Lennon, para protestar en ese entonces por la guerra entre Irak y Estados Unidos, despu\u00e9s del 9\/11.\u00a0<\/span><\/p>\n<p><span style=\"font-weight: 400\">Una gran intervenci\u00f3n art\u00edstica en estos tiempos, sin duda. Imaginemos paz, pero mejor hagamos paz.<\/span><\/p>\n<p>&nbsp;<\/p>\n<p>&nbsp;<\/p>\n","protected":false},"author":11628,"featured_media":107522,"template":"","format":"standard","categories":[114],"acf":[],"yoast_head":"<!-- This site is optimized with the Yoast SEO Premium plugin v18.5 (Yoast SEO v20.4) - https:\/\/yoast.com\/wordpress\/plugins\/seo\/ -->\n<title>\u2018Imagine Peace\u2019: Yoko Ono hace intervenci\u00f3n art\u00edstica como llamado a la paz mundial | Grazia M\u00e9xico y Latinoam\u00e9rica<\/title>\n<meta name=\"description\" content=\"El mensaje se exhibe en Londres, Berl\u00edn, Los \u00c1ngeles, Melbourne, Mil\u00e1n, Nueva York y Se\u00fal.\" \/>\n<meta name=\"robots\" content=\"index, follow, max-snippet:-1, max-image-preview:large, max-video-preview:-1\" \/>\n<link rel=\"canonical\" href=\"https:\/\/graziamagazine.com\/mx\/articles\/imagine-peace-yoko-ono-hace-intervencion-artistica-como-llamado-a-la-paz-mundial\/\" \/>\n<meta property=\"og:locale\" content=\"es_MX\" \/>\n<meta property=\"og:type\" content=\"article\" \/>\n<meta property=\"og:title\" content=\"\u2018Imagine Peace\u2019: Yoko Ono hace intervenci\u00f3n art\u00edstica como llamado a la paz mundial\" \/>\n<meta property=\"og:description\" content=\"El mensaje se exhibe en Londres, Berl\u00edn, Los \u00c1ngeles, Melbourne, Mil\u00e1n, Nueva York y Se\u00fal.\" \/>\n<meta property=\"og:url\" content=\"https:\/\/graziamagazine.com\/mx\/articles\/imagine-peace-yoko-ono-hace-intervencion-artistica-como-llamado-a-la-paz-mundial\/\" \/>\n<meta property=\"og:site_name\" content=\"Grazia M\u00e9xico y Latinoam\u00e9rica\" \/>\n<meta property=\"article:modified_time\" content=\"2022-03-04T18:54:37+00:00\" \/>\n<meta property=\"og:image\" content=\"https:\/\/graziamagazine.com\/mx\/wp-content\/uploads\/sites\/13\/2022\/03\/media.media_.d74f2ab3-2da3-4d32-8e8f-33d7138cb9d4.original1024.jpg?fit=1024%2C768\" \/>\n\t<meta property=\"og:image:width\" content=\"1024\" \/>\n\t<meta property=\"og:image:height\" content=\"768\" \/>\n\t<meta property=\"og:image:type\" content=\"image\/jpeg\" \/>\n<meta name=\"twitter:card\" content=\"summary_large_image\" \/>\n<meta name=\"twitter:label1\" content=\"Est. reading time\" \/>\n\t<meta name=\"twitter:data1\" content=\"2 minutos\" \/>\n<script type=\"application\/ld+json\" class=\"yoast-schema-graph\">{\"@context\":\"https:\/\/schema.org\",\"@graph\":[{\"@type\":\"WebPage\",\"@id\":\"https:\/\/graziamagazine.com\/mx\/articles\/imagine-peace-yoko-ono-hace-intervencion-artistica-como-llamado-a-la-paz-mundial\/\",\"url\":\"https:\/\/graziamagazine.com\/mx\/articles\/imagine-peace-yoko-ono-hace-intervencion-artistica-como-llamado-a-la-paz-mundial\/\",\"name\":\"\u2018Imagine Peace\u2019: Yoko Ono hace intervenci\u00f3n art\u00edstica como llamado a la paz mundial | Grazia M\u00e9xico y Latinoam\u00e9rica\",\"isPartOf\":{\"@id\":\"https:\/\/graziamagazine.com\/mx\/#website\"},\"datePublished\":\"2022-03-03T11:06:39+00:00\",\"dateModified\":\"2022-03-04T18:54:37+00:00\",\"description\":\"El mensaje se exhibe en Londres, Berl\u00edn, Los \u00c1ngeles, Melbourne, Mil\u00e1n, Nueva York y Se\u00fal.\",\"breadcrumb\":{\"@id\":\"https:\/\/graziamagazine.com\/mx\/articles\/imagine-peace-yoko-ono-hace-intervencion-artistica-como-llamado-a-la-paz-mundial\/#breadcrumb\"},\"inLanguage\":\"es-MX\",\"potentialAction\":[{\"@type\":\"ReadAction\",\"target\":[\"https:\/\/graziamagazine.com\/mx\/articles\/imagine-peace-yoko-ono-hace-intervencion-artistica-como-llamado-a-la-paz-mundial\/\"]}]},{\"@type\":\"BreadcrumbList\",\"@id\":\"https:\/\/graziamagazine.com\/mx\/articles\/imagine-peace-yoko-ono-hace-intervencion-artistica-como-llamado-a-la-paz-mundial\/#breadcrumb\",\"itemListElement\":[{\"@type\":\"ListItem\",\"position\":1,\"name\":\"Home\",\"item\":\"https:\/\/graziamagazine.com\/mx\/\"},{\"@type\":\"ListItem\",\"position\":2,\"name\":\"\u2018Imagine Peace\u2019: Yoko Ono hace intervenci\u00f3n art\u00edstica como llamado a la paz mundial\"}]},{\"@type\":\"WebSite\",\"@id\":\"https:\/\/graziamagazine.com\/mx\/#website\",\"url\":\"https:\/\/graziamagazine.com\/mx\/\",\"name\":\"Grazia M\u00e9xico y Latinoam\u00e9rica\",\"description\":\"Grazia es moda, belleza y noticias  de actualidad \",\"potentialAction\":[{\"@type\":\"SearchAction\",\"target\":{\"@type\":\"EntryPoint\",\"urlTemplate\":\"https:\/\/graziamagazine.com\/mx\/?s={search_term_string}\"},\"query-input\":\"required name=search_term_string\"}],\"inLanguage\":\"es-MX\"}]}<\/script>\n<!-- \/ Yoast SEO Premium plugin. -->","yoast_head_json":{"title":"\u2018Imagine Peace\u2019: Yoko Ono hace intervenci\u00f3n art\u00edstica como llamado a la paz mundial | Grazia M\u00e9xico y Latinoam\u00e9rica","description":"El mensaje se exhibe en Londres, Berl\u00edn, Los \u00c1ngeles, Melbourne, Mil\u00e1n, Nueva York y Se\u00fal.","robots":{"index":"index","follow":"follow","max-snippet":"max-snippet:-1","max-image-preview":"max-image-preview:large","max-video-preview":"max-video-preview:-1"},"canonical":"https:\/\/graziamagazine.com\/mx\/articles\/imagine-peace-yoko-ono-hace-intervencion-artistica-como-llamado-a-la-paz-mundial\/","og_locale":"es_MX","og_type":"article","og_title":"\u2018Imagine Peace\u2019: Yoko Ono hace intervenci\u00f3n art\u00edstica como llamado a la paz mundial","og_description":"El mensaje se exhibe en Londres, Berl\u00edn, Los \u00c1ngeles, Melbourne, Mil\u00e1n, Nueva York y Se\u00fal.","og_url":"https:\/\/graziamagazine.com\/mx\/articles\/imagine-peace-yoko-ono-hace-intervencion-artistica-como-llamado-a-la-paz-mundial\/","og_site_name":"Grazia M\u00e9xico y Latinoam\u00e9rica","article_modified_time":"2022-03-04T18:54:37+00:00","og_image":[{"width":1024,"height":768,"url":"https:\/\/graziamagazine.com\/mx\/wp-content\/uploads\/sites\/13\/2022\/03\/media.media_.d74f2ab3-2da3-4d32-8e8f-33d7138cb9d4.original1024.jpg?fit=1024%2C768","type":"image\/jpeg"}],"twitter_card":"summary_large_image","twitter_misc":{"Est. reading time":"2 minutos"},"schema":{"@context":"https:\/\/schema.org","@graph":[{"@type":"WebPage","@id":"https:\/\/graziamagazine.com\/mx\/articles\/imagine-peace-yoko-ono-hace-intervencion-artistica-como-llamado-a-la-paz-mundial\/","url":"https:\/\/graziamagazine.com\/mx\/articles\/imagine-peace-yoko-ono-hace-intervencion-artistica-como-llamado-a-la-paz-mundial\/","name":"\u2018Imagine Peace\u2019: Yoko Ono hace intervenci\u00f3n art\u00edstica como llamado a la paz mundial | Grazia M\u00e9xico y Latinoam\u00e9rica","isPartOf":{"@id":"https:\/\/graziamagazine.com\/mx\/#website"},"datePublished":"2022-03-03T11:06:39+00:00","dateModified":"2022-03-04T18:54:37+00:00","description":"El mensaje se exhibe en Londres, Berl\u00edn, Los \u00c1ngeles, Melbourne, Mil\u00e1n, Nueva York y Se\u00fal.","breadcrumb":{"@id":"https:\/\/graziamagazine.com\/mx\/articles\/imagine-peace-yoko-ono-hace-intervencion-artistica-como-llamado-a-la-paz-mundial\/#breadcrumb"},"inLanguage":"es-MX","potentialAction":[{"@type":"ReadAction","target":["https:\/\/graziamagazine.com\/mx\/articles\/imagine-peace-yoko-ono-hace-intervencion-artistica-como-llamado-a-la-paz-mundial\/"]}]},{"@type":"BreadcrumbList","@id":"https:\/\/graziamagazine.com\/mx\/articles\/imagine-peace-yoko-ono-hace-intervencion-artistica-como-llamado-a-la-paz-mundial\/#breadcrumb","itemListElement":[{"@type":"ListItem","position":1,"name":"Home","item":"https:\/\/graziamagazine.com\/mx\/"},{"@type":"ListItem","position":2,"name":"\u2018Imagine Peace\u2019: Yoko Ono hace intervenci\u00f3n art\u00edstica como llamado a la paz mundial"}]},{"@type":"WebSite","@id":"https:\/\/graziamagazine.com\/mx\/#website","url":"https:\/\/graziamagazine.com\/mx\/","name":"Grazia M\u00e9xico y Latinoam\u00e9rica","description":"Grazia es moda, belleza y noticias  de actualidad ","potentialAction":[{"@type":"SearchAction","target":{"@type":"EntryPoint","urlTemplate":"https:\/\/graziamagazine.com\/mx\/?s={search_term_string}"},"query-input":"required name=search_term_string"}],"inLanguage":"es-MX"}]}},"jetpack_sharing_enabled":true,"distributor_meta":false,"distributor_terms":false,"distributor_media":false,"distributor_original_site_name":"Grazia M\u00e9xico y Latinoam\u00e9rica","distributor_original_site_url":"https:\/\/graziamagazine.com\/mx","push-errors":false,"_links":{"self":[{"href":"https:\/\/graziamagazine.com\/mx\/wp-json\/wp\/v2\/articles\/107516"}],"collection":[{"href":"https:\/\/graziamagazine.com\/mx\/wp-json\/wp\/v2\/articles"}],"about":[{"href":"https:\/\/graziamagazine.com\/mx\/wp-json\/wp\/v2\/types\/articles"}],"author":[{"embeddable":true,"href":"https:\/\/graziamagazine.com\/mx\/wp-json\/wp\/v2\/users\/11628"}],"wp:featuredmedia":[{"embeddable":true,"href":"https:\/\/graziamagazine.com\/mx\/wp-json\/wp\/v2\/media\/107522"}],"wp:attachment":[{"href":"https:\/\/graziamagazine.com\/mx\/wp-json\/wp\/v2\/media?parent=107516"}],"wp:term":[{"taxonomy":"category","embeddable":true,"href":"https:\/\/graziamagazine.com\/mx\/wp-json\/wp\/v2\/categories?post=107516"}],"curies":[{"name":"wp","href":"https:\/\/api.w.org\/{rel}","templated":true}]}}