{"id":107211,"date":"2022-02-24T15:00:31","date_gmt":"2022-02-24T20:00:31","guid":{"rendered":"https:\/\/graziamagazine.com\/mx\/?post_type=articles&#038;p=107211"},"modified":"2022-02-24T15:06:19","modified_gmt":"2022-02-24T20:06:19","slug":"prada-presenta-su-coleccion-otono-invierno-2022","status":"publish","type":"articles","link":"https:\/\/graziamagazine.com\/mx\/articles\/prada-presenta-su-coleccion-otono-invierno-2022\/","title":{"rendered":"Prada presenta su colecci\u00f3n oto\u00f1o-invierno 2022"},"content":{"rendered":"<p><span style=\"font-weight: 400\">Espectacular es poco.<strong> Prada<\/strong> present\u00f3 su <strong>colecci\u00f3n oto\u00f1o\/invierno 2022<\/strong> para mujeres, durante la <em><strong>Milan Fashion Week<\/strong> <\/em>de este a\u00f1o.<\/span><\/p>\n<p><span style=\"font-weight: 400\">La colecci\u00f3n dise\u00f1ada por <strong>Miuccia Prada<\/strong> y el director creativo de la marca, <strong>Raf Simons,<\/strong> es una conmemoraci\u00f3n de la vida y el vivir de lo cotidiano, dando importancia a cada momento.<\/span><\/p>\n<p><img loading=\"lazy\" decoding=\"async\" class=\"alignnone size-medium wp-image-107216 aligncenter\" src=\"https:\/\/graziamagazine.com\/mx\/wp-content\/uploads\/sites\/13\/2022\/02\/16_PradaDonnaFW22_Julia-Nobis.jpg?w=300\" alt=\"\" width=\"300\" height=\"450\" \/><\/p>\n<p><span style=\"font-weight: 400\">\u201cLas prendas hacen honor a la tradici\u00f3n de la marca al reflejar historias de personas, y memorias de vida valoradas. La tradici\u00f3n pasa a la cultura entre generaciones, un conducto desde el pasado hasta el presente. Nem\u00f3nicos, recuerdos y citas evocan fragmentos de relatos personales, que componen una historia, una historia de mujeres\u201d, explic\u00f3 la marca en un comunicado.<\/span><\/p>\n<p><img loading=\"lazy\" decoding=\"async\" class=\"alignnone size-medium wp-image-107215 aligncenter\" src=\"https:\/\/graziamagazine.com\/mx\/wp-content\/uploads\/sites\/13\/2022\/02\/44_PradaDonnaFW22_Mica-Argaranaz.jpg?w=300\" alt=\"\" width=\"300\" height=\"450\" \/><\/p>\n<p><span style=\"font-weight: 400\">A las piezas pragm\u00e1ticas se les da un nuevo \u00e9nfasis y significado, la sastrer\u00eda combinada con el lenguaje de ropa de noche, hace de la combinaci\u00f3n entre lo cotidiano y lo especial, una incre\u00edble est\u00e9tica para esa \u00e9poca del a\u00f1o, al mismo tiempo que confieren significado y enfatizan la realidad.<\/span><\/p>\n<p><img loading=\"lazy\" decoding=\"async\" class=\"alignnone size-medium wp-image-107214 aligncenter\" src=\"https:\/\/graziamagazine.com\/mx\/wp-content\/uploads\/sites\/13\/2022\/02\/47_PradaDonnaFW22_Anok-Yai.jpg?w=300\" alt=\"\" width=\"300\" height=\"450\" \/><\/p>\n<p><span style=\"font-weight: 400\">Las piezas convencionalmente masculinas se transforman, se interrumpen con lo femenino. Por ejemplo, los abrigos se tallan en el cuello o en la espalda.\u00a0<\/span><\/p>\n<p><span style=\"font-weight: 400\">&#8220;Esta colecci\u00f3n es sobre la historia de las mujeres, la historia de las personas, no la historia de la moda&#8221;, dijo Miuccia Prada.<\/span><\/p>\n<p><span style=\"font-weight: 400\">\u201cValorar la historia incluye que valoremos la historia de Prada: pienso en momentos revolucionarios en la historia de Prada y los hacemos eco aqu\u00ed. Nunca hay recreaciones directas, pero hay un reflejo de algo que sabes, un lenguaje de Prada. Y esos momentos ayudaron a definir nuestra idea de belleza hoy, que ahora estamos redefiniendo&#8221;, dijo Raf Simons, por su parte.<\/span><\/p>\n<p><img loading=\"lazy\" decoding=\"async\" class=\"alignnone size-medium wp-image-107217 aligncenter\" src=\"https:\/\/graziamagazine.com\/mx\/wp-content\/uploads\/sites\/13\/2022\/02\/05_PradaDonnaFW22_Amanda-Murphy.jpg?w=300\" alt=\"\" width=\"300\" height=\"450\" \/><\/p>\n<p><span style=\"font-weight: 400\">\u201cDentro, inevitablemente, hay una arqueolog\u00eda de Prada, una investigaci\u00f3n de las codificaciones y significados evocados a trav\u00e9s de la apariencia y el acercamiento a los elementos de Prada, como la excentricidad de la superficie y las siluetas sobrias. Las yuxtaposiciones son tanto entre prendas, como dentro de su construcci\u00f3n, combinando materializaciones y decoraci\u00f3n\u201d, a\u00f1ade la marca en el comunicado.<\/span><\/p>\n<p><img loading=\"lazy\" decoding=\"async\" class=\"alignnone size-medium wp-image-107219 aligncenter\" src=\"https:\/\/graziamagazine.com\/mx\/wp-content\/uploads\/sites\/13\/2022\/02\/01_PradaDonnaFW22_Kaia-Gerber.jpg?w=300\" alt=\"\" width=\"300\" height=\"450\" \/><\/p>\n<p><span style=\"font-weight: 400\">El desfile, encabezado por <strong>Kaia Gerber y Kendall Jenner<\/strong>, cont\u00f3 con diversas celebridades, incluyendo a <strong>Kim Kardashian<\/strong> en primera fila para apoyar a su hermana.<\/span><\/p>\n<p><img loading=\"lazy\" decoding=\"async\" class=\"alignnone size-medium wp-image-107213 aligncenter\" src=\"https:\/\/graziamagazine.com\/mx\/wp-content\/uploads\/sites\/13\/2022\/02\/Prada-W-FW22_Parade_04.jpg?w=450\" alt=\"\" width=\"450\" height=\"300\" \/><\/p>\n<p><span style=\"font-weight: 400\">Te dejamos el video del desfile completo, por si te lo perdiste.<\/span><\/p>\n<p><iframe loading=\"lazy\" title=\"PRADA FW22 WOMENSWEAR FASHION SHOW\" width=\"500\" height=\"281\" src=\"https:\/\/www.youtube.com\/embed\/ksvXnpnmYOc?start=313&#038;feature=oembed\" frameborder=\"0\" allow=\"accelerometer; autoplay; clipboard-write; encrypted-media; gyroscope; picture-in-picture\" allowfullscreen><\/iframe><\/p>\n","protected":false},"author":11628,"featured_media":107212,"template":"","format":"standard","categories":[4],"acf":[],"yoast_head":"<!-- This site is optimized with the Yoast SEO Premium plugin v18.5 (Yoast SEO v20.4) - https:\/\/yoast.com\/wordpress\/plugins\/seo\/ -->\n<title>Prada presenta su colecci\u00f3n oto\u00f1o-invierno 2022 | Grazia M\u00e9xico y Latinoam\u00e9rica<\/title>\n<meta name=\"description\" content=\"La fascinaci\u00f3n y el reflejo de la humanidad es un principio fundamental de Prada.\" \/>\n<meta name=\"robots\" content=\"index, follow, max-snippet:-1, max-image-preview:large, max-video-preview:-1\" \/>\n<link rel=\"canonical\" href=\"https:\/\/graziamagazine.com\/mx\/articles\/prada-presenta-su-coleccion-otono-invierno-2022\/\" \/>\n<meta property=\"og:locale\" content=\"es_MX\" \/>\n<meta property=\"og:type\" content=\"article\" \/>\n<meta property=\"og:title\" content=\"Prada presenta su colecci\u00f3n oto\u00f1o-invierno 2022\" \/>\n<meta property=\"og:description\" content=\"La fascinaci\u00f3n y el reflejo de la humanidad es un principio fundamental de Prada.\" \/>\n<meta property=\"og:url\" content=\"https:\/\/graziamagazine.com\/mx\/articles\/prada-presenta-su-coleccion-otono-invierno-2022\/\" \/>\n<meta property=\"og:site_name\" content=\"Grazia M\u00e9xico y Latinoam\u00e9rica\" \/>\n<meta property=\"article:modified_time\" content=\"2022-02-24T20:06:19+00:00\" \/>\n<meta property=\"og:image\" content=\"https:\/\/graziamagazine.com\/mx\/wp-content\/uploads\/sites\/13\/2022\/02\/Prada-W-FW22_Parade_07.jpg?fit=3543%2C2363\" \/>\n\t<meta property=\"og:image:width\" content=\"3543\" \/>\n\t<meta property=\"og:image:height\" content=\"2363\" \/>\n\t<meta property=\"og:image:type\" content=\"image\/jpeg\" \/>\n<meta name=\"twitter:card\" content=\"summary_large_image\" \/>\n<meta name=\"twitter:label1\" content=\"Est. reading time\" \/>\n\t<meta name=\"twitter:data1\" content=\"2 minutos\" \/>\n<script type=\"application\/ld+json\" class=\"yoast-schema-graph\">{\"@context\":\"https:\/\/schema.org\",\"@graph\":[{\"@type\":\"WebPage\",\"@id\":\"https:\/\/graziamagazine.com\/mx\/articles\/prada-presenta-su-coleccion-otono-invierno-2022\/\",\"url\":\"https:\/\/graziamagazine.com\/mx\/articles\/prada-presenta-su-coleccion-otono-invierno-2022\/\",\"name\":\"Prada presenta su colecci\u00f3n oto\u00f1o-invierno 2022 | Grazia M\u00e9xico y Latinoam\u00e9rica\",\"isPartOf\":{\"@id\":\"https:\/\/graziamagazine.com\/mx\/#website\"},\"datePublished\":\"2022-02-24T20:00:31+00:00\",\"dateModified\":\"2022-02-24T20:06:19+00:00\",\"description\":\"La fascinaci\u00f3n y el reflejo de la humanidad es un principio fundamental de Prada.\",\"breadcrumb\":{\"@id\":\"https:\/\/graziamagazine.com\/mx\/articles\/prada-presenta-su-coleccion-otono-invierno-2022\/#breadcrumb\"},\"inLanguage\":\"es-MX\",\"potentialAction\":[{\"@type\":\"ReadAction\",\"target\":[\"https:\/\/graziamagazine.com\/mx\/articles\/prada-presenta-su-coleccion-otono-invierno-2022\/\"]}]},{\"@type\":\"BreadcrumbList\",\"@id\":\"https:\/\/graziamagazine.com\/mx\/articles\/prada-presenta-su-coleccion-otono-invierno-2022\/#breadcrumb\",\"itemListElement\":[{\"@type\":\"ListItem\",\"position\":1,\"name\":\"Home\",\"item\":\"https:\/\/graziamagazine.com\/mx\/\"},{\"@type\":\"ListItem\",\"position\":2,\"name\":\"Prada presenta su colecci\u00f3n oto\u00f1o-invierno 2022\"}]},{\"@type\":\"WebSite\",\"@id\":\"https:\/\/graziamagazine.com\/mx\/#website\",\"url\":\"https:\/\/graziamagazine.com\/mx\/\",\"name\":\"Grazia M\u00e9xico y Latinoam\u00e9rica\",\"description\":\"Grazia es moda, belleza y noticias  de actualidad \",\"potentialAction\":[{\"@type\":\"SearchAction\",\"target\":{\"@type\":\"EntryPoint\",\"urlTemplate\":\"https:\/\/graziamagazine.com\/mx\/?s={search_term_string}\"},\"query-input\":\"required name=search_term_string\"}],\"inLanguage\":\"es-MX\"}]}<\/script>\n<!-- \/ Yoast SEO Premium plugin. -->","yoast_head_json":{"title":"Prada presenta su colecci\u00f3n oto\u00f1o-invierno 2022 | Grazia M\u00e9xico y Latinoam\u00e9rica","description":"La fascinaci\u00f3n y el reflejo de la humanidad es un principio fundamental de Prada.","robots":{"index":"index","follow":"follow","max-snippet":"max-snippet:-1","max-image-preview":"max-image-preview:large","max-video-preview":"max-video-preview:-1"},"canonical":"https:\/\/graziamagazine.com\/mx\/articles\/prada-presenta-su-coleccion-otono-invierno-2022\/","og_locale":"es_MX","og_type":"article","og_title":"Prada presenta su colecci\u00f3n oto\u00f1o-invierno 2022","og_description":"La fascinaci\u00f3n y el reflejo de la humanidad es un principio fundamental de Prada.","og_url":"https:\/\/graziamagazine.com\/mx\/articles\/prada-presenta-su-coleccion-otono-invierno-2022\/","og_site_name":"Grazia M\u00e9xico y Latinoam\u00e9rica","article_modified_time":"2022-02-24T20:06:19+00:00","og_image":[{"width":3543,"height":2363,"url":"https:\/\/graziamagazine.com\/mx\/wp-content\/uploads\/sites\/13\/2022\/02\/Prada-W-FW22_Parade_07.jpg?fit=3543%2C2363","type":"image\/jpeg"}],"twitter_card":"summary_large_image","twitter_misc":{"Est. reading time":"2 minutos"},"schema":{"@context":"https:\/\/schema.org","@graph":[{"@type":"WebPage","@id":"https:\/\/graziamagazine.com\/mx\/articles\/prada-presenta-su-coleccion-otono-invierno-2022\/","url":"https:\/\/graziamagazine.com\/mx\/articles\/prada-presenta-su-coleccion-otono-invierno-2022\/","name":"Prada presenta su colecci\u00f3n oto\u00f1o-invierno 2022 | Grazia M\u00e9xico y Latinoam\u00e9rica","isPartOf":{"@id":"https:\/\/graziamagazine.com\/mx\/#website"},"datePublished":"2022-02-24T20:00:31+00:00","dateModified":"2022-02-24T20:06:19+00:00","description":"La fascinaci\u00f3n y el reflejo de la humanidad es un principio fundamental de Prada.","breadcrumb":{"@id":"https:\/\/graziamagazine.com\/mx\/articles\/prada-presenta-su-coleccion-otono-invierno-2022\/#breadcrumb"},"inLanguage":"es-MX","potentialAction":[{"@type":"ReadAction","target":["https:\/\/graziamagazine.com\/mx\/articles\/prada-presenta-su-coleccion-otono-invierno-2022\/"]}]},{"@type":"BreadcrumbList","@id":"https:\/\/graziamagazine.com\/mx\/articles\/prada-presenta-su-coleccion-otono-invierno-2022\/#breadcrumb","itemListElement":[{"@type":"ListItem","position":1,"name":"Home","item":"https:\/\/graziamagazine.com\/mx\/"},{"@type":"ListItem","position":2,"name":"Prada presenta su colecci\u00f3n oto\u00f1o-invierno 2022"}]},{"@type":"WebSite","@id":"https:\/\/graziamagazine.com\/mx\/#website","url":"https:\/\/graziamagazine.com\/mx\/","name":"Grazia M\u00e9xico y Latinoam\u00e9rica","description":"Grazia es moda, belleza y noticias  de actualidad ","potentialAction":[{"@type":"SearchAction","target":{"@type":"EntryPoint","urlTemplate":"https:\/\/graziamagazine.com\/mx\/?s={search_term_string}"},"query-input":"required name=search_term_string"}],"inLanguage":"es-MX"}]}},"jetpack_sharing_enabled":true,"distributor_meta":false,"distributor_terms":false,"distributor_media":false,"distributor_original_site_name":"Grazia M\u00e9xico y Latinoam\u00e9rica","distributor_original_site_url":"https:\/\/graziamagazine.com\/mx","push-errors":false,"_links":{"self":[{"href":"https:\/\/graziamagazine.com\/mx\/wp-json\/wp\/v2\/articles\/107211"}],"collection":[{"href":"https:\/\/graziamagazine.com\/mx\/wp-json\/wp\/v2\/articles"}],"about":[{"href":"https:\/\/graziamagazine.com\/mx\/wp-json\/wp\/v2\/types\/articles"}],"author":[{"embeddable":true,"href":"https:\/\/graziamagazine.com\/mx\/wp-json\/wp\/v2\/users\/11628"}],"wp:featuredmedia":[{"embeddable":true,"href":"https:\/\/graziamagazine.com\/mx\/wp-json\/wp\/v2\/media\/107212"}],"wp:attachment":[{"href":"https:\/\/graziamagazine.com\/mx\/wp-json\/wp\/v2\/media?parent=107211"}],"wp:term":[{"taxonomy":"category","embeddable":true,"href":"https:\/\/graziamagazine.com\/mx\/wp-json\/wp\/v2\/categories?post=107211"}],"curies":[{"name":"wp","href":"https:\/\/api.w.org\/{rel}","templated":true}]}}