{"id":107170,"date":"2022-02-24T11:44:10","date_gmt":"2022-02-24T16:44:10","guid":{"rendered":"https:\/\/graziamagazine.com\/mx\/?post_type=articles&#038;p=107170"},"modified":"2022-02-24T13:50:47","modified_gmt":"2022-02-24T18:50:47","slug":"irina-shayk-la-modelo-paso-oculta-en-el-desfile-de-richard-quinn","status":"publish","type":"articles","link":"https:\/\/graziamagazine.com\/mx\/articles\/irina-shayk-la-modelo-paso-oculta-en-el-desfile-de-richard-quinn\/","title":{"rendered":"Irina Shayk, la modelo pas\u00f3 oculta en el desfile de Richard Quinn"},"content":{"rendered":"<p><span style=\"font-weight: 400\">La famosa Top Modelo, Irina Shayk deslumbr\u00f3 en la pasarela de Richar Quinn al posar con un vestido que cubr\u00eda todo su cuerpo. Indudablemente hemos sido testigos de la belleza que irradia la modelo rusa de 36 a\u00f1os, pues su silueta y magnificencia nos ha dejado sin palabras en muchas ocasiones.<\/span><\/p>\n<p><span style=\"font-weight: 400\">Sin embargo Richar Quinn reto los estereotipos de belleza una vez m\u00e1s en la temporada oto\u00f1o\/Invierno 2022-2023 tras presentar un vestido largo de <em>niqab<\/em> color rosa con capas y un divertido lazo que caus\u00f3 conmoci\u00f3n por su ingeniosa composici\u00f3n y claro, como era de esperarse, por la modelo que luc\u00eda esta prenda.<\/span><\/p>\n<figure id=\"attachment_107172\" aria-describedby=\"caption-attachment-107172\" style=\"width: 683px\" class=\"wp-caption alignnone\"><img loading=\"lazy\" decoding=\"async\" class=\"wp-image-107172 size-large\" src=\"https:\/\/graziamagazine.com\/mx\/wp-content\/uploads\/sites\/13\/2022\/02\/IS1_0624.jpg?w=683\" alt=\"Irina Shayk, desfile Richard Quinn\" width=\"683\" height=\"1024\" \/><figcaption id=\"caption-attachment-107172\" class=\"wp-caption-text\">Irina Shayk, desfile Richard Quinn<\/figcaption><\/figure>\n<p>Esta temporada, las paredes y la alfombra eran de color rosa, los primeros looks conformados por abrigos trapezoidales con estampados de rosas a escala de placa de Quinn en azul, amarillo y lima, con sombreros de ala ancha de gran tama\u00f1o a juego. Luego, una transici\u00f3n hacia el mismo tipo de estampados que aparecen como una serie de voluminosos vestidos caft\u00e1n, la esencia de su estilo. Tam capuchas levantadas sobre los hombros y luego ajustadas con cord\u00f3n alrededor de la cara.<\/p>\n<div class=\"content-gallery\"><div class=\"gallery-placeholder\"><div class=\"spinner\"><\/div><\/div><span class=\"gallery-pagination\"><\/span><div id=\"gallery-1\" class=\"gallery galleryid-107170 gallery-columns- gallery-size-\"><figure class=\"gallery-item\"><div class=\"gallery-icon landscape\"><img loading=\"lazy\" decoding=\"async\" width=\"1600\" height=\"2400\" src=\"https:\/\/graziamagazine.com\/mx\/wp-content\/uploads\/sites\/13\/2022\/02\/IS1_0088.jpg\" class=\"lazy\" alt=\"Richard Quinn, pasarela 2022-2023 Fall-Winter\" \/><\/div><figcaption class=\"wp-caption-text gallery-caption\" id=\"gallery-1-107173\">Richard Quinn, pasarela 2022-2023 Fall-Winter<\/figcaption><\/figure><figure class=\"gallery-item\"><div class=\"gallery-icon landscape\"><img loading=\"lazy\" decoding=\"async\" width=\"1600\" height=\"2400\" src=\"https:\/\/graziamagazine.com\/mx\/wp-content\/uploads\/sites\/13\/2022\/02\/IS1_0228.jpg\" class=\"lazy\" alt=\"\" \/><\/div><figcaption class=\"wp-caption-text gallery-caption\" id=\"gallery-1-107174\">Richard Quinn, pasarela 2022-2023 Fall-Winter<\/figcaption><\/figure><figure class=\"gallery-item\"><div class=\"gallery-icon landscape\"><img loading=\"lazy\" decoding=\"async\" width=\"1600\" height=\"2400\" src=\"https:\/\/graziamagazine.com\/mx\/wp-content\/uploads\/sites\/13\/2022\/02\/IS1_0266.jpg\" class=\"lazy\" alt=\"\" \/><\/div><figcaption class=\"wp-caption-text gallery-caption\" id=\"gallery-1-107175\">Richard Quinn, pasarela 2022-2023 Fall-Winter<\/figcaption><\/figure><figure class=\"gallery-item\"><div class=\"gallery-icon landscape\"><img loading=\"lazy\" decoding=\"async\" width=\"1600\" height=\"2400\" src=\"https:\/\/graziamagazine.com\/mx\/wp-content\/uploads\/sites\/13\/2022\/02\/IS1_0407.jpg\" class=\"lazy\" alt=\"\" \/><\/div><\/figure><figure class=\"gallery-item\"><div class=\"gallery-icon landscape\"><img loading=\"lazy\" decoding=\"async\" width=\"1600\" height=\"2400\" src=\"https:\/\/graziamagazine.com\/mx\/wp-content\/uploads\/sites\/13\/2022\/02\/IS1_0371.jpg\" class=\"lazy\" alt=\"\" \/><\/div><figcaption class=\"wp-caption-text gallery-caption\" id=\"gallery-1-107176\">Richard Quinn, pasarela 2022-2023 Fall-Winter<\/figcaption><\/figure><\/div><\/div>\n<p><span style=\"font-weight: 400\">Casi siempre vemos a las modelos m\u00e1s cotizadas lucir su figura en trajes de ba\u00f1o, vestidos ajustados, siluetas que muestran la perfecci\u00f3n de estas mujeres, esta vez ponemos en duda si realmente este es el verdadero estereotipo al que llamamos \u201cbelleza\u201d, pues Irina Shayk y Lila Moss han estado presentes en el London Fashion Week, donde la modelo rusa ha desfilado de inc\u00f3gnita al igual que la hija de Kate Moss cerrando el desfile con un vestido de novia.<\/span><\/p>\n<p><span style=\"font-weight: 400\">El linaje de Kate Moss ha resurgido, pues su hija , Lila Moss brill\u00f3 en la pasarela adornada de pedrer\u00eda y un lazo gigante sobre la falda que portaba, el desfile remat\u00f3 con una m\u00e1gica diadema que simulaba ser una corona llena de flores sobre su cabeza siendo la estrella del show.<\/span><\/p>\n<figure id=\"attachment_107178\" aria-describedby=\"caption-attachment-107178\" style=\"width: 567px\" class=\"wp-caption alignnone\"><img loading=\"lazy\" decoding=\"async\" class=\"wp-image-107178 size-large\" src=\"https:\/\/graziamagazine.com\/mx\/wp-content\/uploads\/sites\/13\/2022\/02\/lilamoss-desfile-z.jpg?w=567\" alt=\"Vestido de Novia Richard Quinn, pasarela 2022-2023 Fall-Winter\" width=\"567\" height=\"850\" \/><figcaption id=\"caption-attachment-107178\" class=\"wp-caption-text\">Vestido de Novia Richard Quinn, pasarela 2022-2023 Fall-Winter<\/figcaption><\/figure>\n<p>&nbsp;<\/p>\n","protected":false},"author":28953,"featured_media":107180,"template":"","format":"standard","categories":[4],"acf":[],"yoast_head":"<!-- This site is optimized with the Yoast SEO Premium plugin v18.5 (Yoast SEO v20.4) - https:\/\/yoast.com\/wordpress\/plugins\/seo\/ -->\n<title>Irina Shayk, la modelo pas\u00f3 oculta en el desfile de Richard Quinn | Grazia M\u00e9xico y Latinoam\u00e9rica<\/title>\n<meta name=\"description\" content=\"La famosa Top Modelo, Irina Shayk deslumbr\u00f3 en la pasarela de Richar Quinn al posar con un vestido que cubr\u00eda todo su cuerpo. Indudablemente hemos sido\" \/>\n<meta name=\"robots\" content=\"index, follow, max-snippet:-1, max-image-preview:large, max-video-preview:-1\" \/>\n<link rel=\"canonical\" href=\"https:\/\/graziamagazine.com\/mx\/articles\/irina-shayk-la-modelo-paso-oculta-en-el-desfile-de-richard-quinn\/\" \/>\n<meta property=\"og:locale\" content=\"es_MX\" \/>\n<meta property=\"og:type\" content=\"article\" \/>\n<meta property=\"og:title\" content=\"Irina Shayk, la modelo pas\u00f3 oculta en el desfile de Richard Quinn\" \/>\n<meta property=\"og:description\" content=\"La famosa Top Modelo, Irina Shayk deslumbr\u00f3 en la pasarela de Richar Quinn al posar con un vestido que cubr\u00eda todo su cuerpo. Indudablemente hemos sido\" \/>\n<meta property=\"og:url\" content=\"https:\/\/graziamagazine.com\/mx\/articles\/irina-shayk-la-modelo-paso-oculta-en-el-desfile-de-richard-quinn\/\" \/>\n<meta property=\"og:site_name\" content=\"Grazia M\u00e9xico y Latinoam\u00e9rica\" \/>\n<meta property=\"article:modified_time\" content=\"2022-02-24T18:50:47+00:00\" \/>\n<meta property=\"og:image\" content=\"https:\/\/graziamagazine.com\/mx\/wp-content\/uploads\/sites\/13\/2022\/02\/Captura-de-Pantalla-2022-02-24-a-las-11.01.44.png?fit=587%2C407\" \/>\n\t<meta property=\"og:image:width\" content=\"587\" \/>\n\t<meta property=\"og:image:height\" content=\"407\" \/>\n\t<meta property=\"og:image:type\" content=\"image\/png\" \/>\n<meta name=\"twitter:card\" content=\"summary_large_image\" \/>\n<meta name=\"twitter:label1\" content=\"Est. reading time\" \/>\n\t<meta name=\"twitter:data1\" content=\"2 minutos\" \/>\n<script type=\"application\/ld+json\" class=\"yoast-schema-graph\">{\"@context\":\"https:\/\/schema.org\",\"@graph\":[{\"@type\":\"WebPage\",\"@id\":\"https:\/\/graziamagazine.com\/mx\/articles\/irina-shayk-la-modelo-paso-oculta-en-el-desfile-de-richard-quinn\/\",\"url\":\"https:\/\/graziamagazine.com\/mx\/articles\/irina-shayk-la-modelo-paso-oculta-en-el-desfile-de-richard-quinn\/\",\"name\":\"Irina Shayk, la modelo pas\u00f3 oculta en el desfile de Richard Quinn | Grazia M\u00e9xico y Latinoam\u00e9rica\",\"isPartOf\":{\"@id\":\"https:\/\/graziamagazine.com\/mx\/#website\"},\"datePublished\":\"2022-02-24T16:44:10+00:00\",\"dateModified\":\"2022-02-24T18:50:47+00:00\",\"description\":\"La famosa Top Modelo, Irina Shayk deslumbr\u00f3 en la pasarela de Richar Quinn al posar con un vestido que cubr\u00eda todo su cuerpo. Indudablemente hemos sido\",\"breadcrumb\":{\"@id\":\"https:\/\/graziamagazine.com\/mx\/articles\/irina-shayk-la-modelo-paso-oculta-en-el-desfile-de-richard-quinn\/#breadcrumb\"},\"inLanguage\":\"es-MX\",\"potentialAction\":[{\"@type\":\"ReadAction\",\"target\":[\"https:\/\/graziamagazine.com\/mx\/articles\/irina-shayk-la-modelo-paso-oculta-en-el-desfile-de-richard-quinn\/\"]}]},{\"@type\":\"BreadcrumbList\",\"@id\":\"https:\/\/graziamagazine.com\/mx\/articles\/irina-shayk-la-modelo-paso-oculta-en-el-desfile-de-richard-quinn\/#breadcrumb\",\"itemListElement\":[{\"@type\":\"ListItem\",\"position\":1,\"name\":\"Home\",\"item\":\"https:\/\/graziamagazine.com\/mx\/\"},{\"@type\":\"ListItem\",\"position\":2,\"name\":\"Irina Shayk, la modelo pas\u00f3 oculta en el desfile de Richard Quinn\"}]},{\"@type\":\"WebSite\",\"@id\":\"https:\/\/graziamagazine.com\/mx\/#website\",\"url\":\"https:\/\/graziamagazine.com\/mx\/\",\"name\":\"Grazia M\u00e9xico y Latinoam\u00e9rica\",\"description\":\"Grazia es moda, belleza y noticias  de actualidad \",\"potentialAction\":[{\"@type\":\"SearchAction\",\"target\":{\"@type\":\"EntryPoint\",\"urlTemplate\":\"https:\/\/graziamagazine.com\/mx\/?s={search_term_string}\"},\"query-input\":\"required name=search_term_string\"}],\"inLanguage\":\"es-MX\"}]}<\/script>\n<!-- \/ Yoast SEO Premium plugin. -->","yoast_head_json":{"title":"Irina Shayk, la modelo pas\u00f3 oculta en el desfile de Richard Quinn | Grazia M\u00e9xico y Latinoam\u00e9rica","description":"La famosa Top Modelo, Irina Shayk deslumbr\u00f3 en la pasarela de Richar Quinn al posar con un vestido que cubr\u00eda todo su cuerpo. Indudablemente hemos sido","robots":{"index":"index","follow":"follow","max-snippet":"max-snippet:-1","max-image-preview":"max-image-preview:large","max-video-preview":"max-video-preview:-1"},"canonical":"https:\/\/graziamagazine.com\/mx\/articles\/irina-shayk-la-modelo-paso-oculta-en-el-desfile-de-richard-quinn\/","og_locale":"es_MX","og_type":"article","og_title":"Irina Shayk, la modelo pas\u00f3 oculta en el desfile de Richard Quinn","og_description":"La famosa Top Modelo, Irina Shayk deslumbr\u00f3 en la pasarela de Richar Quinn al posar con un vestido que cubr\u00eda todo su cuerpo. Indudablemente hemos sido","og_url":"https:\/\/graziamagazine.com\/mx\/articles\/irina-shayk-la-modelo-paso-oculta-en-el-desfile-de-richard-quinn\/","og_site_name":"Grazia M\u00e9xico y Latinoam\u00e9rica","article_modified_time":"2022-02-24T18:50:47+00:00","og_image":[{"width":587,"height":407,"url":"https:\/\/graziamagazine.com\/mx\/wp-content\/uploads\/sites\/13\/2022\/02\/Captura-de-Pantalla-2022-02-24-a-las-11.01.44.png?fit=587%2C407","type":"image\/png"}],"twitter_card":"summary_large_image","twitter_misc":{"Est. reading time":"2 minutos"},"schema":{"@context":"https:\/\/schema.org","@graph":[{"@type":"WebPage","@id":"https:\/\/graziamagazine.com\/mx\/articles\/irina-shayk-la-modelo-paso-oculta-en-el-desfile-de-richard-quinn\/","url":"https:\/\/graziamagazine.com\/mx\/articles\/irina-shayk-la-modelo-paso-oculta-en-el-desfile-de-richard-quinn\/","name":"Irina Shayk, la modelo pas\u00f3 oculta en el desfile de Richard Quinn | Grazia M\u00e9xico y Latinoam\u00e9rica","isPartOf":{"@id":"https:\/\/graziamagazine.com\/mx\/#website"},"datePublished":"2022-02-24T16:44:10+00:00","dateModified":"2022-02-24T18:50:47+00:00","description":"La famosa Top Modelo, Irina Shayk deslumbr\u00f3 en la pasarela de Richar Quinn al posar con un vestido que cubr\u00eda todo su cuerpo. Indudablemente hemos sido","breadcrumb":{"@id":"https:\/\/graziamagazine.com\/mx\/articles\/irina-shayk-la-modelo-paso-oculta-en-el-desfile-de-richard-quinn\/#breadcrumb"},"inLanguage":"es-MX","potentialAction":[{"@type":"ReadAction","target":["https:\/\/graziamagazine.com\/mx\/articles\/irina-shayk-la-modelo-paso-oculta-en-el-desfile-de-richard-quinn\/"]}]},{"@type":"BreadcrumbList","@id":"https:\/\/graziamagazine.com\/mx\/articles\/irina-shayk-la-modelo-paso-oculta-en-el-desfile-de-richard-quinn\/#breadcrumb","itemListElement":[{"@type":"ListItem","position":1,"name":"Home","item":"https:\/\/graziamagazine.com\/mx\/"},{"@type":"ListItem","position":2,"name":"Irina Shayk, la modelo pas\u00f3 oculta en el desfile de Richard Quinn"}]},{"@type":"WebSite","@id":"https:\/\/graziamagazine.com\/mx\/#website","url":"https:\/\/graziamagazine.com\/mx\/","name":"Grazia M\u00e9xico y Latinoam\u00e9rica","description":"Grazia es moda, belleza y noticias  de actualidad ","potentialAction":[{"@type":"SearchAction","target":{"@type":"EntryPoint","urlTemplate":"https:\/\/graziamagazine.com\/mx\/?s={search_term_string}"},"query-input":"required name=search_term_string"}],"inLanguage":"es-MX"}]}},"jetpack_sharing_enabled":true,"distributor_meta":false,"distributor_terms":false,"distributor_media":false,"distributor_original_site_name":"Grazia M\u00e9xico y Latinoam\u00e9rica","distributor_original_site_url":"https:\/\/graziamagazine.com\/mx","push-errors":false,"_links":{"self":[{"href":"https:\/\/graziamagazine.com\/mx\/wp-json\/wp\/v2\/articles\/107170"}],"collection":[{"href":"https:\/\/graziamagazine.com\/mx\/wp-json\/wp\/v2\/articles"}],"about":[{"href":"https:\/\/graziamagazine.com\/mx\/wp-json\/wp\/v2\/types\/articles"}],"author":[{"embeddable":true,"href":"https:\/\/graziamagazine.com\/mx\/wp-json\/wp\/v2\/users\/28953"}],"wp:featuredmedia":[{"embeddable":true,"href":"https:\/\/graziamagazine.com\/mx\/wp-json\/wp\/v2\/media\/107180"}],"wp:attachment":[{"href":"https:\/\/graziamagazine.com\/mx\/wp-json\/wp\/v2\/media?parent=107170"}],"wp:term":[{"taxonomy":"category","embeddable":true,"href":"https:\/\/graziamagazine.com\/mx\/wp-json\/wp\/v2\/categories?post=107170"}],"curies":[{"name":"wp","href":"https:\/\/api.w.org\/{rel}","templated":true}]}}