{"id":107013,"date":"2022-02-21T20:07:37","date_gmt":"2022-02-22T01:07:37","guid":{"rendered":"https:\/\/graziamagazine.com\/mx\/?post_type=articles&#038;p=107013"},"modified":"2022-02-22T10:34:37","modified_gmt":"2022-02-22T15:34:37","slug":"christopher-kane-presenta-su-coleccion-otono-invierno-2022","status":"publish","type":"articles","link":"https:\/\/graziamagazine.com\/mx\/articles\/christopher-kane-presenta-su-coleccion-otono-invierno-2022\/","title":{"rendered":"Christopher Kane presenta su colecci\u00f3n \u200b\u200boto\u00f1o-invierno 2022"},"content":{"rendered":"<p><span style=\"font-weight: 400\"><strong>Christopher Kane<\/strong> present\u00f3 de manera extraordinaria su<strong> colecci\u00f3n \u200b\u200boto\u00f1o-invierno 2022<\/strong>, de la manera m\u00e1s sexy y progresiva posible.<\/span><\/p>\n<p><span style=\"font-weight: 400\">El dise\u00f1ador de moda escoc\u00e9s que radica en Londres present\u00f3 una colecci\u00f3n con particular sensualidad innovadora y un estilo estimulante que se ha convertido en el sello de la marca.\u00a0<\/span><\/p>\n<p><span style=\"font-weight: 400\">Inspir\u00e1ndose en el proceso de \u201cselecci\u00f3n sexual en el mundo animal\u201d, donde vemos a los machos alteran sus colores y comportamientos para atraer a sus compa\u00f1eras, la colecci\u00f3n <em>Fall\/Winter 2022<\/em> de Kane es un intrigante ejercicio de seducci\u00f3n intelectual.<\/span><\/p>\n<p><img loading=\"lazy\" decoding=\"async\" class=\"alignnone size-medium wp-image-107016 aligncenter\" src=\"https:\/\/graziamagazine.com\/mx\/wp-content\/uploads\/sites\/13\/2022\/02\/image001.png?w=430\" alt=\"\" width=\"430\" height=\"450\" \/><\/p>\n<p><span style=\"font-weight: 400\">Por lo tanto, con matices subversivos, texturas y colores sutilmente provocativos, el espect\u00e1culo fue visualmente atractivo y mentalmente estimulante.<\/span><\/p>\n<p><span style=\"font-weight: 400\">Por ejemplo, las piezas de tul de seda progresan hacia llamativos rojos, azules y amarillos, reflejando la transformaci\u00f3n de los animales machos a lo largo del proceso de cortejo.<\/span><\/p>\n<p><span style=\"font-weight: 400\">\u201cEl tul de seda juega un papel importante, desde el confinamiento hasta el encubrimiento y la cascada fuera de las caderas. M\u00faltiples capas de tul est\u00e1n confinadas al cuerpo por una capa superior invisible, ocultando y revelando el cuerpo\u201d, explica la marca en un comunicado.<\/span><\/p>\n<p><span style=\"font-weight: 400\">La colecci\u00f3n de 34 looks hizo un gran uso de algunas telas notables y distintas. Por ejemplo, numerosos vestidos ten\u00edan delicadas cadenas de oro que sujetaban capas de sedas, crepes de lana y jersey de charol.\u00a0<\/span><\/p>\n<p><img loading=\"lazy\" decoding=\"async\" class=\"alignnone size-medium wp-image-107017 aligncenter\" src=\"https:\/\/graziamagazine.com\/mx\/wp-content\/uploads\/sites\/13\/2022\/02\/CKAW22-LOOK-022.jpg?w=300\" alt=\"\" width=\"300\" height=\"450\" \/><\/p>\n<p><span style=\"font-weight: 400\">Al mismo tiempo, los flecos se usaban para dar a las prendas r\u00edgidas y austeras un extra de extravagancia y dinamismo. Una de esas prendas ten\u00eda flecos blancos que ca\u00edan en cascada desde un corte blanco circular en el centro de una camiseta cuadrada de gran tama\u00f1o, mientras que una falda negra correspondiente estaba forrada con flecos largos a lo largo del dobladillo.<\/span><\/p>\n<p><span style=\"font-weight: 400\">Sin tanto rollo, te dejamos un video que retrata lo fundamental de esta colecci\u00f3n.<\/span><\/p>\n<p><iframe loading=\"lazy\" title=\"Christopher Kane AW22\" width=\"500\" height=\"281\" src=\"https:\/\/www.youtube.com\/embed\/fC6nYvqnJq8?start=55&#038;feature=oembed\" frameborder=\"0\" allow=\"accelerometer; autoplay; clipboard-write; encrypted-media; gyroscope; picture-in-picture\" allowfullscreen><\/iframe><\/p>\n","protected":false},"author":11628,"featured_media":107016,"template":"","format":"standard","categories":[114,4],"acf":[],"yoast_head":"<!-- This site is optimized with the Yoast SEO Premium plugin v18.5 (Yoast SEO v20.4) - https:\/\/yoast.com\/wordpress\/plugins\/seo\/ -->\n<title>Christopher Kane presenta su colecci\u00f3n \u200b\u200boto\u00f1o-invierno 2022 | Grazia M\u00e9xico y Latinoam\u00e9rica<\/title>\n<meta name=\"description\" content=\"La colecci\u00f3n m\u00e1s inclusiva y sexual que ver\u00e1s hoy.\" \/>\n<meta name=\"robots\" content=\"index, follow, max-snippet:-1, max-image-preview:large, max-video-preview:-1\" \/>\n<link rel=\"canonical\" href=\"https:\/\/graziamagazine.com\/mx\/articles\/christopher-kane-presenta-su-coleccion-otono-invierno-2022\/\" \/>\n<meta property=\"og:locale\" content=\"es_MX\" \/>\n<meta property=\"og:type\" content=\"article\" \/>\n<meta property=\"og:title\" content=\"Christopher Kane presenta su colecci\u00f3n \u200b\u200boto\u00f1o-invierno 2022\" \/>\n<meta property=\"og:description\" content=\"La colecci\u00f3n m\u00e1s inclusiva y sexual que ver\u00e1s hoy.\" \/>\n<meta property=\"og:url\" content=\"https:\/\/graziamagazine.com\/mx\/articles\/christopher-kane-presenta-su-coleccion-otono-invierno-2022\/\" \/>\n<meta property=\"og:site_name\" content=\"Grazia M\u00e9xico y Latinoam\u00e9rica\" \/>\n<meta property=\"article:modified_time\" content=\"2022-02-22T15:34:37+00:00\" \/>\n<meta property=\"og:image\" content=\"https:\/\/graziamagazine.com\/mx\/wp-content\/uploads\/sites\/13\/2022\/02\/image001.png?fit=785%2C822\" \/>\n\t<meta property=\"og:image:width\" content=\"785\" \/>\n\t<meta property=\"og:image:height\" content=\"822\" \/>\n\t<meta property=\"og:image:type\" content=\"image\/png\" \/>\n<meta name=\"twitter:card\" content=\"summary_large_image\" \/>\n<meta name=\"twitter:label1\" content=\"Est. reading time\" \/>\n\t<meta name=\"twitter:data1\" content=\"2 minutos\" \/>\n<script type=\"application\/ld+json\" class=\"yoast-schema-graph\">{\"@context\":\"https:\/\/schema.org\",\"@graph\":[{\"@type\":\"WebPage\",\"@id\":\"https:\/\/graziamagazine.com\/mx\/articles\/christopher-kane-presenta-su-coleccion-otono-invierno-2022\/\",\"url\":\"https:\/\/graziamagazine.com\/mx\/articles\/christopher-kane-presenta-su-coleccion-otono-invierno-2022\/\",\"name\":\"Christopher Kane presenta su colecci\u00f3n \u200b\u200boto\u00f1o-invierno 2022 | Grazia M\u00e9xico y Latinoam\u00e9rica\",\"isPartOf\":{\"@id\":\"https:\/\/graziamagazine.com\/mx\/#website\"},\"datePublished\":\"2022-02-22T01:07:37+00:00\",\"dateModified\":\"2022-02-22T15:34:37+00:00\",\"description\":\"La colecci\u00f3n m\u00e1s inclusiva y sexual que ver\u00e1s hoy.\",\"breadcrumb\":{\"@id\":\"https:\/\/graziamagazine.com\/mx\/articles\/christopher-kane-presenta-su-coleccion-otono-invierno-2022\/#breadcrumb\"},\"inLanguage\":\"es-MX\",\"potentialAction\":[{\"@type\":\"ReadAction\",\"target\":[\"https:\/\/graziamagazine.com\/mx\/articles\/christopher-kane-presenta-su-coleccion-otono-invierno-2022\/\"]}]},{\"@type\":\"BreadcrumbList\",\"@id\":\"https:\/\/graziamagazine.com\/mx\/articles\/christopher-kane-presenta-su-coleccion-otono-invierno-2022\/#breadcrumb\",\"itemListElement\":[{\"@type\":\"ListItem\",\"position\":1,\"name\":\"Home\",\"item\":\"https:\/\/graziamagazine.com\/mx\/\"},{\"@type\":\"ListItem\",\"position\":2,\"name\":\"Christopher Kane presenta su colecci\u00f3n \u200b\u200boto\u00f1o-invierno 2022\"}]},{\"@type\":\"WebSite\",\"@id\":\"https:\/\/graziamagazine.com\/mx\/#website\",\"url\":\"https:\/\/graziamagazine.com\/mx\/\",\"name\":\"Grazia M\u00e9xico y Latinoam\u00e9rica\",\"description\":\"Grazia es moda, belleza y noticias  de actualidad \",\"potentialAction\":[{\"@type\":\"SearchAction\",\"target\":{\"@type\":\"EntryPoint\",\"urlTemplate\":\"https:\/\/graziamagazine.com\/mx\/?s={search_term_string}\"},\"query-input\":\"required name=search_term_string\"}],\"inLanguage\":\"es-MX\"}]}<\/script>\n<!-- \/ Yoast SEO Premium plugin. -->","yoast_head_json":{"title":"Christopher Kane presenta su colecci\u00f3n \u200b\u200boto\u00f1o-invierno 2022 | Grazia M\u00e9xico y Latinoam\u00e9rica","description":"La colecci\u00f3n m\u00e1s inclusiva y sexual que ver\u00e1s hoy.","robots":{"index":"index","follow":"follow","max-snippet":"max-snippet:-1","max-image-preview":"max-image-preview:large","max-video-preview":"max-video-preview:-1"},"canonical":"https:\/\/graziamagazine.com\/mx\/articles\/christopher-kane-presenta-su-coleccion-otono-invierno-2022\/","og_locale":"es_MX","og_type":"article","og_title":"Christopher Kane presenta su colecci\u00f3n \u200b\u200boto\u00f1o-invierno 2022","og_description":"La colecci\u00f3n m\u00e1s inclusiva y sexual que ver\u00e1s hoy.","og_url":"https:\/\/graziamagazine.com\/mx\/articles\/christopher-kane-presenta-su-coleccion-otono-invierno-2022\/","og_site_name":"Grazia M\u00e9xico y Latinoam\u00e9rica","article_modified_time":"2022-02-22T15:34:37+00:00","og_image":[{"width":785,"height":822,"url":"https:\/\/graziamagazine.com\/mx\/wp-content\/uploads\/sites\/13\/2022\/02\/image001.png?fit=785%2C822","type":"image\/png"}],"twitter_card":"summary_large_image","twitter_misc":{"Est. reading time":"2 minutos"},"schema":{"@context":"https:\/\/schema.org","@graph":[{"@type":"WebPage","@id":"https:\/\/graziamagazine.com\/mx\/articles\/christopher-kane-presenta-su-coleccion-otono-invierno-2022\/","url":"https:\/\/graziamagazine.com\/mx\/articles\/christopher-kane-presenta-su-coleccion-otono-invierno-2022\/","name":"Christopher Kane presenta su colecci\u00f3n \u200b\u200boto\u00f1o-invierno 2022 | Grazia M\u00e9xico y Latinoam\u00e9rica","isPartOf":{"@id":"https:\/\/graziamagazine.com\/mx\/#website"},"datePublished":"2022-02-22T01:07:37+00:00","dateModified":"2022-02-22T15:34:37+00:00","description":"La colecci\u00f3n m\u00e1s inclusiva y sexual que ver\u00e1s hoy.","breadcrumb":{"@id":"https:\/\/graziamagazine.com\/mx\/articles\/christopher-kane-presenta-su-coleccion-otono-invierno-2022\/#breadcrumb"},"inLanguage":"es-MX","potentialAction":[{"@type":"ReadAction","target":["https:\/\/graziamagazine.com\/mx\/articles\/christopher-kane-presenta-su-coleccion-otono-invierno-2022\/"]}]},{"@type":"BreadcrumbList","@id":"https:\/\/graziamagazine.com\/mx\/articles\/christopher-kane-presenta-su-coleccion-otono-invierno-2022\/#breadcrumb","itemListElement":[{"@type":"ListItem","position":1,"name":"Home","item":"https:\/\/graziamagazine.com\/mx\/"},{"@type":"ListItem","position":2,"name":"Christopher Kane presenta su colecci\u00f3n \u200b\u200boto\u00f1o-invierno 2022"}]},{"@type":"WebSite","@id":"https:\/\/graziamagazine.com\/mx\/#website","url":"https:\/\/graziamagazine.com\/mx\/","name":"Grazia M\u00e9xico y Latinoam\u00e9rica","description":"Grazia es moda, belleza y noticias  de actualidad ","potentialAction":[{"@type":"SearchAction","target":{"@type":"EntryPoint","urlTemplate":"https:\/\/graziamagazine.com\/mx\/?s={search_term_string}"},"query-input":"required name=search_term_string"}],"inLanguage":"es-MX"}]}},"jetpack_sharing_enabled":true,"distributor_meta":false,"distributor_terms":false,"distributor_media":false,"distributor_original_site_name":"Grazia M\u00e9xico y Latinoam\u00e9rica","distributor_original_site_url":"https:\/\/graziamagazine.com\/mx","push-errors":false,"_links":{"self":[{"href":"https:\/\/graziamagazine.com\/mx\/wp-json\/wp\/v2\/articles\/107013"}],"collection":[{"href":"https:\/\/graziamagazine.com\/mx\/wp-json\/wp\/v2\/articles"}],"about":[{"href":"https:\/\/graziamagazine.com\/mx\/wp-json\/wp\/v2\/types\/articles"}],"author":[{"embeddable":true,"href":"https:\/\/graziamagazine.com\/mx\/wp-json\/wp\/v2\/users\/11628"}],"wp:featuredmedia":[{"embeddable":true,"href":"https:\/\/graziamagazine.com\/mx\/wp-json\/wp\/v2\/media\/107016"}],"wp:attachment":[{"href":"https:\/\/graziamagazine.com\/mx\/wp-json\/wp\/v2\/media?parent=107013"}],"wp:term":[{"taxonomy":"category","embeddable":true,"href":"https:\/\/graziamagazine.com\/mx\/wp-json\/wp\/v2\/categories?post=107013"}],"curies":[{"name":"wp","href":"https:\/\/api.w.org\/{rel}","templated":true}]}}