{"id":106919,"date":"2022-02-18T12:14:15","date_gmt":"2022-02-18T17:14:15","guid":{"rendered":"https:\/\/graziamagazine.com\/mx\/?post_type=articles&#038;p=106919"},"modified":"2022-02-18T12:30:50","modified_gmt":"2022-02-18T17:30:50","slug":"no-te-puedes-perder-a-austin-butler-interpretando-a-elvis-en-la-biopic-del-rey-del-rock-and-roll","status":"publish","type":"articles","link":"https:\/\/graziamagazine.com\/mx\/articles\/no-te-puedes-perder-a-austin-butler-interpretando-a-elvis-en-la-biopic-del-rey-del-rock-and-roll\/","title":{"rendered":"No te puedes perder a Austin Butler interpretando a Elvis en la biopic del rey del rock and roll"},"content":{"rendered":"<p><span style=\"font-weight: 400\">Unos meses antes de su estreno, <strong>Warner Bros.<\/strong> ha publicado el primer <em>trailer<\/em> de la biopic del legendario cantante <em><strong>Elvis<\/strong><\/em>, interpretado por el actor <strong>Austin Butler,<\/strong> bajo la direcci\u00f3n de <strong>Baz Luhrmann.<\/strong><\/span><\/p>\n<p><span style=\"font-weight: 400\">Antes de que te lo preguntes: s\u00ed, Butler canta con su propia voz las canciones de la pel\u00edcula documental. Y lo hace bastante bien. Ya podremos verlo en acci\u00f3n en salas de cine el <strong>24 de junio, d\u00eda del estreno.<\/strong><\/span><\/p>\n<p><span style=\"font-weight: 400\">La pel\u00edcula explorar\u00e1 la vida del difunto Elvis Presley a lo largo de tres grandes ejes. Luhrmann calific\u00f3 la historia del rey del <em>rock &#8216;n&#8217; roll<\/em> como un &#8220;gran lienzo para explorar en Estados Unidos&#8221;.<\/span><\/p>\n<p><span style=\"font-weight: 400\">Adem\u00e1s, el director dej\u00f3 en claro que la pel\u00edcula ser\u00e1 \u00fanicamente un estreno en cines, no habr\u00e1 estreno en ninguna plataforma <em>streaming.\u00a0<\/em><\/span><\/p>\n<p><img loading=\"lazy\" decoding=\"async\" class=\"alignnone size-medium wp-image-106923 aligncenter\" src=\"https:\/\/graziamagazine.com\/mx\/wp-content\/uploads\/sites\/13\/2022\/02\/elvis-baz-luhrmann-1628081215.jpeg?w=450\" alt=\"\" width=\"450\" height=\"226\" \/><\/p>\n<p><span style=\"font-weight: 400\">Junto a Austin Butler, <strong>Tom Hanks<\/strong> tendr\u00e1 un protag\u00f3nico al interpretar al infame coronel Tom Parker, el manager de Presley; mientras que <strong>Olivia DeJonge<\/strong> dar\u00e1 a vida a su esposa, Priscilla Presley. <strong>Dacre Montgomery, Luke Bracey, Yola y Maggie Gyllenhaal<\/strong>, son otros actores que forman parte del elenco.<\/span><\/p>\n<p><span style=\"font-weight: 400\">\u201cCuando comenc\u00e9 el proceso, me propuse que mi voz fuera id\u00e9ntica. Eso infunde miedo. Eso encendi\u00f3 el fuego. Durante un a\u00f1o antes de que empez\u00e1ramos a filmar, estaba haciendo entrenamiento de voz\u201d, dijo Austin Butler en relaci\u00f3n a que presta su voz para las canciones del joven Elvis, mientras que para su media edad ser\u00e1n una mezcla de Butler y cintas del cantante.<\/span><\/p>\n<p><span style=\"font-weight: 400\">Elvis tard\u00f3 m\u00e1s de dos a\u00f1os en realizarse debido a la pandemia. Tom Hanks se convirti\u00f3 en marzo de 2020 en una de las primeras estrellas importantes en anunciar que hab\u00edan contra\u00eddo covid-19, durante la producci\u00f3n de Elvis.\u00a0<\/span><\/p>\n<p><span style=\"font-weight: 400\">\u201cVi todo lo que pude, una y otra vez. Siento una gran responsabilidad hacia Elvis y [la ex esposa] Priscilla y [la hija] Lisa Marie, y todas las personas en todo el mundo que lo aman tanto\u201d, a\u00f1adi\u00f3 Butler en relaci\u00f3n a la gran tarea de encarnar a la leyenda de la m\u00fasica, que muri\u00f3 en 1977 a la edad de 42 a\u00f1os.<\/span><\/p>\n<p><span style=\"font-weight: 400\">Te dejamos el <em>trailer:<\/em><\/span><\/p>\n<p><iframe loading=\"lazy\" title=\"Baz Luhrmann\u2019s ELVIS | Official Trailer\" width=\"500\" height=\"281\" src=\"https:\/\/www.youtube.com\/embed\/wBDLRvjHVOY?feature=oembed\" frameborder=\"0\" allow=\"accelerometer; autoplay; clipboard-write; encrypted-media; gyroscope; picture-in-picture\" allowfullscreen><\/iframe><\/p>\n<p>&nbsp;<\/p>\n","protected":false},"author":11628,"featured_media":106924,"template":"","format":"standard","categories":[114],"acf":[],"yoast_head":"<!-- This site is optimized with the Yoast SEO Premium plugin v18.5 (Yoast SEO v20.4) - https:\/\/yoast.com\/wordpress\/plugins\/seo\/ -->\n<title>No te puedes perder a Austin Butler interpretando a Elvis en la biopic del rey del rock and roll | Grazia M\u00e9xico y Latinoam\u00e9rica<\/title>\n<meta name=\"description\" content=\"Elvis tard\u00f3 m\u00e1s de dos a\u00f1os en realizarse debido a la pandemia, pero finalmente tenemos trailer y fecha de estreno.\" \/>\n<meta name=\"robots\" content=\"index, follow, max-snippet:-1, max-image-preview:large, max-video-preview:-1\" \/>\n<link rel=\"canonical\" href=\"https:\/\/graziamagazine.com\/mx\/articles\/no-te-puedes-perder-a-austin-butler-interpretando-a-elvis-en-la-biopic-del-rey-del-rock-and-roll\/\" \/>\n<meta property=\"og:locale\" content=\"es_MX\" \/>\n<meta property=\"og:type\" content=\"article\" \/>\n<meta property=\"og:title\" content=\"No te puedes perder a Austin Butler interpretando a Elvis en la biopic del rey del rock and roll\" \/>\n<meta property=\"og:description\" content=\"Elvis tard\u00f3 m\u00e1s de dos a\u00f1os en realizarse debido a la pandemia, pero finalmente tenemos trailer y fecha de estreno.\" \/>\n<meta property=\"og:url\" content=\"https:\/\/graziamagazine.com\/mx\/articles\/no-te-puedes-perder-a-austin-butler-interpretando-a-elvis-en-la-biopic-del-rey-del-rock-and-roll\/\" \/>\n<meta property=\"og:site_name\" content=\"Grazia M\u00e9xico y Latinoam\u00e9rica\" \/>\n<meta property=\"article:modified_time\" content=\"2022-02-18T17:30:50+00:00\" \/>\n<meta property=\"og:image\" content=\"https:\/\/graziamagazine.com\/mx\/wp-content\/uploads\/sites\/13\/2022\/02\/MV5BMzlhZmNhZTgtYTAzYy00Mzc4LTk4ZTYtN2QzMDdlODliNmZhXkEyXkFqcGdeQXNuZXNodQ@@._V1_.jpg?fit=2057%2C1157\" \/>\n\t<meta property=\"og:image:width\" content=\"2057\" \/>\n\t<meta property=\"og:image:height\" content=\"1157\" \/>\n\t<meta property=\"og:image:type\" content=\"image\/jpeg\" \/>\n<meta name=\"twitter:card\" content=\"summary_large_image\" \/>\n<meta name=\"twitter:label1\" content=\"Est. reading time\" \/>\n\t<meta name=\"twitter:data1\" content=\"2 minutos\" \/>\n<script type=\"application\/ld+json\" class=\"yoast-schema-graph\">{\"@context\":\"https:\/\/schema.org\",\"@graph\":[{\"@type\":\"WebPage\",\"@id\":\"https:\/\/graziamagazine.com\/mx\/articles\/no-te-puedes-perder-a-austin-butler-interpretando-a-elvis-en-la-biopic-del-rey-del-rock-and-roll\/\",\"url\":\"https:\/\/graziamagazine.com\/mx\/articles\/no-te-puedes-perder-a-austin-butler-interpretando-a-elvis-en-la-biopic-del-rey-del-rock-and-roll\/\",\"name\":\"No te puedes perder a Austin Butler interpretando a Elvis en la biopic del rey del rock and roll | Grazia M\u00e9xico y Latinoam\u00e9rica\",\"isPartOf\":{\"@id\":\"https:\/\/graziamagazine.com\/mx\/#website\"},\"datePublished\":\"2022-02-18T17:14:15+00:00\",\"dateModified\":\"2022-02-18T17:30:50+00:00\",\"description\":\"Elvis tard\u00f3 m\u00e1s de dos a\u00f1os en realizarse debido a la pandemia, pero finalmente tenemos trailer y fecha de estreno.\",\"breadcrumb\":{\"@id\":\"https:\/\/graziamagazine.com\/mx\/articles\/no-te-puedes-perder-a-austin-butler-interpretando-a-elvis-en-la-biopic-del-rey-del-rock-and-roll\/#breadcrumb\"},\"inLanguage\":\"es-MX\",\"potentialAction\":[{\"@type\":\"ReadAction\",\"target\":[\"https:\/\/graziamagazine.com\/mx\/articles\/no-te-puedes-perder-a-austin-butler-interpretando-a-elvis-en-la-biopic-del-rey-del-rock-and-roll\/\"]}]},{\"@type\":\"BreadcrumbList\",\"@id\":\"https:\/\/graziamagazine.com\/mx\/articles\/no-te-puedes-perder-a-austin-butler-interpretando-a-elvis-en-la-biopic-del-rey-del-rock-and-roll\/#breadcrumb\",\"itemListElement\":[{\"@type\":\"ListItem\",\"position\":1,\"name\":\"Home\",\"item\":\"https:\/\/graziamagazine.com\/mx\/\"},{\"@type\":\"ListItem\",\"position\":2,\"name\":\"No te puedes perder a Austin Butler interpretando a Elvis en la biopic del rey del rock and roll\"}]},{\"@type\":\"WebSite\",\"@id\":\"https:\/\/graziamagazine.com\/mx\/#website\",\"url\":\"https:\/\/graziamagazine.com\/mx\/\",\"name\":\"Grazia M\u00e9xico y Latinoam\u00e9rica\",\"description\":\"Grazia es moda, belleza y noticias  de actualidad \",\"potentialAction\":[{\"@type\":\"SearchAction\",\"target\":{\"@type\":\"EntryPoint\",\"urlTemplate\":\"https:\/\/graziamagazine.com\/mx\/?s={search_term_string}\"},\"query-input\":\"required name=search_term_string\"}],\"inLanguage\":\"es-MX\"}]}<\/script>\n<!-- \/ Yoast SEO Premium plugin. -->","yoast_head_json":{"title":"No te puedes perder a Austin Butler interpretando a Elvis en la biopic del rey del rock and roll | Grazia M\u00e9xico y Latinoam\u00e9rica","description":"Elvis tard\u00f3 m\u00e1s de dos a\u00f1os en realizarse debido a la pandemia, pero finalmente tenemos trailer y fecha de estreno.","robots":{"index":"index","follow":"follow","max-snippet":"max-snippet:-1","max-image-preview":"max-image-preview:large","max-video-preview":"max-video-preview:-1"},"canonical":"https:\/\/graziamagazine.com\/mx\/articles\/no-te-puedes-perder-a-austin-butler-interpretando-a-elvis-en-la-biopic-del-rey-del-rock-and-roll\/","og_locale":"es_MX","og_type":"article","og_title":"No te puedes perder a Austin Butler interpretando a Elvis en la biopic del rey del rock and roll","og_description":"Elvis tard\u00f3 m\u00e1s de dos a\u00f1os en realizarse debido a la pandemia, pero finalmente tenemos trailer y fecha de estreno.","og_url":"https:\/\/graziamagazine.com\/mx\/articles\/no-te-puedes-perder-a-austin-butler-interpretando-a-elvis-en-la-biopic-del-rey-del-rock-and-roll\/","og_site_name":"Grazia M\u00e9xico y Latinoam\u00e9rica","article_modified_time":"2022-02-18T17:30:50+00:00","og_image":[{"width":2057,"height":1157,"url":"https:\/\/graziamagazine.com\/mx\/wp-content\/uploads\/sites\/13\/2022\/02\/MV5BMzlhZmNhZTgtYTAzYy00Mzc4LTk4ZTYtN2QzMDdlODliNmZhXkEyXkFqcGdeQXNuZXNodQ@@._V1_.jpg?fit=2057%2C1157","type":"image\/jpeg"}],"twitter_card":"summary_large_image","twitter_misc":{"Est. reading time":"2 minutos"},"schema":{"@context":"https:\/\/schema.org","@graph":[{"@type":"WebPage","@id":"https:\/\/graziamagazine.com\/mx\/articles\/no-te-puedes-perder-a-austin-butler-interpretando-a-elvis-en-la-biopic-del-rey-del-rock-and-roll\/","url":"https:\/\/graziamagazine.com\/mx\/articles\/no-te-puedes-perder-a-austin-butler-interpretando-a-elvis-en-la-biopic-del-rey-del-rock-and-roll\/","name":"No te puedes perder a Austin Butler interpretando a Elvis en la biopic del rey del rock and roll | Grazia M\u00e9xico y Latinoam\u00e9rica","isPartOf":{"@id":"https:\/\/graziamagazine.com\/mx\/#website"},"datePublished":"2022-02-18T17:14:15+00:00","dateModified":"2022-02-18T17:30:50+00:00","description":"Elvis tard\u00f3 m\u00e1s de dos a\u00f1os en realizarse debido a la pandemia, pero finalmente tenemos trailer y fecha de estreno.","breadcrumb":{"@id":"https:\/\/graziamagazine.com\/mx\/articles\/no-te-puedes-perder-a-austin-butler-interpretando-a-elvis-en-la-biopic-del-rey-del-rock-and-roll\/#breadcrumb"},"inLanguage":"es-MX","potentialAction":[{"@type":"ReadAction","target":["https:\/\/graziamagazine.com\/mx\/articles\/no-te-puedes-perder-a-austin-butler-interpretando-a-elvis-en-la-biopic-del-rey-del-rock-and-roll\/"]}]},{"@type":"BreadcrumbList","@id":"https:\/\/graziamagazine.com\/mx\/articles\/no-te-puedes-perder-a-austin-butler-interpretando-a-elvis-en-la-biopic-del-rey-del-rock-and-roll\/#breadcrumb","itemListElement":[{"@type":"ListItem","position":1,"name":"Home","item":"https:\/\/graziamagazine.com\/mx\/"},{"@type":"ListItem","position":2,"name":"No te puedes perder a Austin Butler interpretando a Elvis en la biopic del rey del rock and roll"}]},{"@type":"WebSite","@id":"https:\/\/graziamagazine.com\/mx\/#website","url":"https:\/\/graziamagazine.com\/mx\/","name":"Grazia M\u00e9xico y Latinoam\u00e9rica","description":"Grazia es moda, belleza y noticias  de actualidad ","potentialAction":[{"@type":"SearchAction","target":{"@type":"EntryPoint","urlTemplate":"https:\/\/graziamagazine.com\/mx\/?s={search_term_string}"},"query-input":"required name=search_term_string"}],"inLanguage":"es-MX"}]}},"jetpack_sharing_enabled":true,"distributor_meta":false,"distributor_terms":false,"distributor_media":false,"distributor_original_site_name":"Grazia M\u00e9xico y Latinoam\u00e9rica","distributor_original_site_url":"https:\/\/graziamagazine.com\/mx","push-errors":false,"_links":{"self":[{"href":"https:\/\/graziamagazine.com\/mx\/wp-json\/wp\/v2\/articles\/106919"}],"collection":[{"href":"https:\/\/graziamagazine.com\/mx\/wp-json\/wp\/v2\/articles"}],"about":[{"href":"https:\/\/graziamagazine.com\/mx\/wp-json\/wp\/v2\/types\/articles"}],"author":[{"embeddable":true,"href":"https:\/\/graziamagazine.com\/mx\/wp-json\/wp\/v2\/users\/11628"}],"wp:featuredmedia":[{"embeddable":true,"href":"https:\/\/graziamagazine.com\/mx\/wp-json\/wp\/v2\/media\/106924"}],"wp:attachment":[{"href":"https:\/\/graziamagazine.com\/mx\/wp-json\/wp\/v2\/media?parent=106919"}],"wp:term":[{"taxonomy":"category","embeddable":true,"href":"https:\/\/graziamagazine.com\/mx\/wp-json\/wp\/v2\/categories?post=106919"}],"curies":[{"name":"wp","href":"https:\/\/api.w.org\/{rel}","templated":true}]}}