{"id":106793,"date":"2022-02-15T11:33:53","date_gmt":"2022-02-15T16:33:53","guid":{"rendered":"https:\/\/graziamagazine.com\/mx\/?post_type=articles&#038;p=106793"},"modified":"2022-02-15T13:31:31","modified_gmt":"2022-02-15T18:31:31","slug":"los-polemicos-mensajes-de-kanye-west-y-su-ruptura-de-san-valentin","status":"publish","type":"articles","link":"https:\/\/graziamagazine.com\/mx\/articles\/los-polemicos-mensajes-de-kanye-west-y-su-ruptura-de-san-valentin\/","title":{"rendered":"Los pol\u00e9micos mensajes de Kanye West y su ruptura de San Valent\u00edn"},"content":{"rendered":"<p><span style=\"font-weight: 400\">El d\u00eda de San Valent\u00edn concluy\u00f3 as\u00ed como la relaci\u00f3n fugaz que hubo entre <strong>Kanye West y Julia Fox<\/strong> al confirmar su separaci\u00f3n.\u00a0<\/span><span style=\"font-weight: 400\">Un romance de algunos meses de los cuales muchos fuimos testigos, pues durante las vacaciones de Nochevieja estas dos figuras p\u00fablicas protagonizaron algunas salidas rom\u00e1nticas durante su corta relaci\u00f3n. Fox de 32 a\u00f1os quien comparte un hijo de 1 a\u00f1o con su ex <strong>Peter Artemiev<\/strong> y West de 44 dio detalles de la segunda salida en la ciudad de Nueva York. Luego, los dos fueron vistos en la <strong>Semana de la Moda de Par\u00eds<\/strong>, luciendo sorprendentes atuendos totalmente negros.<\/span><\/p>\n<figure id=\"attachment_106797\" aria-describedby=\"caption-attachment-106797\" style=\"width: 656px\" class=\"wp-caption alignnone\"><img loading=\"lazy\" decoding=\"async\" class=\"wp-image-106797 size-large\" src=\"https:\/\/graziamagazine.com\/mx\/wp-content\/uploads\/sites\/13\/2022\/02\/julia-fox-y-kanye-west.r_d.1564-615.jpeg?w=656\" alt=\"Semana de la moda en Paris, Ye y Julia Fox\" width=\"656\" height=\"370\" \/><figcaption id=\"caption-attachment-106797\" class=\"wp-caption-text\">Semana de la moda en Paris, Ye y Julia Fox<\/figcaption><\/figure>\n<p><span style=\"font-weight: 400\">Durante una entrevista, Fox insisti\u00f3 en que la relaci\u00f3n era genuina y no un intento de obtener m\u00e1s atenci\u00f3n para ella. <strong>&#8220;La gente dice &#8216;Oh, solo est\u00e1s en esto por la fama, est\u00e1s en esto por la influencia, est\u00e1s en esto por el dinero'&#8221;<\/strong>, le dijo Fox a Takesh el 21 de enero. &#8220;Cari\u00f1o, yo&#8221; He salido con multimillonarios toda mi vida adulta, seamos realistas&#8221;. Fox dijo m\u00e1s tarde que &#8220;realmente&#8221; no le importaba la atenci\u00f3n. &#8220;Solo me importa hacer mi arte y poner cosas en el mundo&#8221;, dijo. &#8220;Eso es m\u00e1s emocionante para m\u00ed ahora que tener ojos sobre m\u00ed. No podr\u00eda importarme menos&#8221;.<\/span><\/p>\n<p><span style=\"font-weight: 400\">Tal vez sus palabras fueron en vano, pues la separaci\u00f3n fue provocada despu\u00e9s de la explosiva serie de publicaciones que Ye hab\u00eda estado realizando en Instagram durante el fin de semana, en las que se fue contra el comediante de <strong>Saturday Night Live<\/strong>, Pete Davidson, quien ahora sale como su cita con su ex esposa, Kim Kardashian.<\/span><\/p>\n<figure id=\"attachment_106799\" aria-describedby=\"caption-attachment-106799\" style=\"width: 1024px\" class=\"wp-caption alignnone\"><img loading=\"lazy\" decoding=\"async\" class=\"wp-image-106799 size-large\" src=\"https:\/\/graziamagazine.com\/mx\/wp-content\/uploads\/sites\/13\/2022\/02\/Kim-Kardashian-no-puede-esperar-para-tener-bebes-con-Pete.jpg?w=1024\" alt=\"Kim Kardashian y Pete Davidson\" width=\"1024\" height=\"571\" \/><figcaption id=\"caption-attachment-106799\" class=\"wp-caption-text\">Kim Kardashian y Pete Davidson<\/figcaption><\/figure>\n<p><span style=\"font-weight: 400\">Ante las indirectas o no tan indirectas publicaciones del rapero, West aparento decir que todav\u00eda quer\u00eda reunirse con Kardashian.<\/span><\/p>\n<p><span style=\"font-weight: 400\">A todo esto, un representante de la actriz de Uncut Femes coment\u00f3 &#8220;Julia y Kanye siguen siendo buenos amigos y colaboradores, pero ya no est\u00e1n juntos&#8221;. Esta declaraci\u00f3n se origin\u00f3 a ra\u00edz de lo sucedido con los comentarios de West el fin de semana.<\/span><\/p>\n<p><span style=\"font-weight: 400\">&#8220;No tengo problemas con Kim&#8221;, escribi\u00f3 en may\u00fasculas junto a una foto de paparazzi de Kardashian y Davidson. &#8220;Amo a mi familia, as\u00ed que deja esta narrativa. No voy a renunciar a mi familia. Compr\u00e9 este abrigo para Kim antes de <strong>SNL<\/strong>. Pens\u00e9 que era particularmente especial. Tengo fe en que volveremos a estar juntos&#8221;.<\/span><\/p>\n<p><span style=\"font-weight: 400\">Mientras tanto, Julia Fox celebr\u00f3 el d\u00eda de los enamorados abriendo la pasarela de <strong>LaQuan Smith<\/strong>, manteni\u00e9ndose ocupada en preparativos para salir deslumbrante, Fox se encontraba en <\/span><i><span style=\"font-weight: 400\">backstage <\/span><\/i><span style=\"font-weight: 400\">portando un vestido negro con cortes elegantes y sensuales.<\/span><\/p>\n<figure id=\"attachment_106794\" aria-describedby=\"caption-attachment-106794\" style=\"width: 683px\" class=\"wp-caption alignnone\"><img loading=\"lazy\" decoding=\"async\" class=\"wp-image-106794 size-large\" src=\"https:\/\/graziamagazine.com\/mx\/wp-content\/uploads\/sites\/13\/2022\/02\/Adam-Katz-Sinding-Backstage-at-Laquan-Smith-New-York-Fashion-Week-Fall-Winter-2022-2023_AKS2484.jpeg?w=683\" alt=\"Julia Fox, abriendo desfile para LaQuan Smith\" width=\"683\" height=\"1024\" \/><figcaption id=\"caption-attachment-106794\" class=\"wp-caption-text\">Julia Fox, abriendo desfile para LaQuan Smith<\/figcaption><\/figure>\n<p><span style=\"font-weight: 400\">\u201cJulia ha sido mi chica desde el primer d\u00eda\u201d, dijo Smith en exclusiva a WWD de Fox, quien recientemente le dijo al presentador del podcast \u201cCall Your Daddy\u201d, Alex Cooper, que ella no es ajena a ser una musa. \u201cJulia me ha apoyado mucho desde mis primeros d\u00edas. Ella siempre viene a m\u00ed por un catsuit desagradable para salir de noche en la ciudad y se sent\u00eda un poco presionado y amordazado y yo estaba como, &#8216;hag\u00e1moslo&#8217;. No es descabellado. La gente anticipa venir a un espect\u00e1culo de LaQuan Smith por un momento de broma, un poco de emoci\u00f3n\u201d, continu\u00f3 Smith. \u201cPens\u00e9 que ahora es el momento perfecto para hacerlo, simplemente arroj\u00e9mosla all\u00ed. Se ve incre\u00edble, y yo solo quiero divertirme con ella\u201d.<\/span><\/p>\n<p><span style=\"font-weight: 400\">En medio de todo el caos, Kim Kardashian presume su romance con Pete Davidson quien tambi\u00e9n le envi\u00f3 corazoncitos a la hermana de Kim, <strong>Khloe Kardashian<\/strong>.<\/span><\/p>\n<p><span style=\"font-weight: 400\">Este d\u00eda de San Valent\u00edn Khloe recibi\u00f3 muchos regalos y uno de ellos fue por parte de Davidson, regal\u00e1ndole un ramo de flores rosas que inclu\u00eda lirios, rosas y hortensias. &#8220;\u00a1El m\u00e1s dulce! \u00a1Gracias, Pete!&#8221;, coment\u00f3 Khloe.<\/span><\/p>\n<figure id=\"attachment_106798\" aria-describedby=\"caption-attachment-106798\" style=\"width: 565px\" class=\"wp-caption alignnone\"><img loading=\"lazy\" decoding=\"async\" class=\"wp-image-106798 size-large\" src=\"https:\/\/graziamagazine.com\/mx\/wp-content\/uploads\/sites\/13\/2022\/02\/f768x1-21882_22009_233.jpg?w=565\" alt=\"Khloe Kardashian reacciona a regalo de Pete Davidson\" width=\"565\" height=\"1024\" \/><figcaption id=\"caption-attachment-106798\" class=\"wp-caption-text\">Khloe Kardashian reacciona a regalo de Pete Davidson<\/figcaption><\/figure>\n<p><span style=\"font-weight: 400\">La hermana de Kim tambi\u00e9n coment\u00f3 en E! News respecto a la relaci\u00f3n que ambos tienen<strong> &#8220;Ella est\u00e1 muy feliz<\/strong> en este momento y se est\u00e1 divirtiendo mucho. Le gusta d\u00f3nde est\u00e1 en la vida y le encanta este nuevo cap\u00edtulo&#8221;.<\/span><\/p>\n<p>&nbsp;<\/p>\n","protected":false},"author":28953,"featured_media":106796,"template":"","format":"standard","categories":[2],"acf":[],"yoast_head":"<!-- This site is optimized with the Yoast SEO Premium plugin v18.5 (Yoast SEO v20.4) - https:\/\/yoast.com\/wordpress\/plugins\/seo\/ -->\n<title>Los pol\u00e9micos mensajes de Kanye West y su ruptura de San Valent\u00edn | Grazia M\u00e9xico y Latinoam\u00e9rica<\/title>\n<meta name=\"description\" content=\"El d\u00eda de San Valent\u00edn concluy\u00f3 as\u00ed como la relaci\u00f3n fugaz que hubo entre Kanye West y Julia Fox al confirmar su separaci\u00f3n.\u00a0Un romance de algunos meses\" \/>\n<meta name=\"robots\" content=\"index, follow, max-snippet:-1, max-image-preview:large, max-video-preview:-1\" \/>\n<link rel=\"canonical\" href=\"https:\/\/graziamagazine.com\/mx\/articles\/los-polemicos-mensajes-de-kanye-west-y-su-ruptura-de-san-valentin\/\" \/>\n<meta property=\"og:locale\" content=\"es_MX\" \/>\n<meta property=\"og:type\" content=\"article\" \/>\n<meta property=\"og:title\" content=\"Los pol\u00e9micos mensajes de Kanye West y su ruptura de San Valent\u00edn\" \/>\n<meta property=\"og:description\" content=\"El d\u00eda de San Valent\u00edn concluy\u00f3 as\u00ed como la relaci\u00f3n fugaz que hubo entre Kanye West y Julia Fox al confirmar su separaci\u00f3n.\u00a0Un romance de algunos meses\" \/>\n<meta property=\"og:url\" content=\"https:\/\/graziamagazine.com\/mx\/articles\/los-polemicos-mensajes-de-kanye-west-y-su-ruptura-de-san-valentin\/\" \/>\n<meta property=\"og:site_name\" content=\"Grazia M\u00e9xico y Latinoam\u00e9rica\" \/>\n<meta property=\"article:modified_time\" content=\"2022-02-15T18:31:31+00:00\" \/>\n<meta property=\"og:image\" content=\"https:\/\/graziamagazine.com\/mx\/wp-content\/uploads\/sites\/13\/2022\/02\/111-1641404864-kanye-t.jpg?fit=800%2C480\" \/>\n\t<meta property=\"og:image:width\" content=\"800\" \/>\n\t<meta property=\"og:image:height\" content=\"480\" \/>\n\t<meta property=\"og:image:type\" content=\"image\/jpeg\" \/>\n<meta name=\"twitter:card\" content=\"summary_large_image\" \/>\n<meta name=\"twitter:label1\" content=\"Est. reading time\" \/>\n\t<meta name=\"twitter:data1\" content=\"4 minutos\" \/>\n<script type=\"application\/ld+json\" class=\"yoast-schema-graph\">{\"@context\":\"https:\/\/schema.org\",\"@graph\":[{\"@type\":\"WebPage\",\"@id\":\"https:\/\/graziamagazine.com\/mx\/articles\/los-polemicos-mensajes-de-kanye-west-y-su-ruptura-de-san-valentin\/\",\"url\":\"https:\/\/graziamagazine.com\/mx\/articles\/los-polemicos-mensajes-de-kanye-west-y-su-ruptura-de-san-valentin\/\",\"name\":\"Los pol\u00e9micos mensajes de Kanye West y su ruptura de San Valent\u00edn | Grazia M\u00e9xico y Latinoam\u00e9rica\",\"isPartOf\":{\"@id\":\"https:\/\/graziamagazine.com\/mx\/#website\"},\"datePublished\":\"2022-02-15T16:33:53+00:00\",\"dateModified\":\"2022-02-15T18:31:31+00:00\",\"description\":\"El d\u00eda de San Valent\u00edn concluy\u00f3 as\u00ed como la relaci\u00f3n fugaz que hubo entre Kanye West y Julia Fox al confirmar su separaci\u00f3n.\u00a0Un romance de algunos meses\",\"breadcrumb\":{\"@id\":\"https:\/\/graziamagazine.com\/mx\/articles\/los-polemicos-mensajes-de-kanye-west-y-su-ruptura-de-san-valentin\/#breadcrumb\"},\"inLanguage\":\"es-MX\",\"potentialAction\":[{\"@type\":\"ReadAction\",\"target\":[\"https:\/\/graziamagazine.com\/mx\/articles\/los-polemicos-mensajes-de-kanye-west-y-su-ruptura-de-san-valentin\/\"]}]},{\"@type\":\"BreadcrumbList\",\"@id\":\"https:\/\/graziamagazine.com\/mx\/articles\/los-polemicos-mensajes-de-kanye-west-y-su-ruptura-de-san-valentin\/#breadcrumb\",\"itemListElement\":[{\"@type\":\"ListItem\",\"position\":1,\"name\":\"Home\",\"item\":\"https:\/\/graziamagazine.com\/mx\/\"},{\"@type\":\"ListItem\",\"position\":2,\"name\":\"Los pol\u00e9micos mensajes de Kanye West y su ruptura de San Valent\u00edn\"}]},{\"@type\":\"WebSite\",\"@id\":\"https:\/\/graziamagazine.com\/mx\/#website\",\"url\":\"https:\/\/graziamagazine.com\/mx\/\",\"name\":\"Grazia M\u00e9xico y Latinoam\u00e9rica\",\"description\":\"Grazia es moda, belleza y noticias  de actualidad \",\"potentialAction\":[{\"@type\":\"SearchAction\",\"target\":{\"@type\":\"EntryPoint\",\"urlTemplate\":\"https:\/\/graziamagazine.com\/mx\/?s={search_term_string}\"},\"query-input\":\"required name=search_term_string\"}],\"inLanguage\":\"es-MX\"}]}<\/script>\n<!-- \/ Yoast SEO Premium plugin. -->","yoast_head_json":{"title":"Los pol\u00e9micos mensajes de Kanye West y su ruptura de San Valent\u00edn | Grazia M\u00e9xico y Latinoam\u00e9rica","description":"El d\u00eda de San Valent\u00edn concluy\u00f3 as\u00ed como la relaci\u00f3n fugaz que hubo entre Kanye West y Julia Fox al confirmar su separaci\u00f3n.\u00a0Un romance de algunos meses","robots":{"index":"index","follow":"follow","max-snippet":"max-snippet:-1","max-image-preview":"max-image-preview:large","max-video-preview":"max-video-preview:-1"},"canonical":"https:\/\/graziamagazine.com\/mx\/articles\/los-polemicos-mensajes-de-kanye-west-y-su-ruptura-de-san-valentin\/","og_locale":"es_MX","og_type":"article","og_title":"Los pol\u00e9micos mensajes de Kanye West y su ruptura de San Valent\u00edn","og_description":"El d\u00eda de San Valent\u00edn concluy\u00f3 as\u00ed como la relaci\u00f3n fugaz que hubo entre Kanye West y Julia Fox al confirmar su separaci\u00f3n.\u00a0Un romance de algunos meses","og_url":"https:\/\/graziamagazine.com\/mx\/articles\/los-polemicos-mensajes-de-kanye-west-y-su-ruptura-de-san-valentin\/","og_site_name":"Grazia M\u00e9xico y Latinoam\u00e9rica","article_modified_time":"2022-02-15T18:31:31+00:00","og_image":[{"width":800,"height":480,"url":"https:\/\/graziamagazine.com\/mx\/wp-content\/uploads\/sites\/13\/2022\/02\/111-1641404864-kanye-t.jpg?fit=800%2C480","type":"image\/jpeg"}],"twitter_card":"summary_large_image","twitter_misc":{"Est. reading time":"4 minutos"},"schema":{"@context":"https:\/\/schema.org","@graph":[{"@type":"WebPage","@id":"https:\/\/graziamagazine.com\/mx\/articles\/los-polemicos-mensajes-de-kanye-west-y-su-ruptura-de-san-valentin\/","url":"https:\/\/graziamagazine.com\/mx\/articles\/los-polemicos-mensajes-de-kanye-west-y-su-ruptura-de-san-valentin\/","name":"Los pol\u00e9micos mensajes de Kanye West y su ruptura de San Valent\u00edn | Grazia M\u00e9xico y Latinoam\u00e9rica","isPartOf":{"@id":"https:\/\/graziamagazine.com\/mx\/#website"},"datePublished":"2022-02-15T16:33:53+00:00","dateModified":"2022-02-15T18:31:31+00:00","description":"El d\u00eda de San Valent\u00edn concluy\u00f3 as\u00ed como la relaci\u00f3n fugaz que hubo entre Kanye West y Julia Fox al confirmar su separaci\u00f3n.\u00a0Un romance de algunos meses","breadcrumb":{"@id":"https:\/\/graziamagazine.com\/mx\/articles\/los-polemicos-mensajes-de-kanye-west-y-su-ruptura-de-san-valentin\/#breadcrumb"},"inLanguage":"es-MX","potentialAction":[{"@type":"ReadAction","target":["https:\/\/graziamagazine.com\/mx\/articles\/los-polemicos-mensajes-de-kanye-west-y-su-ruptura-de-san-valentin\/"]}]},{"@type":"BreadcrumbList","@id":"https:\/\/graziamagazine.com\/mx\/articles\/los-polemicos-mensajes-de-kanye-west-y-su-ruptura-de-san-valentin\/#breadcrumb","itemListElement":[{"@type":"ListItem","position":1,"name":"Home","item":"https:\/\/graziamagazine.com\/mx\/"},{"@type":"ListItem","position":2,"name":"Los pol\u00e9micos mensajes de Kanye West y su ruptura de San Valent\u00edn"}]},{"@type":"WebSite","@id":"https:\/\/graziamagazine.com\/mx\/#website","url":"https:\/\/graziamagazine.com\/mx\/","name":"Grazia M\u00e9xico y Latinoam\u00e9rica","description":"Grazia es moda, belleza y noticias  de actualidad ","potentialAction":[{"@type":"SearchAction","target":{"@type":"EntryPoint","urlTemplate":"https:\/\/graziamagazine.com\/mx\/?s={search_term_string}"},"query-input":"required name=search_term_string"}],"inLanguage":"es-MX"}]}},"jetpack_sharing_enabled":true,"distributor_meta":false,"distributor_terms":false,"distributor_media":false,"distributor_original_site_name":"Grazia M\u00e9xico y Latinoam\u00e9rica","distributor_original_site_url":"https:\/\/graziamagazine.com\/mx","push-errors":false,"_links":{"self":[{"href":"https:\/\/graziamagazine.com\/mx\/wp-json\/wp\/v2\/articles\/106793"}],"collection":[{"href":"https:\/\/graziamagazine.com\/mx\/wp-json\/wp\/v2\/articles"}],"about":[{"href":"https:\/\/graziamagazine.com\/mx\/wp-json\/wp\/v2\/types\/articles"}],"author":[{"embeddable":true,"href":"https:\/\/graziamagazine.com\/mx\/wp-json\/wp\/v2\/users\/28953"}],"wp:featuredmedia":[{"embeddable":true,"href":"https:\/\/graziamagazine.com\/mx\/wp-json\/wp\/v2\/media\/106796"}],"wp:attachment":[{"href":"https:\/\/graziamagazine.com\/mx\/wp-json\/wp\/v2\/media?parent=106793"}],"wp:term":[{"taxonomy":"category","embeddable":true,"href":"https:\/\/graziamagazine.com\/mx\/wp-json\/wp\/v2\/categories?post=106793"}],"curies":[{"name":"wp","href":"https:\/\/api.w.org\/{rel}","templated":true}]}}