{"id":106703,"date":"2022-02-12T11:11:49","date_gmt":"2022-02-12T16:11:49","guid":{"rendered":"https:\/\/graziamagazine.com\/mx\/?post_type=articles&#038;p=106703"},"modified":"2022-02-11T12:28:54","modified_gmt":"2022-02-11T17:28:54","slug":"salen-a-la-venta-los-derechos-cinematograficos-de-el-senor-de-los-anillos-y-el-hobbit","status":"publish","type":"articles","link":"https:\/\/graziamagazine.com\/mx\/articles\/salen-a-la-venta-los-derechos-cinematograficos-de-el-senor-de-los-anillos-y-el-hobbit\/","title":{"rendered":"Salen a la venta Los derechos cinematogr\u00e1ficos de \u201cEl se\u00f1or de los anillos\u201d y \u201cEl Hobbit\u201d"},"content":{"rendered":"<p><span style=\"font-weight: 400\">Una de las sagas m\u00e1s exitosas de todos los tiempos estar\u00e1 a la venta, pues una gran diversidad de pel\u00edculas, videojuegos, juegos, <em>merchandising<\/em> y eventos en vivo de la aclamada trama <\/span><span style=\"font-weight: 400\">\u00a0\u201cEl se\u00f1or de los anillos\u201d y \u201cEl Hobbit\u201d del autor<\/span><b> JRR Tolkien<\/b><span style=\"font-weight: 400\"> estar\u00e1n en subasta ahora que <\/span><b>Saul Zaentz Co<\/b><span style=\"font-weight: 400\">. ha decidido poner a la venta sus pertenencias de Tolkien.<\/span><\/p>\n<p><span style=\"font-weight: 400\">Pero todo tiene una raz\u00f3n de ser y es que Amazon Prime Video esta mas que listo para el estreno de su mega presupuestada versi\u00f3n de la serie de televisi\u00f3n de la emblem\u00e1tica saga <\/span><span style=\"font-weight: 400\">\u00a0<\/span><b>&#8220;El Se\u00f1or de los Anillos&#8221;<\/b><span style=\"font-weight: 400\">, <\/span><b>&#8220;El Se\u00f1or de los Anillos: Los Anillos de Poder&#8221;<\/b><span style=\"font-weight: 400\"> este 2 de septiembre.<\/span><\/p>\n<figure id=\"attachment_106708\" aria-describedby=\"caption-attachment-106708\" style=\"width: 1024px\" class=\"wp-caption alignnone\"><img loading=\"lazy\" decoding=\"async\" class=\"wp-image-106708 size-large\" src=\"https:\/\/graziamagazine.com\/mx\/wp-content\/uploads\/sites\/13\/2022\/02\/El-senor-de-los-anillos.jpg?w=1024\" alt=\"Sale a la venta los derechos de \u201cEl se\u00f1or de los anillos\u201d y \u201cEl Hobbit\u201d\" width=\"1024\" height=\"480\" \/><figcaption id=\"caption-attachment-106708\" class=\"wp-caption-text\">Sale a la venta los derechos de \u201cEl se\u00f1or de los anillos\u201d y \u201cEl Hobbit\u201d<\/figcaption><\/figure>\n<p><span style=\"font-weight: 400\">Zaentz Co. contrat\u00f3 a <strong>ACF Investment Bank<\/strong>, quien ser\u00e1 la empresa encargada de manejar todo el proceso de venta que por obvias razones esta noticia interesa a todos los estudios, Amazon encabeza la lista de los principales candidatos para buscar los derechos adicionales que ahora posee Zaentz. <\/span><\/p>\n<p><span style=\"font-weight: 400\">La operaci\u00f3n de las propiedades de Tolkien est\u00e1n valoradas en 2 millones de d\u00f3lares de las cuales esta operaci\u00f3n abarca los derechos de utilizar las propiedades de <\/span><b>&#8220;El Se\u00f1or&#8221;<\/b><span style=\"font-weight: 400\"> y <\/span><b>&#8220;El Hobbit&#8221;<\/b><span style=\"font-weight: 400\"> en pel\u00edculas, videojuegos, comercializaci\u00f3n, eventos en vivo y parques tem\u00e1ticos. Dentro de este super paquete, tambi\u00e9n est\u00e1n incluidos los derechos de coincidencia limitados en caso de que el patrimonio de Tolkien decida hacer pel\u00edculas u otro contenido basado en dos compilaciones de escritos de Tolkien que se publicaron despu\u00e9s de su muerte en 1973: <\/span><b>&#8220;El Silmarillion&#8221;<\/b><span style=\"font-weight: 400\"> y <\/span><b>&#8220;Los cuentos inacabados de N\u00famenor y la Tierra Media&#8221;<\/b><span style=\"font-weight: 400\">.<\/span><\/p>\n<figure id=\"attachment_106710\" aria-describedby=\"caption-attachment-106710\" style=\"width: 1024px\" class=\"wp-caption alignnone\"><img loading=\"lazy\" decoding=\"async\" class=\"wp-image-106710 size-large\" src=\"https:\/\/graziamagazine.com\/mx\/wp-content\/uploads\/sites\/13\/2022\/02\/El_Hobbit_Un_viaje_inesperado-805042501-large.jpg?w=1024\" alt=\"&quot;El Hobbit&quot;\" width=\"1024\" height=\"683\" \/><figcaption id=\"caption-attachment-106710\" class=\"wp-caption-text\">&#8220;El Hobbit&#8221;<\/figcaption><\/figure>\n<p><span style=\"font-weight: 400\">Warner Bros es parte de los derechos que se mantienen en desarrollo cinematogr\u00e1fico\u00a0 con los \u00e9xitos de taquilla mundial as\u00ed como premios Oscar por la ovacionada trilog\u00eda del director Peter Jackson <\/span><b>&#8220;La comunidad del anillo&#8221; <\/b><span style=\"font-weight: 400\">en 2001, <\/span><b>&#8220;Las dos torres&#8221;<\/b><span style=\"font-weight: 400\"> en 2002 y<\/span><b> &#8220;El retorno del rey&#8221; <\/b><span style=\"font-weight: 400\">en 2003.<\/span><\/p>\n<p><span style=\"font-weight: 400\">Seg\u00fan fuentes, el a\u00f1o pasado se ha escuchado que el estudio tiene planes para producir una pel\u00edcula con <\/span><b>New Line<\/b><span style=\"font-weight: 400\"> y <\/span><b>Warner Bros. Animation<\/b><span style=\"font-weight: 400\">,<\/span><b> \u201cEl Se\u00f1or de los Anillos: La Guerra de los Rohirrim\u201d<\/b><span style=\"font-weight: 400\">.<\/span><\/p>\n<p><span style=\"font-weight: 400\">Al no estar activos por parte de Warner Bros, Zaentz Co. ha tenido algunos pleitos sobre qui\u00e9n mantiene exactamente los derechos . Esta raz\u00f3n y el lanzamiento de Amazon le bastaron a Zaentz Co. para poner a la venta los derechos de las sagas.<\/span><\/p>\n<figure id=\"attachment_106711\" aria-describedby=\"caption-attachment-106711\" style=\"width: 1024px\" class=\"wp-caption alignnone\"><img loading=\"lazy\" decoding=\"async\" class=\"wp-image-106711 size-large\" src=\"https:\/\/graziamagazine.com\/mx\/wp-content\/uploads\/sites\/13\/2022\/02\/229254_1140x516.jpg?w=1024\" alt=\"&quot;El Se\u00f1or de los Anillos&quot; JRR Tolkien\" width=\"1024\" height=\"463\" \/><figcaption id=\"caption-attachment-106711\" class=\"wp-caption-text\">&#8220;El Se\u00f1or de los Anillos&#8221; JRR Tolkien<\/figcaption><\/figure>\n<p>&nbsp;<\/p>\n","protected":false},"author":28953,"featured_media":106704,"template":"","format":"standard","categories":[114],"acf":[],"yoast_head":"<!-- This site is optimized with the Yoast SEO Premium plugin v18.5 (Yoast SEO v20.4) - https:\/\/yoast.com\/wordpress\/plugins\/seo\/ -->\n<title>Salen a la venta Los derechos cinematogr\u00e1ficos de \u201cEl se\u00f1or de los anillos\u201d y \u201cEl Hobbit\u201d | Grazia M\u00e9xico y Latinoam\u00e9rica<\/title>\n<meta name=\"description\" content=\"Una de las sagas m\u00e1s exitosas de todos los tiempos estar\u00e1 a la venta, pues una gran diversidad de pel\u00edculas, videojuegos, juegos, merchandising y eventos\" \/>\n<meta name=\"robots\" content=\"index, follow, max-snippet:-1, max-image-preview:large, max-video-preview:-1\" \/>\n<link rel=\"canonical\" href=\"https:\/\/graziamagazine.com\/mx\/articles\/salen-a-la-venta-los-derechos-cinematograficos-de-el-senor-de-los-anillos-y-el-hobbit\/\" \/>\n<meta property=\"og:locale\" content=\"es_MX\" \/>\n<meta property=\"og:type\" content=\"article\" \/>\n<meta property=\"og:title\" content=\"Salen a la venta Los derechos cinematogr\u00e1ficos de \u201cEl se\u00f1or de los anillos\u201d y \u201cEl Hobbit\u201d\" \/>\n<meta property=\"og:description\" content=\"Una de las sagas m\u00e1s exitosas de todos los tiempos estar\u00e1 a la venta, pues una gran diversidad de pel\u00edculas, videojuegos, juegos, merchandising y eventos\" \/>\n<meta property=\"og:url\" content=\"https:\/\/graziamagazine.com\/mx\/articles\/salen-a-la-venta-los-derechos-cinematograficos-de-el-senor-de-los-anillos-y-el-hobbit\/\" \/>\n<meta property=\"og:site_name\" content=\"Grazia M\u00e9xico y Latinoam\u00e9rica\" \/>\n<meta property=\"article:modified_time\" content=\"2022-02-11T17:28:54+00:00\" \/>\n<meta property=\"og:image\" content=\"https:\/\/graziamagazine.com\/mx\/wp-content\/uploads\/sites\/13\/2022\/02\/Business_Insider_Mexico_Anillo.jpg\" \/>\n\t<meta property=\"og:image:width\" content=\"2000\" \/>\n\t<meta property=\"og:image:height\" content=\"1000\" \/>\n\t<meta property=\"og:image:type\" content=\"image\/jpeg\" \/>\n<meta name=\"twitter:card\" content=\"summary_large_image\" \/>\n<meta name=\"twitter:label1\" content=\"Est. reading time\" \/>\n\t<meta name=\"twitter:data1\" content=\"2 minutos\" \/>\n<script type=\"application\/ld+json\" class=\"yoast-schema-graph\">{\"@context\":\"https:\/\/schema.org\",\"@graph\":[{\"@type\":\"WebPage\",\"@id\":\"https:\/\/graziamagazine.com\/mx\/articles\/salen-a-la-venta-los-derechos-cinematograficos-de-el-senor-de-los-anillos-y-el-hobbit\/\",\"url\":\"https:\/\/graziamagazine.com\/mx\/articles\/salen-a-la-venta-los-derechos-cinematograficos-de-el-senor-de-los-anillos-y-el-hobbit\/\",\"name\":\"Salen a la venta Los derechos cinematogr\u00e1ficos de \u201cEl se\u00f1or de los anillos\u201d y \u201cEl Hobbit\u201d | Grazia M\u00e9xico y Latinoam\u00e9rica\",\"isPartOf\":{\"@id\":\"https:\/\/graziamagazine.com\/mx\/#website\"},\"datePublished\":\"2022-02-12T16:11:49+00:00\",\"dateModified\":\"2022-02-11T17:28:54+00:00\",\"description\":\"Una de las sagas m\u00e1s exitosas de todos los tiempos estar\u00e1 a la venta, pues una gran diversidad de pel\u00edculas, videojuegos, juegos, merchandising y eventos\",\"breadcrumb\":{\"@id\":\"https:\/\/graziamagazine.com\/mx\/articles\/salen-a-la-venta-los-derechos-cinematograficos-de-el-senor-de-los-anillos-y-el-hobbit\/#breadcrumb\"},\"inLanguage\":\"es-MX\",\"potentialAction\":[{\"@type\":\"ReadAction\",\"target\":[\"https:\/\/graziamagazine.com\/mx\/articles\/salen-a-la-venta-los-derechos-cinematograficos-de-el-senor-de-los-anillos-y-el-hobbit\/\"]}]},{\"@type\":\"BreadcrumbList\",\"@id\":\"https:\/\/graziamagazine.com\/mx\/articles\/salen-a-la-venta-los-derechos-cinematograficos-de-el-senor-de-los-anillos-y-el-hobbit\/#breadcrumb\",\"itemListElement\":[{\"@type\":\"ListItem\",\"position\":1,\"name\":\"Home\",\"item\":\"https:\/\/graziamagazine.com\/mx\/\"},{\"@type\":\"ListItem\",\"position\":2,\"name\":\"Salen a la venta Los derechos cinematogr\u00e1ficos de \u201cEl se\u00f1or de los anillos\u201d y \u201cEl Hobbit\u201d\"}]},{\"@type\":\"WebSite\",\"@id\":\"https:\/\/graziamagazine.com\/mx\/#website\",\"url\":\"https:\/\/graziamagazine.com\/mx\/\",\"name\":\"Grazia M\u00e9xico y Latinoam\u00e9rica\",\"description\":\"Grazia es moda, belleza y noticias  de actualidad \",\"potentialAction\":[{\"@type\":\"SearchAction\",\"target\":{\"@type\":\"EntryPoint\",\"urlTemplate\":\"https:\/\/graziamagazine.com\/mx\/?s={search_term_string}\"},\"query-input\":\"required name=search_term_string\"}],\"inLanguage\":\"es-MX\"}]}<\/script>\n<!-- \/ Yoast SEO Premium plugin. -->","yoast_head_json":{"title":"Salen a la venta Los derechos cinematogr\u00e1ficos de \u201cEl se\u00f1or de los anillos\u201d y \u201cEl Hobbit\u201d | Grazia M\u00e9xico y Latinoam\u00e9rica","description":"Una de las sagas m\u00e1s exitosas de todos los tiempos estar\u00e1 a la venta, pues una gran diversidad de pel\u00edculas, videojuegos, juegos, merchandising y eventos","robots":{"index":"index","follow":"follow","max-snippet":"max-snippet:-1","max-image-preview":"max-image-preview:large","max-video-preview":"max-video-preview:-1"},"canonical":"https:\/\/graziamagazine.com\/mx\/articles\/salen-a-la-venta-los-derechos-cinematograficos-de-el-senor-de-los-anillos-y-el-hobbit\/","og_locale":"es_MX","og_type":"article","og_title":"Salen a la venta Los derechos cinematogr\u00e1ficos de \u201cEl se\u00f1or de los anillos\u201d y \u201cEl Hobbit\u201d","og_description":"Una de las sagas m\u00e1s exitosas de todos los tiempos estar\u00e1 a la venta, pues una gran diversidad de pel\u00edculas, videojuegos, juegos, merchandising y eventos","og_url":"https:\/\/graziamagazine.com\/mx\/articles\/salen-a-la-venta-los-derechos-cinematograficos-de-el-senor-de-los-anillos-y-el-hobbit\/","og_site_name":"Grazia M\u00e9xico y Latinoam\u00e9rica","article_modified_time":"2022-02-11T17:28:54+00:00","og_image":[{"width":2000,"height":1000,"url":"https:\/\/graziamagazine.com\/mx\/wp-content\/uploads\/sites\/13\/2022\/02\/Business_Insider_Mexico_Anillo.jpg","type":"image\/jpeg"}],"twitter_card":"summary_large_image","twitter_misc":{"Est. reading time":"2 minutos"},"schema":{"@context":"https:\/\/schema.org","@graph":[{"@type":"WebPage","@id":"https:\/\/graziamagazine.com\/mx\/articles\/salen-a-la-venta-los-derechos-cinematograficos-de-el-senor-de-los-anillos-y-el-hobbit\/","url":"https:\/\/graziamagazine.com\/mx\/articles\/salen-a-la-venta-los-derechos-cinematograficos-de-el-senor-de-los-anillos-y-el-hobbit\/","name":"Salen a la venta Los derechos cinematogr\u00e1ficos de \u201cEl se\u00f1or de los anillos\u201d y \u201cEl Hobbit\u201d | Grazia M\u00e9xico y Latinoam\u00e9rica","isPartOf":{"@id":"https:\/\/graziamagazine.com\/mx\/#website"},"datePublished":"2022-02-12T16:11:49+00:00","dateModified":"2022-02-11T17:28:54+00:00","description":"Una de las sagas m\u00e1s exitosas de todos los tiempos estar\u00e1 a la venta, pues una gran diversidad de pel\u00edculas, videojuegos, juegos, merchandising y eventos","breadcrumb":{"@id":"https:\/\/graziamagazine.com\/mx\/articles\/salen-a-la-venta-los-derechos-cinematograficos-de-el-senor-de-los-anillos-y-el-hobbit\/#breadcrumb"},"inLanguage":"es-MX","potentialAction":[{"@type":"ReadAction","target":["https:\/\/graziamagazine.com\/mx\/articles\/salen-a-la-venta-los-derechos-cinematograficos-de-el-senor-de-los-anillos-y-el-hobbit\/"]}]},{"@type":"BreadcrumbList","@id":"https:\/\/graziamagazine.com\/mx\/articles\/salen-a-la-venta-los-derechos-cinematograficos-de-el-senor-de-los-anillos-y-el-hobbit\/#breadcrumb","itemListElement":[{"@type":"ListItem","position":1,"name":"Home","item":"https:\/\/graziamagazine.com\/mx\/"},{"@type":"ListItem","position":2,"name":"Salen a la venta Los derechos cinematogr\u00e1ficos de \u201cEl se\u00f1or de los anillos\u201d y \u201cEl Hobbit\u201d"}]},{"@type":"WebSite","@id":"https:\/\/graziamagazine.com\/mx\/#website","url":"https:\/\/graziamagazine.com\/mx\/","name":"Grazia M\u00e9xico y Latinoam\u00e9rica","description":"Grazia es moda, belleza y noticias  de actualidad ","potentialAction":[{"@type":"SearchAction","target":{"@type":"EntryPoint","urlTemplate":"https:\/\/graziamagazine.com\/mx\/?s={search_term_string}"},"query-input":"required name=search_term_string"}],"inLanguage":"es-MX"}]}},"jetpack_sharing_enabled":true,"distributor_meta":false,"distributor_terms":false,"distributor_media":false,"distributor_original_site_name":"Grazia M\u00e9xico y Latinoam\u00e9rica","distributor_original_site_url":"https:\/\/graziamagazine.com\/mx","push-errors":false,"_links":{"self":[{"href":"https:\/\/graziamagazine.com\/mx\/wp-json\/wp\/v2\/articles\/106703"}],"collection":[{"href":"https:\/\/graziamagazine.com\/mx\/wp-json\/wp\/v2\/articles"}],"about":[{"href":"https:\/\/graziamagazine.com\/mx\/wp-json\/wp\/v2\/types\/articles"}],"author":[{"embeddable":true,"href":"https:\/\/graziamagazine.com\/mx\/wp-json\/wp\/v2\/users\/28953"}],"wp:featuredmedia":[{"embeddable":true,"href":"https:\/\/graziamagazine.com\/mx\/wp-json\/wp\/v2\/media\/106704"}],"wp:attachment":[{"href":"https:\/\/graziamagazine.com\/mx\/wp-json\/wp\/v2\/media?parent=106703"}],"wp:term":[{"taxonomy":"category","embeddable":true,"href":"https:\/\/graziamagazine.com\/mx\/wp-json\/wp\/v2\/categories?post=106703"}],"curies":[{"name":"wp","href":"https:\/\/api.w.org\/{rel}","templated":true}]}}