{"id":106664,"date":"2022-02-10T13:30:37","date_gmt":"2022-02-10T18:30:37","guid":{"rendered":"https:\/\/graziamagazine.com\/mx\/?post_type=articles&#038;p=106664"},"modified":"2022-02-10T14:28:30","modified_gmt":"2022-02-10T19:28:30","slug":"celine-dion-se-aparta-de-los-escenarios-por-problemas-de-salud","status":"publish","type":"articles","link":"https:\/\/graziamagazine.com\/mx\/articles\/celine-dion-se-aparta-de-los-escenarios-por-problemas-de-salud\/","title":{"rendered":"C\u00e8line Dion se aparta de los escenarios por problemas de salud"},"content":{"rendered":"<p><span style=\"font-weight: 400\">Sin duda el potencial art\u00edstico, su talento, voz, glamour y carisma nos han enamorado de la gran<strong> C\u00e8line Dion<\/strong>, pues su entrega en cada canci\u00f3n nos ha puesto mas de una vez la piel de gallina. La cantante que nos ha emocionado y hecho llorar al mismo tiempo ha creado una carrera profesional desde su participaci\u00f3n en la pel\u00edcula de James Cameron y su interpretaci\u00f3n en la pel\u00edcula <\/span><strong><i>Titanic<\/i><\/strong><span style=\"font-weight: 400\"> que seguramente ha hecho historia.<\/span><\/p>\n<p><span style=\"font-weight: 400\">Sin embargo la cantante C\u00e8line Dion de<strong> 53 a\u00f1os<\/strong> ha presentado graves <strong>problemas de salud<\/strong>, pues en 2021, en el mes de octubre se vio obligada a<strong> posponer conciertos en Las Vegas<\/strong> debido a que sufr\u00eda una enfermedad que le imped\u00eda seguir adelante con sus shows.<\/span><\/p>\n<p><span style=\"font-weight: 400\">La noticia presentada por la artista hace tres semanas creo inquietud ante sus fans pues hab\u00eda anunciado que no se encontraba bien de salud, debido a espasmos musculares y que ten\u00eda que guardar reposo. Deseando su pronta recuperaci\u00f3n su estado de salud empeor\u00f3 y debido a esto tuvo que cancelar los espect\u00e1culos de su <em><strong>Courage World Tour.<\/strong><\/em><\/span><\/p>\n<figure id=\"attachment_106667\" aria-describedby=\"caption-attachment-106667\" style=\"width: 681px\" class=\"wp-caption alignnone\"><img loading=\"lazy\" decoding=\"async\" class=\"wp-image-106667 size-large\" src=\"https:\/\/graziamagazine.com\/mx\/wp-content\/uploads\/sites\/13\/2022\/02\/celine-dion.jpg?w=681\" alt=\"C\u00e8line Dion, actuaci\u00f3n en vivo Inglaterra, 2019\" width=\"681\" height=\"1024\" \/><figcaption id=\"caption-attachment-106667\" class=\"wp-caption-text\">C\u00e8line Dion, actuaci\u00f3n en vivo Inglaterra, 2019<\/figcaption><\/figure>\n<p><span style=\"font-weight: 400\">En una nota Celine coment\u00f3 que \u201cha sido tratada de severos y persistentes espasmos musculares que est\u00e1n impidiendo que pueda actuar y su recuperaci\u00f3n est\u00e1 durando m\u00e1s de lo que ella esperaba\u201d y que su equipo m\u00e9dico estaba \u201cevaluando y tratando su condici\u00f3n\u201d.<\/span><\/p>\n<p><span style=\"font-weight: 400\">La protagonista de <strong>\u201cMy heart will go on\u201d,<\/strong> espera con muchas ansias poder pisar de nuevo su casa, su escenario durante el mes de febrero pero el panorama no se ve muy claro a\u00fan, pues todav\u00eda no se encuentra lo suficientemente estable como para dar la profesional explosi\u00f3n que tanto la caracteriza en todos sus conciertos, dejando el alma en cada uno de nosotros.<\/span><\/p>\n<p><span style=\"font-weight: 400\">\u201cEsperaba encontrarme ya bien, pero supongo que tengo que ser m\u00e1s paciente y <\/span><b>tengo que hacer lo que mis m\u00e9dicos digan<\/b><span style=\"font-weight: 400\">\u201d, redact\u00f3 C\u00e9line en un escrito que fue publicado en su perfil de Instagram. \u201cHay mucha organizaci\u00f3n y preparaci\u00f3n en mis espect\u00e1culos, as\u00ed que ahora mismo tenemos que tomar muchas decisiones que afectar\u00e1n a los planes de dentro de dos meses\u201d.<\/span><\/p>\n<figure id=\"attachment_106669\" aria-describedby=\"caption-attachment-106669\" style=\"width: 1024px\" class=\"wp-caption alignnone\"><img loading=\"lazy\" decoding=\"async\" class=\"wp-image-106669 size-large\" src=\"https:\/\/graziamagazine.com\/mx\/wp-content\/uploads\/sites\/13\/2022\/02\/tvn-17012020140931.jpg?w=1024\" alt=\"Fans se preocupan por estado f\u00edsico de la cantante C\u00e9line Dion \" width=\"1024\" height=\"576\" \/><figcaption id=\"caption-attachment-106669\" class=\"wp-caption-text\">Fans se preocupan por estado f\u00edsico de la cantante C\u00e9line Dion<\/figcaption><\/figure>\n<p><span style=\"font-weight: 400\">Fieles, sus fans han estado al pendiente de la artista y por obvias razones han expresado y manifestado la preocupaci\u00f3n por la salud de la cantante. Preocupados por la extrema delgadez con la que actualmente aparece Dion se han creando rumores y especulaciones sobre el estado tanto f\u00edsico como emocional de la cantante y sale a relucir como aclaraci\u00f3n por parte de una amiga cercana que \u201cCeline <\/span><b>sufre desde hace mucho un problema digestivo<\/b><span style=\"font-weight: 400\">, que es lo que provoca sus espasmos musculares y que pierda mucho peso. Y esto se nota a\u00fan m\u00e1s en ella, que ya de por s\u00ed es delgada\u00bb, habl\u00f3 la amiga de la cantante. \u201cNo es una enfermedad grave y no necesita operaci\u00f3n, pero requiere un tratamiento largo en el tiempo\u201d, con cierto positivismo en sus palabras, finaliz\u00f3 la amiga de C\u00e8line.<\/span><\/p>\n<blockquote class=\"twitter-tweet\" data-width=\"500\" data-dnt=\"true\">\n<p lang=\"fr\" dir=\"ltr\">\ud83d\udea8 NOUVELLES PHOTOS<a href=\"https:\/\/twitter.com\/celinedion?ref_src=twsrc%5Etfw\" target=\"_blank\">@celinedion<\/a> le 19 janvier 2022 \u00e0 Henderson pr\u00e8s de Las Vegas avec ses jumeaux Nelson &amp; Eddy chez le dentiste. <a href=\"https:\/\/t.co\/djtfXNfoCu\" target=\"_blank\">pic.twitter.com\/djtfXNfoCu<\/a><\/p>\n<p>&mdash; CelineDionFansFrance (@CDionFansFrance) <a href=\"https:\/\/twitter.com\/CDionFansFrance\/status\/1486582245783740416?ref_src=twsrc%5Etfw\" target=\"_blank\">January 27, 2022<\/a><\/p><\/blockquote>\n<p><script async src=\"https:\/\/platform.twitter.com\/widgets.js\" charset=\"utf-8\"><\/script><\/p>\n<p><span style=\"font-weight: 400\">Deseamos la pronta recuperaci\u00f3n de la cantante, pues creemos que a\u00fan tiene mucho por luchar y expresar a trav\u00e9s de esa imponente voz que ha sido parte de nuestros corazones.<\/span><\/p>\n<p>&nbsp;<\/p>\n","protected":false},"author":28953,"featured_media":106666,"template":"","format":"standard","categories":[2],"acf":[],"yoast_head":"<!-- This site is optimized with the Yoast SEO Premium plugin v18.5 (Yoast SEO v20.4) - https:\/\/yoast.com\/wordpress\/plugins\/seo\/ -->\n<title>C\u00e8line Dion se aparta de los escenarios por problemas de salud | Grazia M\u00e9xico y Latinoam\u00e9rica<\/title>\n<meta name=\"description\" content=\"Sin duda el potencial art\u00edstico, su talento, voz, glamour y carisma nos han enamorado de la gran C\u00e8line Dion, pues su entrega en cada canci\u00f3n nos ha\" \/>\n<meta name=\"robots\" content=\"index, follow, max-snippet:-1, max-image-preview:large, max-video-preview:-1\" \/>\n<link rel=\"canonical\" href=\"https:\/\/graziamagazine.com\/mx\/articles\/celine-dion-se-aparta-de-los-escenarios-por-problemas-de-salud\/\" \/>\n<meta property=\"og:locale\" content=\"es_MX\" \/>\n<meta property=\"og:type\" content=\"article\" \/>\n<meta property=\"og:title\" content=\"C\u00e8line Dion se aparta de los escenarios por problemas de salud\" \/>\n<meta property=\"og:description\" content=\"Sin duda el potencial art\u00edstico, su talento, voz, glamour y carisma nos han enamorado de la gran C\u00e8line Dion, pues su entrega en cada canci\u00f3n nos ha\" \/>\n<meta property=\"og:url\" content=\"https:\/\/graziamagazine.com\/mx\/articles\/celine-dion-se-aparta-de-los-escenarios-por-problemas-de-salud\/\" \/>\n<meta property=\"og:site_name\" content=\"Grazia M\u00e9xico y Latinoam\u00e9rica\" \/>\n<meta property=\"article:modified_time\" content=\"2022-02-10T19:28:30+00:00\" \/>\n<meta property=\"og:image\" content=\"https:\/\/graziamagazine.com\/mx\/wp-content\/uploads\/sites\/13\/2022\/02\/620228e8360000972824e503.jpg?fit=720%2C480\" \/>\n\t<meta property=\"og:image:width\" content=\"720\" \/>\n\t<meta property=\"og:image:height\" content=\"480\" \/>\n\t<meta property=\"og:image:type\" content=\"image\/jpeg\" \/>\n<meta name=\"twitter:card\" content=\"summary_large_image\" \/>\n<meta name=\"twitter:label1\" content=\"Est. reading time\" \/>\n\t<meta name=\"twitter:data1\" content=\"3 minutos\" \/>\n<script type=\"application\/ld+json\" class=\"yoast-schema-graph\">{\"@context\":\"https:\/\/schema.org\",\"@graph\":[{\"@type\":\"WebPage\",\"@id\":\"https:\/\/graziamagazine.com\/mx\/articles\/celine-dion-se-aparta-de-los-escenarios-por-problemas-de-salud\/\",\"url\":\"https:\/\/graziamagazine.com\/mx\/articles\/celine-dion-se-aparta-de-los-escenarios-por-problemas-de-salud\/\",\"name\":\"C\u00e8line Dion se aparta de los escenarios por problemas de salud | Grazia M\u00e9xico y Latinoam\u00e9rica\",\"isPartOf\":{\"@id\":\"https:\/\/graziamagazine.com\/mx\/#website\"},\"datePublished\":\"2022-02-10T18:30:37+00:00\",\"dateModified\":\"2022-02-10T19:28:30+00:00\",\"description\":\"Sin duda el potencial art\u00edstico, su talento, voz, glamour y carisma nos han enamorado de la gran C\u00e8line Dion, pues su entrega en cada canci\u00f3n nos ha\",\"breadcrumb\":{\"@id\":\"https:\/\/graziamagazine.com\/mx\/articles\/celine-dion-se-aparta-de-los-escenarios-por-problemas-de-salud\/#breadcrumb\"},\"inLanguage\":\"es-MX\",\"potentialAction\":[{\"@type\":\"ReadAction\",\"target\":[\"https:\/\/graziamagazine.com\/mx\/articles\/celine-dion-se-aparta-de-los-escenarios-por-problemas-de-salud\/\"]}]},{\"@type\":\"BreadcrumbList\",\"@id\":\"https:\/\/graziamagazine.com\/mx\/articles\/celine-dion-se-aparta-de-los-escenarios-por-problemas-de-salud\/#breadcrumb\",\"itemListElement\":[{\"@type\":\"ListItem\",\"position\":1,\"name\":\"Home\",\"item\":\"https:\/\/graziamagazine.com\/mx\/\"},{\"@type\":\"ListItem\",\"position\":2,\"name\":\"C\u00e8line Dion se aparta de los escenarios por problemas de salud\"}]},{\"@type\":\"WebSite\",\"@id\":\"https:\/\/graziamagazine.com\/mx\/#website\",\"url\":\"https:\/\/graziamagazine.com\/mx\/\",\"name\":\"Grazia M\u00e9xico y Latinoam\u00e9rica\",\"description\":\"Grazia es moda, belleza y noticias  de actualidad \",\"potentialAction\":[{\"@type\":\"SearchAction\",\"target\":{\"@type\":\"EntryPoint\",\"urlTemplate\":\"https:\/\/graziamagazine.com\/mx\/?s={search_term_string}\"},\"query-input\":\"required name=search_term_string\"}],\"inLanguage\":\"es-MX\"}]}<\/script>\n<!-- \/ Yoast SEO Premium plugin. -->","yoast_head_json":{"title":"C\u00e8line Dion se aparta de los escenarios por problemas de salud | Grazia M\u00e9xico y Latinoam\u00e9rica","description":"Sin duda el potencial art\u00edstico, su talento, voz, glamour y carisma nos han enamorado de la gran C\u00e8line Dion, pues su entrega en cada canci\u00f3n nos ha","robots":{"index":"index","follow":"follow","max-snippet":"max-snippet:-1","max-image-preview":"max-image-preview:large","max-video-preview":"max-video-preview:-1"},"canonical":"https:\/\/graziamagazine.com\/mx\/articles\/celine-dion-se-aparta-de-los-escenarios-por-problemas-de-salud\/","og_locale":"es_MX","og_type":"article","og_title":"C\u00e8line Dion se aparta de los escenarios por problemas de salud","og_description":"Sin duda el potencial art\u00edstico, su talento, voz, glamour y carisma nos han enamorado de la gran C\u00e8line Dion, pues su entrega en cada canci\u00f3n nos ha","og_url":"https:\/\/graziamagazine.com\/mx\/articles\/celine-dion-se-aparta-de-los-escenarios-por-problemas-de-salud\/","og_site_name":"Grazia M\u00e9xico y Latinoam\u00e9rica","article_modified_time":"2022-02-10T19:28:30+00:00","og_image":[{"width":720,"height":480,"url":"https:\/\/graziamagazine.com\/mx\/wp-content\/uploads\/sites\/13\/2022\/02\/620228e8360000972824e503.jpg?fit=720%2C480","type":"image\/jpeg"}],"twitter_card":"summary_large_image","twitter_misc":{"Est. reading time":"3 minutos"},"schema":{"@context":"https:\/\/schema.org","@graph":[{"@type":"WebPage","@id":"https:\/\/graziamagazine.com\/mx\/articles\/celine-dion-se-aparta-de-los-escenarios-por-problemas-de-salud\/","url":"https:\/\/graziamagazine.com\/mx\/articles\/celine-dion-se-aparta-de-los-escenarios-por-problemas-de-salud\/","name":"C\u00e8line Dion se aparta de los escenarios por problemas de salud | Grazia M\u00e9xico y Latinoam\u00e9rica","isPartOf":{"@id":"https:\/\/graziamagazine.com\/mx\/#website"},"datePublished":"2022-02-10T18:30:37+00:00","dateModified":"2022-02-10T19:28:30+00:00","description":"Sin duda el potencial art\u00edstico, su talento, voz, glamour y carisma nos han enamorado de la gran C\u00e8line Dion, pues su entrega en cada canci\u00f3n nos ha","breadcrumb":{"@id":"https:\/\/graziamagazine.com\/mx\/articles\/celine-dion-se-aparta-de-los-escenarios-por-problemas-de-salud\/#breadcrumb"},"inLanguage":"es-MX","potentialAction":[{"@type":"ReadAction","target":["https:\/\/graziamagazine.com\/mx\/articles\/celine-dion-se-aparta-de-los-escenarios-por-problemas-de-salud\/"]}]},{"@type":"BreadcrumbList","@id":"https:\/\/graziamagazine.com\/mx\/articles\/celine-dion-se-aparta-de-los-escenarios-por-problemas-de-salud\/#breadcrumb","itemListElement":[{"@type":"ListItem","position":1,"name":"Home","item":"https:\/\/graziamagazine.com\/mx\/"},{"@type":"ListItem","position":2,"name":"C\u00e8line Dion se aparta de los escenarios por problemas de salud"}]},{"@type":"WebSite","@id":"https:\/\/graziamagazine.com\/mx\/#website","url":"https:\/\/graziamagazine.com\/mx\/","name":"Grazia M\u00e9xico y Latinoam\u00e9rica","description":"Grazia es moda, belleza y noticias  de actualidad ","potentialAction":[{"@type":"SearchAction","target":{"@type":"EntryPoint","urlTemplate":"https:\/\/graziamagazine.com\/mx\/?s={search_term_string}"},"query-input":"required name=search_term_string"}],"inLanguage":"es-MX"}]}},"jetpack_sharing_enabled":true,"distributor_meta":false,"distributor_terms":false,"distributor_media":false,"distributor_original_site_name":"Grazia M\u00e9xico y Latinoam\u00e9rica","distributor_original_site_url":"https:\/\/graziamagazine.com\/mx","push-errors":false,"_links":{"self":[{"href":"https:\/\/graziamagazine.com\/mx\/wp-json\/wp\/v2\/articles\/106664"}],"collection":[{"href":"https:\/\/graziamagazine.com\/mx\/wp-json\/wp\/v2\/articles"}],"about":[{"href":"https:\/\/graziamagazine.com\/mx\/wp-json\/wp\/v2\/types\/articles"}],"author":[{"embeddable":true,"href":"https:\/\/graziamagazine.com\/mx\/wp-json\/wp\/v2\/users\/28953"}],"wp:featuredmedia":[{"embeddable":true,"href":"https:\/\/graziamagazine.com\/mx\/wp-json\/wp\/v2\/media\/106666"}],"wp:attachment":[{"href":"https:\/\/graziamagazine.com\/mx\/wp-json\/wp\/v2\/media?parent=106664"}],"wp:term":[{"taxonomy":"category","embeddable":true,"href":"https:\/\/graziamagazine.com\/mx\/wp-json\/wp\/v2\/categories?post=106664"}],"curies":[{"name":"wp","href":"https:\/\/api.w.org\/{rel}","templated":true}]}}