{"id":106456,"date":"2022-02-03T19:35:25","date_gmt":"2022-02-04T00:35:25","guid":{"rendered":"https:\/\/graziamagazine.com\/mx\/?post_type=articles&#038;p=106456"},"modified":"2022-02-03T21:29:47","modified_gmt":"2022-02-04T02:29:47","slug":"la-reunion-del-ano-meghan-markle-y-prince-harry-se-reunen-con-zendaya-y-tom-holland","status":"publish","type":"articles","link":"https:\/\/graziamagazine.com\/mx\/articles\/la-reunion-del-ano-meghan-markle-y-prince-harry-se-reunen-con-zendaya-y-tom-holland\/","title":{"rendered":"La reuni\u00f3n del a\u00f1o: Meghan Markle y prince Harry se re\u00fanen con Zendaya y Tom Holland"},"content":{"rendered":"<p><span style=\"font-weight: 400\">El <strong>pr\u00edncipe Harry y Meghan Markle<\/strong> est\u00e1n en conversaciones con<strong> Tom Holland y Zendaya<\/strong> para sus pr\u00f3ximos proyectos. \u00bfPuedes imaginar una mejor idea? \u00a1Que nos inviten!<\/span><\/p>\n<p><span style=\"font-weight: 400\">Seg\u00fan se ha revelado, Harry y Meghan est\u00e1n haciendo todo lo posible para salvar sus acuerdos con <strong>Netflix y Spotify<\/strong>, y para ello necesitan refuerzos, por lo que est\u00e1n en conversaciones con las estrellas los actores de Spider-Man para este refuerzo, especialmente ahora que aumenta la demanda de sus proyectos <em>streaming.<\/em><\/span><\/p>\n<p><span style=\"font-weight: 400\">&#8220;Tom y Zendaya estaban bastante desconcertados&#8221;, dijo uno de los viejos amigos de Harry a un medio de comunicaci\u00f3n<\/span><\/p>\n<p><span style=\"font-weight: 400\">&#8220;La reuni\u00f3n se llev\u00f3 a cabo&#8221;, aunque se manej\u00f3 en secreto y se reunieron en su casa de Montecito, California.<\/span><\/p>\n<p><span style=\"font-weight: 400\">La reuni\u00f3n surgi\u00f3 despu\u00e9s de que, supuestamente, Spotify tom\u00f3 la producci\u00f3n del proyecto favorito de los<strong> duques de Sussex<\/strong> en sus propias manos. Y ahora los dos quieren salvar su trato multimillonario con Netflix.<\/span><\/p>\n<p><span style=\"font-weight: 400\">No est\u00e1 claro por qu\u00e9 Harry y Meghan estaban tan interesados \u200b\u200ben conocer a Holland y Zendaya, pero los fan\u00e1ticos y los expertos creen que esperaban persuadirlos para que participaran en uno de sus proyectos en medio de su creciente fama.<\/span><\/p>\n<p><span style=\"font-weight: 400\">Adem\u00e1s de que se trata de otra pareja de famosos.<\/span><\/p>\n<p><span style=\"font-weight: 400\">\u00bfT\u00fa qu\u00e9 piensas?<\/span><\/p>\n","protected":false},"author":11628,"featured_media":103659,"template":"","format":"standard","categories":[114],"acf":[],"yoast_head":"<!-- This site is optimized with the Yoast SEO Premium plugin v18.5 (Yoast SEO v20.4) - https:\/\/yoast.com\/wordpress\/plugins\/seo\/ -->\n<title>La reuni\u00f3n del a\u00f1o: Meghan Markle y prince Harry se re\u00fanen con Zendaya y Tom Holland | Grazia M\u00e9xico y Latinoam\u00e9rica<\/title>\n<meta name=\"description\" content=\"Una misteriosa reuni\u00f3n en privado de la que no sabemos mucho, pero esperamos demasiado.\" \/>\n<meta name=\"robots\" content=\"index, follow, max-snippet:-1, max-image-preview:large, max-video-preview:-1\" \/>\n<link rel=\"canonical\" href=\"https:\/\/graziamagazine.com\/mx\/articles\/la-reunion-del-ano-meghan-markle-y-prince-harry-se-reunen-con-zendaya-y-tom-holland\/\" \/>\n<meta property=\"og:locale\" content=\"es_MX\" \/>\n<meta property=\"og:type\" content=\"article\" \/>\n<meta property=\"og:title\" content=\"La reuni\u00f3n del a\u00f1o: Meghan Markle y prince Harry se re\u00fanen con Zendaya y Tom Holland\" \/>\n<meta property=\"og:description\" content=\"Una misteriosa reuni\u00f3n en privado de la que no sabemos mucho, pero esperamos demasiado.\" \/>\n<meta property=\"og:url\" content=\"https:\/\/graziamagazine.com\/mx\/articles\/la-reunion-del-ano-meghan-markle-y-prince-harry-se-reunen-con-zendaya-y-tom-holland\/\" \/>\n<meta property=\"og:site_name\" content=\"Grazia M\u00e9xico y Latinoam\u00e9rica\" \/>\n<meta property=\"article:modified_time\" content=\"2022-02-04T02:29:47+00:00\" \/>\n<meta property=\"og:image\" content=\"https:\/\/graziamagazine.com\/mx\/wp-content\/uploads\/sites\/13\/2021\/11\/spider-man-tom-holland-zendaya.jpeg?fit=800%2C450\" \/>\n\t<meta property=\"og:image:width\" content=\"800\" \/>\n\t<meta property=\"og:image:height\" content=\"450\" \/>\n\t<meta property=\"og:image:type\" content=\"image\/jpeg\" \/>\n<meta name=\"twitter:card\" content=\"summary_large_image\" \/>\n<meta name=\"twitter:label1\" content=\"Est. reading time\" \/>\n\t<meta name=\"twitter:data1\" content=\"1 minuto\" \/>\n<script type=\"application\/ld+json\" class=\"yoast-schema-graph\">{\"@context\":\"https:\/\/schema.org\",\"@graph\":[{\"@type\":\"WebPage\",\"@id\":\"https:\/\/graziamagazine.com\/mx\/articles\/la-reunion-del-ano-meghan-markle-y-prince-harry-se-reunen-con-zendaya-y-tom-holland\/\",\"url\":\"https:\/\/graziamagazine.com\/mx\/articles\/la-reunion-del-ano-meghan-markle-y-prince-harry-se-reunen-con-zendaya-y-tom-holland\/\",\"name\":\"La reuni\u00f3n del a\u00f1o: Meghan Markle y prince Harry se re\u00fanen con Zendaya y Tom Holland | Grazia M\u00e9xico y Latinoam\u00e9rica\",\"isPartOf\":{\"@id\":\"https:\/\/graziamagazine.com\/mx\/#website\"},\"datePublished\":\"2022-02-04T00:35:25+00:00\",\"dateModified\":\"2022-02-04T02:29:47+00:00\",\"description\":\"Una misteriosa reuni\u00f3n en privado de la que no sabemos mucho, pero esperamos demasiado.\",\"breadcrumb\":{\"@id\":\"https:\/\/graziamagazine.com\/mx\/articles\/la-reunion-del-ano-meghan-markle-y-prince-harry-se-reunen-con-zendaya-y-tom-holland\/#breadcrumb\"},\"inLanguage\":\"es-MX\",\"potentialAction\":[{\"@type\":\"ReadAction\",\"target\":[\"https:\/\/graziamagazine.com\/mx\/articles\/la-reunion-del-ano-meghan-markle-y-prince-harry-se-reunen-con-zendaya-y-tom-holland\/\"]}]},{\"@type\":\"BreadcrumbList\",\"@id\":\"https:\/\/graziamagazine.com\/mx\/articles\/la-reunion-del-ano-meghan-markle-y-prince-harry-se-reunen-con-zendaya-y-tom-holland\/#breadcrumb\",\"itemListElement\":[{\"@type\":\"ListItem\",\"position\":1,\"name\":\"Home\",\"item\":\"https:\/\/graziamagazine.com\/mx\/\"},{\"@type\":\"ListItem\",\"position\":2,\"name\":\"La reuni\u00f3n del a\u00f1o: Meghan Markle y prince Harry se re\u00fanen con Zendaya y Tom Holland\"}]},{\"@type\":\"WebSite\",\"@id\":\"https:\/\/graziamagazine.com\/mx\/#website\",\"url\":\"https:\/\/graziamagazine.com\/mx\/\",\"name\":\"Grazia M\u00e9xico y Latinoam\u00e9rica\",\"description\":\"Grazia es moda, belleza y noticias  de actualidad \",\"potentialAction\":[{\"@type\":\"SearchAction\",\"target\":{\"@type\":\"EntryPoint\",\"urlTemplate\":\"https:\/\/graziamagazine.com\/mx\/?s={search_term_string}\"},\"query-input\":\"required name=search_term_string\"}],\"inLanguage\":\"es-MX\"}]}<\/script>\n<!-- \/ Yoast SEO Premium plugin. -->","yoast_head_json":{"title":"La reuni\u00f3n del a\u00f1o: Meghan Markle y prince Harry se re\u00fanen con Zendaya y Tom Holland | Grazia M\u00e9xico y Latinoam\u00e9rica","description":"Una misteriosa reuni\u00f3n en privado de la que no sabemos mucho, pero esperamos demasiado.","robots":{"index":"index","follow":"follow","max-snippet":"max-snippet:-1","max-image-preview":"max-image-preview:large","max-video-preview":"max-video-preview:-1"},"canonical":"https:\/\/graziamagazine.com\/mx\/articles\/la-reunion-del-ano-meghan-markle-y-prince-harry-se-reunen-con-zendaya-y-tom-holland\/","og_locale":"es_MX","og_type":"article","og_title":"La reuni\u00f3n del a\u00f1o: Meghan Markle y prince Harry se re\u00fanen con Zendaya y Tom Holland","og_description":"Una misteriosa reuni\u00f3n en privado de la que no sabemos mucho, pero esperamos demasiado.","og_url":"https:\/\/graziamagazine.com\/mx\/articles\/la-reunion-del-ano-meghan-markle-y-prince-harry-se-reunen-con-zendaya-y-tom-holland\/","og_site_name":"Grazia M\u00e9xico y Latinoam\u00e9rica","article_modified_time":"2022-02-04T02:29:47+00:00","og_image":[{"width":800,"height":450,"url":"https:\/\/graziamagazine.com\/mx\/wp-content\/uploads\/sites\/13\/2021\/11\/spider-man-tom-holland-zendaya.jpeg?fit=800%2C450","type":"image\/jpeg"}],"twitter_card":"summary_large_image","twitter_misc":{"Est. reading time":"1 minuto"},"schema":{"@context":"https:\/\/schema.org","@graph":[{"@type":"WebPage","@id":"https:\/\/graziamagazine.com\/mx\/articles\/la-reunion-del-ano-meghan-markle-y-prince-harry-se-reunen-con-zendaya-y-tom-holland\/","url":"https:\/\/graziamagazine.com\/mx\/articles\/la-reunion-del-ano-meghan-markle-y-prince-harry-se-reunen-con-zendaya-y-tom-holland\/","name":"La reuni\u00f3n del a\u00f1o: Meghan Markle y prince Harry se re\u00fanen con Zendaya y Tom Holland | Grazia M\u00e9xico y Latinoam\u00e9rica","isPartOf":{"@id":"https:\/\/graziamagazine.com\/mx\/#website"},"datePublished":"2022-02-04T00:35:25+00:00","dateModified":"2022-02-04T02:29:47+00:00","description":"Una misteriosa reuni\u00f3n en privado de la que no sabemos mucho, pero esperamos demasiado.","breadcrumb":{"@id":"https:\/\/graziamagazine.com\/mx\/articles\/la-reunion-del-ano-meghan-markle-y-prince-harry-se-reunen-con-zendaya-y-tom-holland\/#breadcrumb"},"inLanguage":"es-MX","potentialAction":[{"@type":"ReadAction","target":["https:\/\/graziamagazine.com\/mx\/articles\/la-reunion-del-ano-meghan-markle-y-prince-harry-se-reunen-con-zendaya-y-tom-holland\/"]}]},{"@type":"BreadcrumbList","@id":"https:\/\/graziamagazine.com\/mx\/articles\/la-reunion-del-ano-meghan-markle-y-prince-harry-se-reunen-con-zendaya-y-tom-holland\/#breadcrumb","itemListElement":[{"@type":"ListItem","position":1,"name":"Home","item":"https:\/\/graziamagazine.com\/mx\/"},{"@type":"ListItem","position":2,"name":"La reuni\u00f3n del a\u00f1o: Meghan Markle y prince Harry se re\u00fanen con Zendaya y Tom Holland"}]},{"@type":"WebSite","@id":"https:\/\/graziamagazine.com\/mx\/#website","url":"https:\/\/graziamagazine.com\/mx\/","name":"Grazia M\u00e9xico y Latinoam\u00e9rica","description":"Grazia es moda, belleza y noticias  de actualidad ","potentialAction":[{"@type":"SearchAction","target":{"@type":"EntryPoint","urlTemplate":"https:\/\/graziamagazine.com\/mx\/?s={search_term_string}"},"query-input":"required name=search_term_string"}],"inLanguage":"es-MX"}]}},"jetpack_sharing_enabled":true,"distributor_meta":false,"distributor_terms":false,"distributor_media":false,"distributor_original_site_name":"Grazia M\u00e9xico y Latinoam\u00e9rica","distributor_original_site_url":"https:\/\/graziamagazine.com\/mx","push-errors":false,"_links":{"self":[{"href":"https:\/\/graziamagazine.com\/mx\/wp-json\/wp\/v2\/articles\/106456"}],"collection":[{"href":"https:\/\/graziamagazine.com\/mx\/wp-json\/wp\/v2\/articles"}],"about":[{"href":"https:\/\/graziamagazine.com\/mx\/wp-json\/wp\/v2\/types\/articles"}],"author":[{"embeddable":true,"href":"https:\/\/graziamagazine.com\/mx\/wp-json\/wp\/v2\/users\/11628"}],"wp:featuredmedia":[{"embeddable":true,"href":"https:\/\/graziamagazine.com\/mx\/wp-json\/wp\/v2\/media\/103659"}],"wp:attachment":[{"href":"https:\/\/graziamagazine.com\/mx\/wp-json\/wp\/v2\/media?parent=106456"}],"wp:term":[{"taxonomy":"category","embeddable":true,"href":"https:\/\/graziamagazine.com\/mx\/wp-json\/wp\/v2\/categories?post=106456"}],"curies":[{"name":"wp","href":"https:\/\/api.w.org\/{rel}","templated":true}]}}