{"id":106236,"date":"2022-02-01T07:27:24","date_gmt":"2022-02-01T12:27:24","guid":{"rendered":"https:\/\/graziamagazine.com\/mx\/?post_type=articles&#038;p=106236"},"modified":"2022-02-01T20:01:37","modified_gmt":"2022-02-02T01:01:37","slug":"fendi-anuncia-campana-publicitaria-mujer-primavera-verano-2022","status":"publish","type":"articles","link":"https:\/\/graziamagazine.com\/mx\/articles\/fendi-anuncia-campana-publicitaria-mujer-primavera-verano-2022\/","title":{"rendered":"FENDI anuncia campa\u00f1a publicitaria Mujer Primavera\/ Verano 2022"},"content":{"rendered":"<p><span style=\"font-weight: 400\">Una colecci\u00f3n llena de colores brillantes y una atm\u00f3sfera de encanto llegan a FENDI con su nueva colecci\u00f3n Mujer Primavera\/Verano 2022.\u00a0<\/span><\/p>\n<p><span style=\"font-weight: 400\">Inspirada en la irreverencia alegre y la feminidad empoderada, <strong>Kim Jones, Director Art\u00edstico de Couture y Womenswear de FENDI<\/strong> junto con <strong>Silvia Venturini<\/strong> Directora Art\u00edstica de Accesorios y Moda Masculina, <strong>Delfina Delettrez Fendi<\/strong> Directora Art\u00edstica de Joyer\u00eda,\u00a0 <strong>Ronnie Cooke Newhouse<\/strong> y <strong>Karl Bolander<\/strong> encargadas de crear este magnifico ambiente bajo el lente de <strong>Craig McDean<\/strong>, la campa\u00f1a nos transporta a un lugar lleno de humor divertido y relajado.\u00a0<\/span><\/p>\n<p><span style=\"font-weight: 400\">La campa\u00f1a cuenta con la presencia de cinco modelos <strong>Vittoria Ceretti, Yilan Hua, Barbara Valente, Rianne Van Rompaey y Anok Yai<\/strong>, fotografiadas en el estudio capturando momentos con <strong>aire de jovialidad y libertad<\/strong>. Las fotograf\u00edas reflejan todos la esencia de la marca,<\/span><span style=\"font-weight: 400\">\u00a0todos juntos, en parejas o solos, se los captura contra fondos gr\u00e1ficos, en blanco que se desvanece en azul o con formas de nubes rojas s\u00f3lidas.<\/span><\/p>\n<!--[if lt IE 9]><script>document.createElement('video');<\/script><![endif]-->\n\t<div class=\"wp-playlist wp-video-playlist wp-playlist-light\">\n\t\t<video controls=\"controls\" preload=\"none\" width=\"640\"\n\t\t height=\"360\"\t><\/video>\n\t<div class=\"wp-playlist-next\"><\/div>\n\t<div class=\"wp-playlist-prev\"><\/div>\n\t<noscript>\n\t<ol>\n\t\t<li><a href='https:\/\/graziamagazine.com\/mx\/wp-content\/uploads\/sites\/13\/2022\/01\/FENDI-W-ADV-SS22-1MIN-HORIZONTAL.mp4'>FENDI, Nueva campa\u00f1a Publicitaria Mujer Primavera\/Verano 2022<\/a><\/li>\t<\/ol>\n\t<\/noscript>\n\t<script type=\"application\/json\" class=\"wp-playlist-script\">{\"type\":\"video\",\"tracklist\":true,\"tracknumbers\":true,\"images\":true,\"artists\":true,\"tracks\":[{\"src\":\"https:\\\/\\\/graziamagazine.com\\\/mx\\\/wp-content\\\/uploads\\\/sites\\\/13\\\/2022\\\/01\\\/FENDI-W-ADV-SS22-1MIN-HORIZONTAL.mp4\",\"type\":\"video\\\/mp4\",\"title\":\"FENDI, Nueva campa\\u00f1a Publicitaria Mujer Primavera\\\/Verano 2022\",\"caption\":\"FENDI, Nueva campa\\u00f1a Publicitaria Mujer Primavera\\\/Verano 2022\",\"description\":\"FENDI, Nueva campa\\u00f1a Publicitaria Mujer Primavera\\\/Verano 2022\",\"meta\":{\"length_formatted\":\"0:46\"},\"dimensions\":{\"original\":{\"width\":1920,\"height\":1080},\"resized\":{\"width\":640,\"height\":360}},\"image\":{\"src\":\"https:\\\/\\\/graziamagazine.com\\\/mx\\\/wp-includes\\\/images\\\/media\\\/video.png\",\"width\":48,\"height\":64},\"thumb\":{\"src\":\"https:\\\/\\\/graziamagazine.com\\\/mx\\\/wp-includes\\\/images\\\/media\\\/video.png\",\"width\":48,\"height\":64}}]}<\/script>\n<\/div>\n\t\n<p><span style=\"font-weight: 400\">La campa\u00f1a publicitaria FENDI Mujer Primavera\/Verano 2022 consta de <strong>13 im\u00e1genes<\/strong> de una sola p\u00e1gina y 10 de doble p\u00e1gina y un video; entre estos, 6 primeros planos se enfocan m\u00e1s en las l\u00edneas de <strong>Joyer\u00eda y Gafas<\/strong>.<\/span><\/p>\n<figure id=\"attachment_106240\" aria-describedby=\"caption-attachment-106240\" style=\"width: 790px\" class=\"wp-caption alignnone\"><img loading=\"lazy\" decoding=\"async\" class=\"wp-image-106240 size-large\" src=\"https:\/\/graziamagazine.com\/mx\/wp-content\/uploads\/sites\/13\/2022\/01\/04_FENDI-SS22-Womens-ADV-Campaign.jpg?w=790\" alt=\"Una visi\u00f3n colectiva, The Estate and Archive of Antonio Lopez and Juan Ramos\" width=\"790\" height=\"1024\" \/><figcaption id=\"caption-attachment-106240\" class=\"wp-caption-text\">Una visi\u00f3n colectiva, The Estate and Archive of Antonio Lopez and Juan Ramos<\/figcaption><\/figure>\n<p><span style=\"font-weight: 400\">Los atuendos de la firma capturados en la campa\u00f1a comparten una visi\u00f3n colectiva, provenientes de <strong>The Estate and Archive of Antonio Lopez and Juan Ramos<\/strong>: una elegante abstracci\u00f3n de la <strong>pincelada gestual<\/strong> de Lopez y sus dibujos figurativos los cuales aparecen sobre camiser\u00eda y t\u00e9cnicas de taraceas de cuero, mientras que el logotipo <strong>FENDI<\/strong> en manuscrita emerge en <strong>rayas diagonales de color caramelo<\/strong>. Los bolsos ic\u00f3nicos de FENDI se convierten en lienzos tanto para su trabajo como para el reconocido<\/span><i><span style=\"font-weight: 400\"><strong> savoir-faire<\/strong> <\/span><\/i><span style=\"font-weight: 400\">del taller de la casa, transform\u00e1ndose en <strong>obras de arte gr\u00e1ficas.<\/strong><\/span><\/p>\n<p><span style=\"font-weight: 400\">La inspiraci\u00f3n proviene de un logotipo esbozado a mano por el <strong>ilustrador de moda Antonio L\u00f3pez<\/strong>, bas\u00e1ndose en la sensibilidad liberada del artista y el entorno\u00a0<strong>Studio 54<\/strong> que se encuentra en los archivos de FENDI. A partir de este punto de partida naci\u00f3 una colecci\u00f3n que representa una perspectiva moderna del glamour de la era disco y destaca la feminidad diversa y poderosa que subraya el nombre FENDI.<\/span><\/p>\n<p><span style=\"font-weight: 400\">Esta alegre celebraci\u00f3n de la confianza femenina aparecer\u00e1 en las revistas de todo el mundo a partir de las ediciones de febrero de 2022. <\/span><\/p>\n<p><strong><em>*IMAGEN: Cortes\u00eda FENDI<\/em><\/strong><\/p>\n","protected":false},"author":28953,"featured_media":106238,"template":"","format":"standard","categories":[4],"acf":[],"yoast_head":"<!-- This site is optimized with the Yoast SEO Premium plugin v18.5 (Yoast SEO v20.4) - https:\/\/yoast.com\/wordpress\/plugins\/seo\/ -->\n<title>FENDI anuncia campa\u00f1a publicitaria Mujer Primavera\/ Verano 2022 | Grazia M\u00e9xico y Latinoam\u00e9rica<\/title>\n<meta name=\"description\" content=\"Una colecci\u00f3n llena de colores brillantes y una atm\u00f3sfera de encanto llegan a FENDI con su nueva colecci\u00f3n Mujer Primavera\/Verano 2022.\u00a0 Inspirada en la\" \/>\n<meta name=\"robots\" content=\"index, follow, max-snippet:-1, max-image-preview:large, max-video-preview:-1\" \/>\n<link rel=\"canonical\" href=\"https:\/\/graziamagazine.com\/mx\/articles\/fendi-anuncia-campana-publicitaria-mujer-primavera-verano-2022\/\" \/>\n<meta property=\"og:locale\" content=\"es_MX\" \/>\n<meta property=\"og:type\" content=\"article\" \/>\n<meta property=\"og:title\" content=\"FENDI anuncia campa\u00f1a publicitaria Mujer Primavera\/ Verano 2022\" \/>\n<meta property=\"og:description\" content=\"Una colecci\u00f3n llena de colores brillantes y una atm\u00f3sfera de encanto llegan a FENDI con su nueva colecci\u00f3n Mujer Primavera\/Verano 2022.\u00a0 Inspirada en la\" \/>\n<meta property=\"og:url\" content=\"https:\/\/graziamagazine.com\/mx\/articles\/fendi-anuncia-campana-publicitaria-mujer-primavera-verano-2022\/\" \/>\n<meta property=\"og:site_name\" content=\"Grazia M\u00e9xico y Latinoam\u00e9rica\" \/>\n<meta property=\"article:modified_time\" content=\"2022-02-02T01:01:37+00:00\" \/>\n<meta property=\"og:image\" content=\"https:\/\/graziamagazine.com\/mx\/wp-content\/uploads\/sites\/13\/2022\/01\/01_FENDI-SS22-Womens-ADV-Campaign.jpg\" \/>\n\t<meta property=\"og:image:width\" content=\"790\" \/>\n\t<meta property=\"og:image:height\" content=\"1024\" \/>\n\t<meta property=\"og:image:type\" content=\"image\/jpeg\" \/>\n<meta name=\"twitter:card\" content=\"summary_large_image\" \/>\n<meta name=\"twitter:label1\" content=\"Est. reading time\" \/>\n\t<meta name=\"twitter:data1\" content=\"2 minutos\" \/>\n<script type=\"application\/ld+json\" class=\"yoast-schema-graph\">{\"@context\":\"https:\/\/schema.org\",\"@graph\":[{\"@type\":\"WebPage\",\"@id\":\"https:\/\/graziamagazine.com\/mx\/articles\/fendi-anuncia-campana-publicitaria-mujer-primavera-verano-2022\/\",\"url\":\"https:\/\/graziamagazine.com\/mx\/articles\/fendi-anuncia-campana-publicitaria-mujer-primavera-verano-2022\/\",\"name\":\"FENDI anuncia campa\u00f1a publicitaria Mujer Primavera\/ Verano 2022 | Grazia M\u00e9xico y Latinoam\u00e9rica\",\"isPartOf\":{\"@id\":\"https:\/\/graziamagazine.com\/mx\/#website\"},\"datePublished\":\"2022-02-01T12:27:24+00:00\",\"dateModified\":\"2022-02-02T01:01:37+00:00\",\"description\":\"Una colecci\u00f3n llena de colores brillantes y una atm\u00f3sfera de encanto llegan a FENDI con su nueva colecci\u00f3n Mujer Primavera\/Verano 2022.\u00a0 Inspirada en la\",\"breadcrumb\":{\"@id\":\"https:\/\/graziamagazine.com\/mx\/articles\/fendi-anuncia-campana-publicitaria-mujer-primavera-verano-2022\/#breadcrumb\"},\"inLanguage\":\"es-MX\",\"potentialAction\":[{\"@type\":\"ReadAction\",\"target\":[\"https:\/\/graziamagazine.com\/mx\/articles\/fendi-anuncia-campana-publicitaria-mujer-primavera-verano-2022\/\"]}]},{\"@type\":\"BreadcrumbList\",\"@id\":\"https:\/\/graziamagazine.com\/mx\/articles\/fendi-anuncia-campana-publicitaria-mujer-primavera-verano-2022\/#breadcrumb\",\"itemListElement\":[{\"@type\":\"ListItem\",\"position\":1,\"name\":\"Home\",\"item\":\"https:\/\/graziamagazine.com\/mx\/\"},{\"@type\":\"ListItem\",\"position\":2,\"name\":\"FENDI anuncia campa\u00f1a publicitaria Mujer Primavera\/ Verano 2022\"}]},{\"@type\":\"WebSite\",\"@id\":\"https:\/\/graziamagazine.com\/mx\/#website\",\"url\":\"https:\/\/graziamagazine.com\/mx\/\",\"name\":\"Grazia M\u00e9xico y Latinoam\u00e9rica\",\"description\":\"Grazia es moda, belleza y noticias  de actualidad \",\"potentialAction\":[{\"@type\":\"SearchAction\",\"target\":{\"@type\":\"EntryPoint\",\"urlTemplate\":\"https:\/\/graziamagazine.com\/mx\/?s={search_term_string}\"},\"query-input\":\"required name=search_term_string\"}],\"inLanguage\":\"es-MX\"}]}<\/script>\n<!-- \/ Yoast SEO Premium plugin. -->","yoast_head_json":{"title":"FENDI anuncia campa\u00f1a publicitaria Mujer Primavera\/ Verano 2022 | Grazia M\u00e9xico y Latinoam\u00e9rica","description":"Una colecci\u00f3n llena de colores brillantes y una atm\u00f3sfera de encanto llegan a FENDI con su nueva colecci\u00f3n Mujer Primavera\/Verano 2022.\u00a0 Inspirada en la","robots":{"index":"index","follow":"follow","max-snippet":"max-snippet:-1","max-image-preview":"max-image-preview:large","max-video-preview":"max-video-preview:-1"},"canonical":"https:\/\/graziamagazine.com\/mx\/articles\/fendi-anuncia-campana-publicitaria-mujer-primavera-verano-2022\/","og_locale":"es_MX","og_type":"article","og_title":"FENDI anuncia campa\u00f1a publicitaria Mujer Primavera\/ Verano 2022","og_description":"Una colecci\u00f3n llena de colores brillantes y una atm\u00f3sfera de encanto llegan a FENDI con su nueva colecci\u00f3n Mujer Primavera\/Verano 2022.\u00a0 Inspirada en la","og_url":"https:\/\/graziamagazine.com\/mx\/articles\/fendi-anuncia-campana-publicitaria-mujer-primavera-verano-2022\/","og_site_name":"Grazia M\u00e9xico y Latinoam\u00e9rica","article_modified_time":"2022-02-02T01:01:37+00:00","og_image":[{"url":"https:\/\/graziamagazine.com\/mx\/wp-content\/uploads\/sites\/13\/2022\/01\/01_FENDI-SS22-Womens-ADV-Campaign.jpg","width":790,"height":1024,"type":"image\/jpeg"}],"twitter_card":"summary_large_image","twitter_misc":{"Est. reading time":"2 minutos"},"schema":{"@context":"https:\/\/schema.org","@graph":[{"@type":"WebPage","@id":"https:\/\/graziamagazine.com\/mx\/articles\/fendi-anuncia-campana-publicitaria-mujer-primavera-verano-2022\/","url":"https:\/\/graziamagazine.com\/mx\/articles\/fendi-anuncia-campana-publicitaria-mujer-primavera-verano-2022\/","name":"FENDI anuncia campa\u00f1a publicitaria Mujer Primavera\/ Verano 2022 | Grazia M\u00e9xico y Latinoam\u00e9rica","isPartOf":{"@id":"https:\/\/graziamagazine.com\/mx\/#website"},"datePublished":"2022-02-01T12:27:24+00:00","dateModified":"2022-02-02T01:01:37+00:00","description":"Una colecci\u00f3n llena de colores brillantes y una atm\u00f3sfera de encanto llegan a FENDI con su nueva colecci\u00f3n Mujer Primavera\/Verano 2022.\u00a0 Inspirada en la","breadcrumb":{"@id":"https:\/\/graziamagazine.com\/mx\/articles\/fendi-anuncia-campana-publicitaria-mujer-primavera-verano-2022\/#breadcrumb"},"inLanguage":"es-MX","potentialAction":[{"@type":"ReadAction","target":["https:\/\/graziamagazine.com\/mx\/articles\/fendi-anuncia-campana-publicitaria-mujer-primavera-verano-2022\/"]}]},{"@type":"BreadcrumbList","@id":"https:\/\/graziamagazine.com\/mx\/articles\/fendi-anuncia-campana-publicitaria-mujer-primavera-verano-2022\/#breadcrumb","itemListElement":[{"@type":"ListItem","position":1,"name":"Home","item":"https:\/\/graziamagazine.com\/mx\/"},{"@type":"ListItem","position":2,"name":"FENDI anuncia campa\u00f1a publicitaria Mujer Primavera\/ Verano 2022"}]},{"@type":"WebSite","@id":"https:\/\/graziamagazine.com\/mx\/#website","url":"https:\/\/graziamagazine.com\/mx\/","name":"Grazia M\u00e9xico y Latinoam\u00e9rica","description":"Grazia es moda, belleza y noticias  de actualidad ","potentialAction":[{"@type":"SearchAction","target":{"@type":"EntryPoint","urlTemplate":"https:\/\/graziamagazine.com\/mx\/?s={search_term_string}"},"query-input":"required name=search_term_string"}],"inLanguage":"es-MX"}]}},"jetpack_sharing_enabled":true,"distributor_meta":false,"distributor_terms":false,"distributor_media":false,"distributor_original_site_name":"Grazia M\u00e9xico y Latinoam\u00e9rica","distributor_original_site_url":"https:\/\/graziamagazine.com\/mx","push-errors":false,"_links":{"self":[{"href":"https:\/\/graziamagazine.com\/mx\/wp-json\/wp\/v2\/articles\/106236"}],"collection":[{"href":"https:\/\/graziamagazine.com\/mx\/wp-json\/wp\/v2\/articles"}],"about":[{"href":"https:\/\/graziamagazine.com\/mx\/wp-json\/wp\/v2\/types\/articles"}],"author":[{"embeddable":true,"href":"https:\/\/graziamagazine.com\/mx\/wp-json\/wp\/v2\/users\/28953"}],"wp:featuredmedia":[{"embeddable":true,"href":"https:\/\/graziamagazine.com\/mx\/wp-json\/wp\/v2\/media\/106238"}],"wp:attachment":[{"href":"https:\/\/graziamagazine.com\/mx\/wp-json\/wp\/v2\/media?parent=106236"}],"wp:term":[{"taxonomy":"category","embeddable":true,"href":"https:\/\/graziamagazine.com\/mx\/wp-json\/wp\/v2\/categories?post=106236"}],"curies":[{"name":"wp","href":"https:\/\/api.w.org\/{rel}","templated":true}]}}