{"id":106235,"date":"2022-01-30T22:51:54","date_gmt":"2022-01-31T03:51:54","guid":{"rendered":"https:\/\/graziamagazine.com\/mx\/?post_type=articles&#038;p=106235"},"modified":"2022-01-31T12:18:13","modified_gmt":"2022-01-31T17:18:13","slug":"julian-lennon-subasta-recuerdos-de-los-beatles-en-nft","status":"publish","type":"articles","link":"https:\/\/graziamagazine.com\/mx\/articles\/julian-lennon-subasta-recuerdos-de-los-beatles-en-nft\/","title":{"rendered":"Julian Lennon subasta recuerdos de los Beatles en NFT"},"content":{"rendered":"<p>Tras la noticia sobre\u00a0<strong style=\"font-weight: 400\">el hijo mayor<\/strong> del integrante de los Beatles,<strong><span style=\"font-weight: 400\">\u00a0<\/span>John<span style=\"font-weight: 400\">\u00a0Lennon<\/span><\/strong>, y la subasta que realizar\u00e1 sobre la los recuerdos de esta emblem\u00e1tica banda, John vender\u00e1 muchas de las piezas de su colecci\u00f3n personal mediante <strong style=\"font-weight: 400\">Yellow Heart,<\/strong> pero estos se subastar\u00e1n como activos digitales \u00fanicos.<\/p>\n<p>Dentro de la gran subasta que se llevar\u00e1 a cabo el <strong style=\"font-weight: 400\">7 de febrero,<\/strong> se encuentran art\u00edculos de la colecci\u00f3n que incluyen una <strong><span style=\"font-weight: 400\">capa de color negra usada por\u00a0<\/span>John<span style=\"font-weight: 400\">\u00a0Lennon en<\/span><\/strong><strong><i> Help! <\/i>\u00a0$ 8,000 (\u00a3 5,928)<\/strong><i><span style=\"font-weight: 400\">, <\/span><\/i><span style=\"font-weight: 400\">tambi\u00e9n <strong>notas escritas por el pu\u00f1o y letra de Paul McCartney<\/strong> para el cl\u00e1sico de la banda de 1968 <\/span><i><span style=\"font-weight: 400\"><strong>Hey Jude<\/strong>, <\/span><\/i><span style=\"font-weight: 400\">que fue inspirado por Julian.<\/span><\/p>\n<figure id=\"attachment_106242\" aria-describedby=\"caption-attachment-106242\" style=\"width: 500px\" class=\"wp-caption alignnone\"><img loading=\"lazy\" decoding=\"async\" class=\"wp-image-106242 size-large\" src=\"https:\/\/graziamagazine.com\/mx\/wp-content\/uploads\/sites\/13\/2022\/01\/tumblr_nnldbaLQiQ1utduf4o1_500.gif?w=500\" alt=\"Capa de color negra usada por\u00a0John\u00a0Lennon en Help!\" width=\"500\" height=\"250\" \/><figcaption id=\"caption-attachment-106242\" class=\"wp-caption-text\">Capa de color negra usada por\u00a0John\u00a0Lennon en Help!<\/figcaption><\/figure>\n<p><span style=\"font-weight: 400\">Adem\u00e1s la venta tambi\u00e9n incluye <strong>tres guitarras Gibson<\/strong> valuadas inicialmente en\u00a0 <strong>$ 4,000 (\u00a3 2,964)<\/strong> que el fot\u00f3grafo le dio a su padre, y un <strong>abrigo afgano<\/strong> que el creador de \u00e9xitos Imagine us\u00f3 en la <strong>pel\u00edcula Magical Mystery Tour\u00a0 $ 6,000 (\u00a3 4,446)<\/strong> . Los art\u00edculos se vender\u00e1n como un coleccionable audiovisual, incluida la narraci\u00f3n del mismo Julian.<\/span><\/p>\n<figure id=\"attachment_106244\" aria-describedby=\"caption-attachment-106244\" style=\"width: 450px\" class=\"wp-caption alignnone\"><img loading=\"lazy\" decoding=\"async\" class=\"size-medium wp-image-106244\" src=\"https:\/\/graziamagazine.com\/mx\/wp-content\/uploads\/sites\/13\/2022\/01\/f672ed5937.jpg?w=450\" alt=\"Abrigo afgano utilizado en Magical Mystery Tour\u00a0\" width=\"450\" height=\"404\" \/><figcaption id=\"caption-attachment-106244\" class=\"wp-caption-text\">Abrigo afgano utilizado en Magical Mystery Tour<\/figcaption><\/figure>\n<p><span style=\"font-weight: 400\">El <strong>precio inicial<\/strong> de las<strong> notas de McCartney<\/strong> van desde los <strong>$30,000 (\u00a322,260),<\/strong> pero se cree que la oferta inicial podr\u00eda duplicar su precio inicial.\u00a0<\/span><\/p>\n<p><span style=\"font-weight: 400\">Este preciado art\u00edculo cobra\u00a0 vida de una manera a\u00fan m\u00e1s personal a trav\u00e9s de la narraci\u00f3n de audio exclusiva de Julian Lennon, el cual ser\u00e1 parte del NFT.<\/span><\/p>\n<p><span style=\"font-weight: 400\">Para aclarar una <strong>NFT<\/strong>,\u00a0 es una<strong> unidad de datos \u00fanica y no intercambiable<\/strong> almacenada en la cadena de bloques. Julian Lennon es el \u00fanico propietario del art\u00edculo f\u00edsico.<\/span><\/p>\n<figure id=\"attachment_106245\" aria-describedby=\"caption-attachment-106245\" style=\"width: 450px\" class=\"wp-caption alignnone\"><img loading=\"lazy\" decoding=\"async\" class=\"size-medium wp-image-106245\" src=\"https:\/\/graziamagazine.com\/mx\/wp-content\/uploads\/sites\/13\/2022\/01\/hey-jude-kYkG-U405550941291hE-620x470@abc.jpg?w=450\" alt=\"Notas de Paul McCartney, Hey Jude\" width=\"450\" height=\"341\" \/><figcaption id=\"caption-attachment-106245\" class=\"wp-caption-text\">Notas de Paul McCartney, Hey Jude<\/figcaption><\/figure>\n<p><span style=\"font-weight: 400\">El ganador de este art\u00edculo compartir\u00e1 esa exclusividad de la historia de Lennon como <strong>el \u00fanico propietario de la NFT<\/strong> y parte del<strong> dinero recaudado<\/strong> con la venta se donar\u00e1 a la <strong>Fundaci\u00f3n White Feather de Julian<\/strong>, que ayuda a brindar acceso a agua limpia en pa\u00edses en desarrollo.<\/span><\/p>\n<p><span style=\"font-weight: 400\">Sin duda uno de los m\u00fasicos m\u00e1s aclamados de la historia<strong> Paul McCartney<\/strong>, fue encontrado en el aeropuerto <strong>JFK de Nueva York<\/strong> con un aspecto <strong>tranquilo<\/strong> despu\u00e9s de la impactante noticia sobre la <strong>subasta<\/strong> que <strong>Julian Lennon<\/strong> hizo con respecto a los recuerdos de los<strong> Beatles<\/strong> como <strong>fichas no fungibles<\/strong>, es decir <\/span><span style=\"font-weight: 400\">que es \u00fanico y no puede ser replicado.<\/span><\/p>\n<p><span style=\"font-weight: 400\">El artista vest\u00eda c\u00f3moda y elegantemente con un traje negro de dos piezas que hac\u00edan juego con un abrigo de invierno, un gorro de tejido de punto y una bufanda que armonizaba todo \u00e9l look del m\u00fasico.<\/span><\/p>\n<p><span style=\"font-weight: 400\">Asimismo cumpliendo con las reglas a causa de la pandemia, llev\u00f3 una m\u00e1scara facial que cubr\u00eda su boca y nariz en color negro que combinaba totalmente con todo el conjunto.<\/span><\/p>\n<figure id=\"attachment_106243\" aria-describedby=\"caption-attachment-106243\" style=\"width: 300px\" class=\"wp-caption alignnone\"><img loading=\"lazy\" decoding=\"async\" class=\"size-medium wp-image-106243\" src=\"https:\/\/graziamagazine.com\/mx\/wp-content\/uploads\/sites\/13\/2022\/01\/9a620da864.jpg?w=300\" alt=\"Paul McCartney saluda a sus fans desde aeropuerto de JFK en Nueva York\" width=\"300\" height=\"450\" data-wp-editing=\"1\" \/><figcaption id=\"caption-attachment-106243\" class=\"wp-caption-text\">Paul McCartney saluda a sus fans desde aeropuerto de JFK en Nueva York<\/figcaption><\/figure>\n<p><strong><em>*IMAGEN: Google Images<\/em><\/strong><\/p>\n","protected":false},"author":28953,"featured_media":106248,"template":"","format":"standard","categories":[9864,10],"acf":[],"yoast_head":"<!-- This site is optimized with the Yoast SEO Premium plugin v18.5 (Yoast SEO v20.4) - https:\/\/yoast.com\/wordpress\/plugins\/seo\/ -->\n<title>Julian Lennon subasta recuerdos de los Beatles en NFT | Grazia M\u00e9xico y Latinoam\u00e9rica<\/title>\n<meta name=\"description\" content=\"Tras la noticia sobre\u00a0el hijo mayor del integrante de los Beatles,\u00a0John\u00a0Lennon, y la subasta que realizar\u00e1 sobre la los recuerdos de esta emblem\u00e1tica\" \/>\n<meta name=\"robots\" content=\"index, follow, max-snippet:-1, max-image-preview:large, max-video-preview:-1\" \/>\n<link rel=\"canonical\" href=\"https:\/\/graziamagazine.com\/mx\/articles\/julian-lennon-subasta-recuerdos-de-los-beatles-en-nft\/\" \/>\n<meta property=\"og:locale\" content=\"es_MX\" \/>\n<meta property=\"og:type\" content=\"article\" \/>\n<meta property=\"og:title\" content=\"Julian Lennon subasta recuerdos de los Beatles en NFT\" \/>\n<meta property=\"og:description\" content=\"Tras la noticia sobre\u00a0el hijo mayor del integrante de los Beatles,\u00a0John\u00a0Lennon, y la subasta que realizar\u00e1 sobre la los recuerdos de esta emblem\u00e1tica\" \/>\n<meta property=\"og:url\" content=\"https:\/\/graziamagazine.com\/mx\/articles\/julian-lennon-subasta-recuerdos-de-los-beatles-en-nft\/\" \/>\n<meta property=\"og:site_name\" content=\"Grazia M\u00e9xico y Latinoam\u00e9rica\" \/>\n<meta property=\"article:modified_time\" content=\"2022-01-31T17:18:13+00:00\" \/>\n<meta property=\"og:image\" content=\"https:\/\/graziamagazine.com\/mx\/wp-content\/uploads\/sites\/13\/2022\/01\/5fa5388fcc7dd.jpeg\" \/>\n\t<meta property=\"og:image:width\" content=\"1200\" \/>\n\t<meta property=\"og:image:height\" content=\"675\" \/>\n\t<meta property=\"og:image:type\" content=\"image\/jpeg\" \/>\n<meta name=\"twitter:card\" content=\"summary_large_image\" \/>\n<meta name=\"twitter:label1\" content=\"Est. reading time\" \/>\n\t<meta name=\"twitter:data1\" content=\"3 minutos\" \/>\n<script type=\"application\/ld+json\" class=\"yoast-schema-graph\">{\"@context\":\"https:\/\/schema.org\",\"@graph\":[{\"@type\":\"WebPage\",\"@id\":\"https:\/\/graziamagazine.com\/mx\/articles\/julian-lennon-subasta-recuerdos-de-los-beatles-en-nft\/\",\"url\":\"https:\/\/graziamagazine.com\/mx\/articles\/julian-lennon-subasta-recuerdos-de-los-beatles-en-nft\/\",\"name\":\"Julian Lennon subasta recuerdos de los Beatles en NFT | Grazia M\u00e9xico y Latinoam\u00e9rica\",\"isPartOf\":{\"@id\":\"https:\/\/graziamagazine.com\/mx\/#website\"},\"datePublished\":\"2022-01-31T03:51:54+00:00\",\"dateModified\":\"2022-01-31T17:18:13+00:00\",\"description\":\"Tras la noticia sobre\u00a0el hijo mayor del integrante de los Beatles,\u00a0John\u00a0Lennon, y la subasta que realizar\u00e1 sobre la los recuerdos de esta emblem\u00e1tica\",\"breadcrumb\":{\"@id\":\"https:\/\/graziamagazine.com\/mx\/articles\/julian-lennon-subasta-recuerdos-de-los-beatles-en-nft\/#breadcrumb\"},\"inLanguage\":\"es-MX\",\"potentialAction\":[{\"@type\":\"ReadAction\",\"target\":[\"https:\/\/graziamagazine.com\/mx\/articles\/julian-lennon-subasta-recuerdos-de-los-beatles-en-nft\/\"]}]},{\"@type\":\"BreadcrumbList\",\"@id\":\"https:\/\/graziamagazine.com\/mx\/articles\/julian-lennon-subasta-recuerdos-de-los-beatles-en-nft\/#breadcrumb\",\"itemListElement\":[{\"@type\":\"ListItem\",\"position\":1,\"name\":\"Home\",\"item\":\"https:\/\/graziamagazine.com\/mx\/\"},{\"@type\":\"ListItem\",\"position\":2,\"name\":\"Julian Lennon subasta recuerdos de los Beatles en NFT\"}]},{\"@type\":\"WebSite\",\"@id\":\"https:\/\/graziamagazine.com\/mx\/#website\",\"url\":\"https:\/\/graziamagazine.com\/mx\/\",\"name\":\"Grazia M\u00e9xico y Latinoam\u00e9rica\",\"description\":\"Grazia es moda, belleza y noticias  de actualidad \",\"potentialAction\":[{\"@type\":\"SearchAction\",\"target\":{\"@type\":\"EntryPoint\",\"urlTemplate\":\"https:\/\/graziamagazine.com\/mx\/?s={search_term_string}\"},\"query-input\":\"required name=search_term_string\"}],\"inLanguage\":\"es-MX\"}]}<\/script>\n<!-- \/ Yoast SEO Premium plugin. -->","yoast_head_json":{"title":"Julian Lennon subasta recuerdos de los Beatles en NFT | Grazia M\u00e9xico y Latinoam\u00e9rica","description":"Tras la noticia sobre\u00a0el hijo mayor del integrante de los Beatles,\u00a0John\u00a0Lennon, y la subasta que realizar\u00e1 sobre la los recuerdos de esta emblem\u00e1tica","robots":{"index":"index","follow":"follow","max-snippet":"max-snippet:-1","max-image-preview":"max-image-preview:large","max-video-preview":"max-video-preview:-1"},"canonical":"https:\/\/graziamagazine.com\/mx\/articles\/julian-lennon-subasta-recuerdos-de-los-beatles-en-nft\/","og_locale":"es_MX","og_type":"article","og_title":"Julian Lennon subasta recuerdos de los Beatles en NFT","og_description":"Tras la noticia sobre\u00a0el hijo mayor del integrante de los Beatles,\u00a0John\u00a0Lennon, y la subasta que realizar\u00e1 sobre la los recuerdos de esta emblem\u00e1tica","og_url":"https:\/\/graziamagazine.com\/mx\/articles\/julian-lennon-subasta-recuerdos-de-los-beatles-en-nft\/","og_site_name":"Grazia M\u00e9xico y Latinoam\u00e9rica","article_modified_time":"2022-01-31T17:18:13+00:00","og_image":[{"width":1200,"height":675,"url":"https:\/\/graziamagazine.com\/mx\/wp-content\/uploads\/sites\/13\/2022\/01\/5fa5388fcc7dd.jpeg","type":"image\/jpeg"}],"twitter_card":"summary_large_image","twitter_misc":{"Est. reading time":"3 minutos"},"schema":{"@context":"https:\/\/schema.org","@graph":[{"@type":"WebPage","@id":"https:\/\/graziamagazine.com\/mx\/articles\/julian-lennon-subasta-recuerdos-de-los-beatles-en-nft\/","url":"https:\/\/graziamagazine.com\/mx\/articles\/julian-lennon-subasta-recuerdos-de-los-beatles-en-nft\/","name":"Julian Lennon subasta recuerdos de los Beatles en NFT | Grazia M\u00e9xico y Latinoam\u00e9rica","isPartOf":{"@id":"https:\/\/graziamagazine.com\/mx\/#website"},"datePublished":"2022-01-31T03:51:54+00:00","dateModified":"2022-01-31T17:18:13+00:00","description":"Tras la noticia sobre\u00a0el hijo mayor del integrante de los Beatles,\u00a0John\u00a0Lennon, y la subasta que realizar\u00e1 sobre la los recuerdos de esta emblem\u00e1tica","breadcrumb":{"@id":"https:\/\/graziamagazine.com\/mx\/articles\/julian-lennon-subasta-recuerdos-de-los-beatles-en-nft\/#breadcrumb"},"inLanguage":"es-MX","potentialAction":[{"@type":"ReadAction","target":["https:\/\/graziamagazine.com\/mx\/articles\/julian-lennon-subasta-recuerdos-de-los-beatles-en-nft\/"]}]},{"@type":"BreadcrumbList","@id":"https:\/\/graziamagazine.com\/mx\/articles\/julian-lennon-subasta-recuerdos-de-los-beatles-en-nft\/#breadcrumb","itemListElement":[{"@type":"ListItem","position":1,"name":"Home","item":"https:\/\/graziamagazine.com\/mx\/"},{"@type":"ListItem","position":2,"name":"Julian Lennon subasta recuerdos de los Beatles en NFT"}]},{"@type":"WebSite","@id":"https:\/\/graziamagazine.com\/mx\/#website","url":"https:\/\/graziamagazine.com\/mx\/","name":"Grazia M\u00e9xico y Latinoam\u00e9rica","description":"Grazia es moda, belleza y noticias  de actualidad ","potentialAction":[{"@type":"SearchAction","target":{"@type":"EntryPoint","urlTemplate":"https:\/\/graziamagazine.com\/mx\/?s={search_term_string}"},"query-input":"required name=search_term_string"}],"inLanguage":"es-MX"}]}},"jetpack_sharing_enabled":true,"distributor_meta":false,"distributor_terms":false,"distributor_media":false,"distributor_original_site_name":"Grazia M\u00e9xico y Latinoam\u00e9rica","distributor_original_site_url":"https:\/\/graziamagazine.com\/mx","push-errors":false,"_links":{"self":[{"href":"https:\/\/graziamagazine.com\/mx\/wp-json\/wp\/v2\/articles\/106235"}],"collection":[{"href":"https:\/\/graziamagazine.com\/mx\/wp-json\/wp\/v2\/articles"}],"about":[{"href":"https:\/\/graziamagazine.com\/mx\/wp-json\/wp\/v2\/types\/articles"}],"author":[{"embeddable":true,"href":"https:\/\/graziamagazine.com\/mx\/wp-json\/wp\/v2\/users\/28953"}],"wp:featuredmedia":[{"embeddable":true,"href":"https:\/\/graziamagazine.com\/mx\/wp-json\/wp\/v2\/media\/106248"}],"wp:attachment":[{"href":"https:\/\/graziamagazine.com\/mx\/wp-json\/wp\/v2\/media?parent=106235"}],"wp:term":[{"taxonomy":"category","embeddable":true,"href":"https:\/\/graziamagazine.com\/mx\/wp-json\/wp\/v2\/categories?post=106235"}],"curies":[{"name":"wp","href":"https:\/\/api.w.org\/{rel}","templated":true}]}}