{"id":106209,"date":"2022-01-29T07:07:19","date_gmt":"2022-01-29T12:07:19","guid":{"rendered":"https:\/\/graziamagazine.com\/mx\/?post_type=articles&#038;p=106209"},"modified":"2022-01-28T20:43:45","modified_gmt":"2022-01-29T01:43:45","slug":"no-hice-nada-hoy-dejar-ir-la-culpa-de-la-productividad","status":"publish","type":"articles","link":"https:\/\/graziamagazine.com\/mx\/articles\/no-hice-nada-hoy-dejar-ir-la-culpa-de-la-productividad\/","title":{"rendered":"No hice nada hoy: dejar ir la culpa de la productividad"},"content":{"rendered":"<p><span style=\"font-weight: 400\"><strong>Madeleine Dore<\/strong> encargada de dirigir <strong>Extraordinary Routines<\/strong>, uno de los blogs m\u00e1s populares del momento, presenta un podcast llamado <strong>Routines &amp; Ruts<\/strong> y actualmente presenta su nuevo libro donde <strong>comparte 5 ideas<\/strong> claves titulado Yo no hice nada hoy: dejar ir la culpa por la productividad.\u00a0<\/span><\/p>\n<p><span style=\"font-weight: 400\">Esta talentosa mujer expresa todo su conocimiento a trav\u00e9s de plataformas, realizando diversos experimentos sociales y de vida con regularidad. Dore investiga c\u00f3mo vivir creativamente y ampliar la definici\u00f3n de un d\u00eda bien aprovechado.<\/span><\/p>\n<figure id=\"attachment_106231\" aria-describedby=\"caption-attachment-106231\" style=\"width: 1024px\" class=\"wp-caption alignnone\"><img loading=\"lazy\" decoding=\"async\" class=\"wp-image-106231 size-large\" src=\"https:\/\/graziamagazine.com\/mx\/wp-content\/uploads\/sites\/13\/2022\/01\/Unknown-11.jpeg?w=1024\" alt=\"Madeline Dore, No hice nada hoy: dejar ir la culpa de la productividad\" width=\"1024\" height=\"1024\" \/><figcaption id=\"caption-attachment-106231\" class=\"wp-caption-text\">Madeline Dore, No hice nada hoy: dejar ir la culpa de la productividad<\/figcaption><\/figure>\n<h3><span style=\"font-weight: 400\">Deja atr\u00e1s la idea de tener la productividad como una prioridad TOP<\/span><\/h3>\n<p><span style=\"font-weight: 400\">Seguramente en varias ocasiones has sentido la necesidad de hacer muchas cosas, pero cuando combinamos la productividad con la autoestima, nunca encontraremos el equilibrio perfecto.<\/span><\/p>\n<p><span style=\"font-weight: 400\">Dore busca explicarnos esa <strong>\u201cobsesi\u00f3n por hacer\u201d<\/strong> que tenemos y como consecuencia esta puede dejarnos m\u00e1s <strong>agobiados<\/strong> de lo que podr\u00edamos estar, adem\u00e1s de sentirnos <strong>agotados, insatisfechos, inadecuados y solos<\/strong>.<\/span><\/p>\n<p><span style=\"font-weight: 400\">La productividad nos indica que vivamos secuencialmente, pero nuestros d\u00edas rara vez se desarrollan como los planeamos. <strong>Cada d\u00eda tiene sorpresas inesperadas<\/strong> y debemos entender que somos parte de ese proceso. <strong>Estamos constantemente cambiando<\/strong>, creando y recre\u00e1ndonos a nosotros mismos.<\/span><\/p>\n<p><span style=\"font-weight: 400\">Madeline tambi\u00e9n nos comparte que <strong>no es necesario que seamos unos creativos para poder llevar y vivir una vida creativa<\/strong>. En realidad todos tenemos la oportunidad de desarrollar este rasgo humano innato. La creatividad no sigue un plan, sino que tiene su propio flujo y reflujo. En lugar de limitar un d\u00eda a hacer, nos da vida a las muchas formas en que podemos hacer de manera diferente. <strong>La creatividad es una medida vibrante, expansiva y gratificante de nuestros d\u00edas<\/strong> en comparaci\u00f3n con la rigidez de la productividad, que nos ayudar\u00e1 a descubrirnos y cuestionar lo que queremos.<\/span><\/p>\n<h3><span style=\"font-weight: 400\">La \u00fanica manera de desperdiciar el tiempo es agobiarse por desperdiciarlo<\/span><\/h3>\n<p><span style=\"font-weight: 400\"><strong>\u201cEl tiempo que disfrutamos \u2018perdiendo\u2019 no es tiempo perdido en absoluto\u201d.<\/strong>\u00a0<\/span><span style=\"font-weight: 400\">No somos perfectos y estamos atados a ese destino en el que se puede perder el tiempo. Posponer, distraernos, platicar demasiado con nuestros amigos son algunas de las acciones que por naturaleza el ser humano est\u00e1 destinado a hacer.<\/span><\/p>\n<p><span style=\"font-weight: 400\">Vivimos en un mundo en el que queremos que todo sea r\u00e1pido, sin darnos el tiempo adecuado para hacer lo que realmente necesitamos realizar. Nos apresuramos a etiquetar la preparaci\u00f3n como procrastinaci\u00f3n y f\u00e1cilmente pasamos por alto que las cosas toman el tiempo que toman. Algunos d\u00edas, es posible que solo pasemos una hora haciendo la cosa, pero puede llevar todo el d\u00eda prepararnos para esa hora potente. <strong>El tiempo que dedicamos a pensar en hacer el trabajo puede ser una parte necesaria para hacerlo.<\/strong><\/span><\/p>\n<h3><span style=\"font-weight: 400\">No hay decisiones correctas<\/span><\/h3>\n<p><span style=\"font-weight: 400\">\u00bfAlguna vez has sentido que te ahogas en un vaso?\u00a0<\/span><span style=\"font-weight: 400\">Si no sabes la decisi\u00f3n correcta no te preocupes, no hay decisiones correctas o incorrectas.<strong> Es f\u00e1cil pasar por alto que nuestra indecisi\u00f3n<\/strong> es una decisi\u00f3n que nos mantiene suspendidos, <strong>atrapados en el limbo<\/strong> y, a veces, las oportunidades se nos escapan.\u00a0<\/span><\/p>\n<p><span style=\"font-weight: 400\">Nunca sabremos a d\u00f3nde nos llevar\u00e1n nuestras decisiones, porque solo podemos conectar los puntos una vez que miramos hacia atr\u00e1s. E incluso entonces, es solo el m\u00e1s leve de los contornos de nuestras decisiones anteriores. Ya sea romance, amistades, trayectorias profesionales o nuevos intereses, nunca vimos venir la mayor\u00eda de las cosas que dan sentido a nuestras vidas. Como recuerdo haber escuchado de una mujer de 90 a\u00f1os, <strong>\u201cNo puedes arreglar la vida; sucede a tu alrededor\u201d.<\/strong><\/span><\/p>\n<h3><span style=\"font-weight: 400\">Disfruta lo que haces\u00a0<\/span><\/h3>\n<p><span style=\"font-weight: 400\">Fue demasiado, Tal vez fue <strong>demasiado dif\u00edcil<\/strong>. Tal vez fue <strong>demasiado desalentador<\/strong>. Tal vez fue <strong>demasiado aburrido<\/strong>. Con el temor como punto de partida, no es de extra\u00f1ar que pospongamos algo. Pero afortunadamente, el ant\u00eddoto es una disciplina deliciosa: poner la fascinaci\u00f3n, la curiosidad y el disfrute en lugar de las reglas de castigo.<\/span><\/p>\n<p><span style=\"font-weight: 400\">Despu\u00e9s de todo, es m\u00e1s probable que encontremos motivaci\u00f3n y mantengamos el impulso si disfrutamos de algo. Incluso para las cosas dif\u00edciles, podemos encontrar una manera de disfrutarlas: hacerlas m\u00e1s f\u00e1ciles, peque\u00f1as y divertidas.<\/span><\/p>\n<h3><span style=\"font-weight: 400\">Nuestro aprendizaje es \u00fanico y nunca falla<\/span><\/h3>\n<p><span style=\"font-weight: 400\">Nada nunca ser\u00e1 igual. Enfrentamos decepciones, angustias, dificultades y p\u00e9rdidas. Por desafiantes que puedan ser estas dificultades, no nos gustar\u00eda que nuestros d\u00edas estuvieran libres de fricciones. Es en las tensiones, problemas y errores que aprendemos; es una de las cosas m\u00e1s importantes de estar vivo.<\/span><\/p>\n<p><span style=\"font-weight: 400\">Como escribi\u00f3 el novelista <strong>T. H. White: \u201cLo mejor para estar triste es aprender algo.<\/strong> <strong>Eso es lo \u00fanico que nunca falla\u201d.<\/strong> Lo maravilloso del aprendizaje es que se expande y no tiene por qu\u00e9 costarnos nada. Podemos aprender de las <strong>conversaciones<\/strong>, los <strong>problemas que debemos resolver<\/strong>, los <strong>riesgos que tomamos<\/strong>, el <strong>envejecimiento<\/strong>, el <strong>rechazo<\/strong> y el<strong> descubrimiento<\/strong>.\u00a0<\/span><span style=\"font-weight: 400\">La curiosidad es c\u00f3mo encontramos lo extraordinario en lo ordinario.<\/span><\/p>\n<p>&nbsp;<\/p>\n","protected":false},"author":28953,"featured_media":106230,"template":"","format":"standard","categories":[9864],"acf":[],"yoast_head":"<!-- This site is optimized with the Yoast SEO Premium plugin v18.5 (Yoast SEO v20.4) - https:\/\/yoast.com\/wordpress\/plugins\/seo\/ -->\n<title>No hice nada hoy: dejar ir la culpa de la productividad | Grazia M\u00e9xico y Latinoam\u00e9rica<\/title>\n<meta name=\"description\" content=\"Madeleine Dore encargada de dirigir Extraordinary Routines, uno de los blogs m\u00e1s populares del momento, presenta un podcast llamado Routines &amp; Ruts y\" \/>\n<meta name=\"robots\" content=\"index, follow, max-snippet:-1, max-image-preview:large, max-video-preview:-1\" \/>\n<link rel=\"canonical\" href=\"https:\/\/graziamagazine.com\/mx\/articles\/no-hice-nada-hoy-dejar-ir-la-culpa-de-la-productividad\/\" \/>\n<meta property=\"og:locale\" content=\"es_MX\" \/>\n<meta property=\"og:type\" content=\"article\" \/>\n<meta property=\"og:title\" content=\"No hice nada hoy: dejar ir la culpa de la productividad\" \/>\n<meta property=\"og:description\" content=\"Madeleine Dore encargada de dirigir Extraordinary Routines, uno de los blogs m\u00e1s populares del momento, presenta un podcast llamado Routines &amp; Ruts y\" \/>\n<meta property=\"og:url\" content=\"https:\/\/graziamagazine.com\/mx\/articles\/no-hice-nada-hoy-dejar-ir-la-culpa-de-la-productividad\/\" \/>\n<meta property=\"og:site_name\" content=\"Grazia M\u00e9xico y Latinoam\u00e9rica\" \/>\n<meta property=\"article:modified_time\" content=\"2022-01-29T01:43:45+00:00\" \/>\n<meta property=\"og:image\" content=\"https:\/\/graziamagazine.com\/mx\/wp-content\/uploads\/sites\/13\/2022\/01\/GettyImages-916901058.jpg?fit=724%2C483\" \/>\n\t<meta property=\"og:image:width\" content=\"724\" \/>\n\t<meta property=\"og:image:height\" content=\"483\" \/>\n\t<meta property=\"og:image:type\" content=\"image\/jpeg\" \/>\n<meta name=\"twitter:card\" content=\"summary_large_image\" \/>\n<meta name=\"twitter:label1\" content=\"Est. reading time\" \/>\n\t<meta name=\"twitter:data1\" content=\"4 minutos\" \/>\n<script type=\"application\/ld+json\" class=\"yoast-schema-graph\">{\"@context\":\"https:\/\/schema.org\",\"@graph\":[{\"@type\":\"WebPage\",\"@id\":\"https:\/\/graziamagazine.com\/mx\/articles\/no-hice-nada-hoy-dejar-ir-la-culpa-de-la-productividad\/\",\"url\":\"https:\/\/graziamagazine.com\/mx\/articles\/no-hice-nada-hoy-dejar-ir-la-culpa-de-la-productividad\/\",\"name\":\"No hice nada hoy: dejar ir la culpa de la productividad | Grazia M\u00e9xico y Latinoam\u00e9rica\",\"isPartOf\":{\"@id\":\"https:\/\/graziamagazine.com\/mx\/#website\"},\"datePublished\":\"2022-01-29T12:07:19+00:00\",\"dateModified\":\"2022-01-29T01:43:45+00:00\",\"description\":\"Madeleine Dore encargada de dirigir Extraordinary Routines, uno de los blogs m\u00e1s populares del momento, presenta un podcast llamado Routines &amp; Ruts y\",\"breadcrumb\":{\"@id\":\"https:\/\/graziamagazine.com\/mx\/articles\/no-hice-nada-hoy-dejar-ir-la-culpa-de-la-productividad\/#breadcrumb\"},\"inLanguage\":\"es-MX\",\"potentialAction\":[{\"@type\":\"ReadAction\",\"target\":[\"https:\/\/graziamagazine.com\/mx\/articles\/no-hice-nada-hoy-dejar-ir-la-culpa-de-la-productividad\/\"]}]},{\"@type\":\"BreadcrumbList\",\"@id\":\"https:\/\/graziamagazine.com\/mx\/articles\/no-hice-nada-hoy-dejar-ir-la-culpa-de-la-productividad\/#breadcrumb\",\"itemListElement\":[{\"@type\":\"ListItem\",\"position\":1,\"name\":\"Home\",\"item\":\"https:\/\/graziamagazine.com\/mx\/\"},{\"@type\":\"ListItem\",\"position\":2,\"name\":\"No hice nada hoy: dejar ir la culpa de la productividad\"}]},{\"@type\":\"WebSite\",\"@id\":\"https:\/\/graziamagazine.com\/mx\/#website\",\"url\":\"https:\/\/graziamagazine.com\/mx\/\",\"name\":\"Grazia M\u00e9xico y Latinoam\u00e9rica\",\"description\":\"Grazia es moda, belleza y noticias  de actualidad \",\"potentialAction\":[{\"@type\":\"SearchAction\",\"target\":{\"@type\":\"EntryPoint\",\"urlTemplate\":\"https:\/\/graziamagazine.com\/mx\/?s={search_term_string}\"},\"query-input\":\"required name=search_term_string\"}],\"inLanguage\":\"es-MX\"}]}<\/script>\n<!-- \/ Yoast SEO Premium plugin. -->","yoast_head_json":{"title":"No hice nada hoy: dejar ir la culpa de la productividad | Grazia M\u00e9xico y Latinoam\u00e9rica","description":"Madeleine Dore encargada de dirigir Extraordinary Routines, uno de los blogs m\u00e1s populares del momento, presenta un podcast llamado Routines &amp; Ruts y","robots":{"index":"index","follow":"follow","max-snippet":"max-snippet:-1","max-image-preview":"max-image-preview:large","max-video-preview":"max-video-preview:-1"},"canonical":"https:\/\/graziamagazine.com\/mx\/articles\/no-hice-nada-hoy-dejar-ir-la-culpa-de-la-productividad\/","og_locale":"es_MX","og_type":"article","og_title":"No hice nada hoy: dejar ir la culpa de la productividad","og_description":"Madeleine Dore encargada de dirigir Extraordinary Routines, uno de los blogs m\u00e1s populares del momento, presenta un podcast llamado Routines &amp; Ruts y","og_url":"https:\/\/graziamagazine.com\/mx\/articles\/no-hice-nada-hoy-dejar-ir-la-culpa-de-la-productividad\/","og_site_name":"Grazia M\u00e9xico y Latinoam\u00e9rica","article_modified_time":"2022-01-29T01:43:45+00:00","og_image":[{"width":724,"height":483,"url":"https:\/\/graziamagazine.com\/mx\/wp-content\/uploads\/sites\/13\/2022\/01\/GettyImages-916901058.jpg?fit=724%2C483","type":"image\/jpeg"}],"twitter_card":"summary_large_image","twitter_misc":{"Est. reading time":"4 minutos"},"schema":{"@context":"https:\/\/schema.org","@graph":[{"@type":"WebPage","@id":"https:\/\/graziamagazine.com\/mx\/articles\/no-hice-nada-hoy-dejar-ir-la-culpa-de-la-productividad\/","url":"https:\/\/graziamagazine.com\/mx\/articles\/no-hice-nada-hoy-dejar-ir-la-culpa-de-la-productividad\/","name":"No hice nada hoy: dejar ir la culpa de la productividad | Grazia M\u00e9xico y Latinoam\u00e9rica","isPartOf":{"@id":"https:\/\/graziamagazine.com\/mx\/#website"},"datePublished":"2022-01-29T12:07:19+00:00","dateModified":"2022-01-29T01:43:45+00:00","description":"Madeleine Dore encargada de dirigir Extraordinary Routines, uno de los blogs m\u00e1s populares del momento, presenta un podcast llamado Routines &amp; Ruts y","breadcrumb":{"@id":"https:\/\/graziamagazine.com\/mx\/articles\/no-hice-nada-hoy-dejar-ir-la-culpa-de-la-productividad\/#breadcrumb"},"inLanguage":"es-MX","potentialAction":[{"@type":"ReadAction","target":["https:\/\/graziamagazine.com\/mx\/articles\/no-hice-nada-hoy-dejar-ir-la-culpa-de-la-productividad\/"]}]},{"@type":"BreadcrumbList","@id":"https:\/\/graziamagazine.com\/mx\/articles\/no-hice-nada-hoy-dejar-ir-la-culpa-de-la-productividad\/#breadcrumb","itemListElement":[{"@type":"ListItem","position":1,"name":"Home","item":"https:\/\/graziamagazine.com\/mx\/"},{"@type":"ListItem","position":2,"name":"No hice nada hoy: dejar ir la culpa de la productividad"}]},{"@type":"WebSite","@id":"https:\/\/graziamagazine.com\/mx\/#website","url":"https:\/\/graziamagazine.com\/mx\/","name":"Grazia M\u00e9xico y Latinoam\u00e9rica","description":"Grazia es moda, belleza y noticias  de actualidad ","potentialAction":[{"@type":"SearchAction","target":{"@type":"EntryPoint","urlTemplate":"https:\/\/graziamagazine.com\/mx\/?s={search_term_string}"},"query-input":"required name=search_term_string"}],"inLanguage":"es-MX"}]}},"jetpack_sharing_enabled":true,"distributor_meta":false,"distributor_terms":false,"distributor_media":false,"distributor_original_site_name":"Grazia M\u00e9xico y Latinoam\u00e9rica","distributor_original_site_url":"https:\/\/graziamagazine.com\/mx","push-errors":false,"_links":{"self":[{"href":"https:\/\/graziamagazine.com\/mx\/wp-json\/wp\/v2\/articles\/106209"}],"collection":[{"href":"https:\/\/graziamagazine.com\/mx\/wp-json\/wp\/v2\/articles"}],"about":[{"href":"https:\/\/graziamagazine.com\/mx\/wp-json\/wp\/v2\/types\/articles"}],"author":[{"embeddable":true,"href":"https:\/\/graziamagazine.com\/mx\/wp-json\/wp\/v2\/users\/28953"}],"wp:featuredmedia":[{"embeddable":true,"href":"https:\/\/graziamagazine.com\/mx\/wp-json\/wp\/v2\/media\/106230"}],"wp:attachment":[{"href":"https:\/\/graziamagazine.com\/mx\/wp-json\/wp\/v2\/media?parent=106209"}],"wp:term":[{"taxonomy":"category","embeddable":true,"href":"https:\/\/graziamagazine.com\/mx\/wp-json\/wp\/v2\/categories?post=106209"}],"curies":[{"name":"wp","href":"https:\/\/api.w.org\/{rel}","templated":true}]}}