{"id":106031,"date":"2022-01-25T14:02:32","date_gmt":"2022-01-25T19:02:32","guid":{"rendered":"https:\/\/graziamagazine.com\/mx\/?post_type=articles&#038;p=106031"},"modified":"2022-01-25T14:31:21","modified_gmt":"2022-01-25T19:31:21","slug":"la-colaboracion-dior-by-birkenstock","status":"publish","type":"articles","link":"https:\/\/graziamagazine.com\/mx\/articles\/la-colaboracion-dior-by-birkenstock\/","title":{"rendered":"La colaboraci\u00f3n Dior by Birkenstock"},"content":{"rendered":"<p><span style=\"font-weight: 400\">Esta nueva colaboraci\u00f3n que a todos nos ha tomado por sorpresa, no se trata de unas simples sandalias Arizonas, <strong>Dior by Birkenstock<\/strong> se ha renovado en una tierna y florida l\u00ednea en homenaje a la conocida pasi\u00f3n de monsieur Dior por la horticultura y el <strong>75 aniversario<\/strong> de la firma francesa.\u00a0<\/span><\/p>\n<p><span style=\"font-weight: 400\">Jones quien fue el encargado de redise\u00f1ar el modelo Tokio, presentados en 1987 junto con las sandalias Milano las cuales fueron un cl\u00e1sico en los a\u00f1os 60, ha confeccionado esta nueva <strong>colecci\u00f3n en fieltro y gamuza en colores neutros<\/strong>, especialmente resaltando el <strong>gris<\/strong> por delante. Las sandalias se han visto con un <strong>carisma y comodidad<\/strong> por los <strong>detalles de goma y hebillas de metal<\/strong> que imitan las caracter\u00edsticas principales de una de las emblem\u00e1ticas bolsas de la Maison.<\/span><\/p>\n<div class=\"content-gallery\"><div class=\"gallery-placeholder\"><div class=\"spinner\"><\/div><\/div><span class=\"gallery-pagination\"><\/span><div id=\"gallery-1\" class=\"gallery galleryid-106031 gallery-columns- gallery-size-\"><figure class=\"gallery-item\"><div class=\"gallery-icon landscape\"><img loading=\"lazy\" decoding=\"async\" width=\"5738\" height=\"7172\" src=\"https:\/\/graziamagazine.com\/mx\/wp-content\/uploads\/sites\/13\/2022\/01\/f8QGMphM.jpeg\" class=\"lazy\" alt=\"Dior by Birkenstock, los ugly shoes con calcetines que est\u00e1n marcando tendencia\" \/><\/div><figcaption class=\"wp-caption-text gallery-caption\" id=\"gallery-1-106038\">Dior by Birkenstock, los ugly shoes con calcetines que est\u00e1n marcando tendencia <\/figcaption><\/figure><figure class=\"gallery-item\"><div class=\"gallery-icon landscape\"><img loading=\"lazy\" decoding=\"async\" width=\"5720\" height=\"7149\" src=\"https:\/\/graziamagazine.com\/mx\/wp-content\/uploads\/sites\/13\/2022\/01\/5QSOkZJY.jpeg\" class=\"lazy\" alt=\"\" \/><\/div><figcaption class=\"wp-caption-text gallery-caption\" id=\"gallery-1-106037\">Los detalles industriales, como la cl\u00e1sica hebilla de la marca francesa, la nueva tendencia para verano.<\/figcaption><\/figure><figure class=\"gallery-item\"><div class=\"gallery-icon landscape\"><img loading=\"lazy\" decoding=\"async\" width=\"5715\" height=\"7143\" src=\"https:\/\/graziamagazine.com\/mx\/wp-content\/uploads\/sites\/13\/2022\/01\/XX88xp_A.jpeg\" class=\"lazy\" alt=\"\" \/><\/div><figcaption class=\"wp-caption-text gallery-caption\" id=\"gallery-1-106036\">El color gris marcara tendencia haciendo lucir las sandalias mas elegantes<\/figcaption><\/figure><\/div><\/div>\n<p><span style=\"font-weight: 400\">El dise\u00f1o de jardiner\u00eda chic, nos remonta a un espacio <strong>delicado, c\u00e1lido, afectuoso y amable<\/strong>, demostrando que los movimientos estrat\u00e9gicos y de gran dise\u00f1o por parte del director creativo de la marca Dior, <strong>Kim Jones<\/strong> convierte cualquier objeto en un lujo, ahora en esta nueva colaboraci\u00f3n junto con <strong>Birkenstock<\/strong>.<\/span><\/p>\n<p><span style=\"font-weight: 400\">Sin duda alguna Jones sabe c\u00f3mo elegir cualquier espl\u00e9ndido ingenio con el que colaborar, pero el director creativo tiene un ojo cl\u00ednico para entender a sus clientes y su p\u00fablico en general, realizando una nueva visi\u00f3n de los <strong><em>ugly shoes<\/em><\/strong>, los cuales aseguran el \u00e9xito de la edici\u00f3n unisex que ser\u00e1 publicada en junio.<\/span><\/p>\n<figure id=\"attachment_106039\" aria-describedby=\"caption-attachment-106039\" style=\"width: 683px\" class=\"wp-caption alignnone\"><img loading=\"lazy\" decoding=\"async\" class=\"wp-image-106039 size-large\" src=\"https:\/\/graziamagazine.com\/mx\/wp-content\/uploads\/sites\/13\/2022\/01\/1ciUGatg.jpeg?w=683\" alt=\"Colecci\u00f3n oto\u00f1o invierno 2022 por la casa francesa Dior \" width=\"683\" height=\"1024\" \/><figcaption id=\"caption-attachment-106039\" class=\"wp-caption-text\">Colecci\u00f3n oto\u00f1o invierno 2022 por la casa francesa Dior<\/figcaption><\/figure>\n<p><span style=\"font-weight: 400\">Dentro de esta maravillosa colaboraci\u00f3n, se encontrar\u00e1n <strong>sandalias vers\u00e1tiles, suelas elegantes<\/strong> que se podr\u00e1n combinar con patrones y estampados de ambas marcas, tambi\u00e9n podr\u00e1s encontrar un par de Tokios <strong>bordados con sencillas y delicadas flores de nivel de alta costura.<\/strong> En conjunto con la colecci\u00f3n <\/span><strong><i>fall winter <\/i><\/strong><span style=\"font-weight: 400\"><strong>2022\/2023<\/strong>, estos dise\u00f1os poseen una combinaci\u00f3n entre <strong>excelente sastrer\u00eda<\/strong> con prudentes destellos de colores y estos adorables<strong> Birks<\/strong> que seguramente han inspirado a todos los que estuvieron presentes en el desfile para observar c\u00f3mo mejorar el estilo <\/span><i><span style=\"font-weight: 400\">couture<\/span><\/i><span style=\"font-weight: 400\"> dentro de casa.<\/span><\/p>\n<div class=\"content-gallery\"><div class=\"gallery-placeholder\"><div class=\"spinner\"><\/div><\/div><span class=\"gallery-pagination\"><\/span><div id=\"gallery-2\" class=\"gallery galleryid-106031 gallery-columns- gallery-size-\"><figure class=\"gallery-item\"><div class=\"gallery-icon landscape\"><img loading=\"lazy\" decoding=\"async\" width=\"3000\" height=\"4500\" src=\"https:\/\/graziamagazine.com\/mx\/wp-content\/uploads\/sites\/13\/2022\/01\/biHkwgrk.jpeg\" class=\"lazy\" alt=\"Colecci\u00f3n oto\u00f1o invierno 2022 por la casa francesa Dior en colaboraci\u00f3n con Birkenstock\" \/><\/div><figcaption class=\"wp-caption-text gallery-caption\" id=\"gallery-2-106040\">Colecci\u00f3n oto\u00f1o invierno 2022 por la casa francesa Dior en colaboraci\u00f3n con Birkenstock<\/figcaption><\/figure><figure class=\"gallery-item\"><div class=\"gallery-icon landscape\"><img loading=\"lazy\" decoding=\"async\" width=\"3000\" height=\"4500\" src=\"https:\/\/graziamagazine.com\/mx\/wp-content\/uploads\/sites\/13\/2022\/01\/OaHU0Hw.jpeg\" class=\"lazy\" alt=\"\" \/><\/div><figcaption class=\"wp-caption-text gallery-caption\" id=\"gallery-2-106041\">Colecci\u00f3n oto\u00f1o invierno 2022 por la casa francesa Dior en colaboraci\u00f3n con Birkenstock<\/figcaption><\/figure><figure class=\"gallery-item\"><div class=\"gallery-icon landscape\"><img loading=\"lazy\" decoding=\"async\" width=\"3000\" height=\"4500\" src=\"https:\/\/graziamagazine.com\/mx\/wp-content\/uploads\/sites\/13\/2022\/01\/gMqX7IZk.jpeg\" class=\"lazy\" alt=\"\" \/><\/div><figcaption class=\"wp-caption-text gallery-caption\" id=\"gallery-2-106042\">Colecci\u00f3n oto\u00f1o invierno 2022 por la casa francesa Dior en colaboraci\u00f3n con Birkenstock<\/figcaption><\/figure><figure class=\"gallery-item\"><div class=\"gallery-icon landscape\"><img loading=\"lazy\" decoding=\"async\" width=\"3000\" height=\"4500\" src=\"https:\/\/graziamagazine.com\/mx\/wp-content\/uploads\/sites\/13\/2022\/01\/jUU7WlHE.jpeg\" class=\"lazy\" alt=\"\" \/><\/div><figcaption class=\"wp-caption-text gallery-caption\" id=\"gallery-2-106043\">Colecci\u00f3n oto\u00f1o invierno 2022 por la casa francesa Dior en colaboraci\u00f3n con Birkenstock<\/figcaption><\/figure><\/div><\/div>\n<p><span style=\"font-weight: 400\">Durante el desfile, Jones present\u00f3 una redefinici\u00f3n de la sastrer\u00eda masculina con <strong>chaquetas <\/strong><\/span><i><span style=\"font-weight: 400\"><strong>tailleur oblique<\/strong>, <\/span><\/i><span style=\"font-weight: 400\"><strong>siluetas holgadas<\/strong> con <strong>patrones americanos<\/strong>, <strong>solapas de un solo bot\u00f3n<\/strong>, adem\u00e1s de <strong>prendas amplias y relajadas<\/strong> en diversos estilos y tonos en blancos y negros. Los dos calzados con calcetines grises haciendo un estupendo juego y asegur\u00e1ndonos que la tendencia m\u00e1s controvertida de sandalias y calcetines seguir\u00e1 teniendo un boom en el <\/span><strong><i>street style<\/i>.<\/strong><\/p>\n<div class=\"content-gallery\"><div class=\"gallery-placeholder\"><div class=\"spinner\"><\/div><\/div><span class=\"gallery-pagination\"><\/span><div id=\"gallery-3\" class=\"gallery galleryid-106031 gallery-columns- gallery-size-\"><figure class=\"gallery-item\"><div class=\"gallery-icon landscape\"><img loading=\"lazy\" decoding=\"async\" width=\"3000\" height=\"4500\" src=\"https:\/\/graziamagazine.com\/mx\/wp-content\/uploads\/sites\/13\/2022\/01\/6iHRVRq0.jpeg\" class=\"lazy\" alt=\"Dior by Birkenstock, la colaboraci\u00f3n que marcara tendencia este verano\" \/><\/div><figcaption class=\"wp-caption-text gallery-caption\" id=\"gallery-3-106046\">Dior by Birkenstock, la colaboraci\u00f3n que marcara tendencia este verano<\/figcaption><\/figure><figure class=\"gallery-item\"><div class=\"gallery-icon landscape\"><img loading=\"lazy\" decoding=\"async\" width=\"3000\" height=\"4500\" src=\"https:\/\/graziamagazine.com\/mx\/wp-content\/uploads\/sites\/13\/2022\/01\/V_ibtNm4.jpeg\" class=\"lazy\" alt=\"\" \/><\/div><figcaption class=\"wp-caption-text gallery-caption\" id=\"gallery-3-106047\">Colecci\u00f3n oto\u00f1o invierno 2022\/2023 Dior by Birkenstock<\/figcaption><\/figure><figure class=\"gallery-item\"><div class=\"gallery-icon landscape\"><img loading=\"lazy\" decoding=\"async\" width=\"3000\" height=\"4500\" src=\"https:\/\/graziamagazine.com\/mx\/wp-content\/uploads\/sites\/13\/2022\/01\/JNveo0rY.jpeg\" class=\"lazy\" alt=\"\" \/><\/div><figcaption class=\"wp-caption-text gallery-caption\" id=\"gallery-3-106048\">Colecci\u00f3n oto\u00f1o invierno 2022\/2023 Dior by Birkenstock<\/figcaption><\/figure><\/div><\/div>\n<p><span style=\"font-weight: 400\">Sin duda una exclusiva colecci\u00f3n que ha cuidado hasta el m\u00ednimo detalle con la suela combinada con el conocido motivo <\/span><i><span style=\"font-weight: 400\">Oblique <\/span><\/i><span style=\"font-weight: 400\">de Dior y el patr\u00f3n de hueso tan caracter\u00edstico de Birkenstock.<\/span><\/p>\n<blockquote><p><span style=\"font-weight: 400\">&#8220;Hemos hecho unas Birkenstock, pero solo porque no quer\u00edamos hacer un zapato de jardiner\u00eda de Christian Dior y copiarlo\u201d, apuntaba el dise\u00f1ador.<\/span><\/p><\/blockquote>\n<p><span style=\"font-weight: 400\">Es as\u00ed como el dise\u00f1ador creativo Jones confirma la nueva colaboraci\u00f3n y prometedora alianza con la marca Birkenstock, creando as\u00ed<strong> Dior by Birkenstock que estar\u00e1 en tiendas a partir del segundo semestre de este 2022<\/strong>.<\/span><\/p>\n<figure id=\"attachment_106050\" aria-describedby=\"caption-attachment-106050\" style=\"width: 683px\" class=\"wp-caption alignnone\"><img loading=\"lazy\" decoding=\"async\" class=\"wp-image-106050 size-large\" src=\"https:\/\/graziamagazine.com\/mx\/wp-content\/uploads\/sites\/13\/2022\/01\/j4HAAINg.jpeg?w=683\" alt=\"Colecci\u00f3n oto\u00f1o invierno 2022\/2023 Dior by Birkenstock\" width=\"683\" height=\"1024\" \/><figcaption id=\"caption-attachment-106050\" class=\"wp-caption-text\">Colecci\u00f3n oto\u00f1o invierno 2022\/2023 Dior by Birkenstock<\/figcaption><\/figure>\n<figure id=\"attachment_106051\" aria-describedby=\"caption-attachment-106051\" style=\"width: 683px\" class=\"wp-caption alignnone\"><img loading=\"lazy\" decoding=\"async\" class=\"wp-image-106051 size-large\" src=\"https:\/\/graziamagazine.com\/mx\/wp-content\/uploads\/sites\/13\/2022\/01\/AKVlpQ5A.jpeg?w=683\" alt=\"Colecci\u00f3n oto\u00f1o invierno 2022\/2023 Dior by Birkenstock\" width=\"683\" height=\"1024\" \/><figcaption id=\"caption-attachment-106051\" class=\"wp-caption-text\">Colecci\u00f3n oto\u00f1o invierno 2022\/2023 Dior by Birkenstock<\/figcaption><\/figure>\n<figure id=\"attachment_106052\" aria-describedby=\"caption-attachment-106052\" style=\"width: 683px\" class=\"wp-caption alignnone\"><img loading=\"lazy\" decoding=\"async\" class=\"wp-image-106052 size-large\" src=\"https:\/\/graziamagazine.com\/mx\/wp-content\/uploads\/sites\/13\/2022\/01\/xKgdhLNE.jpeg?w=683\" alt=\"Colecci\u00f3n oto\u00f1o invierno 2022\/2023 Dior by Birkenstock\" width=\"683\" height=\"1024\" \/><figcaption id=\"caption-attachment-106052\" class=\"wp-caption-text\">Colecci\u00f3n oto\u00f1o invierno 2022\/2023 Dior by Birkenstock<\/figcaption><\/figure>\n<p><strong><em>*IMAGEN: Cortes\u00eda Dior\u00a0<\/em><\/strong><\/p>\n","protected":false},"author":28953,"featured_media":106035,"template":"","format":"standard","categories":[4],"acf":[],"yoast_head":"<!-- This site is optimized with the Yoast SEO Premium plugin v18.5 (Yoast SEO v20.4) - https:\/\/yoast.com\/wordpress\/plugins\/seo\/ -->\n<title>La colaboraci\u00f3n Dior by Birkenstock | Grazia M\u00e9xico y Latinoam\u00e9rica<\/title>\n<meta name=\"description\" content=\"Esta nueva colaboraci\u00f3n que a todos nos ha tomado por sorpresa, no se trata de unas simples sandalias Arizonas, Dior by Birkenstock se ha renovado en una\" \/>\n<meta name=\"robots\" content=\"index, follow, max-snippet:-1, max-image-preview:large, max-video-preview:-1\" \/>\n<link rel=\"canonical\" href=\"https:\/\/graziamagazine.com\/mx\/articles\/la-colaboracion-dior-by-birkenstock\/\" \/>\n<meta property=\"og:locale\" content=\"es_MX\" \/>\n<meta property=\"og:type\" content=\"article\" \/>\n<meta property=\"og:title\" content=\"La colaboraci\u00f3n Dior by Birkenstock\" \/>\n<meta property=\"og:description\" content=\"Esta nueva colaboraci\u00f3n que a todos nos ha tomado por sorpresa, no se trata de unas simples sandalias Arizonas, Dior by Birkenstock se ha renovado en una\" \/>\n<meta property=\"og:url\" content=\"https:\/\/graziamagazine.com\/mx\/articles\/la-colaboracion-dior-by-birkenstock\/\" \/>\n<meta property=\"og:site_name\" content=\"Grazia M\u00e9xico y Latinoam\u00e9rica\" \/>\n<meta property=\"article:modified_time\" content=\"2022-01-25T19:31:21+00:00\" \/>\n<meta property=\"og:image\" content=\"https:\/\/graziamagazine.com\/mx\/wp-content\/uploads\/sites\/13\/2022\/01\/uEWb4Px0.jpeg\" \/>\n\t<meta property=\"og:image:width\" content=\"1024\" \/>\n\t<meta property=\"og:image:height\" content=\"819\" \/>\n\t<meta property=\"og:image:type\" content=\"image\/jpeg\" \/>\n<meta name=\"twitter:card\" content=\"summary_large_image\" \/>\n<meta name=\"twitter:label1\" content=\"Est. reading time\" \/>\n\t<meta name=\"twitter:data1\" content=\"3 minutos\" \/>\n<script type=\"application\/ld+json\" class=\"yoast-schema-graph\">{\"@context\":\"https:\/\/schema.org\",\"@graph\":[{\"@type\":\"WebPage\",\"@id\":\"https:\/\/graziamagazine.com\/mx\/articles\/la-colaboracion-dior-by-birkenstock\/\",\"url\":\"https:\/\/graziamagazine.com\/mx\/articles\/la-colaboracion-dior-by-birkenstock\/\",\"name\":\"La colaboraci\u00f3n Dior by Birkenstock | Grazia M\u00e9xico y Latinoam\u00e9rica\",\"isPartOf\":{\"@id\":\"https:\/\/graziamagazine.com\/mx\/#website\"},\"datePublished\":\"2022-01-25T19:02:32+00:00\",\"dateModified\":\"2022-01-25T19:31:21+00:00\",\"description\":\"Esta nueva colaboraci\u00f3n que a todos nos ha tomado por sorpresa, no se trata de unas simples sandalias Arizonas, Dior by Birkenstock se ha renovado en una\",\"breadcrumb\":{\"@id\":\"https:\/\/graziamagazine.com\/mx\/articles\/la-colaboracion-dior-by-birkenstock\/#breadcrumb\"},\"inLanguage\":\"es-MX\",\"potentialAction\":[{\"@type\":\"ReadAction\",\"target\":[\"https:\/\/graziamagazine.com\/mx\/articles\/la-colaboracion-dior-by-birkenstock\/\"]}]},{\"@type\":\"BreadcrumbList\",\"@id\":\"https:\/\/graziamagazine.com\/mx\/articles\/la-colaboracion-dior-by-birkenstock\/#breadcrumb\",\"itemListElement\":[{\"@type\":\"ListItem\",\"position\":1,\"name\":\"Home\",\"item\":\"https:\/\/graziamagazine.com\/mx\/\"},{\"@type\":\"ListItem\",\"position\":2,\"name\":\"La colaboraci\u00f3n Dior by Birkenstock\"}]},{\"@type\":\"WebSite\",\"@id\":\"https:\/\/graziamagazine.com\/mx\/#website\",\"url\":\"https:\/\/graziamagazine.com\/mx\/\",\"name\":\"Grazia M\u00e9xico y Latinoam\u00e9rica\",\"description\":\"Grazia es moda, belleza y noticias  de actualidad \",\"potentialAction\":[{\"@type\":\"SearchAction\",\"target\":{\"@type\":\"EntryPoint\",\"urlTemplate\":\"https:\/\/graziamagazine.com\/mx\/?s={search_term_string}\"},\"query-input\":\"required name=search_term_string\"}],\"inLanguage\":\"es-MX\"}]}<\/script>\n<!-- \/ Yoast SEO Premium plugin. -->","yoast_head_json":{"title":"La colaboraci\u00f3n Dior by Birkenstock | Grazia M\u00e9xico y Latinoam\u00e9rica","description":"Esta nueva colaboraci\u00f3n que a todos nos ha tomado por sorpresa, no se trata de unas simples sandalias Arizonas, Dior by Birkenstock se ha renovado en una","robots":{"index":"index","follow":"follow","max-snippet":"max-snippet:-1","max-image-preview":"max-image-preview:large","max-video-preview":"max-video-preview:-1"},"canonical":"https:\/\/graziamagazine.com\/mx\/articles\/la-colaboracion-dior-by-birkenstock\/","og_locale":"es_MX","og_type":"article","og_title":"La colaboraci\u00f3n Dior by Birkenstock","og_description":"Esta nueva colaboraci\u00f3n que a todos nos ha tomado por sorpresa, no se trata de unas simples sandalias Arizonas, Dior by Birkenstock se ha renovado en una","og_url":"https:\/\/graziamagazine.com\/mx\/articles\/la-colaboracion-dior-by-birkenstock\/","og_site_name":"Grazia M\u00e9xico y Latinoam\u00e9rica","article_modified_time":"2022-01-25T19:31:21+00:00","og_image":[{"url":"https:\/\/graziamagazine.com\/mx\/wp-content\/uploads\/sites\/13\/2022\/01\/uEWb4Px0.jpeg","width":1024,"height":819,"type":"image\/jpeg"}],"twitter_card":"summary_large_image","twitter_misc":{"Est. reading time":"3 minutos"},"schema":{"@context":"https:\/\/schema.org","@graph":[{"@type":"WebPage","@id":"https:\/\/graziamagazine.com\/mx\/articles\/la-colaboracion-dior-by-birkenstock\/","url":"https:\/\/graziamagazine.com\/mx\/articles\/la-colaboracion-dior-by-birkenstock\/","name":"La colaboraci\u00f3n Dior by Birkenstock | Grazia M\u00e9xico y Latinoam\u00e9rica","isPartOf":{"@id":"https:\/\/graziamagazine.com\/mx\/#website"},"datePublished":"2022-01-25T19:02:32+00:00","dateModified":"2022-01-25T19:31:21+00:00","description":"Esta nueva colaboraci\u00f3n que a todos nos ha tomado por sorpresa, no se trata de unas simples sandalias Arizonas, Dior by Birkenstock se ha renovado en una","breadcrumb":{"@id":"https:\/\/graziamagazine.com\/mx\/articles\/la-colaboracion-dior-by-birkenstock\/#breadcrumb"},"inLanguage":"es-MX","potentialAction":[{"@type":"ReadAction","target":["https:\/\/graziamagazine.com\/mx\/articles\/la-colaboracion-dior-by-birkenstock\/"]}]},{"@type":"BreadcrumbList","@id":"https:\/\/graziamagazine.com\/mx\/articles\/la-colaboracion-dior-by-birkenstock\/#breadcrumb","itemListElement":[{"@type":"ListItem","position":1,"name":"Home","item":"https:\/\/graziamagazine.com\/mx\/"},{"@type":"ListItem","position":2,"name":"La colaboraci\u00f3n Dior by Birkenstock"}]},{"@type":"WebSite","@id":"https:\/\/graziamagazine.com\/mx\/#website","url":"https:\/\/graziamagazine.com\/mx\/","name":"Grazia M\u00e9xico y Latinoam\u00e9rica","description":"Grazia es moda, belleza y noticias  de actualidad ","potentialAction":[{"@type":"SearchAction","target":{"@type":"EntryPoint","urlTemplate":"https:\/\/graziamagazine.com\/mx\/?s={search_term_string}"},"query-input":"required name=search_term_string"}],"inLanguage":"es-MX"}]}},"jetpack_sharing_enabled":true,"distributor_meta":false,"distributor_terms":false,"distributor_media":false,"distributor_original_site_name":"Grazia M\u00e9xico y Latinoam\u00e9rica","distributor_original_site_url":"https:\/\/graziamagazine.com\/mx","push-errors":false,"_links":{"self":[{"href":"https:\/\/graziamagazine.com\/mx\/wp-json\/wp\/v2\/articles\/106031"}],"collection":[{"href":"https:\/\/graziamagazine.com\/mx\/wp-json\/wp\/v2\/articles"}],"about":[{"href":"https:\/\/graziamagazine.com\/mx\/wp-json\/wp\/v2\/types\/articles"}],"author":[{"embeddable":true,"href":"https:\/\/graziamagazine.com\/mx\/wp-json\/wp\/v2\/users\/28953"}],"wp:featuredmedia":[{"embeddable":true,"href":"https:\/\/graziamagazine.com\/mx\/wp-json\/wp\/v2\/media\/106035"}],"wp:attachment":[{"href":"https:\/\/graziamagazine.com\/mx\/wp-json\/wp\/v2\/media?parent=106031"}],"wp:term":[{"taxonomy":"category","embeddable":true,"href":"https:\/\/graziamagazine.com\/mx\/wp-json\/wp\/v2\/categories?post=106031"}],"curies":[{"name":"wp","href":"https:\/\/api.w.org\/{rel}","templated":true}]}}