{"id":105743,"date":"2022-01-17T22:00:30","date_gmt":"2022-01-18T03:00:30","guid":{"rendered":"https:\/\/graziamagazine.com\/mx\/?post_type=articles&#038;p=105743"},"modified":"2022-01-18T12:21:06","modified_gmt":"2022-01-18T17:21:06","slug":"los-actores-maclachlan-y-jeff-goldblum-desfilan-para-prada-en-milan-a-sus-mas-de-60-anos","status":"publish","type":"articles","link":"https:\/\/graziamagazine.com\/mx\/articles\/los-actores-maclachlan-y-jeff-goldblum-desfilan-para-prada-en-milan-a-sus-mas-de-60-anos\/","title":{"rendered":"Los actores MacLachlan y Jeff Goldblum desfilan para Prada en Mil\u00e1n a sus m\u00e1s de 60 a\u00f1os"},"content":{"rendered":"<p><span style=\"font-weight: 400\">\u00a1Nunca es tarde! Y esto bien lo saben los actores sexagenarios K<strong>yle MacLachlan y Jeff Goldblum<\/strong>, quienes desfilaron por primera vez en su vida en la <strong>pasarela de Prada<\/strong>, en Mil\u00e1n, Italia.<\/span><\/p>\n<p><span style=\"font-weight: 400\">El actor de <em><strong>Sex and the City<\/strong><\/em>, MacLachlan, conocido por su interpretaci\u00f3n de Trey MacDougal en la serie de <strong>HBO Max<\/strong>, particip\u00f3 en la pasarela, al igual que lo hizo el famoso actor de<em> <strong>Jurassic Park<\/strong>,<\/em> de 69 a\u00f1os, Jeff Goldblum.<\/span><\/p>\n<p><span style=\"font-weight: 400\">\u00a1Maravillosas edades para empezar a modelar!<\/span><\/p>\n<p><span style=\"font-weight: 400\">De la misma manera, debutaron en pasarela <strong>Thomas Brodie-Sangster, Asa Butterfield, Damson Idris, Tom Mercier, Jaden Michael, Louis Partridge, Ashton Sanders y Filippo Scotti<\/strong>.\u00a0<\/span><\/p>\n<p><span style=\"font-weight: 400\">\u201cHombres reales, figuras reconocidas, que aportan una nueva faceta de la realidad\u201d, dijo Prada en relaci\u00f3n a este desfile.<\/span><\/p>\n<p><span style=\"font-weight: 400\">\u201cAqu\u00ed se valoriza la realidad cotidiana, se intercambian sus signos y significantes por los de la elegancia y la sofisticaci\u00f3n. A trav\u00e9s de esta interacci\u00f3n, se otorga m\u00e9rito y valor al esfuerzo humano en todos los niveles: los uniformes de empleo percibidos adquieren una nueva importancia. Se da un sentido de ocasi\u00f3n a la actividad cotidiana: una importancia, un valor, que enfatiza el valor del trabajo para la sociedad\u201d, dijo la marca en un comunicado.<\/span><\/p>\n<p><span style=\"font-weight: 400\">\u201cEvitando la jerarqu\u00eda, se propone una dignidad a la ropa pragm\u00e1tica, uniformes de la realidad, materializados en cuero precioso y tecnolog\u00eda de seda como una marca de respeto y valor. Estos se colocan junto al lenguaje de la sastrer\u00eda, una formalidad que le confiere una importancia. El pragmatismo puede afectar la elegancia: los m\u00e9todos de construcci\u00f3n sartorial se aplican a prendas de punto, chaquetas bomber y parkas, formalizando estos ejemplos de vestimenta universal. La elegancia se convierte en un medio de celebraci\u00f3n, de impartir significado\u201d, a\u00f1ade Prada.<\/span><\/p>\n<p><span style=\"font-weight: 400\">\u00a1Aplausos para este desfile que rompi\u00f3 los estereotipos de g\u00e9nero y edad en todos sentidos!<\/span><\/p>\n<figure id=\"attachment_105753\" aria-describedby=\"caption-attachment-105753\" style=\"width: 682px\" class=\"wp-caption aligncenter\"><img loading=\"lazy\" decoding=\"async\" class=\"size-large wp-image-105753\" src=\"https:\/\/graziamagazine.com\/mx\/wp-content\/uploads\/sites\/13\/2022\/01\/GettyImages-1364949400.jpg?w=682\" alt=\"\" width=\"682\" height=\"1024\" \/><figcaption id=\"caption-attachment-105753\" class=\"wp-caption-text\">MILAN, ITALY &#8211; JANUARY 16: Jeff Goldblum walks the runway at the Prada fashion show during the Milan Men&#8217;s Fashion Week &#8211; Fall\/Winter 2022\/2023 on January 16, 2022 in Milan, Italy. (Photo by Daniele Venturelli\/Daniele Venturelli\/Getty Images )<\/figcaption><\/figure>\n<p>&nbsp;<\/p>\n","protected":false},"author":11628,"featured_media":105751,"template":"","format":"standard","categories":[4,10],"acf":[],"yoast_head":"<!-- This site is optimized with the Yoast SEO Premium plugin v18.5 (Yoast SEO v20.4) - https:\/\/yoast.com\/wordpress\/plugins\/seo\/ -->\n<title>Los actores MacLachlan y Jeff Goldblum desfilan para Prada en Mil\u00e1n a sus m\u00e1s de 60 a\u00f1os | Grazia M\u00e9xico y Latinoam\u00e9rica<\/title>\n<meta name=\"description\" content=\"\u00a1Nunca es tarde! Y esto bien lo saben los actores sexagenarios Kyle MacLachlan y Jeff Goldblum, quienes desfilaron por primera vez en su vida en la\" \/>\n<meta name=\"robots\" content=\"index, follow, max-snippet:-1, max-image-preview:large, max-video-preview:-1\" \/>\n<link rel=\"canonical\" href=\"https:\/\/graziamagazine.com\/mx\/articles\/los-actores-maclachlan-y-jeff-goldblum-desfilan-para-prada-en-milan-a-sus-mas-de-60-anos\/\" \/>\n<meta property=\"og:locale\" content=\"es_MX\" \/>\n<meta property=\"og:type\" content=\"article\" \/>\n<meta property=\"og:title\" content=\"Los actores MacLachlan y Jeff Goldblum desfilan para Prada en Mil\u00e1n a sus m\u00e1s de 60 a\u00f1os\" \/>\n<meta property=\"og:description\" content=\"\u00a1Nunca es tarde! Y esto bien lo saben los actores sexagenarios Kyle MacLachlan y Jeff Goldblum, quienes desfilaron por primera vez en su vida en la\" \/>\n<meta property=\"og:url\" content=\"https:\/\/graziamagazine.com\/mx\/articles\/los-actores-maclachlan-y-jeff-goldblum-desfilan-para-prada-en-milan-a-sus-mas-de-60-anos\/\" \/>\n<meta property=\"og:site_name\" content=\"Grazia M\u00e9xico y Latinoam\u00e9rica\" \/>\n<meta property=\"article:modified_time\" content=\"2022-01-18T17:21:06+00:00\" \/>\n<meta property=\"og:image\" content=\"https:\/\/graziamagazine.com\/mx\/wp-content\/uploads\/sites\/13\/2022\/01\/prada.jpg?fit=3962%2C3766\" \/>\n\t<meta property=\"og:image:width\" content=\"3962\" \/>\n\t<meta property=\"og:image:height\" content=\"3766\" \/>\n\t<meta property=\"og:image:type\" content=\"image\/jpeg\" \/>\n<meta name=\"twitter:card\" content=\"summary_large_image\" \/>\n<meta name=\"twitter:label1\" content=\"Est. reading time\" \/>\n\t<meta name=\"twitter:data1\" content=\"2 minutos\" \/>\n<script type=\"application\/ld+json\" class=\"yoast-schema-graph\">{\"@context\":\"https:\/\/schema.org\",\"@graph\":[{\"@type\":\"WebPage\",\"@id\":\"https:\/\/graziamagazine.com\/mx\/articles\/los-actores-maclachlan-y-jeff-goldblum-desfilan-para-prada-en-milan-a-sus-mas-de-60-anos\/\",\"url\":\"https:\/\/graziamagazine.com\/mx\/articles\/los-actores-maclachlan-y-jeff-goldblum-desfilan-para-prada-en-milan-a-sus-mas-de-60-anos\/\",\"name\":\"Los actores MacLachlan y Jeff Goldblum desfilan para Prada en Mil\u00e1n a sus m\u00e1s de 60 a\u00f1os | Grazia M\u00e9xico y Latinoam\u00e9rica\",\"isPartOf\":{\"@id\":\"https:\/\/graziamagazine.com\/mx\/#website\"},\"datePublished\":\"2022-01-18T03:00:30+00:00\",\"dateModified\":\"2022-01-18T17:21:06+00:00\",\"description\":\"\u00a1Nunca es tarde! Y esto bien lo saben los actores sexagenarios Kyle MacLachlan y Jeff Goldblum, quienes desfilaron por primera vez en su vida en la\",\"breadcrumb\":{\"@id\":\"https:\/\/graziamagazine.com\/mx\/articles\/los-actores-maclachlan-y-jeff-goldblum-desfilan-para-prada-en-milan-a-sus-mas-de-60-anos\/#breadcrumb\"},\"inLanguage\":\"es-MX\",\"potentialAction\":[{\"@type\":\"ReadAction\",\"target\":[\"https:\/\/graziamagazine.com\/mx\/articles\/los-actores-maclachlan-y-jeff-goldblum-desfilan-para-prada-en-milan-a-sus-mas-de-60-anos\/\"]}]},{\"@type\":\"BreadcrumbList\",\"@id\":\"https:\/\/graziamagazine.com\/mx\/articles\/los-actores-maclachlan-y-jeff-goldblum-desfilan-para-prada-en-milan-a-sus-mas-de-60-anos\/#breadcrumb\",\"itemListElement\":[{\"@type\":\"ListItem\",\"position\":1,\"name\":\"Home\",\"item\":\"https:\/\/graziamagazine.com\/mx\/\"},{\"@type\":\"ListItem\",\"position\":2,\"name\":\"Los actores MacLachlan y Jeff Goldblum desfilan para Prada en Mil\u00e1n a sus m\u00e1s de 60 a\u00f1os\"}]},{\"@type\":\"WebSite\",\"@id\":\"https:\/\/graziamagazine.com\/mx\/#website\",\"url\":\"https:\/\/graziamagazine.com\/mx\/\",\"name\":\"Grazia M\u00e9xico y Latinoam\u00e9rica\",\"description\":\"Grazia es moda, belleza y noticias  de actualidad \",\"potentialAction\":[{\"@type\":\"SearchAction\",\"target\":{\"@type\":\"EntryPoint\",\"urlTemplate\":\"https:\/\/graziamagazine.com\/mx\/?s={search_term_string}\"},\"query-input\":\"required name=search_term_string\"}],\"inLanguage\":\"es-MX\"}]}<\/script>\n<!-- \/ Yoast SEO Premium plugin. -->","yoast_head_json":{"title":"Los actores MacLachlan y Jeff Goldblum desfilan para Prada en Mil\u00e1n a sus m\u00e1s de 60 a\u00f1os | Grazia M\u00e9xico y Latinoam\u00e9rica","description":"\u00a1Nunca es tarde! Y esto bien lo saben los actores sexagenarios Kyle MacLachlan y Jeff Goldblum, quienes desfilaron por primera vez en su vida en la","robots":{"index":"index","follow":"follow","max-snippet":"max-snippet:-1","max-image-preview":"max-image-preview:large","max-video-preview":"max-video-preview:-1"},"canonical":"https:\/\/graziamagazine.com\/mx\/articles\/los-actores-maclachlan-y-jeff-goldblum-desfilan-para-prada-en-milan-a-sus-mas-de-60-anos\/","og_locale":"es_MX","og_type":"article","og_title":"Los actores MacLachlan y Jeff Goldblum desfilan para Prada en Mil\u00e1n a sus m\u00e1s de 60 a\u00f1os","og_description":"\u00a1Nunca es tarde! Y esto bien lo saben los actores sexagenarios Kyle MacLachlan y Jeff Goldblum, quienes desfilaron por primera vez en su vida en la","og_url":"https:\/\/graziamagazine.com\/mx\/articles\/los-actores-maclachlan-y-jeff-goldblum-desfilan-para-prada-en-milan-a-sus-mas-de-60-anos\/","og_site_name":"Grazia M\u00e9xico y Latinoam\u00e9rica","article_modified_time":"2022-01-18T17:21:06+00:00","og_image":[{"width":3962,"height":3766,"url":"https:\/\/graziamagazine.com\/mx\/wp-content\/uploads\/sites\/13\/2022\/01\/prada.jpg?fit=3962%2C3766","type":"image\/jpeg"}],"twitter_card":"summary_large_image","twitter_misc":{"Est. reading time":"2 minutos"},"schema":{"@context":"https:\/\/schema.org","@graph":[{"@type":"WebPage","@id":"https:\/\/graziamagazine.com\/mx\/articles\/los-actores-maclachlan-y-jeff-goldblum-desfilan-para-prada-en-milan-a-sus-mas-de-60-anos\/","url":"https:\/\/graziamagazine.com\/mx\/articles\/los-actores-maclachlan-y-jeff-goldblum-desfilan-para-prada-en-milan-a-sus-mas-de-60-anos\/","name":"Los actores MacLachlan y Jeff Goldblum desfilan para Prada en Mil\u00e1n a sus m\u00e1s de 60 a\u00f1os | Grazia M\u00e9xico y Latinoam\u00e9rica","isPartOf":{"@id":"https:\/\/graziamagazine.com\/mx\/#website"},"datePublished":"2022-01-18T03:00:30+00:00","dateModified":"2022-01-18T17:21:06+00:00","description":"\u00a1Nunca es tarde! Y esto bien lo saben los actores sexagenarios Kyle MacLachlan y Jeff Goldblum, quienes desfilaron por primera vez en su vida en la","breadcrumb":{"@id":"https:\/\/graziamagazine.com\/mx\/articles\/los-actores-maclachlan-y-jeff-goldblum-desfilan-para-prada-en-milan-a-sus-mas-de-60-anos\/#breadcrumb"},"inLanguage":"es-MX","potentialAction":[{"@type":"ReadAction","target":["https:\/\/graziamagazine.com\/mx\/articles\/los-actores-maclachlan-y-jeff-goldblum-desfilan-para-prada-en-milan-a-sus-mas-de-60-anos\/"]}]},{"@type":"BreadcrumbList","@id":"https:\/\/graziamagazine.com\/mx\/articles\/los-actores-maclachlan-y-jeff-goldblum-desfilan-para-prada-en-milan-a-sus-mas-de-60-anos\/#breadcrumb","itemListElement":[{"@type":"ListItem","position":1,"name":"Home","item":"https:\/\/graziamagazine.com\/mx\/"},{"@type":"ListItem","position":2,"name":"Los actores MacLachlan y Jeff Goldblum desfilan para Prada en Mil\u00e1n a sus m\u00e1s de 60 a\u00f1os"}]},{"@type":"WebSite","@id":"https:\/\/graziamagazine.com\/mx\/#website","url":"https:\/\/graziamagazine.com\/mx\/","name":"Grazia M\u00e9xico y Latinoam\u00e9rica","description":"Grazia es moda, belleza y noticias  de actualidad ","potentialAction":[{"@type":"SearchAction","target":{"@type":"EntryPoint","urlTemplate":"https:\/\/graziamagazine.com\/mx\/?s={search_term_string}"},"query-input":"required name=search_term_string"}],"inLanguage":"es-MX"}]}},"jetpack_sharing_enabled":true,"distributor_meta":false,"distributor_terms":false,"distributor_media":false,"distributor_original_site_name":"Grazia M\u00e9xico y Latinoam\u00e9rica","distributor_original_site_url":"https:\/\/graziamagazine.com\/mx","push-errors":false,"_links":{"self":[{"href":"https:\/\/graziamagazine.com\/mx\/wp-json\/wp\/v2\/articles\/105743"}],"collection":[{"href":"https:\/\/graziamagazine.com\/mx\/wp-json\/wp\/v2\/articles"}],"about":[{"href":"https:\/\/graziamagazine.com\/mx\/wp-json\/wp\/v2\/types\/articles"}],"author":[{"embeddable":true,"href":"https:\/\/graziamagazine.com\/mx\/wp-json\/wp\/v2\/users\/11628"}],"wp:featuredmedia":[{"embeddable":true,"href":"https:\/\/graziamagazine.com\/mx\/wp-json\/wp\/v2\/media\/105751"}],"wp:attachment":[{"href":"https:\/\/graziamagazine.com\/mx\/wp-json\/wp\/v2\/media?parent=105743"}],"wp:term":[{"taxonomy":"category","embeddable":true,"href":"https:\/\/graziamagazine.com\/mx\/wp-json\/wp\/v2\/categories?post=105743"}],"curies":[{"name":"wp","href":"https:\/\/api.w.org\/{rel}","templated":true}]}}