{"id":105532,"date":"2022-01-11T07:07:05","date_gmt":"2022-01-11T12:07:05","guid":{"rendered":"https:\/\/graziamagazine.com\/mx\/?post_type=articles&#038;p=105532"},"modified":"2022-01-10T21:42:02","modified_gmt":"2022-01-11T02:42:02","slug":"dior-john-galliano-1997-2011-el-nuevo-libro-de-la-marca-centrado-en-la-era-de-john-galliano","status":"publish","type":"articles","link":"https:\/\/graziamagazine.com\/mx\/articles\/dior-john-galliano-1997-2011-el-nuevo-libro-de-la-marca-centrado-en-la-era-de-john-galliano\/","title":{"rendered":"\u2018Dior, John Galliano 1997-2011\u2019, el nuevo libro de la marca centrado en la era de John Galliano"},"content":{"rendered":"<p><span style=\"font-weight: 400\">El quinto volumen de la serie que <a href=\"https:\/\/graziamagazine.com\/mx\/articles\/the-dior-vibe-bowling-bag\/\"><strong>Dior<\/strong> <\/a>est\u00e1 publicando con la Editorial Assouline &#8211;<strong> Dior, John Galliano 1997-2011<\/strong> &#8211; est\u00e1 en el horno, en preventa, listo para llegar a las manos de los fans de la moda y de la marca francesa.<\/span><\/p>\n<p><span style=\"font-weight: 400\">El tomo de 448 p\u00e1ginas narra la historia y la herencia de cada director creativo de la marca. Escrito por <strong>Andrew Bolton,<\/strong> el curador de Wendy Yu a cargo del Instituto del Traje en el Museo Metropolitano de Arte, presenta fotograf\u00edas de legendarios fot\u00f3grafos de moda.<\/span><\/p>\n<p><span style=\"font-weight: 400\">\u201cSe trata del \u00faltimo compendio de las creaciones de alta costura m\u00e1s memorables concebidas y hechas a mano por la renombrada casa de alta costura desde sus inicios. Cuidadosamente conservados en los grandes museos e instituciones del mundo, estos tesoros de la moda han sido cuidadosamente fotografiados por Laziz Hamani y compilados exclusivamente para esta colecci\u00f3n indispensable\u201d, se lee en la sinopsis del quinto tomo de la colecci\u00f3n editorial.<\/span><\/p>\n<p><img loading=\"lazy\" decoding=\"async\" class=\"alignnone size-medium wp-image-105534 aligncenter\" src=\"https:\/\/graziamagazine.com\/mx\/wp-content\/uploads\/sites\/13\/2022\/01\/Captura-de-Pantalla-2022-01-10-a-las-19.02.54.png?w=355\" alt=\"\" width=\"355\" height=\"450\" \/><\/p>\n<p><span style=\"font-weight: 400\">En el libro, los lectores podr\u00e1n explorar desde el vestido lencero de sat\u00e9n azul medianoche que llev\u00f3 la princesa Diana a la Met Gala de 1996, hasta un vestido de tul amarillo canario de su \u00faltima colecci\u00f3n de alta costura para la moda francesa casa en 2011, inspirada en el ilustrador Ren\u00e9 Gruau. Estas y todas las creaciones de Galliano.<\/span><\/p>\n<p><span style=\"font-weight: 400\">\u201cTras el \u00e9xito de su propia marca (fundada en 1984), fue nombrado director creativo de <\/span><i><span style=\"font-weight: 400\">pr\u00eat-\u00e0-porter <\/span><\/i><span style=\"font-weight: 400\">y alta costura de Givenchy en 1995, antes de incorporarse a Dior en 1996 como director art\u00edstico de las colecciones de mujer. All\u00ed, se distingui\u00f3 con sus espect\u00e1culos extravagantes que combinaban inspiraciones hist\u00f3ricas y culturales ecl\u00e9cticas: un caleidoscopio global de referencias e inventiva desenfrenada, llena de romanticismo e historia. La sensibilidad del dise\u00f1ador por el saber hacer de la alta costura y el sentido innato de lo espectacular le han valido la reputaci\u00f3n de maestro de la silueta\u201d, a\u00f1ade la rese\u00f1a de la publicaci\u00f3n que estar\u00e1 a la venta a finales de febrero de 2022.<\/span><\/p>\n<p><span style=\"font-weight: 400\">\u201cJohn Galliano realmente ha reinventado el arte, y el papel mismo, de la alta costura, redefiniendo sus tropos en un nuevo tipo de moda contempor\u00e1nea que combina las influencias de sus viajes, ya sean reales o nacidos de su imaginaci\u00f3n, y la abundante herencia de Christian Dior. Este libro destaca las siluetas excepcionales que cre\u00f3 para Dior colecci\u00f3n tras colecci\u00f3n de 1996 a 2011, a trav\u00e9s de sus modelos m\u00e1s emblem\u00e1ticos, fotografiados por Laziz Hamani, junto con tomas de Steven Meisel, Annie Leibovitz, Irving Penn y Paolo Roversi. Esta singular odisea es el quinto volumen de una nueva serie de libros que rinden homenaje a los Directores Art\u00edsticos de la Casa\u201d, se lee tambi\u00e9n en la sinopsis que no hace m\u00e1s que provocarnos comprar el libro en preventa ahora mismo.<\/span><\/p>\n<p><span style=\"font-weight: 400\">\u201cNo es ning\u00fan secreto que soy un gran admirador del trabajo de John, especialmente su trabajo en Dior, que hemos estado recopilando activamente a lo largo de los a\u00f1os\u201d, dijo el autor de la obra en un comunicado.<\/span><\/p>\n<p><img loading=\"lazy\" decoding=\"async\" class=\"alignnone size-medium wp-image-105535 aligncenter\" src=\"https:\/\/graziamagazine.com\/mx\/wp-content\/uploads\/sites\/13\/2022\/01\/Captura-de-Pantalla-2022-01-10-a-las-19.03.14.png?w=450\" alt=\"\" width=\"450\" height=\"301\" \/><\/p>\n<p><span style=\"font-weight: 400\">\u201c[Christian] Dior y John comparten tantas similitudes: ambos son rom\u00e1nticos ac\u00e9rrimos y narradores inspirados, ambos tienen un profundo respeto por la historia y ambos aprecian y entienden las posibilidades creativas de la alta costura\u201d, a\u00f1adi\u00f3.<\/span><\/p>\n<p><span style=\"font-weight: 400\">\u201cEl proyecto fue incre\u00edblemente significativo para m\u00ed, ya que John y The Met tienen una larga historia juntos. Durante su tiempo en Dior, John sol\u00eda visitar el museo en busca de inspiraci\u00f3n y, a lo largo de los a\u00f1os, hemos incluido muchas de sus creaciones de alta costura en nuestras exposiciones. De hecho, si tuvieras que contar la cantidad de piezas que hemos mostrado, ser\u00edan el equivalente a una exposici\u00f3n unipersonal\u201d, concluy\u00f3 Bolton.\u00a0<\/span><\/p>\n<p><span style=\"font-weight: 400\">Desde ya, puedes adquirir el libro en preventa en el <\/span><a href=\"https:\/\/www.assouline.com\/products\/dior-by-john-galliano\" target=\"_blank\"><span style=\"font-weight: 400\">sitio web<\/span><\/a><span style=\"font-weight: 400\"> de Editorial Assouline, por <strong>$195 d\u00f3lares<\/strong> (m\u00e1s env\u00edo internacional), para <strong>recibirlo a partir del 22 de febrero de este a\u00f1o.<\/strong><\/span><\/p>\n","protected":false},"author":11628,"featured_media":105533,"template":"","format":"standard","categories":[4],"acf":[],"yoast_head":"<!-- This site is optimized with the Yoast SEO Premium plugin v18.5 (Yoast SEO v20.4) - https:\/\/yoast.com\/wordpress\/plugins\/seo\/ -->\n<title>\u2018Dior, John Galliano 1997-2011\u2019, el nuevo libro de la marca centrado en la era de John Galliano | Grazia M\u00e9xico y Latinoam\u00e9rica<\/title>\n<meta name=\"description\" content=\"Ning\u00fan seguidor de la marca puede quedarse sin este libro.\" \/>\n<meta name=\"robots\" content=\"index, follow, max-snippet:-1, max-image-preview:large, max-video-preview:-1\" \/>\n<link rel=\"canonical\" href=\"https:\/\/graziamagazine.com\/mx\/articles\/dior-john-galliano-1997-2011-el-nuevo-libro-de-la-marca-centrado-en-la-era-de-john-galliano\/\" \/>\n<meta property=\"og:locale\" content=\"es_MX\" \/>\n<meta property=\"og:type\" content=\"article\" \/>\n<meta property=\"og:title\" content=\"\u2018Dior, John Galliano 1997-2011\u2019, el nuevo libro de la marca centrado en la era de John Galliano\" \/>\n<meta property=\"og:description\" content=\"Ning\u00fan seguidor de la marca puede quedarse sin este libro.\" \/>\n<meta property=\"og:url\" content=\"https:\/\/graziamagazine.com\/mx\/articles\/dior-john-galliano-1997-2011-el-nuevo-libro-de-la-marca-centrado-en-la-era-de-john-galliano\/\" \/>\n<meta property=\"og:site_name\" content=\"Grazia M\u00e9xico y Latinoam\u00e9rica\" \/>\n<meta property=\"article:modified_time\" content=\"2022-01-11T02:42:02+00:00\" \/>\n<meta property=\"og:image\" content=\"https:\/\/graziamagazine.com\/mx\/wp-content\/uploads\/sites\/13\/2022\/01\/john-galliano.jpeg?fit=1200%2C725\" \/>\n\t<meta property=\"og:image:width\" content=\"1200\" \/>\n\t<meta property=\"og:image:height\" content=\"725\" \/>\n\t<meta property=\"og:image:type\" content=\"image\/jpeg\" \/>\n<meta name=\"twitter:card\" content=\"summary_large_image\" \/>\n<meta name=\"twitter:label1\" content=\"Est. reading time\" \/>\n\t<meta name=\"twitter:data1\" content=\"3 minutos\" \/>\n<script type=\"application\/ld+json\" class=\"yoast-schema-graph\">{\"@context\":\"https:\/\/schema.org\",\"@graph\":[{\"@type\":\"WebPage\",\"@id\":\"https:\/\/graziamagazine.com\/mx\/articles\/dior-john-galliano-1997-2011-el-nuevo-libro-de-la-marca-centrado-en-la-era-de-john-galliano\/\",\"url\":\"https:\/\/graziamagazine.com\/mx\/articles\/dior-john-galliano-1997-2011-el-nuevo-libro-de-la-marca-centrado-en-la-era-de-john-galliano\/\",\"name\":\"\u2018Dior, John Galliano 1997-2011\u2019, el nuevo libro de la marca centrado en la era de John Galliano | Grazia M\u00e9xico y Latinoam\u00e9rica\",\"isPartOf\":{\"@id\":\"https:\/\/graziamagazine.com\/mx\/#website\"},\"datePublished\":\"2022-01-11T12:07:05+00:00\",\"dateModified\":\"2022-01-11T02:42:02+00:00\",\"description\":\"Ning\u00fan seguidor de la marca puede quedarse sin este libro.\",\"breadcrumb\":{\"@id\":\"https:\/\/graziamagazine.com\/mx\/articles\/dior-john-galliano-1997-2011-el-nuevo-libro-de-la-marca-centrado-en-la-era-de-john-galliano\/#breadcrumb\"},\"inLanguage\":\"es-MX\",\"potentialAction\":[{\"@type\":\"ReadAction\",\"target\":[\"https:\/\/graziamagazine.com\/mx\/articles\/dior-john-galliano-1997-2011-el-nuevo-libro-de-la-marca-centrado-en-la-era-de-john-galliano\/\"]}]},{\"@type\":\"BreadcrumbList\",\"@id\":\"https:\/\/graziamagazine.com\/mx\/articles\/dior-john-galliano-1997-2011-el-nuevo-libro-de-la-marca-centrado-en-la-era-de-john-galliano\/#breadcrumb\",\"itemListElement\":[{\"@type\":\"ListItem\",\"position\":1,\"name\":\"Home\",\"item\":\"https:\/\/graziamagazine.com\/mx\/\"},{\"@type\":\"ListItem\",\"position\":2,\"name\":\"\u2018Dior, John Galliano 1997-2011\u2019, el nuevo libro de la marca centrado en la era de John Galliano\"}]},{\"@type\":\"WebSite\",\"@id\":\"https:\/\/graziamagazine.com\/mx\/#website\",\"url\":\"https:\/\/graziamagazine.com\/mx\/\",\"name\":\"Grazia M\u00e9xico y Latinoam\u00e9rica\",\"description\":\"Grazia es moda, belleza y noticias  de actualidad \",\"potentialAction\":[{\"@type\":\"SearchAction\",\"target\":{\"@type\":\"EntryPoint\",\"urlTemplate\":\"https:\/\/graziamagazine.com\/mx\/?s={search_term_string}\"},\"query-input\":\"required name=search_term_string\"}],\"inLanguage\":\"es-MX\"}]}<\/script>\n<!-- \/ Yoast SEO Premium plugin. -->","yoast_head_json":{"title":"\u2018Dior, John Galliano 1997-2011\u2019, el nuevo libro de la marca centrado en la era de John Galliano | Grazia M\u00e9xico y Latinoam\u00e9rica","description":"Ning\u00fan seguidor de la marca puede quedarse sin este libro.","robots":{"index":"index","follow":"follow","max-snippet":"max-snippet:-1","max-image-preview":"max-image-preview:large","max-video-preview":"max-video-preview:-1"},"canonical":"https:\/\/graziamagazine.com\/mx\/articles\/dior-john-galliano-1997-2011-el-nuevo-libro-de-la-marca-centrado-en-la-era-de-john-galliano\/","og_locale":"es_MX","og_type":"article","og_title":"\u2018Dior, John Galliano 1997-2011\u2019, el nuevo libro de la marca centrado en la era de John Galliano","og_description":"Ning\u00fan seguidor de la marca puede quedarse sin este libro.","og_url":"https:\/\/graziamagazine.com\/mx\/articles\/dior-john-galliano-1997-2011-el-nuevo-libro-de-la-marca-centrado-en-la-era-de-john-galliano\/","og_site_name":"Grazia M\u00e9xico y Latinoam\u00e9rica","article_modified_time":"2022-01-11T02:42:02+00:00","og_image":[{"width":1200,"height":725,"url":"https:\/\/graziamagazine.com\/mx\/wp-content\/uploads\/sites\/13\/2022\/01\/john-galliano.jpeg?fit=1200%2C725","type":"image\/jpeg"}],"twitter_card":"summary_large_image","twitter_misc":{"Est. reading time":"3 minutos"},"schema":{"@context":"https:\/\/schema.org","@graph":[{"@type":"WebPage","@id":"https:\/\/graziamagazine.com\/mx\/articles\/dior-john-galliano-1997-2011-el-nuevo-libro-de-la-marca-centrado-en-la-era-de-john-galliano\/","url":"https:\/\/graziamagazine.com\/mx\/articles\/dior-john-galliano-1997-2011-el-nuevo-libro-de-la-marca-centrado-en-la-era-de-john-galliano\/","name":"\u2018Dior, John Galliano 1997-2011\u2019, el nuevo libro de la marca centrado en la era de John Galliano | Grazia M\u00e9xico y Latinoam\u00e9rica","isPartOf":{"@id":"https:\/\/graziamagazine.com\/mx\/#website"},"datePublished":"2022-01-11T12:07:05+00:00","dateModified":"2022-01-11T02:42:02+00:00","description":"Ning\u00fan seguidor de la marca puede quedarse sin este libro.","breadcrumb":{"@id":"https:\/\/graziamagazine.com\/mx\/articles\/dior-john-galliano-1997-2011-el-nuevo-libro-de-la-marca-centrado-en-la-era-de-john-galliano\/#breadcrumb"},"inLanguage":"es-MX","potentialAction":[{"@type":"ReadAction","target":["https:\/\/graziamagazine.com\/mx\/articles\/dior-john-galliano-1997-2011-el-nuevo-libro-de-la-marca-centrado-en-la-era-de-john-galliano\/"]}]},{"@type":"BreadcrumbList","@id":"https:\/\/graziamagazine.com\/mx\/articles\/dior-john-galliano-1997-2011-el-nuevo-libro-de-la-marca-centrado-en-la-era-de-john-galliano\/#breadcrumb","itemListElement":[{"@type":"ListItem","position":1,"name":"Home","item":"https:\/\/graziamagazine.com\/mx\/"},{"@type":"ListItem","position":2,"name":"\u2018Dior, John Galliano 1997-2011\u2019, el nuevo libro de la marca centrado en la era de John Galliano"}]},{"@type":"WebSite","@id":"https:\/\/graziamagazine.com\/mx\/#website","url":"https:\/\/graziamagazine.com\/mx\/","name":"Grazia M\u00e9xico y Latinoam\u00e9rica","description":"Grazia es moda, belleza y noticias  de actualidad ","potentialAction":[{"@type":"SearchAction","target":{"@type":"EntryPoint","urlTemplate":"https:\/\/graziamagazine.com\/mx\/?s={search_term_string}"},"query-input":"required name=search_term_string"}],"inLanguage":"es-MX"}]}},"jetpack_sharing_enabled":true,"distributor_meta":false,"distributor_terms":false,"distributor_media":false,"distributor_original_site_name":"Grazia M\u00e9xico y Latinoam\u00e9rica","distributor_original_site_url":"https:\/\/graziamagazine.com\/mx","push-errors":false,"_links":{"self":[{"href":"https:\/\/graziamagazine.com\/mx\/wp-json\/wp\/v2\/articles\/105532"}],"collection":[{"href":"https:\/\/graziamagazine.com\/mx\/wp-json\/wp\/v2\/articles"}],"about":[{"href":"https:\/\/graziamagazine.com\/mx\/wp-json\/wp\/v2\/types\/articles"}],"author":[{"embeddable":true,"href":"https:\/\/graziamagazine.com\/mx\/wp-json\/wp\/v2\/users\/11628"}],"wp:featuredmedia":[{"embeddable":true,"href":"https:\/\/graziamagazine.com\/mx\/wp-json\/wp\/v2\/media\/105533"}],"wp:attachment":[{"href":"https:\/\/graziamagazine.com\/mx\/wp-json\/wp\/v2\/media?parent=105532"}],"wp:term":[{"taxonomy":"category","embeddable":true,"href":"https:\/\/graziamagazine.com\/mx\/wp-json\/wp\/v2\/categories?post=105532"}],"curies":[{"name":"wp","href":"https:\/\/api.w.org\/{rel}","templated":true}]}}