{"id":104855,"date":"2021-12-16T13:40:44","date_gmt":"2021-12-16T18:40:44","guid":{"rendered":"https:\/\/graziamagazine.com\/mx\/?post_type=articles&#038;p=104855"},"modified":"2021-12-16T13:51:58","modified_gmt":"2021-12-16T18:51:58","slug":"chris-noth-es-acusado-de-agresion-sexual-por-parte-de-dos-mujeres","status":"publish","type":"articles","link":"https:\/\/graziamagazine.com\/mx\/articles\/chris-noth-es-acusado-de-agresion-sexual-por-parte-de-dos-mujeres\/","title":{"rendered":"Chris Noth es acusado de agresi\u00f3n sexual por parte de dos mujeres"},"content":{"rendered":"<p><span style=\"font-weight: 400\">Apenas una semana despu\u00e9s del estreno de <em><strong>And Just Like That<\/strong><\/em>, el actor <strong>Chris Noth<\/strong>, que da vida a Mr. Big, ha sido <strong>acusado de agresi\u00f3n sexual por dos mujeres<\/strong>, indicando que hubo al menos 10 a\u00f1os de diferencia entre cada una.<\/span><\/p>\n<p><span style=\"font-weight: 400\">Una de las mujeres, ahora de 40 a\u00f1os, y la otra, ahora de 31, decidieron contar su experiencia a ra\u00edz del tan esperado <em>reboot<\/em> de <em><strong>Sex and the City<\/strong><\/em>, por lo que se acercaron a la prensa por s\u00ed mismas y con meses de diferencia, pidiendo mantener su identidad en el anonimato.<\/span><\/p>\n<p><img loading=\"lazy\" decoding=\"async\" class=\"aligncenter size-large wp-image-104858\" src=\"https:\/\/graziamagazine.com\/mx\/wp-content\/uploads\/sites\/13\/2021\/12\/download-4.jpg?w=300\" alt=\"\" width=\"300\" height=\"168\" \/><\/p>\n<p><span style=\"font-weight: 400\">Las mujeres, que no se conocen entre s\u00ed, relatan que los hechos sucedieron en Los \u00c1ngeles en 2004, y en Nueva York en 2015, respectivamente.<\/span><\/p>\n<p><span style=\"font-weight: 400\">\u201cLily\u201d, la mujer de 31 a\u00f1os, ahora periodista, se acerc\u00f3 a<em> The Hollywood Reporter<\/em> en el mes de agosto, mientras que la mujer de 40 a\u00f1os, \u201cZoe\u201d lo hizo en octubre, contando que trabaja en la industria del entretenimiento y teme las repercusiones si se conoce su identidad, pero &#8220;ver que estaba repitiendo su papel en <em>Sex and the City<\/em> hizo que me despertara algo. Durante tantos a\u00f1os, lo enterr\u00e9&#8221;, dijo y entonces decidi\u00f3 que era hora de contarlo. Ambos nombres son los seud\u00f3nimos con los que est\u00e1n contando sus historias.<\/span><\/p>\n<blockquote><p><span style=\"font-weight: 400\">\u201cLas acusaciones en mi contra hechas por personas que conoc\u00ed hace a\u00f1os, incluso d\u00e9cadas, son categ\u00f3ricamente falsas. Estas historias podr\u00edan haber sido de hace 30 a\u00f1os o de hace 30 d\u00edas, no siempre significa no, esa es una l\u00ednea que no cruc\u00e9. Los encuentros fueron consensuados. Es dif\u00edcil no cuestionar el momento en que salieron estas historias. No s\u00e9 con certeza por qu\u00e9 est\u00e1n apareciendo ahora, pero s\u00ed s\u00e9 esto: no agred\u00ed a estas mujeres\u201d, dijo Noth en una declaraci\u00f3n.<\/span><\/p><\/blockquote>\n<p><span style=\"font-weight: 400\">Despu\u00e9s de graduarse de la universidad en 2004, Zoe, que entonces ten\u00eda 22 a\u00f1os, se mud\u00f3 a Los \u00c1ngeles para trabajar en un trabajo de principiante para una firma de alto perfil donde Noth y otras celebridades ten\u00edan negocios regularmente. \u201c\u00c9l pasaba por mi escritorio y coqueteaba conmigo. De alguna manera obtuvo mi n\u00famero del directorio y estaba dejando mensajes en mi tel\u00e9fono del trabajo. Mi jefe me dijo: &#8220;Mr. Big est\u00e1 dejando mensajes en tu buz\u00f3n de voz&#8217;\u201d, asegura.<\/span><\/p>\n<p><span style=\"font-weight: 400\">La historia de Zoe fue confirmada por su ahora ex jefa, que vio a Noth hablando con Zoe en su escritorio. Zoe tambi\u00e9n la dej\u00f3 escuchar algunos mensajes de voz &#8220;coquetos&#8221; de \u00e9l. La ex jefa dice que le pareci\u00f3 extra\u00f1o que Noth, que ten\u00eda 49 a\u00f1os en ese momento, hubiera obtenido el n\u00famero de Zoe y le hubiera dejado esos mensajes, pero dice que no lo encontr\u00f3 alarmante. \u201cEst fue durante el pico de <em>Sex and the City<\/em>\u201d, dice ella. &#8220;\u00c9l era como un dios para nosotros&#8221;.<\/span><\/p>\n<p><span style=\"font-weight: 400\">Ah\u00ed comenz\u00f3 el acercamiento entre ellos, que culmin\u00f3 con una violaci\u00f3n, aunque con muchos <a href=\"https:\/\/www.hollywoodreporter.com\/tv\/tv-news\/chris-noth-accused-of-sexual-assault-1235063596\/\" target=\"_blank\">detalles importantes<\/a> a lo largo de la historia.<\/span><\/p>\n<p><span style=\"font-weight: 400\">Lily, por su parte, era mesera en la secci\u00f3n VIP de la discoteca n\u00famero 8 de Nueva York, conociendo a Noth en 2015. Ella hab\u00eda sido su fan desde que \u00e9l protagoniz\u00f3 Law &amp; Order y, por supuesto, lo conoc\u00eda de Sex and the City. &#8220;Me qued\u00e9 realmente impactada. \u00c9l estaba coqueteando conmigo, seguro. Me sent\u00ed halagada. Sab\u00eda que estaba casado, lo cual es vergonzoso de mi parte admitirlo&#8221;, dijo.<\/span><\/p>\n<p><span style=\"font-weight: 400\">Ella ten\u00eda 25 a\u00f1os. \u00c9l ten\u00eda 60. Noth consigui\u00f3 su n\u00famero y la invit\u00f3 a salir. \u201cYo estaba como, &#8216;Eso es una locura, Mr. Big me est\u00e1 invitando a cenar&#8217;\u201d. Y \u00e9l le pidi\u00f3 que se reuniera con \u00e9l en el restaurante Il Cantinori, que es donde Carrie Bradshaw organiza su fiesta de cumplea\u00f1os n\u00famero 30 en la serie.<\/span><\/p>\n<p><span style=\"font-weight: 400\">Lily pens\u00f3 que el hecho de que la invitara a cenar mostraba cierto inter\u00e9s en conocerla. Pero ella dice que a la hora que la cit\u00f3, la cocina se hab\u00eda cerrado. Tomaron vino en el bar y ella le cont\u00f3 sobre su inter\u00e9s en estudiar una carrera de periodismo.<\/span><\/p>\n<p><span style=\"font-weight: 400\">\u00c9l la invit\u00f3 a su departamento que estaba a la vuelta del restaurante, con el pretexto de que ten\u00eda una gran colecci\u00f3n de whiskies que pod\u00edan catar, ella acept\u00f3 y la noche termin\u00f3 con esta acusaci\u00f3n de agresi\u00f3n sexual que ella finalmente ha confesado.<\/span><\/p>\n<p><span style=\"font-weight: 400\">La historia apenas comienza para Chris Noth que tendr\u00e1 que enfrentar lo que venga a ra\u00edz de las acusaciones de estas valientes mujeres. Te mantendremos informada.<\/span><\/p>\n","protected":false},"author":11628,"featured_media":104856,"template":"","format":"standard","categories":[114,2],"acf":[],"yoast_head":"<!-- This site is optimized with the Yoast SEO Premium plugin v18.5 (Yoast SEO v20.4) - https:\/\/yoast.com\/wordpress\/plugins\/seo\/ -->\n<title>Chris Noth es acusado de agresi\u00f3n sexual por parte de dos mujeres | Grazia M\u00e9xico y Latinoam\u00e9rica<\/title>\n<meta name=\"description\" content=\"Un nuevo caso de #MeToo sale a la luz.\" \/>\n<meta name=\"robots\" content=\"index, follow, max-snippet:-1, max-image-preview:large, max-video-preview:-1\" \/>\n<link rel=\"canonical\" href=\"https:\/\/graziamagazine.com\/mx\/articles\/chris-noth-es-acusado-de-agresion-sexual-por-parte-de-dos-mujeres\/\" \/>\n<meta property=\"og:locale\" content=\"es_MX\" \/>\n<meta property=\"og:type\" content=\"article\" \/>\n<meta property=\"og:title\" content=\"Chris Noth es acusado de agresi\u00f3n sexual por parte de dos mujeres\" \/>\n<meta property=\"og:description\" content=\"Un nuevo caso de #MeToo sale a la luz.\" \/>\n<meta property=\"og:url\" content=\"https:\/\/graziamagazine.com\/mx\/articles\/chris-noth-es-acusado-de-agresion-sexual-por-parte-de-dos-mujeres\/\" \/>\n<meta property=\"og:site_name\" content=\"Grazia M\u00e9xico y Latinoam\u00e9rica\" \/>\n<meta property=\"article:modified_time\" content=\"2021-12-16T18:51:58+00:00\" \/>\n<meta property=\"og:image\" content=\"https:\/\/graziamagazine.com\/mx\/wp-content\/uploads\/sites\/13\/2021\/12\/chris-noth.jpeg?fit=620%2C420\" \/>\n\t<meta property=\"og:image:width\" content=\"620\" \/>\n\t<meta property=\"og:image:height\" content=\"420\" \/>\n\t<meta property=\"og:image:type\" content=\"image\/jpeg\" \/>\n<meta name=\"twitter:card\" content=\"summary_large_image\" \/>\n<meta name=\"twitter:label1\" content=\"Est. reading time\" \/>\n\t<meta name=\"twitter:data1\" content=\"4 minutos\" \/>\n<script type=\"application\/ld+json\" class=\"yoast-schema-graph\">{\"@context\":\"https:\/\/schema.org\",\"@graph\":[{\"@type\":\"WebPage\",\"@id\":\"https:\/\/graziamagazine.com\/mx\/articles\/chris-noth-es-acusado-de-agresion-sexual-por-parte-de-dos-mujeres\/\",\"url\":\"https:\/\/graziamagazine.com\/mx\/articles\/chris-noth-es-acusado-de-agresion-sexual-por-parte-de-dos-mujeres\/\",\"name\":\"Chris Noth es acusado de agresi\u00f3n sexual por parte de dos mujeres | Grazia M\u00e9xico y Latinoam\u00e9rica\",\"isPartOf\":{\"@id\":\"https:\/\/graziamagazine.com\/mx\/#website\"},\"datePublished\":\"2021-12-16T18:40:44+00:00\",\"dateModified\":\"2021-12-16T18:51:58+00:00\",\"description\":\"Un nuevo caso de #MeToo sale a la luz.\",\"breadcrumb\":{\"@id\":\"https:\/\/graziamagazine.com\/mx\/articles\/chris-noth-es-acusado-de-agresion-sexual-por-parte-de-dos-mujeres\/#breadcrumb\"},\"inLanguage\":\"es-MX\",\"potentialAction\":[{\"@type\":\"ReadAction\",\"target\":[\"https:\/\/graziamagazine.com\/mx\/articles\/chris-noth-es-acusado-de-agresion-sexual-por-parte-de-dos-mujeres\/\"]}]},{\"@type\":\"BreadcrumbList\",\"@id\":\"https:\/\/graziamagazine.com\/mx\/articles\/chris-noth-es-acusado-de-agresion-sexual-por-parte-de-dos-mujeres\/#breadcrumb\",\"itemListElement\":[{\"@type\":\"ListItem\",\"position\":1,\"name\":\"Home\",\"item\":\"https:\/\/graziamagazine.com\/mx\/\"},{\"@type\":\"ListItem\",\"position\":2,\"name\":\"Chris Noth es acusado de agresi\u00f3n sexual por parte de dos mujeres\"}]},{\"@type\":\"WebSite\",\"@id\":\"https:\/\/graziamagazine.com\/mx\/#website\",\"url\":\"https:\/\/graziamagazine.com\/mx\/\",\"name\":\"Grazia M\u00e9xico y Latinoam\u00e9rica\",\"description\":\"Grazia es moda, belleza y noticias  de actualidad \",\"potentialAction\":[{\"@type\":\"SearchAction\",\"target\":{\"@type\":\"EntryPoint\",\"urlTemplate\":\"https:\/\/graziamagazine.com\/mx\/?s={search_term_string}\"},\"query-input\":\"required name=search_term_string\"}],\"inLanguage\":\"es-MX\"}]}<\/script>\n<!-- \/ Yoast SEO Premium plugin. -->","yoast_head_json":{"title":"Chris Noth es acusado de agresi\u00f3n sexual por parte de dos mujeres | Grazia M\u00e9xico y Latinoam\u00e9rica","description":"Un nuevo caso de #MeToo sale a la luz.","robots":{"index":"index","follow":"follow","max-snippet":"max-snippet:-1","max-image-preview":"max-image-preview:large","max-video-preview":"max-video-preview:-1"},"canonical":"https:\/\/graziamagazine.com\/mx\/articles\/chris-noth-es-acusado-de-agresion-sexual-por-parte-de-dos-mujeres\/","og_locale":"es_MX","og_type":"article","og_title":"Chris Noth es acusado de agresi\u00f3n sexual por parte de dos mujeres","og_description":"Un nuevo caso de #MeToo sale a la luz.","og_url":"https:\/\/graziamagazine.com\/mx\/articles\/chris-noth-es-acusado-de-agresion-sexual-por-parte-de-dos-mujeres\/","og_site_name":"Grazia M\u00e9xico y Latinoam\u00e9rica","article_modified_time":"2021-12-16T18:51:58+00:00","og_image":[{"width":620,"height":420,"url":"https:\/\/graziamagazine.com\/mx\/wp-content\/uploads\/sites\/13\/2021\/12\/chris-noth.jpeg?fit=620%2C420","type":"image\/jpeg"}],"twitter_card":"summary_large_image","twitter_misc":{"Est. reading time":"4 minutos"},"schema":{"@context":"https:\/\/schema.org","@graph":[{"@type":"WebPage","@id":"https:\/\/graziamagazine.com\/mx\/articles\/chris-noth-es-acusado-de-agresion-sexual-por-parte-de-dos-mujeres\/","url":"https:\/\/graziamagazine.com\/mx\/articles\/chris-noth-es-acusado-de-agresion-sexual-por-parte-de-dos-mujeres\/","name":"Chris Noth es acusado de agresi\u00f3n sexual por parte de dos mujeres | Grazia M\u00e9xico y Latinoam\u00e9rica","isPartOf":{"@id":"https:\/\/graziamagazine.com\/mx\/#website"},"datePublished":"2021-12-16T18:40:44+00:00","dateModified":"2021-12-16T18:51:58+00:00","description":"Un nuevo caso de #MeToo sale a la luz.","breadcrumb":{"@id":"https:\/\/graziamagazine.com\/mx\/articles\/chris-noth-es-acusado-de-agresion-sexual-por-parte-de-dos-mujeres\/#breadcrumb"},"inLanguage":"es-MX","potentialAction":[{"@type":"ReadAction","target":["https:\/\/graziamagazine.com\/mx\/articles\/chris-noth-es-acusado-de-agresion-sexual-por-parte-de-dos-mujeres\/"]}]},{"@type":"BreadcrumbList","@id":"https:\/\/graziamagazine.com\/mx\/articles\/chris-noth-es-acusado-de-agresion-sexual-por-parte-de-dos-mujeres\/#breadcrumb","itemListElement":[{"@type":"ListItem","position":1,"name":"Home","item":"https:\/\/graziamagazine.com\/mx\/"},{"@type":"ListItem","position":2,"name":"Chris Noth es acusado de agresi\u00f3n sexual por parte de dos mujeres"}]},{"@type":"WebSite","@id":"https:\/\/graziamagazine.com\/mx\/#website","url":"https:\/\/graziamagazine.com\/mx\/","name":"Grazia M\u00e9xico y Latinoam\u00e9rica","description":"Grazia es moda, belleza y noticias  de actualidad ","potentialAction":[{"@type":"SearchAction","target":{"@type":"EntryPoint","urlTemplate":"https:\/\/graziamagazine.com\/mx\/?s={search_term_string}"},"query-input":"required name=search_term_string"}],"inLanguage":"es-MX"}]}},"jetpack_sharing_enabled":true,"distributor_meta":false,"distributor_terms":false,"distributor_media":false,"distributor_original_site_name":"Grazia M\u00e9xico y Latinoam\u00e9rica","distributor_original_site_url":"https:\/\/graziamagazine.com\/mx","push-errors":false,"_links":{"self":[{"href":"https:\/\/graziamagazine.com\/mx\/wp-json\/wp\/v2\/articles\/104855"}],"collection":[{"href":"https:\/\/graziamagazine.com\/mx\/wp-json\/wp\/v2\/articles"}],"about":[{"href":"https:\/\/graziamagazine.com\/mx\/wp-json\/wp\/v2\/types\/articles"}],"author":[{"embeddable":true,"href":"https:\/\/graziamagazine.com\/mx\/wp-json\/wp\/v2\/users\/11628"}],"wp:featuredmedia":[{"embeddable":true,"href":"https:\/\/graziamagazine.com\/mx\/wp-json\/wp\/v2\/media\/104856"}],"wp:attachment":[{"href":"https:\/\/graziamagazine.com\/mx\/wp-json\/wp\/v2\/media?parent=104855"}],"wp:term":[{"taxonomy":"category","embeddable":true,"href":"https:\/\/graziamagazine.com\/mx\/wp-json\/wp\/v2\/categories?post=104855"}],"curies":[{"name":"wp","href":"https:\/\/api.w.org\/{rel}","templated":true}]}}