{"id":104765,"date":"2021-12-16T10:25:42","date_gmt":"2021-12-16T15:25:42","guid":{"rendered":"https:\/\/graziamagazine.com\/mx\/?post_type=articles&#038;p=104765"},"modified":"2021-12-16T11:28:28","modified_gmt":"2021-12-16T16:28:28","slug":"dove-cameron-un-alma-libre","status":"publish","type":"articles","link":"https:\/\/graziamagazine.com\/mx\/articles\/dove-cameron-un-alma-libre\/","title":{"rendered":"Dove Cameron: un alma libre"},"content":{"rendered":"<p><strong>Texto: John Rusell<\/strong><\/p>\n<p><strong>Dove Cameron vive para el <em>camp<\/em>.<\/strong> De hecho, es m\u00e1s que vivir para \u00e9l: \u201cVivo, como, duermo, respiro, \u00a1muero por el camp!\u201d, dice efusivamente. \u201c\u00a1El <em>camp<\/em> es mi ingrediente m\u00e1s importante! Creo que la mayor parte de las cosas se deber\u00edan hacer con una sensibilidad camp. Todas mis cosas favoritas tienen un elemento de <em>camp<\/em>\u201d (Para aclarar, estamos hablando del tipo de camp al que se refer\u00eda Susan Sontag, es decir algo exagerado, teatral, ostentoso, y no al campamento de tus hijos). Toma una pausa para re\u00edrse de s\u00ed misma. \u201c\u00a1He dicho camp tantas veces que va a dejar de sonar como una palabra!\u201d<\/p>\n<p>Otra cosa que no suena a palabra: <strong><em>Schmigadoon!<\/em><\/strong> La comedia de <strong>Apple TV+<\/strong>, a la vez parodia y tributo a los musicales de la edad de oro de Hollywood, se trata de una pareja aparentemente feliz, interpretada por Cecily Strong y Keegan-Michael Key, que encuentra un pueblo encantado mientras sale a caminar. Descubren que no pueden escapar de los colores saturados, el paisaje artificial y el canto incesante hasta que encuentren el amor verdadero, ya sea entre ellos o con alguien m\u00e1s. El pueblo de Schmigadoon est\u00e1 poblado por personajes un tanto excesivos: la apretada y cr\u00edtica esposa del pastor (Kristin Chenoweth), el decadente alcalde (Alan Cumming), el mujeriego adorable (Aaron Tveit) y la virtuosa institutriz de criterio independiente (Ariana DeBose). Cameron interpreta a Betsy, la exuberante hija del granjero que en un inicio tienta al personaje de Key. Es un papel del <em>camp<\/em> m\u00e1s alto al que se arroj\u00f3 con todas las ganas. \u201cM\u00e1s que una persona de carne y hueso, el enfoque que busqu\u00e9 fue la proyecci\u00f3n de una fantas\u00eda masculina, el esp\u00edritu colectivo de lo que una mujer deb\u00eda ser en esa \u00e9poca\u201d, comenta Cameron sobre su personaje. \u201cEsa imagen de ser \u2018inocente como una rosa\u2019 me irritaba. Recuerdo a los 8 a\u00f1os ver musicales y pensar: \u2018\u00bfQu\u00e9 carajo es esto?\u2019 Sab\u00eda incluso a esa edad la injusticia monumental que era ser mujer en el teatro musical\u201d. Sin embargo, <em>Schmigadoon!<\/em> le dio la oportunidad de hacer una parodia de la idea de la ingenua. \u201cFue algo divertido porque cosas como esa tienen poder cuando no las reconoces\u201d, explica Cameron. \u201cIdeas como esa conservan un poder sombr\u00edo, oscuro y atroz cuando se ignoran. En cambio, cuando se desnudan de forma descarada y se muestra lo absurdos que son, ah\u00ed es cuando pierden todo su poder\u201d.<\/p>\n<div class=\"content-gallery\"><div class=\"gallery-placeholder\"><div class=\"spinner\"><\/div><\/div><span class=\"gallery-pagination\"><\/span><div id=\"gallery-1\" class=\"gallery galleryid-104765 gallery-columns- gallery-size-\"><figure class=\"gallery-item\"><div class=\"gallery-icon landscape\"><img loading=\"lazy\" decoding=\"async\" width=\"960\" height=\"1280\" src=\"https:\/\/graziamagazine.com\/mx\/wp-content\/uploads\/sites\/13\/2021\/12\/IMG-20211216-WA0006.jpg\" class=\"lazy\" alt=\"Dove Cameron para Grazia\" \/><\/div><figcaption class=\"wp-caption-text gallery-caption\" id=\"gallery-1-104824\">Saco y skort, Valentino. Bra (de la estilista), Alexander Wang. Aretes vintage, Chanel (precio de renta bajo solicitud en paumelosangeles. com). Dije, Kendall Conrad Project, kendallconraddesign.com.<\/figcaption><\/figure><figure class=\"gallery-item\"><div class=\"gallery-icon landscape\"><img loading=\"lazy\" decoding=\"async\" width=\"960\" height=\"1280\" src=\"https:\/\/graziamagazine.com\/mx\/wp-content\/uploads\/sites\/13\/2021\/12\/IMG-20211216-WA0005.jpg\" class=\"lazy\" alt=\"Dove Cameron para Grazia\" \/><\/div><figcaption class=\"wp-caption-text gallery-caption\" id=\"gallery-1-104823\">Bodysuit, JoosTricot, revolve.com. Pantal\u00f3n, Fendi, fendi.com. Collar vintage, Chanel (precio de renta bajo solicitud en paumelosangeles.com).<\/figcaption><\/figure><figure class=\"gallery-item\"><div class=\"gallery-icon landscape\"><img loading=\"lazy\" decoding=\"async\" width=\"960\" height=\"1280\" src=\"https:\/\/graziamagazine.com\/mx\/wp-content\/uploads\/sites\/13\/2021\/12\/IMG-20211216-WA0004.jpg\" class=\"lazy\" alt=\"Dove Cameron para Grazia\" \/><\/div><\/figure><\/div><\/div>\n<p>Despu\u00e9s de todo, \u00bfno es eso de lo que se trata el camp? Como fan\u00e1tica devota del programa <em>RuPaul\u2019s Drag Race<\/em>, Cameron tom\u00f3 nota de lo que hacen sus queens favoritas para darle vida a Betsy. \u201cEl <em>camp<\/em> es tan bello y tan impactante porque reconoce la naturaleza humana y tambi\u00e9n el otro lado de esa alegr\u00eda que es horrible: el dolor, trauma y p\u00e9rdida. Dos lados de la misma moneda, es por ello por lo que pienso que hay una gran humildad en la entrega a verse est\u00fapido y permitirte ser tan descarado en un personaje como este o en tu personaje <em>drag<\/em> o en la expresi\u00f3n de tu arte, en todas estas cosas. \u00a1Ah\u00ed es donde est\u00e1 la esencia humana!\u201d<\/p>\n<p>Cameron ha experimentado su buena dosis de dolor y p\u00e9rdida. Chloe Celeste Hosterman, su nombre de pila, naci\u00f3 en Bainbridge Island, Washington, una peque\u00f1a comunidad isle\u00f1a en Puget Sound. Describe su infancia como una mezcla de incre\u00edbles altas y terribles bajas. Para empezar, la casa que compart\u00eda con su hermana y sus padres siempre estaba en construcci\u00f3n. \u201cCreo que, a cierta edad, mi hermana dijo que quer\u00eda una escalera para llegar a su cuarto \u00a1y una ventana de burbuja! Y mis padres pensaron que era una buena idea.<\/p>\n<p>\u00bfUn puente interior? \u00a1Debemos tenerlo!\u201d, recuerda. Ten\u00edan el dinero contado, pero sus padres le daban prioridad a la creatividad y la alegr\u00eda, compensaban la falta de posesiones materiales con una riqueza de experiencias. \u201cMis padres ten\u00edan una empresa en la India y mi hermana y yo viajamos mucho all\u00e1. \u00cdbamos a todos lados con ellos, as\u00ed que no fui mucho a la escuela p\u00fablica. Iba seis meses y despu\u00e9s faltaba un a\u00f1o, luego iba tres meses y faltaba dos a\u00f1os. Pero ten\u00eda una relaci\u00f3n muy cercana con mis padres. Sin estructura, sin constancia, pero con muchas experiencias\u201d.<\/p>\n<p>A trav\u00e9s de todo esto, Cameron creci\u00f3 mirando las pel\u00edculas que su padre amaba: <em>Lawrence of Arabia<\/em>, <em>The Rocky Horror Picture Show<\/em>, <em>Gone with the Wind<\/em>. Mientras que su hogar se volv\u00eda cada vez m\u00e1s inestable, el cine y la m\u00fasica se volvieron una v\u00e1lvula de escape para Cameron. \u201cCreo que me enamor\u00e9 de la idea de c\u00f3mo se ve el mundo en el cine, versus c\u00f3mo es el mundo real\u201d, recuerda. Sus padres se divorciaron, y su padre, que hab\u00eda luchado toda la vida contra afecciones de salud mental, se suicid\u00f3 cuando ella ten\u00eda 15 a\u00f1os. \u201cSu vida siempre fue emocionalmente vol\u00e1til. Y como sus hijas, lo acompa\u00f1amos en ese viaje\u201d.<\/p>\n<div class=\"content-gallery\"><div class=\"gallery-placeholder\"><div class=\"spinner\"><\/div><\/div><span class=\"gallery-pagination\"><\/span><div id=\"gallery-2\" class=\"gallery galleryid-104765 gallery-columns- gallery-size-\"><figure class=\"gallery-item\"><div class=\"gallery-icon landscape\"><img loading=\"lazy\" decoding=\"async\" width=\"1280\" height=\"960\" src=\"https:\/\/graziamagazine.com\/mx\/wp-content\/uploads\/sites\/13\/2021\/12\/IMG-20211216-WA0003.jpg\" class=\"lazy\" alt=\"Dove Cameron para Grazia\" \/><\/div><figcaption class=\"wp-caption-text gallery-caption\" id=\"gallery-2-104821\">Vestido, David Koma, precio bajo solicitud en davidkoma.com. Dije, Kendall Conrad Project, en kendallconraddesign.com.<\/figcaption><\/figure><figure class=\"gallery-item\"><div class=\"gallery-icon landscape\"><img loading=\"lazy\" decoding=\"async\" width=\"1280\" height=\"960\" src=\"https:\/\/graziamagazine.com\/mx\/wp-content\/uploads\/sites\/13\/2021\/12\/IMG-20211216-WA0002.jpg\" class=\"lazy\" alt=\"Dove Cameron para Grazia\" \/><\/div><figcaption class=\"wp-caption-text gallery-caption\" id=\"gallery-2-104820\">Bodysuit, JoosTricot, revolve.com. Pantal\u00f3n, Fendi, fendi.com. Collar vintage, Chanel (precio de renta bajo solicitud en paumelosangeles.com).<\/figcaption><\/figure><figure class=\"gallery-item\"><div class=\"gallery-icon landscape\"><img loading=\"lazy\" decoding=\"async\" width=\"1280\" height=\"960\" src=\"https:\/\/graziamagazine.com\/mx\/wp-content\/uploads\/sites\/13\/2021\/12\/IMG-20211216-WA0001.jpg\" class=\"lazy\" alt=\"Dove Cameron para Grazia\" \/><\/div><figcaption class=\"wp-caption-text gallery-caption\" id=\"gallery-2-104819\">Top, Givenchy, similares en givenchy.com. Aretes, de la actriz.<\/figcaption><\/figure><\/div><\/div>\n<p>Y mientras un aspecto de su vida se derrumbaba, su carrera estaba a punto de despegar. Alrededor de esta \u00e9poca, Cameron, que estaba viviendo en Los Angeles con su familia, fue elegida para un piloto que se convertir\u00eda en el sitcom adolescente de The Disney Channel <em>Liv and Maddie<\/em>. Interpret\u00f3 a las gemelas del t\u00edtulo durante cuatro a\u00f1os, ganando un Daytime Emmy por Mejor Interpretaci\u00f3n en una Serie Infantil, para despu\u00e9s estelarizar otra serie de Disney, la franquicia de <em>Descendants<\/em>, una serie de pel\u00edculas para televisi\u00f3n sobre la progenie adolescente de los villanos cl\u00e1sicos de Disney. La fama no fue algo f\u00e1cil para Cameron. Recuerda c\u00f3mo le dio un ataque de p\u00e1nico y se tuvo que esconder en Nordstrom la primera vez que un fan la identific\u00f3 en el centro comercial The Grove. \u201cMe dije \u00a1Esto es terrible! No estoy hecha para esto\u201d, recuerda. \u201cMe dio miedo. Pas\u00e9 de estar en la escuela a eso. Y realmente no te das cuenta de qu\u00e9 reacci\u00f3n biol\u00f3gica tendr\u00e1s hasta que te pasa. Lo siento, pero decir que sabes que vas a estar bien con eso es imposible, simplemente no lo sabes\u201d.<\/p>\n<p>Cameron necesit\u00f3 a\u00f1os para acostumbrarse a ser reconocida en p\u00fablico. Curiosamente, agradece el a\u00f1o que pas\u00f3 en aislamiento por la pandemia para recalibrar su conciencia de s\u00ed misma. \u201cTuve un a\u00f1o en el que nadie me vio. Nadie me reconoci\u00f3 y no tuve que ir a eventos\u201d, explica. \u201cCreo que al darle un respiro a mi sistema nervioso y volver al equilibrio que ten\u00eda antes de ser expuesta al p\u00fablico, pude curar las cosas que no estaban bien en m\u00ed. Antes estos desequilibrios me aterraban, pero creo que ahora siento que puedo enfrentarlos porque&#8230; no lo s\u00e9. Creo que tengo un mejor sentido de qui\u00e9n soy\u201d.<\/p>\n<blockquote><p>\u00a1El camp es mi ingrediente m\u00e1s importante!<\/p><\/blockquote>\n<p>Cameron se encuentra ahora en una nueva fase de su vida y su carrera. El a\u00f1o pasado se declar\u00f3 bisexual p\u00fablicamente y ha estado saliendo en citas con alguien por primera vez. (\u201cAntes s\u00f3lo me lanzaba a relaciones muy rom\u00e1nticas, p\u00fablicas y mon\u00f3gamas que duraban cuatro a\u00f1os \u00a1con hombres heterosexuales!\u201d). Ha logrado construir una comunidad de m\u00fasicos y escritores de m\u00fasica alrededor de ella en Los Angeles y est\u00e1 anticipando poder lanzar un nuevo EP en alg\u00fan momento. Quiere seguir haci\u00e9ndolo todo: m\u00fasica, televisi\u00f3n, cine, teatro. En particular, le interesa hacer m\u00e1s trabajos de acci\u00f3n y ciencia ficci\u00f3n. \u201cTengo una obsesi\u00f3n muy espec\u00edfica con Tron, el cyberpunk, Ex Machina\u201d, dice. \u201c\u00a1Se ve tan divertido! Tambi\u00e9n es el mundo en el que me gustar\u00eda vivir. \u00a1Como en un video juego!\u201d.<\/p>\n<p>Eso suena mucho a lo que est\u00e1 haciendo en <em>Powerpuff<\/em>. Es la versi\u00f3n <em>live-action<\/em> de la querida serie de CW de los noventa, The Powerpuff Girls, que ha sido sujeto de mucho escrutinio en l\u00ednea, sobre todo desde que se anunci\u00f3 que la cadena estaba volviendo a filmar el piloto. Cameron, que le da vida a Bubbles, la m\u00e1s dulce del tr\u00edo, insiste que esto es normal. Muchos programas se rehacen de cero antes de que los veamos. \u201cPero como <em>Powerpuff<\/em> es una propiedad intelectual tan querida, siento que hay un aire de conspiraci\u00f3n que la rodea. Como si hubiese pasado algo grande y terrible\u201d, explica Cameron. \u201cS\u00f3lo vamos a regresar y hacerlo de nuevo con algunos retoques y ajustes, tal vez un villano diferente y zapatos m\u00e1s caros\u201d.<\/p>\n<p>Un upgrade, una oportunidad para mejorar las cosas. Eso suena mucho al proyecto Dove Cameron que est\u00e1 en curso, por lo menos as\u00ed lo describe ella. A lo largo de nuestra conversaci\u00f3n ha mencionado c\u00f3mo su perspectiva ha cambiado sobre ciertas cosas: su impulso al <em>performance<\/em>, su encuentro temprano con el \u00e9xito, la muerte de su padre. \u201cCreo que todo en la vida se reduce a c\u00f3mo te sientes sobre ti mismo\u201d, nos dice. \u201cY ahora me siento mucho m\u00e1s aut\u00f3noma y me quiero a m\u00ed misma. Me tom\u00f3 mucho tiempo quererme y a\u00fan m\u00e1s tiempo gustarme. Y ahora que siento que he logrado ambas cosas de la mejor manera posible \u2014hasta que vuelva a definir qu\u00e9 significa eso\u2014 todo ha cambiado. Cuando ya no te odias, el mundo se abre ante ti\u201d.<\/p>\n<p><strong>Fotograf\u00edas:<\/strong> Dennis Leupold<br \/>\n<strong>Estilismo:<\/strong> Christian Stroble<br \/>\n<strong>Peinado:<\/strong> Clayton Hawkins<br \/>\n<strong>Maquillaje:<\/strong> Tonya Brewer<\/p>\n<p>&nbsp;<\/p>\n","protected":false},"author":11636,"featured_media":104828,"template":"","format":"standard","categories":[2],"acf":[],"yoast_head":"<!-- This site is optimized with the Yoast SEO Premium plugin v18.5 (Yoast SEO v20.4) - https:\/\/yoast.com\/wordpress\/plugins\/seo\/ -->\n<title>Dove Cameron: un alma libre | Grazia M\u00e9xico y Latinoam\u00e9rica<\/title>\n<meta name=\"description\" content=\"Dove Cameron pas\u00f3 el verano en nuestras pantallas en la parodia musical Schmigadoon! de Apple TV+. \u00bfQu\u00e9 sigue para ella?\" \/>\n<meta name=\"robots\" content=\"index, follow, max-snippet:-1, max-image-preview:large, max-video-preview:-1\" \/>\n<link rel=\"canonical\" href=\"https:\/\/graziamagazine.com\/mx\/articles\/dove-cameron-un-alma-libre\/\" \/>\n<meta property=\"og:locale\" content=\"es_MX\" \/>\n<meta property=\"og:type\" content=\"article\" \/>\n<meta property=\"og:title\" content=\"Dove Cameron: un alma libre\" \/>\n<meta property=\"og:description\" content=\"Dove Cameron pas\u00f3 el verano en nuestras pantallas en la parodia musical Schmigadoon! de Apple TV+. \u00bfQu\u00e9 sigue para ella?\" \/>\n<meta property=\"og:url\" content=\"https:\/\/graziamagazine.com\/mx\/articles\/dove-cameron-un-alma-libre\/\" \/>\n<meta property=\"og:site_name\" content=\"Grazia M\u00e9xico y Latinoam\u00e9rica\" \/>\n<meta property=\"article:modified_time\" content=\"2021-12-16T16:28:28+00:00\" \/>\n<meta property=\"og:image\" content=\"https:\/\/graziamagazine.com\/mx\/wp-content\/uploads\/sites\/13\/2021\/12\/dove_cameron_cover.jpg?fit=1200%2C628\" \/>\n\t<meta property=\"og:image:width\" content=\"1200\" \/>\n\t<meta property=\"og:image:height\" content=\"628\" \/>\n\t<meta property=\"og:image:type\" content=\"image\/jpeg\" \/>\n<meta name=\"twitter:card\" content=\"summary_large_image\" \/>\n<meta name=\"twitter:label1\" content=\"Est. reading time\" \/>\n\t<meta name=\"twitter:data1\" content=\"8 minutos\" \/>\n<script type=\"application\/ld+json\" class=\"yoast-schema-graph\">{\"@context\":\"https:\/\/schema.org\",\"@graph\":[{\"@type\":\"WebPage\",\"@id\":\"https:\/\/graziamagazine.com\/mx\/articles\/dove-cameron-un-alma-libre\/\",\"url\":\"https:\/\/graziamagazine.com\/mx\/articles\/dove-cameron-un-alma-libre\/\",\"name\":\"Dove Cameron: un alma libre | Grazia M\u00e9xico y Latinoam\u00e9rica\",\"isPartOf\":{\"@id\":\"https:\/\/graziamagazine.com\/mx\/#website\"},\"datePublished\":\"2021-12-16T15:25:42+00:00\",\"dateModified\":\"2021-12-16T16:28:28+00:00\",\"description\":\"Dove Cameron pas\u00f3 el verano en nuestras pantallas en la parodia musical Schmigadoon! de Apple TV+. \u00bfQu\u00e9 sigue para ella?\",\"breadcrumb\":{\"@id\":\"https:\/\/graziamagazine.com\/mx\/articles\/dove-cameron-un-alma-libre\/#breadcrumb\"},\"inLanguage\":\"es-MX\",\"potentialAction\":[{\"@type\":\"ReadAction\",\"target\":[\"https:\/\/graziamagazine.com\/mx\/articles\/dove-cameron-un-alma-libre\/\"]}]},{\"@type\":\"BreadcrumbList\",\"@id\":\"https:\/\/graziamagazine.com\/mx\/articles\/dove-cameron-un-alma-libre\/#breadcrumb\",\"itemListElement\":[{\"@type\":\"ListItem\",\"position\":1,\"name\":\"Home\",\"item\":\"https:\/\/graziamagazine.com\/mx\/\"},{\"@type\":\"ListItem\",\"position\":2,\"name\":\"Dove Cameron: un alma libre\"}]},{\"@type\":\"WebSite\",\"@id\":\"https:\/\/graziamagazine.com\/mx\/#website\",\"url\":\"https:\/\/graziamagazine.com\/mx\/\",\"name\":\"Grazia M\u00e9xico y Latinoam\u00e9rica\",\"description\":\"Grazia es moda, belleza y noticias  de actualidad \",\"potentialAction\":[{\"@type\":\"SearchAction\",\"target\":{\"@type\":\"EntryPoint\",\"urlTemplate\":\"https:\/\/graziamagazine.com\/mx\/?s={search_term_string}\"},\"query-input\":\"required name=search_term_string\"}],\"inLanguage\":\"es-MX\"}]}<\/script>\n<!-- \/ Yoast SEO Premium plugin. -->","yoast_head_json":{"title":"Dove Cameron: un alma libre | Grazia M\u00e9xico y Latinoam\u00e9rica","description":"Dove Cameron pas\u00f3 el verano en nuestras pantallas en la parodia musical Schmigadoon! de Apple TV+. \u00bfQu\u00e9 sigue para ella?","robots":{"index":"index","follow":"follow","max-snippet":"max-snippet:-1","max-image-preview":"max-image-preview:large","max-video-preview":"max-video-preview:-1"},"canonical":"https:\/\/graziamagazine.com\/mx\/articles\/dove-cameron-un-alma-libre\/","og_locale":"es_MX","og_type":"article","og_title":"Dove Cameron: un alma libre","og_description":"Dove Cameron pas\u00f3 el verano en nuestras pantallas en la parodia musical Schmigadoon! de Apple TV+. \u00bfQu\u00e9 sigue para ella?","og_url":"https:\/\/graziamagazine.com\/mx\/articles\/dove-cameron-un-alma-libre\/","og_site_name":"Grazia M\u00e9xico y Latinoam\u00e9rica","article_modified_time":"2021-12-16T16:28:28+00:00","og_image":[{"width":1200,"height":628,"url":"https:\/\/graziamagazine.com\/mx\/wp-content\/uploads\/sites\/13\/2021\/12\/dove_cameron_cover.jpg?fit=1200%2C628","type":"image\/jpeg"}],"twitter_card":"summary_large_image","twitter_misc":{"Est. reading time":"8 minutos"},"schema":{"@context":"https:\/\/schema.org","@graph":[{"@type":"WebPage","@id":"https:\/\/graziamagazine.com\/mx\/articles\/dove-cameron-un-alma-libre\/","url":"https:\/\/graziamagazine.com\/mx\/articles\/dove-cameron-un-alma-libre\/","name":"Dove Cameron: un alma libre | Grazia M\u00e9xico y Latinoam\u00e9rica","isPartOf":{"@id":"https:\/\/graziamagazine.com\/mx\/#website"},"datePublished":"2021-12-16T15:25:42+00:00","dateModified":"2021-12-16T16:28:28+00:00","description":"Dove Cameron pas\u00f3 el verano en nuestras pantallas en la parodia musical Schmigadoon! de Apple TV+. \u00bfQu\u00e9 sigue para ella?","breadcrumb":{"@id":"https:\/\/graziamagazine.com\/mx\/articles\/dove-cameron-un-alma-libre\/#breadcrumb"},"inLanguage":"es-MX","potentialAction":[{"@type":"ReadAction","target":["https:\/\/graziamagazine.com\/mx\/articles\/dove-cameron-un-alma-libre\/"]}]},{"@type":"BreadcrumbList","@id":"https:\/\/graziamagazine.com\/mx\/articles\/dove-cameron-un-alma-libre\/#breadcrumb","itemListElement":[{"@type":"ListItem","position":1,"name":"Home","item":"https:\/\/graziamagazine.com\/mx\/"},{"@type":"ListItem","position":2,"name":"Dove Cameron: un alma libre"}]},{"@type":"WebSite","@id":"https:\/\/graziamagazine.com\/mx\/#website","url":"https:\/\/graziamagazine.com\/mx\/","name":"Grazia M\u00e9xico y Latinoam\u00e9rica","description":"Grazia es moda, belleza y noticias  de actualidad ","potentialAction":[{"@type":"SearchAction","target":{"@type":"EntryPoint","urlTemplate":"https:\/\/graziamagazine.com\/mx\/?s={search_term_string}"},"query-input":"required name=search_term_string"}],"inLanguage":"es-MX"}]}},"jetpack_sharing_enabled":true,"distributor_meta":false,"distributor_terms":false,"distributor_media":false,"distributor_original_site_name":"Grazia M\u00e9xico y Latinoam\u00e9rica","distributor_original_site_url":"https:\/\/graziamagazine.com\/mx","push-errors":false,"_links":{"self":[{"href":"https:\/\/graziamagazine.com\/mx\/wp-json\/wp\/v2\/articles\/104765"}],"collection":[{"href":"https:\/\/graziamagazine.com\/mx\/wp-json\/wp\/v2\/articles"}],"about":[{"href":"https:\/\/graziamagazine.com\/mx\/wp-json\/wp\/v2\/types\/articles"}],"author":[{"embeddable":true,"href":"https:\/\/graziamagazine.com\/mx\/wp-json\/wp\/v2\/users\/11636"}],"wp:featuredmedia":[{"embeddable":true,"href":"https:\/\/graziamagazine.com\/mx\/wp-json\/wp\/v2\/media\/104828"}],"wp:attachment":[{"href":"https:\/\/graziamagazine.com\/mx\/wp-json\/wp\/v2\/media?parent=104765"}],"wp:term":[{"taxonomy":"category","embeddable":true,"href":"https:\/\/graziamagazine.com\/mx\/wp-json\/wp\/v2\/categories?post=104765"}],"curies":[{"name":"wp","href":"https:\/\/api.w.org\/{rel}","templated":true}]}}