{"id":104254,"date":"2021-12-06T20:54:01","date_gmt":"2021-12-07T01:54:01","guid":{"rendered":"https:\/\/graziamagazine.com\/mx\/?post_type=articles&#038;p=104254"},"modified":"2021-12-06T21:18:32","modified_gmt":"2021-12-07T02:18:32","slug":"celine-presenta-su-coleccion-primavera-verano-2022-con-un-cortometraje-a-cargo-de-hedi-slimane","status":"publish","type":"articles","link":"https:\/\/graziamagazine.com\/mx\/articles\/celine-presenta-su-coleccion-primavera-verano-2022-con-un-cortometraje-a-cargo-de-hedi-slimane\/","title":{"rendered":"Celine presenta su colecci\u00f3n primavera-verano 2022 con un cortometraje a cargo de Hedi Slimane"},"content":{"rendered":"<p><span style=\"font-weight: 400\">La marca francesa fundada por <strong>C\u00e9line Vipiana<\/strong> &#8211; <strong>Celine<\/strong> &#8211; est\u00e1 lista para arrancar la temporada de calor del pr\u00f3ximo a\u00f1o, con una serie de prendas inspiradas en la costa de Francia. Para presentar esta colecci\u00f3n, la marca produjo un cortometraje filmado en la tur\u00edstica ciudad de Niza, a cargo de su director creativo.<\/span><\/p>\n<p><span style=\"font-weight: 400\">Los doce minutos de filmaci\u00f3n fueron filmados por el fot\u00f3grafo y dise\u00f1ador franc\u00e9s \u200b\u200b<strong>Hedi Slimane<\/strong> y no podemos m\u00e1s que agradecerle por semejante visi\u00f3n de esta colecci\u00f3n en medio de los rom\u00e1nticos escenarios de la costa francesa.<\/span><\/p>\n<p><span style=\"font-weight: 400\">El cortometraje &#8211; que deja ver los nuevos cardigans, jeans, bolsos, tops, vestidos y accesorios de la marca &#8211; comienza con elegantes escenas a bordo de un crucero que navega por la Bah\u00eda de los Anges, para desembocar en la espectacular <em>maison<\/em> de c\u00fapulas rosas frente al mar.<\/span><\/p>\n<p><span style=\"font-weight: 400\">Otras de las emocionantes escenas transcurren a lo largo de la Promenade des Anglais, una de las calles m\u00e1s importantes de este puerto, mientras modelos como <strong>Kaia Gerber<\/strong> o la cantante tailandesa <strong>Lalisa Manobal<\/strong>, de Blackpink, hacen lo suyo.<\/span><\/p>\n<p><span style=\"font-weight: 400\">El formato de esta cinta intercala escenas de Niza, con una pasarela de modelos, dise\u00f1os y atuendos totalmente estilizados, junto al mar, que comienzan con un impresionante d\u00eda despejado que deja ver lo azul del mar y del cielo, hasta un inolvidable y espectacular atardecer.<\/span><\/p>\n<p><span style=\"font-weight: 400\">Slimane present\u00f3 una acertada colecci\u00f3n que contiene chamarras bomber, sudaderas con capucha extragrandes y gorras, pero tambi\u00e9n prendas elegantes y chic para disfrutar de la noche, como vestidos con lentejuelas y cuero metalizado.<\/span><\/p>\n<p><span style=\"font-weight: 400\">Como cereza en el pastel, Hedi Slimane dedic\u00f3 el cortometraje de su nueva colecci\u00f3n a su madre.\u00a0<\/span><\/p>\n<p><span style=\"font-weight: 400\">\u00bfLista para ver el video?<\/span><\/p>\n<p><iframe loading=\"lazy\" title=\"CELINE 12 WOMEN SUMMER 22\" width=\"500\" height=\"281\" src=\"https:\/\/www.youtube.com\/embed\/Aa8Lz91sCl4?feature=oembed\" frameborder=\"0\" allow=\"accelerometer; autoplay; clipboard-write; encrypted-media; gyroscope; picture-in-picture\" allowfullscreen><\/iframe><\/p>\n","protected":false},"author":11628,"featured_media":40361,"template":"","format":"standard","categories":[4],"acf":[],"yoast_head":"<!-- This site is optimized with the Yoast SEO Premium plugin v18.5 (Yoast SEO v20.4) - https:\/\/yoast.com\/wordpress\/plugins\/seo\/ -->\n<title>Celine presenta su colecci\u00f3n primavera-verano 2022 con un cortometraje a cargo de Hedi Slimane | Grazia M\u00e9xico y Latinoam\u00e9rica<\/title>\n<meta name=\"description\" content=\"De Francia, para el mundo.\" \/>\n<meta name=\"robots\" content=\"index, follow, max-snippet:-1, max-image-preview:large, max-video-preview:-1\" \/>\n<link rel=\"canonical\" href=\"https:\/\/graziamagazine.com\/mx\/articles\/celine-presenta-su-coleccion-primavera-verano-2022-con-un-cortometraje-a-cargo-de-hedi-slimane\/\" \/>\n<meta property=\"og:locale\" content=\"es_MX\" \/>\n<meta property=\"og:type\" content=\"article\" \/>\n<meta property=\"og:title\" content=\"Celine presenta su colecci\u00f3n primavera-verano 2022 con un cortometraje a cargo de Hedi Slimane\" \/>\n<meta property=\"og:description\" content=\"De Francia, para el mundo.\" \/>\n<meta property=\"og:url\" content=\"https:\/\/graziamagazine.com\/mx\/articles\/celine-presenta-su-coleccion-primavera-verano-2022-con-un-cortometraje-a-cargo-de-hedi-slimane\/\" \/>\n<meta property=\"og:site_name\" content=\"Grazia M\u00e9xico y Latinoam\u00e9rica\" \/>\n<meta property=\"article:modified_time\" content=\"2021-12-07T02:18:32+00:00\" \/>\n<meta property=\"og:image\" content=\"https:\/\/graziamagazine.com\/mx\/wp-content\/uploads\/sites\/13\/2018\/01\/hedi-slimane-esta-devuelta-director-creativo-celine-destacada.jpg?fit=2000%2C1331\" \/>\n\t<meta property=\"og:image:width\" content=\"2000\" \/>\n\t<meta property=\"og:image:height\" content=\"1331\" \/>\n\t<meta property=\"og:image:type\" content=\"image\/jpeg\" \/>\n<meta name=\"twitter:card\" content=\"summary_large_image\" \/>\n<meta name=\"twitter:label1\" content=\"Est. reading time\" \/>\n\t<meta name=\"twitter:data1\" content=\"2 minutos\" \/>\n<script type=\"application\/ld+json\" class=\"yoast-schema-graph\">{\"@context\":\"https:\/\/schema.org\",\"@graph\":[{\"@type\":\"WebPage\",\"@id\":\"https:\/\/graziamagazine.com\/mx\/articles\/celine-presenta-su-coleccion-primavera-verano-2022-con-un-cortometraje-a-cargo-de-hedi-slimane\/\",\"url\":\"https:\/\/graziamagazine.com\/mx\/articles\/celine-presenta-su-coleccion-primavera-verano-2022-con-un-cortometraje-a-cargo-de-hedi-slimane\/\",\"name\":\"Celine presenta su colecci\u00f3n primavera-verano 2022 con un cortometraje a cargo de Hedi Slimane | Grazia M\u00e9xico y Latinoam\u00e9rica\",\"isPartOf\":{\"@id\":\"https:\/\/graziamagazine.com\/mx\/#website\"},\"datePublished\":\"2021-12-07T01:54:01+00:00\",\"dateModified\":\"2021-12-07T02:18:32+00:00\",\"description\":\"De Francia, para el mundo.\",\"breadcrumb\":{\"@id\":\"https:\/\/graziamagazine.com\/mx\/articles\/celine-presenta-su-coleccion-primavera-verano-2022-con-un-cortometraje-a-cargo-de-hedi-slimane\/#breadcrumb\"},\"inLanguage\":\"es-MX\",\"potentialAction\":[{\"@type\":\"ReadAction\",\"target\":[\"https:\/\/graziamagazine.com\/mx\/articles\/celine-presenta-su-coleccion-primavera-verano-2022-con-un-cortometraje-a-cargo-de-hedi-slimane\/\"]}]},{\"@type\":\"BreadcrumbList\",\"@id\":\"https:\/\/graziamagazine.com\/mx\/articles\/celine-presenta-su-coleccion-primavera-verano-2022-con-un-cortometraje-a-cargo-de-hedi-slimane\/#breadcrumb\",\"itemListElement\":[{\"@type\":\"ListItem\",\"position\":1,\"name\":\"Home\",\"item\":\"https:\/\/graziamagazine.com\/mx\/\"},{\"@type\":\"ListItem\",\"position\":2,\"name\":\"Celine presenta su colecci\u00f3n primavera-verano 2022 con un cortometraje a cargo de Hedi Slimane\"}]},{\"@type\":\"WebSite\",\"@id\":\"https:\/\/graziamagazine.com\/mx\/#website\",\"url\":\"https:\/\/graziamagazine.com\/mx\/\",\"name\":\"Grazia M\u00e9xico y Latinoam\u00e9rica\",\"description\":\"Grazia es moda, belleza y noticias  de actualidad \",\"potentialAction\":[{\"@type\":\"SearchAction\",\"target\":{\"@type\":\"EntryPoint\",\"urlTemplate\":\"https:\/\/graziamagazine.com\/mx\/?s={search_term_string}\"},\"query-input\":\"required name=search_term_string\"}],\"inLanguage\":\"es-MX\"}]}<\/script>\n<!-- \/ Yoast SEO Premium plugin. -->","yoast_head_json":{"title":"Celine presenta su colecci\u00f3n primavera-verano 2022 con un cortometraje a cargo de Hedi Slimane | Grazia M\u00e9xico y Latinoam\u00e9rica","description":"De Francia, para el mundo.","robots":{"index":"index","follow":"follow","max-snippet":"max-snippet:-1","max-image-preview":"max-image-preview:large","max-video-preview":"max-video-preview:-1"},"canonical":"https:\/\/graziamagazine.com\/mx\/articles\/celine-presenta-su-coleccion-primavera-verano-2022-con-un-cortometraje-a-cargo-de-hedi-slimane\/","og_locale":"es_MX","og_type":"article","og_title":"Celine presenta su colecci\u00f3n primavera-verano 2022 con un cortometraje a cargo de Hedi Slimane","og_description":"De Francia, para el mundo.","og_url":"https:\/\/graziamagazine.com\/mx\/articles\/celine-presenta-su-coleccion-primavera-verano-2022-con-un-cortometraje-a-cargo-de-hedi-slimane\/","og_site_name":"Grazia M\u00e9xico y Latinoam\u00e9rica","article_modified_time":"2021-12-07T02:18:32+00:00","og_image":[{"width":2000,"height":1331,"url":"https:\/\/graziamagazine.com\/mx\/wp-content\/uploads\/sites\/13\/2018\/01\/hedi-slimane-esta-devuelta-director-creativo-celine-destacada.jpg?fit=2000%2C1331","type":"image\/jpeg"}],"twitter_card":"summary_large_image","twitter_misc":{"Est. reading time":"2 minutos"},"schema":{"@context":"https:\/\/schema.org","@graph":[{"@type":"WebPage","@id":"https:\/\/graziamagazine.com\/mx\/articles\/celine-presenta-su-coleccion-primavera-verano-2022-con-un-cortometraje-a-cargo-de-hedi-slimane\/","url":"https:\/\/graziamagazine.com\/mx\/articles\/celine-presenta-su-coleccion-primavera-verano-2022-con-un-cortometraje-a-cargo-de-hedi-slimane\/","name":"Celine presenta su colecci\u00f3n primavera-verano 2022 con un cortometraje a cargo de Hedi Slimane | Grazia M\u00e9xico y Latinoam\u00e9rica","isPartOf":{"@id":"https:\/\/graziamagazine.com\/mx\/#website"},"datePublished":"2021-12-07T01:54:01+00:00","dateModified":"2021-12-07T02:18:32+00:00","description":"De Francia, para el mundo.","breadcrumb":{"@id":"https:\/\/graziamagazine.com\/mx\/articles\/celine-presenta-su-coleccion-primavera-verano-2022-con-un-cortometraje-a-cargo-de-hedi-slimane\/#breadcrumb"},"inLanguage":"es-MX","potentialAction":[{"@type":"ReadAction","target":["https:\/\/graziamagazine.com\/mx\/articles\/celine-presenta-su-coleccion-primavera-verano-2022-con-un-cortometraje-a-cargo-de-hedi-slimane\/"]}]},{"@type":"BreadcrumbList","@id":"https:\/\/graziamagazine.com\/mx\/articles\/celine-presenta-su-coleccion-primavera-verano-2022-con-un-cortometraje-a-cargo-de-hedi-slimane\/#breadcrumb","itemListElement":[{"@type":"ListItem","position":1,"name":"Home","item":"https:\/\/graziamagazine.com\/mx\/"},{"@type":"ListItem","position":2,"name":"Celine presenta su colecci\u00f3n primavera-verano 2022 con un cortometraje a cargo de Hedi Slimane"}]},{"@type":"WebSite","@id":"https:\/\/graziamagazine.com\/mx\/#website","url":"https:\/\/graziamagazine.com\/mx\/","name":"Grazia M\u00e9xico y Latinoam\u00e9rica","description":"Grazia es moda, belleza y noticias  de actualidad ","potentialAction":[{"@type":"SearchAction","target":{"@type":"EntryPoint","urlTemplate":"https:\/\/graziamagazine.com\/mx\/?s={search_term_string}"},"query-input":"required name=search_term_string"}],"inLanguage":"es-MX"}]}},"jetpack_sharing_enabled":true,"distributor_meta":false,"distributor_terms":false,"distributor_media":false,"distributor_original_site_name":"Grazia M\u00e9xico y Latinoam\u00e9rica","distributor_original_site_url":"https:\/\/graziamagazine.com\/mx","push-errors":false,"_links":{"self":[{"href":"https:\/\/graziamagazine.com\/mx\/wp-json\/wp\/v2\/articles\/104254"}],"collection":[{"href":"https:\/\/graziamagazine.com\/mx\/wp-json\/wp\/v2\/articles"}],"about":[{"href":"https:\/\/graziamagazine.com\/mx\/wp-json\/wp\/v2\/types\/articles"}],"author":[{"embeddable":true,"href":"https:\/\/graziamagazine.com\/mx\/wp-json\/wp\/v2\/users\/11628"}],"wp:featuredmedia":[{"embeddable":true,"href":"https:\/\/graziamagazine.com\/mx\/wp-json\/wp\/v2\/media\/40361"}],"wp:attachment":[{"href":"https:\/\/graziamagazine.com\/mx\/wp-json\/wp\/v2\/media?parent=104254"}],"wp:term":[{"taxonomy":"category","embeddable":true,"href":"https:\/\/graziamagazine.com\/mx\/wp-json\/wp\/v2\/categories?post=104254"}],"curies":[{"name":"wp","href":"https:\/\/api.w.org\/{rel}","templated":true}]}}