{"id":104144,"date":"2021-12-03T13:11:01","date_gmt":"2021-12-03T18:11:01","guid":{"rendered":"https:\/\/graziamagazine.com\/mx\/?post_type=articles&#038;p=104144"},"modified":"2021-12-03T13:18:19","modified_gmt":"2021-12-03T18:18:19","slug":"la-navidad-y-la-nieve-llego-a-antara","status":"publish","type":"articles","link":"https:\/\/graziamagazine.com\/mx\/articles\/la-navidad-y-la-nieve-llego-a-antara\/","title":{"rendered":"La Navidad (\u00a1y la nieve!) lleg\u00f3 a Antara"},"content":{"rendered":"<p>No hay nada como ir de compras sintiendo el esp\u00edritu de dar y compartir bajo la luz de las luces navide\u00f1as y la esperada nieve. Los <strong>copos de nieve<\/strong> revolotean como un cuento de hadas, donde el asombro da paso a un paisaje nevado que se despliega ante los ojos de ni\u00f1os, j\u00f3venes y adultos que no han terminado de so\u00f1ar. Aunque parezca mentira hay un lugar dentro de la Ciudad de M\u00e9xico en donde puedes vivir todo esto: el centro comercial <a href=\"https:\/\/www.antara.com.mx\/\" target=\"_blank\" rel=\"noopener\" target=\"_blank\"><strong>Antara<\/strong><\/a>.<\/p>\n<p><img loading=\"lazy\" decoding=\"async\" class=\"aligncenter wp-image-104146 size-large\" src=\"https:\/\/graziamagazine.com\/mx\/wp-content\/uploads\/sites\/13\/2021\/12\/Antara2.jpg?w=684\" alt=\"Ya es Navidad en Antara\" width=\"684\" height=\"1024\" \/><\/p>\n<p>Hasta el 30 de diciembre podr\u00e1s sentir los copos de nieve caer sobre de ti mientras, buscas los mejores regalos para tus personas favoritas en m\u00e1s de un centenar de tiendas.<\/p>\n<p>Entre renos, esferas decoradas con luces blancas y un gran oso polar encontramos la caba\u00f1a de Santa Claus donde podr\u00e1s tomarte foto con \u00e9l, s\u00f3lo si has sido bueno durante el a\u00f1o.\u00a0Podr\u00e1s tomar unas super fotos de la nieve desde el gran pasillo al aire libre que caracteriza a Antara y que en esta temporada est\u00e1 adornado en cada rinc\u00f3n.<\/p>\n<p><img loading=\"lazy\" decoding=\"async\" class=\"aligncenter wp-image-104147 size-large\" src=\"https:\/\/graziamagazine.com\/mx\/wp-content\/uploads\/sites\/13\/2021\/12\/Antara4.jpg?w=1024\" alt=\"Ya es Navidad en Antara\" width=\"1024\" height=\"576\" \/><\/p>\n<p>Antara es el lugar perfecto para disfrutar en familia, un lugar para sonre\u00edr y estar en armon\u00eda junto a tus seres queridos admirando su espectacular \u00e1rbol de Navidad. \u00a1Lo m\u00e1s cercano para vivir una experiencia invernal en la Ciudad de M\u00e9xico!<\/p>\n<p><strong>La nieve la podr\u00e1s ver caer hasta el 30 de diciembre (excepto 24 y 25 de diciembre) de lunes a mi\u00e9rcoles a las 7:00 p.m. y de jueves a domingo a las 6:30, 7:00 y 7:30 p.m.<\/strong><\/p>\n<p>&nbsp;<\/p>\n<p>&nbsp;<\/p>\n","protected":false},"author":11636,"featured_media":104145,"template":"","format":"standard","categories":[114],"acf":[],"yoast_head":"<!-- This site is optimized with the Yoast SEO Premium plugin v18.5 (Yoast SEO v20.4) - https:\/\/yoast.com\/wordpress\/plugins\/seo\/ -->\n<title>La Navidad (\u00a1y la nieve!) lleg\u00f3 a Antara | Grazia M\u00e9xico y Latinoam\u00e9rica<\/title>\n<meta name=\"description\" content=\"Si lo que buscas es una experiencia de compra inmersa en la magia de la Navidad, Antara Fashion Hall es el lugar. Decorado m\u00e1gico, luces, villancicos y \u00a1mucha nieve!\" \/>\n<meta name=\"robots\" content=\"index, follow, max-snippet:-1, max-image-preview:large, max-video-preview:-1\" \/>\n<link rel=\"canonical\" href=\"https:\/\/graziamagazine.com\/mx\/articles\/la-navidad-y-la-nieve-llego-a-antara\/\" \/>\n<meta property=\"og:locale\" content=\"es_MX\" \/>\n<meta property=\"og:type\" content=\"article\" \/>\n<meta property=\"og:title\" content=\"La Navidad (\u00a1y la nieve!) lleg\u00f3 a Antara\" \/>\n<meta property=\"og:description\" content=\"Si lo que buscas es una experiencia de compra inmersa en la magia de la Navidad, Antara Fashion Hall es el lugar. Decorado m\u00e1gico, luces, villancicos y \u00a1mucha nieve!\" \/>\n<meta property=\"og:url\" content=\"https:\/\/graziamagazine.com\/mx\/articles\/la-navidad-y-la-nieve-llego-a-antara\/\" \/>\n<meta property=\"og:site_name\" content=\"Grazia M\u00e9xico y Latinoam\u00e9rica\" \/>\n<meta property=\"article:modified_time\" content=\"2021-12-03T18:18:19+00:00\" \/>\n<meta property=\"og:image\" content=\"https:\/\/graziamagazine.com\/mx\/wp-content\/uploads\/sites\/13\/2021\/12\/Antara01.jpg\" \/>\n\t<meta property=\"og:image:width\" content=\"1024\" \/>\n\t<meta property=\"og:image:height\" content=\"576\" \/>\n\t<meta property=\"og:image:type\" content=\"image\/jpeg\" \/>\n<meta name=\"twitter:card\" content=\"summary_large_image\" \/>\n<meta name=\"twitter:label1\" content=\"Est. reading time\" \/>\n\t<meta name=\"twitter:data1\" content=\"1 minuto\" \/>\n<script type=\"application\/ld+json\" class=\"yoast-schema-graph\">{\"@context\":\"https:\/\/schema.org\",\"@graph\":[{\"@type\":\"WebPage\",\"@id\":\"https:\/\/graziamagazine.com\/mx\/articles\/la-navidad-y-la-nieve-llego-a-antara\/\",\"url\":\"https:\/\/graziamagazine.com\/mx\/articles\/la-navidad-y-la-nieve-llego-a-antara\/\",\"name\":\"La Navidad (\u00a1y la nieve!) lleg\u00f3 a Antara | Grazia M\u00e9xico y Latinoam\u00e9rica\",\"isPartOf\":{\"@id\":\"https:\/\/graziamagazine.com\/mx\/#website\"},\"datePublished\":\"2021-12-03T18:11:01+00:00\",\"dateModified\":\"2021-12-03T18:18:19+00:00\",\"description\":\"Si lo que buscas es una experiencia de compra inmersa en la magia de la Navidad, Antara Fashion Hall es el lugar. Decorado m\u00e1gico, luces, villancicos y \u00a1mucha nieve!\",\"breadcrumb\":{\"@id\":\"https:\/\/graziamagazine.com\/mx\/articles\/la-navidad-y-la-nieve-llego-a-antara\/#breadcrumb\"},\"inLanguage\":\"es-MX\",\"potentialAction\":[{\"@type\":\"ReadAction\",\"target\":[\"https:\/\/graziamagazine.com\/mx\/articles\/la-navidad-y-la-nieve-llego-a-antara\/\"]}]},{\"@type\":\"BreadcrumbList\",\"@id\":\"https:\/\/graziamagazine.com\/mx\/articles\/la-navidad-y-la-nieve-llego-a-antara\/#breadcrumb\",\"itemListElement\":[{\"@type\":\"ListItem\",\"position\":1,\"name\":\"Home\",\"item\":\"https:\/\/graziamagazine.com\/mx\/\"},{\"@type\":\"ListItem\",\"position\":2,\"name\":\"La Navidad (\u00a1y la nieve!) lleg\u00f3 a Antara\"}]},{\"@type\":\"WebSite\",\"@id\":\"https:\/\/graziamagazine.com\/mx\/#website\",\"url\":\"https:\/\/graziamagazine.com\/mx\/\",\"name\":\"Grazia M\u00e9xico y Latinoam\u00e9rica\",\"description\":\"Grazia es moda, belleza y noticias  de actualidad \",\"potentialAction\":[{\"@type\":\"SearchAction\",\"target\":{\"@type\":\"EntryPoint\",\"urlTemplate\":\"https:\/\/graziamagazine.com\/mx\/?s={search_term_string}\"},\"query-input\":\"required name=search_term_string\"}],\"inLanguage\":\"es-MX\"}]}<\/script>\n<!-- \/ Yoast SEO Premium plugin. -->","yoast_head_json":{"title":"La Navidad (\u00a1y la nieve!) lleg\u00f3 a Antara | Grazia M\u00e9xico y Latinoam\u00e9rica","description":"Si lo que buscas es una experiencia de compra inmersa en la magia de la Navidad, Antara Fashion Hall es el lugar. Decorado m\u00e1gico, luces, villancicos y \u00a1mucha nieve!","robots":{"index":"index","follow":"follow","max-snippet":"max-snippet:-1","max-image-preview":"max-image-preview:large","max-video-preview":"max-video-preview:-1"},"canonical":"https:\/\/graziamagazine.com\/mx\/articles\/la-navidad-y-la-nieve-llego-a-antara\/","og_locale":"es_MX","og_type":"article","og_title":"La Navidad (\u00a1y la nieve!) lleg\u00f3 a Antara","og_description":"Si lo que buscas es una experiencia de compra inmersa en la magia de la Navidad, Antara Fashion Hall es el lugar. Decorado m\u00e1gico, luces, villancicos y \u00a1mucha nieve!","og_url":"https:\/\/graziamagazine.com\/mx\/articles\/la-navidad-y-la-nieve-llego-a-antara\/","og_site_name":"Grazia M\u00e9xico y Latinoam\u00e9rica","article_modified_time":"2021-12-03T18:18:19+00:00","og_image":[{"url":"https:\/\/graziamagazine.com\/mx\/wp-content\/uploads\/sites\/13\/2021\/12\/Antara01.jpg","width":1024,"height":576,"type":"image\/jpeg"}],"twitter_card":"summary_large_image","twitter_misc":{"Est. reading time":"1 minuto"},"schema":{"@context":"https:\/\/schema.org","@graph":[{"@type":"WebPage","@id":"https:\/\/graziamagazine.com\/mx\/articles\/la-navidad-y-la-nieve-llego-a-antara\/","url":"https:\/\/graziamagazine.com\/mx\/articles\/la-navidad-y-la-nieve-llego-a-antara\/","name":"La Navidad (\u00a1y la nieve!) lleg\u00f3 a Antara | Grazia M\u00e9xico y Latinoam\u00e9rica","isPartOf":{"@id":"https:\/\/graziamagazine.com\/mx\/#website"},"datePublished":"2021-12-03T18:11:01+00:00","dateModified":"2021-12-03T18:18:19+00:00","description":"Si lo que buscas es una experiencia de compra inmersa en la magia de la Navidad, Antara Fashion Hall es el lugar. Decorado m\u00e1gico, luces, villancicos y \u00a1mucha nieve!","breadcrumb":{"@id":"https:\/\/graziamagazine.com\/mx\/articles\/la-navidad-y-la-nieve-llego-a-antara\/#breadcrumb"},"inLanguage":"es-MX","potentialAction":[{"@type":"ReadAction","target":["https:\/\/graziamagazine.com\/mx\/articles\/la-navidad-y-la-nieve-llego-a-antara\/"]}]},{"@type":"BreadcrumbList","@id":"https:\/\/graziamagazine.com\/mx\/articles\/la-navidad-y-la-nieve-llego-a-antara\/#breadcrumb","itemListElement":[{"@type":"ListItem","position":1,"name":"Home","item":"https:\/\/graziamagazine.com\/mx\/"},{"@type":"ListItem","position":2,"name":"La Navidad (\u00a1y la nieve!) lleg\u00f3 a Antara"}]},{"@type":"WebSite","@id":"https:\/\/graziamagazine.com\/mx\/#website","url":"https:\/\/graziamagazine.com\/mx\/","name":"Grazia M\u00e9xico y Latinoam\u00e9rica","description":"Grazia es moda, belleza y noticias  de actualidad ","potentialAction":[{"@type":"SearchAction","target":{"@type":"EntryPoint","urlTemplate":"https:\/\/graziamagazine.com\/mx\/?s={search_term_string}"},"query-input":"required name=search_term_string"}],"inLanguage":"es-MX"}]}},"jetpack_sharing_enabled":true,"distributor_meta":false,"distributor_terms":false,"distributor_media":false,"distributor_original_site_name":"Grazia M\u00e9xico y Latinoam\u00e9rica","distributor_original_site_url":"https:\/\/graziamagazine.com\/mx","push-errors":false,"_links":{"self":[{"href":"https:\/\/graziamagazine.com\/mx\/wp-json\/wp\/v2\/articles\/104144"}],"collection":[{"href":"https:\/\/graziamagazine.com\/mx\/wp-json\/wp\/v2\/articles"}],"about":[{"href":"https:\/\/graziamagazine.com\/mx\/wp-json\/wp\/v2\/types\/articles"}],"author":[{"embeddable":true,"href":"https:\/\/graziamagazine.com\/mx\/wp-json\/wp\/v2\/users\/11636"}],"wp:featuredmedia":[{"embeddable":true,"href":"https:\/\/graziamagazine.com\/mx\/wp-json\/wp\/v2\/media\/104145"}],"wp:attachment":[{"href":"https:\/\/graziamagazine.com\/mx\/wp-json\/wp\/v2\/media?parent=104144"}],"wp:term":[{"taxonomy":"category","embeddable":true,"href":"https:\/\/graziamagazine.com\/mx\/wp-json\/wp\/v2\/categories?post=104144"}],"curies":[{"name":"wp","href":"https:\/\/api.w.org\/{rel}","templated":true}]}}