{"id":104143,"date":"2021-12-03T13:10:25","date_gmt":"2021-12-03T18:10:25","guid":{"rendered":"https:\/\/graziamagazine.com\/mx\/?post_type=articles&#038;p=104143"},"modified":"2021-12-04T13:06:38","modified_gmt":"2021-12-04T18:06:38","slug":"hermes-fit-el-nuevo-gimnasio-efimero-y-muy-a-la-moda","status":"publish","type":"articles","link":"https:\/\/graziamagazine.com\/mx\/articles\/hermes-fit-el-nuevo-gimnasio-efimero-y-muy-a-la-moda\/","title":{"rendered":"Herm\u00e8s Fit, el nuevo gimnasio ef\u00edmero y muy a la moda"},"content":{"rendered":"<p><strong>Herm\u00e8s<\/strong> nos ha sorprendido una vez m\u00e1s al lanzar una nueva iniciativa donde la salud (y claro la moda) es lo m\u00e1s importante.<\/p>\n<p>Presentado <strong>Herm\u00e8s Fit<\/strong>, la firma crea una experiencia de de lujo que nos hace despegarnos del celular y vivir m\u00e1s en el presente. Este gimnasio <strong>ef\u00edmero<\/strong> no es cualquier cosa ya que los accesorios de moda de la marca reemplazan a instrumentos deportivos como pelotas o mancuernas colocadas en la habitaci\u00f3n. Este concepto viajar\u00e1 a <strong>Par\u00eds<\/strong>, <strong>Taipei<\/strong> y <strong>Shanghai<\/strong>. Todos con un toque caracter\u00edstico del pa\u00eds.<\/p>\n<div class=\"content-gallery\"><div class=\"gallery-placeholder\"><div class=\"spinner\"><\/div><\/div><span class=\"gallery-pagination\"><\/span><div id=\"gallery-1\" class=\"gallery galleryid-104143 gallery-columns- gallery-size-\"><figure class=\"gallery-item\"><div class=\"gallery-icon landscape\"><img loading=\"lazy\" decoding=\"async\" width=\"1125\" height=\"1110\" src=\"https:\/\/graziamagazine.com\/mx\/wp-content\/uploads\/sites\/13\/2021\/12\/unnamed-8.jpg\" class=\"lazy\" alt=\"\" \/><\/div><\/figure><figure class=\"gallery-item\"><div class=\"gallery-icon landscape\"><img loading=\"lazy\" decoding=\"async\" width=\"1125\" height=\"1421\" src=\"https:\/\/graziamagazine.com\/mx\/wp-content\/uploads\/sites\/13\/2021\/12\/unnamed-5.jpg\" class=\"lazy\" alt=\"\" \/><\/div><\/figure><figure class=\"gallery-item\"><div class=\"gallery-icon landscape\"><img loading=\"lazy\" decoding=\"async\" width=\"1125\" height=\"1131\" src=\"https:\/\/graziamagazine.com\/mx\/wp-content\/uploads\/sites\/13\/2021\/12\/unnamed.jpg\" class=\"lazy\" alt=\"\" \/><\/div><\/figure><\/div><\/div>\n<p>Entre los objetos de lujo que nos tiene gritando (y no de dolor) se encuentran dise\u00f1os cl\u00e1sicos de pulseras esmaltadas <strong>Clic Clac de Herm\u00e8s<\/strong>, bufandas con dise\u00f1os espectaculares, pesas en formas de caballo, pa\u00f1uelos con ilustraciones de la firma y muchas cosas m\u00e1s.<\/p>\n<p>Y claro, no todo en este pop up es ejercicio y venta de productos. Para la ambientaci\u00f3n, <strong>Herm\u00e8s<\/strong> dise\u00f1\u00f3 mancuernas en su naranja caracter\u00edstico, un muro de escalada y hasta una barra de jugos, \u00bfPodr\u00eda existir algo mejor?<\/p>\n<p>Si tu como nosotros desea tanto estar en una clase de lujo al estilo <strong>Herm\u00e8s<\/strong>, ya puedes reserva en l\u00ednea a partir de ahora. S\u00f3lo recuerda que para sumarse a la experiencia debes <strong>registrarte \u00a1ya!<\/strong><\/p>\n<div class=\"content-gallery\"><div class=\"gallery-placeholder\"><div class=\"spinner\"><\/div><\/div><span class=\"gallery-pagination\"><\/span><div id=\"gallery-2\" class=\"gallery galleryid-104143 gallery-columns- gallery-size-\"><figure class=\"gallery-item\"><div class=\"gallery-icon landscape\"><img loading=\"lazy\" decoding=\"async\" width=\"1125\" height=\"1373\" src=\"https:\/\/graziamagazine.com\/mx\/wp-content\/uploads\/sites\/13\/2021\/12\/unnamed-1.jpg\" class=\"lazy\" alt=\"\" \/><\/div><\/figure><figure class=\"gallery-item\"><div class=\"gallery-icon landscape\"><img loading=\"lazy\" decoding=\"async\" width=\"1125\" height=\"1402\" src=\"https:\/\/graziamagazine.com\/mx\/wp-content\/uploads\/sites\/13\/2021\/12\/unnamed-2-1.jpg\" class=\"lazy\" alt=\"\" \/><\/div><\/figure><figure class=\"gallery-item\"><div class=\"gallery-icon landscape\"><img loading=\"lazy\" decoding=\"async\" width=\"1125\" height=\"1399\" src=\"https:\/\/graziamagazine.com\/mx\/wp-content\/uploads\/sites\/13\/2021\/12\/unnamed-6.jpg\" class=\"lazy\" alt=\"\" \/><\/div><\/figure><figure class=\"gallery-item\"><div class=\"gallery-icon landscape\"><img loading=\"lazy\" decoding=\"async\" width=\"1125\" height=\"1393\" src=\"https:\/\/graziamagazine.com\/mx\/wp-content\/uploads\/sites\/13\/2021\/12\/unnamed-3-1.jpg\" class=\"lazy\" alt=\"\" \/><\/div><\/figure><\/div><\/div>\n<h5>IM\u00c1GENES: Cortes\u00eda de Herm\u00e8s<\/h5>\n","protected":false},"author":27779,"featured_media":104151,"template":"","format":"standard","categories":[114,9864,4],"acf":[],"yoast_head":"<!-- This site is optimized with the Yoast SEO Premium plugin v18.5 (Yoast SEO v20.4) - https:\/\/yoast.com\/wordpress\/plugins\/seo\/ -->\n<title>Herm\u00e8s Fit, el nuevo gimnasio ef\u00edmero y muy a la moda | Grazia M\u00e9xico y Latinoam\u00e9rica<\/title>\n<meta name=\"description\" content=\"Herm\u00e8s nos ha sorprendido una vez m\u00e1s al lanzar una nueva iniciativa donde la salud (y claro la moda) es lo m\u00e1s importante. Presentado Herm\u00e8s Fit, la\" \/>\n<meta name=\"robots\" content=\"index, follow, max-snippet:-1, max-image-preview:large, max-video-preview:-1\" \/>\n<link rel=\"canonical\" href=\"https:\/\/graziamagazine.com\/mx\/articles\/hermes-fit-el-nuevo-gimnasio-efimero-y-muy-a-la-moda\/\" \/>\n<meta property=\"og:locale\" content=\"es_MX\" \/>\n<meta property=\"og:type\" content=\"article\" \/>\n<meta property=\"og:title\" content=\"Herm\u00e8s Fit, el nuevo gimnasio ef\u00edmero y muy a la moda\" \/>\n<meta property=\"og:description\" content=\"Herm\u00e8s nos ha sorprendido una vez m\u00e1s al lanzar una nueva iniciativa donde la salud (y claro la moda) es lo m\u00e1s importante. Presentado Herm\u00e8s Fit, la\" \/>\n<meta property=\"og:url\" content=\"https:\/\/graziamagazine.com\/mx\/articles\/hermes-fit-el-nuevo-gimnasio-efimero-y-muy-a-la-moda\/\" \/>\n<meta property=\"og:site_name\" content=\"Grazia M\u00e9xico y Latinoam\u00e9rica\" \/>\n<meta property=\"article:modified_time\" content=\"2021-12-04T18:06:38+00:00\" \/>\n<meta property=\"og:image\" content=\"https:\/\/graziamagazine.com\/mx\/wp-content\/uploads\/sites\/13\/2021\/12\/unnamed-7.jpg?fit=1125%2C1100\" \/>\n\t<meta property=\"og:image:width\" content=\"1125\" \/>\n\t<meta property=\"og:image:height\" content=\"1100\" \/>\n\t<meta property=\"og:image:type\" content=\"image\/jpeg\" \/>\n<meta name=\"twitter:card\" content=\"summary_large_image\" \/>\n<meta name=\"twitter:label1\" content=\"Est. reading time\" \/>\n\t<meta name=\"twitter:data1\" content=\"1 minuto\" \/>\n<script type=\"application\/ld+json\" class=\"yoast-schema-graph\">{\"@context\":\"https:\/\/schema.org\",\"@graph\":[{\"@type\":\"WebPage\",\"@id\":\"https:\/\/graziamagazine.com\/mx\/articles\/hermes-fit-el-nuevo-gimnasio-efimero-y-muy-a-la-moda\/\",\"url\":\"https:\/\/graziamagazine.com\/mx\/articles\/hermes-fit-el-nuevo-gimnasio-efimero-y-muy-a-la-moda\/\",\"name\":\"Herm\u00e8s Fit, el nuevo gimnasio ef\u00edmero y muy a la moda | Grazia M\u00e9xico y Latinoam\u00e9rica\",\"isPartOf\":{\"@id\":\"https:\/\/graziamagazine.com\/mx\/#website\"},\"datePublished\":\"2021-12-03T18:10:25+00:00\",\"dateModified\":\"2021-12-04T18:06:38+00:00\",\"description\":\"Herm\u00e8s nos ha sorprendido una vez m\u00e1s al lanzar una nueva iniciativa donde la salud (y claro la moda) es lo m\u00e1s importante. Presentado Herm\u00e8s Fit, la\",\"breadcrumb\":{\"@id\":\"https:\/\/graziamagazine.com\/mx\/articles\/hermes-fit-el-nuevo-gimnasio-efimero-y-muy-a-la-moda\/#breadcrumb\"},\"inLanguage\":\"es-MX\",\"potentialAction\":[{\"@type\":\"ReadAction\",\"target\":[\"https:\/\/graziamagazine.com\/mx\/articles\/hermes-fit-el-nuevo-gimnasio-efimero-y-muy-a-la-moda\/\"]}]},{\"@type\":\"BreadcrumbList\",\"@id\":\"https:\/\/graziamagazine.com\/mx\/articles\/hermes-fit-el-nuevo-gimnasio-efimero-y-muy-a-la-moda\/#breadcrumb\",\"itemListElement\":[{\"@type\":\"ListItem\",\"position\":1,\"name\":\"Home\",\"item\":\"https:\/\/graziamagazine.com\/mx\/\"},{\"@type\":\"ListItem\",\"position\":2,\"name\":\"Herm\u00e8s Fit, el nuevo gimnasio ef\u00edmero y muy a la moda\"}]},{\"@type\":\"WebSite\",\"@id\":\"https:\/\/graziamagazine.com\/mx\/#website\",\"url\":\"https:\/\/graziamagazine.com\/mx\/\",\"name\":\"Grazia M\u00e9xico y Latinoam\u00e9rica\",\"description\":\"Grazia es moda, belleza y noticias  de actualidad \",\"potentialAction\":[{\"@type\":\"SearchAction\",\"target\":{\"@type\":\"EntryPoint\",\"urlTemplate\":\"https:\/\/graziamagazine.com\/mx\/?s={search_term_string}\"},\"query-input\":\"required name=search_term_string\"}],\"inLanguage\":\"es-MX\"}]}<\/script>\n<!-- \/ Yoast SEO Premium plugin. -->","yoast_head_json":{"title":"Herm\u00e8s Fit, el nuevo gimnasio ef\u00edmero y muy a la moda | Grazia M\u00e9xico y Latinoam\u00e9rica","description":"Herm\u00e8s nos ha sorprendido una vez m\u00e1s al lanzar una nueva iniciativa donde la salud (y claro la moda) es lo m\u00e1s importante. Presentado Herm\u00e8s Fit, la","robots":{"index":"index","follow":"follow","max-snippet":"max-snippet:-1","max-image-preview":"max-image-preview:large","max-video-preview":"max-video-preview:-1"},"canonical":"https:\/\/graziamagazine.com\/mx\/articles\/hermes-fit-el-nuevo-gimnasio-efimero-y-muy-a-la-moda\/","og_locale":"es_MX","og_type":"article","og_title":"Herm\u00e8s Fit, el nuevo gimnasio ef\u00edmero y muy a la moda","og_description":"Herm\u00e8s nos ha sorprendido una vez m\u00e1s al lanzar una nueva iniciativa donde la salud (y claro la moda) es lo m\u00e1s importante. Presentado Herm\u00e8s Fit, la","og_url":"https:\/\/graziamagazine.com\/mx\/articles\/hermes-fit-el-nuevo-gimnasio-efimero-y-muy-a-la-moda\/","og_site_name":"Grazia M\u00e9xico y Latinoam\u00e9rica","article_modified_time":"2021-12-04T18:06:38+00:00","og_image":[{"width":1125,"height":1100,"url":"https:\/\/graziamagazine.com\/mx\/wp-content\/uploads\/sites\/13\/2021\/12\/unnamed-7.jpg?fit=1125%2C1100","type":"image\/jpeg"}],"twitter_card":"summary_large_image","twitter_misc":{"Est. reading time":"1 minuto"},"schema":{"@context":"https:\/\/schema.org","@graph":[{"@type":"WebPage","@id":"https:\/\/graziamagazine.com\/mx\/articles\/hermes-fit-el-nuevo-gimnasio-efimero-y-muy-a-la-moda\/","url":"https:\/\/graziamagazine.com\/mx\/articles\/hermes-fit-el-nuevo-gimnasio-efimero-y-muy-a-la-moda\/","name":"Herm\u00e8s Fit, el nuevo gimnasio ef\u00edmero y muy a la moda | Grazia M\u00e9xico y Latinoam\u00e9rica","isPartOf":{"@id":"https:\/\/graziamagazine.com\/mx\/#website"},"datePublished":"2021-12-03T18:10:25+00:00","dateModified":"2021-12-04T18:06:38+00:00","description":"Herm\u00e8s nos ha sorprendido una vez m\u00e1s al lanzar una nueva iniciativa donde la salud (y claro la moda) es lo m\u00e1s importante. Presentado Herm\u00e8s Fit, la","breadcrumb":{"@id":"https:\/\/graziamagazine.com\/mx\/articles\/hermes-fit-el-nuevo-gimnasio-efimero-y-muy-a-la-moda\/#breadcrumb"},"inLanguage":"es-MX","potentialAction":[{"@type":"ReadAction","target":["https:\/\/graziamagazine.com\/mx\/articles\/hermes-fit-el-nuevo-gimnasio-efimero-y-muy-a-la-moda\/"]}]},{"@type":"BreadcrumbList","@id":"https:\/\/graziamagazine.com\/mx\/articles\/hermes-fit-el-nuevo-gimnasio-efimero-y-muy-a-la-moda\/#breadcrumb","itemListElement":[{"@type":"ListItem","position":1,"name":"Home","item":"https:\/\/graziamagazine.com\/mx\/"},{"@type":"ListItem","position":2,"name":"Herm\u00e8s Fit, el nuevo gimnasio ef\u00edmero y muy a la moda"}]},{"@type":"WebSite","@id":"https:\/\/graziamagazine.com\/mx\/#website","url":"https:\/\/graziamagazine.com\/mx\/","name":"Grazia M\u00e9xico y Latinoam\u00e9rica","description":"Grazia es moda, belleza y noticias  de actualidad ","potentialAction":[{"@type":"SearchAction","target":{"@type":"EntryPoint","urlTemplate":"https:\/\/graziamagazine.com\/mx\/?s={search_term_string}"},"query-input":"required name=search_term_string"}],"inLanguage":"es-MX"}]}},"jetpack_sharing_enabled":true,"distributor_meta":false,"distributor_terms":false,"distributor_media":false,"distributor_original_site_name":"Grazia M\u00e9xico y Latinoam\u00e9rica","distributor_original_site_url":"https:\/\/graziamagazine.com\/mx","push-errors":false,"_links":{"self":[{"href":"https:\/\/graziamagazine.com\/mx\/wp-json\/wp\/v2\/articles\/104143"}],"collection":[{"href":"https:\/\/graziamagazine.com\/mx\/wp-json\/wp\/v2\/articles"}],"about":[{"href":"https:\/\/graziamagazine.com\/mx\/wp-json\/wp\/v2\/types\/articles"}],"author":[{"embeddable":true,"href":"https:\/\/graziamagazine.com\/mx\/wp-json\/wp\/v2\/users\/27779"}],"wp:featuredmedia":[{"embeddable":true,"href":"https:\/\/graziamagazine.com\/mx\/wp-json\/wp\/v2\/media\/104151"}],"wp:attachment":[{"href":"https:\/\/graziamagazine.com\/mx\/wp-json\/wp\/v2\/media?parent=104143"}],"wp:term":[{"taxonomy":"category","embeddable":true,"href":"https:\/\/graziamagazine.com\/mx\/wp-json\/wp\/v2\/categories?post=104143"}],"curies":[{"name":"wp","href":"https:\/\/api.w.org\/{rel}","templated":true}]}}