{"id":104070,"date":"2021-12-02T09:41:37","date_gmt":"2021-12-02T14:41:37","guid":{"rendered":"https:\/\/graziamagazine.com\/mx\/?post_type=articles&#038;p=104070"},"modified":"2021-12-02T09:44:18","modified_gmt":"2021-12-02T14:44:18","slug":"mariah-carey-contara-su-version-del-romance-con-luis-miguel-en-nueva-serie-biografica","status":"publish","type":"articles","link":"https:\/\/graziamagazine.com\/mx\/articles\/mariah-carey-contara-su-version-del-romance-con-luis-miguel-en-nueva-serie-biografica\/","title":{"rendered":"Mariah Carey contar\u00e1 su versi\u00f3n del romance con Luis Miguel en nueva serie biogr\u00e1fica"},"content":{"rendered":"<p><span style=\"font-weight: 400\"><strong>Mariah Carey<\/strong> llevar\u00e1 la historia de su vida a la pantalla de televisi\u00f3n, a trav\u00e9s de una <strong>serie de ocho cap\u00edtulos<\/strong> basados en el libro autobiogr\u00e1fico <em><strong>The meaning of Mariah Carey<\/strong><\/em>, publicado en septiembre de 2020.\u00a0<\/span><\/p>\n<p><span style=\"font-weight: 400\">Aunque todav\u00eda no se sabe a trav\u00e9s de qu\u00e9 canal de televisi\u00f3n o plataforma <em>streaming<\/em> ser\u00e1 producida, ella tiene muy claro que la serie ser\u00e1 dirigida por <strong>Lee Daniels.<\/strong><\/span><\/p>\n<p><span style=\"font-weight: 400\">\u201cHicimos el libro y lo vamos a hacer juntos. Trabajo con mi amigo Lee Daniels. Y estamos hablando de la adaptaci\u00f3n de mi libro. Preferir\u00eda hacer eso\u201d, dijo en una entrevista con el anfitri\u00f3n del programa Z100, Garrett Vogel.<\/span><\/p>\n<p><span style=\"font-weight: 400\">Lo que s\u00ed sabemos es que la cantante aprovechar\u00e1 ese espacio para contar su propia versi\u00f3n del romance que mantuvo con Luis Miguel, que aparentemente es muy diferente a la que el cantante mostr\u00f3 en la exitosa producci\u00f3n de <strong>Netflix, <em>Luis Miguel, la serie.<\/em><\/strong><\/span><\/p>\n<p><span style=\"font-weight: 400\">En <em>The meaning of Mariah Carey<\/em>, la estadounidense dedic\u00f3 un cap\u00edtulo completo a Luis Miguel: <strong>The Latin Elvis<\/strong>. Y no precisamente habla muy bien de \u00e9l. Ah\u00ed relata en primera persona c\u00f3mo fue su primera cita con \u2018El Sol\u2019, en 1998, \u00e9poca en que el cantante lanz\u00f3 su \u00e1lbum Romances.<\/span><\/p>\n<p><span style=\"font-weight: 400\">Carey cuenta c\u00f3mo fue su primer encuentro en Aspen, Colorado, en un restaurante y que Luis Miguel ten\u00eda una actitud extra\u00f1a debido a la cantidad de alcohol que hab\u00eda ingerido. Se sinti\u00f3 tan inc\u00f3moda, que se fue.<\/span><\/p>\n<p><span style=\"font-weight: 400\">Para disculparse, Luis Miguel le mand\u00f3 un collar de diamantes de<strong> Bvlgari.<\/strong> Ella le dio otra oportunidad, y estuvieron juntos por dos a\u00f1os.<\/span><\/p>\n<p><span style=\"font-weight: 400\">Al final de su relaci\u00f3n, Mariah atraves\u00f3 por una \u00e9poca de depresi\u00f3n y ansiedad de la que le cost\u00f3 trabajo salir.<\/span><\/p>\n<p><span style=\"font-weight: 400\">Todo esto y m\u00e1s, ser\u00e1 contado en la futura serie que todav\u00eda no tiene nombre, como la violencia y los abusos de los que fue testigo cuando era peque\u00f1a, que marcaron su vida para siempre.<\/span><\/p>\n","protected":false},"author":11628,"featured_media":47624,"template":"","format":"standard","categories":[114,2],"acf":[],"yoast_head":"<!-- This site is optimized with the Yoast SEO Premium plugin v18.5 (Yoast SEO v20.4) - https:\/\/yoast.com\/wordpress\/plugins\/seo\/ -->\n<title>Mariah Carey contar\u00e1 su versi\u00f3n del romance con Luis Miguel en nueva serie biogr\u00e1fica | Grazia M\u00e9xico y Latinoam\u00e9rica<\/title>\n<meta name=\"description\" content=\"\u00bfLa revancha de Mariah?\" \/>\n<meta name=\"robots\" content=\"index, follow, max-snippet:-1, max-image-preview:large, max-video-preview:-1\" \/>\n<link rel=\"canonical\" href=\"https:\/\/graziamagazine.com\/mx\/articles\/mariah-carey-contara-su-version-del-romance-con-luis-miguel-en-nueva-serie-biografica\/\" \/>\n<meta property=\"og:locale\" content=\"es_MX\" \/>\n<meta property=\"og:type\" content=\"article\" \/>\n<meta property=\"og:title\" content=\"Mariah Carey contar\u00e1 su versi\u00f3n del romance con Luis Miguel en nueva serie biogr\u00e1fica\" \/>\n<meta property=\"og:description\" content=\"\u00bfLa revancha de Mariah?\" \/>\n<meta property=\"og:url\" content=\"https:\/\/graziamagazine.com\/mx\/articles\/mariah-carey-contara-su-version-del-romance-con-luis-miguel-en-nueva-serie-biografica\/\" \/>\n<meta property=\"og:site_name\" content=\"Grazia M\u00e9xico y Latinoam\u00e9rica\" \/>\n<meta property=\"article:modified_time\" content=\"2021-12-02T14:44:18+00:00\" \/>\n<meta property=\"og:image\" content=\"https:\/\/graziamagazine.com\/mx\/wp-content\/uploads\/sites\/13\/2018\/04\/el-trastorno-bipolar-de-mariah-carey-y-su-declaracion-al-respecto-destacada.jpg?fit=2700%2C1800\" \/>\n\t<meta property=\"og:image:width\" content=\"2700\" \/>\n\t<meta property=\"og:image:height\" content=\"1800\" \/>\n\t<meta property=\"og:image:type\" content=\"image\/jpeg\" \/>\n<meta name=\"twitter:card\" content=\"summary_large_image\" \/>\n<meta name=\"twitter:label1\" content=\"Est. reading time\" \/>\n\t<meta name=\"twitter:data1\" content=\"2 minutos\" \/>\n<script type=\"application\/ld+json\" class=\"yoast-schema-graph\">{\"@context\":\"https:\/\/schema.org\",\"@graph\":[{\"@type\":\"WebPage\",\"@id\":\"https:\/\/graziamagazine.com\/mx\/articles\/mariah-carey-contara-su-version-del-romance-con-luis-miguel-en-nueva-serie-biografica\/\",\"url\":\"https:\/\/graziamagazine.com\/mx\/articles\/mariah-carey-contara-su-version-del-romance-con-luis-miguel-en-nueva-serie-biografica\/\",\"name\":\"Mariah Carey contar\u00e1 su versi\u00f3n del romance con Luis Miguel en nueva serie biogr\u00e1fica | Grazia M\u00e9xico y Latinoam\u00e9rica\",\"isPartOf\":{\"@id\":\"https:\/\/graziamagazine.com\/mx\/#website\"},\"datePublished\":\"2021-12-02T14:41:37+00:00\",\"dateModified\":\"2021-12-02T14:44:18+00:00\",\"description\":\"\u00bfLa revancha de Mariah?\",\"breadcrumb\":{\"@id\":\"https:\/\/graziamagazine.com\/mx\/articles\/mariah-carey-contara-su-version-del-romance-con-luis-miguel-en-nueva-serie-biografica\/#breadcrumb\"},\"inLanguage\":\"es-MX\",\"potentialAction\":[{\"@type\":\"ReadAction\",\"target\":[\"https:\/\/graziamagazine.com\/mx\/articles\/mariah-carey-contara-su-version-del-romance-con-luis-miguel-en-nueva-serie-biografica\/\"]}]},{\"@type\":\"BreadcrumbList\",\"@id\":\"https:\/\/graziamagazine.com\/mx\/articles\/mariah-carey-contara-su-version-del-romance-con-luis-miguel-en-nueva-serie-biografica\/#breadcrumb\",\"itemListElement\":[{\"@type\":\"ListItem\",\"position\":1,\"name\":\"Home\",\"item\":\"https:\/\/graziamagazine.com\/mx\/\"},{\"@type\":\"ListItem\",\"position\":2,\"name\":\"Mariah Carey contar\u00e1 su versi\u00f3n del romance con Luis Miguel en nueva serie biogr\u00e1fica\"}]},{\"@type\":\"WebSite\",\"@id\":\"https:\/\/graziamagazine.com\/mx\/#website\",\"url\":\"https:\/\/graziamagazine.com\/mx\/\",\"name\":\"Grazia M\u00e9xico y Latinoam\u00e9rica\",\"description\":\"Grazia es moda, belleza y noticias  de actualidad \",\"potentialAction\":[{\"@type\":\"SearchAction\",\"target\":{\"@type\":\"EntryPoint\",\"urlTemplate\":\"https:\/\/graziamagazine.com\/mx\/?s={search_term_string}\"},\"query-input\":\"required name=search_term_string\"}],\"inLanguage\":\"es-MX\"}]}<\/script>\n<!-- \/ Yoast SEO Premium plugin. -->","yoast_head_json":{"title":"Mariah Carey contar\u00e1 su versi\u00f3n del romance con Luis Miguel en nueva serie biogr\u00e1fica | Grazia M\u00e9xico y Latinoam\u00e9rica","description":"\u00bfLa revancha de Mariah?","robots":{"index":"index","follow":"follow","max-snippet":"max-snippet:-1","max-image-preview":"max-image-preview:large","max-video-preview":"max-video-preview:-1"},"canonical":"https:\/\/graziamagazine.com\/mx\/articles\/mariah-carey-contara-su-version-del-romance-con-luis-miguel-en-nueva-serie-biografica\/","og_locale":"es_MX","og_type":"article","og_title":"Mariah Carey contar\u00e1 su versi\u00f3n del romance con Luis Miguel en nueva serie biogr\u00e1fica","og_description":"\u00bfLa revancha de Mariah?","og_url":"https:\/\/graziamagazine.com\/mx\/articles\/mariah-carey-contara-su-version-del-romance-con-luis-miguel-en-nueva-serie-biografica\/","og_site_name":"Grazia M\u00e9xico y Latinoam\u00e9rica","article_modified_time":"2021-12-02T14:44:18+00:00","og_image":[{"width":2700,"height":1800,"url":"https:\/\/graziamagazine.com\/mx\/wp-content\/uploads\/sites\/13\/2018\/04\/el-trastorno-bipolar-de-mariah-carey-y-su-declaracion-al-respecto-destacada.jpg?fit=2700%2C1800","type":"image\/jpeg"}],"twitter_card":"summary_large_image","twitter_misc":{"Est. reading time":"2 minutos"},"schema":{"@context":"https:\/\/schema.org","@graph":[{"@type":"WebPage","@id":"https:\/\/graziamagazine.com\/mx\/articles\/mariah-carey-contara-su-version-del-romance-con-luis-miguel-en-nueva-serie-biografica\/","url":"https:\/\/graziamagazine.com\/mx\/articles\/mariah-carey-contara-su-version-del-romance-con-luis-miguel-en-nueva-serie-biografica\/","name":"Mariah Carey contar\u00e1 su versi\u00f3n del romance con Luis Miguel en nueva serie biogr\u00e1fica | Grazia M\u00e9xico y Latinoam\u00e9rica","isPartOf":{"@id":"https:\/\/graziamagazine.com\/mx\/#website"},"datePublished":"2021-12-02T14:41:37+00:00","dateModified":"2021-12-02T14:44:18+00:00","description":"\u00bfLa revancha de Mariah?","breadcrumb":{"@id":"https:\/\/graziamagazine.com\/mx\/articles\/mariah-carey-contara-su-version-del-romance-con-luis-miguel-en-nueva-serie-biografica\/#breadcrumb"},"inLanguage":"es-MX","potentialAction":[{"@type":"ReadAction","target":["https:\/\/graziamagazine.com\/mx\/articles\/mariah-carey-contara-su-version-del-romance-con-luis-miguel-en-nueva-serie-biografica\/"]}]},{"@type":"BreadcrumbList","@id":"https:\/\/graziamagazine.com\/mx\/articles\/mariah-carey-contara-su-version-del-romance-con-luis-miguel-en-nueva-serie-biografica\/#breadcrumb","itemListElement":[{"@type":"ListItem","position":1,"name":"Home","item":"https:\/\/graziamagazine.com\/mx\/"},{"@type":"ListItem","position":2,"name":"Mariah Carey contar\u00e1 su versi\u00f3n del romance con Luis Miguel en nueva serie biogr\u00e1fica"}]},{"@type":"WebSite","@id":"https:\/\/graziamagazine.com\/mx\/#website","url":"https:\/\/graziamagazine.com\/mx\/","name":"Grazia M\u00e9xico y Latinoam\u00e9rica","description":"Grazia es moda, belleza y noticias  de actualidad ","potentialAction":[{"@type":"SearchAction","target":{"@type":"EntryPoint","urlTemplate":"https:\/\/graziamagazine.com\/mx\/?s={search_term_string}"},"query-input":"required name=search_term_string"}],"inLanguage":"es-MX"}]}},"jetpack_sharing_enabled":true,"distributor_meta":false,"distributor_terms":false,"distributor_media":false,"distributor_original_site_name":"Grazia M\u00e9xico y Latinoam\u00e9rica","distributor_original_site_url":"https:\/\/graziamagazine.com\/mx","push-errors":false,"_links":{"self":[{"href":"https:\/\/graziamagazine.com\/mx\/wp-json\/wp\/v2\/articles\/104070"}],"collection":[{"href":"https:\/\/graziamagazine.com\/mx\/wp-json\/wp\/v2\/articles"}],"about":[{"href":"https:\/\/graziamagazine.com\/mx\/wp-json\/wp\/v2\/types\/articles"}],"author":[{"embeddable":true,"href":"https:\/\/graziamagazine.com\/mx\/wp-json\/wp\/v2\/users\/11628"}],"wp:featuredmedia":[{"embeddable":true,"href":"https:\/\/graziamagazine.com\/mx\/wp-json\/wp\/v2\/media\/47624"}],"wp:attachment":[{"href":"https:\/\/graziamagazine.com\/mx\/wp-json\/wp\/v2\/media?parent=104070"}],"wp:term":[{"taxonomy":"category","embeddable":true,"href":"https:\/\/graziamagazine.com\/mx\/wp-json\/wp\/v2\/categories?post=104070"}],"curies":[{"name":"wp","href":"https:\/\/api.w.org\/{rel}","templated":true}]}}