{"id":103838,"date":"2021-11-29T12:29:29","date_gmt":"2021-11-29T17:29:29","guid":{"rendered":"https:\/\/graziamagazine.com\/mx\/?post_type=articles&#038;p=103838"},"modified":"2021-11-29T12:34:53","modified_gmt":"2021-11-29T17:34:53","slug":"the-beatles-get-back-el-documental-de-disney-que-recuerda-la-separacion-de-la-banda-inglesa","status":"publish","type":"articles","link":"https:\/\/graziamagazine.com\/mx\/articles\/the-beatles-get-back-el-documental-de-disney-que-recuerda-la-separacion-de-la-banda-inglesa\/","title":{"rendered":"The Beatles: Get Back, el documental de Disney+ que recuerda la separaci\u00f3n de la banda inglesa"},"content":{"rendered":"<p><span style=\"font-weight: 400\">La m\u00edtica banda inglesa de alcance internacional est\u00e1 estrenando un nuevo documental en <strong>Disney+<\/strong>, que se centra en sus \u00faltimos momentos que, seg\u00fan se nos ha contado muchas veces, estuvo marcado por mucho enojo entre los sus integrantes, y una<strong> Yoko Ono<\/strong> como supuesta \u201cculpable\u201d de la separaci\u00f3n de la agrupaci\u00f3n.<\/span><\/p>\n<p><span style=\"font-weight: 400\"><strong>Peter Jackson<\/strong> llega a poner en tela de juicio todas estas versiones, convirti\u00e9ndose en el director de <em><strong>The Beatles: Get Back<\/strong><\/em>, una producci\u00f3n que se estren\u00f3 el <strong>25 de noviembre.\u00a0<\/strong><\/span><\/p>\n<p><span style=\"font-weight: 400\"><em>Get Back<\/em> es un documental \u00e9pico, creado a partir de las 60 horas de metraje de pel\u00edcula y 150 horas de grabaciones de audio, que forman parte de los ensayos ahora conocidos como \u201c<strong><em>The Get Back Sessions<\/em><\/strong>\u201d, filmados en enero de 1969, cuando estaban grabando el material del \u00e1lbum <strong>Let it be<\/strong> y planeando una serie de conciertos.<\/span><\/p>\n<p><span style=\"font-weight: 400\">\u201cTodo lo que se ha escrito a lo largo de los a\u00f1os sobre estas sesiones las describen de la misma forma (&#8230;) si esto resultaba tan miserable como se supone que es, no me interesaba hacer una pel\u00edcula. No hab\u00eda forma de que intentar\u00eda hacer una pel\u00edcula feliz partiendo de un mont\u00f3n de pietaje de los Beatles pas\u00e1ndola mal. No iba a hacer una pel\u00edcula miserable\u201d, dijo Jackson en relaci\u00f3n a todas estas de material que tuvo oportunidad de revisar previamente, gracias al ofrecimiento de <strong>Jeff Jones y Jonathan Clyde<\/strong>, dos importantes ejecutivos de Apple.<\/span><\/p>\n<p><span style=\"font-weight: 400\">Pero como se supone que el acceso a este material resultar\u00e1 en la revelaci\u00f3n de una versi\u00f3n m\u00e1s oscura que la \u201coficial\u201d, algunos fans est\u00e1n conspirando hacia una versi\u00f3n que apunta que <strong>Paul McCartney y Ringo Star<\/strong> &#8211; los dos \u00fanicos Beatles con vida &#8211; est\u00e1n detr\u00e1s de esta historia para limpiar sus nombres, porque de hecho se dice que <strong>George Harrison<\/strong> fue el primero de los cuatro en dejar la banda, seguido por <strong>John Lennon<\/strong> en aquel momento de m\u00e1ximo enamoramiento hacia Ono.<\/span><\/p>\n<p><span style=\"font-weight: 400\">\u201cMe qued\u00e9 esperando y esperando, pero me la pas\u00e9 riendo. Definitivamente s\u00ed est\u00e1n esos momentos\u2026 En alg\u00fan punto George se va y hay cosas que salen mal y tratan de arreglarlas, pero son cosas que pasan. As\u00ed es la vida. Y eso no es los Beatles separ\u00e1ndose. Se trata simplemente de un proyecto muy ambicioso, quiz\u00e1 demasiado, y algunas cosas salen mal\u201d, a\u00f1ade Jackson sobre ese material que revis\u00f3 en las oficinas de Apple.<\/span><\/p>\n<p><span style=\"font-weight: 400\">El documental tambi\u00e9n aborda aquel momento de gloria en que la banda ofrece, desde la azotea, un inolvidable concierto llevado a cabo el \u200b\u200b30 de enero de 1969, justo en pleno momento de los conflictos internos entre ellos.<\/span><\/p>\n<p><span style=\"font-weight: 400\">\u201cLo que hace el documental es ponerlo todo en contexto. Se trata de darle a los Beatles de 1969 una oportunidad no de explicarse, sino de volver a ser quienes eran. Y, nosotros, desde el futuro, tenemos la oportunidad de verlos en su extraordinario proceso creativo. \u201cLos ves trabajar en versiones tempranas de algunas de las canciones m\u00e1s famosas del mundo. Te dan ganas de gritarles, de ayudarles, porque se ve que les cuesta trabajo\u201d, concluye el director.<\/span><\/p>\n<p><span style=\"font-weight: 400\">As\u00ed, el per\u00edodo cubierto por<em> Get Back<\/em> es de solo los 22 d\u00edas laborales de enero de 1969, que Jackson documenta en estricto orden cronol\u00f3gico, d\u00eda a d\u00eda, de modo que sentimos que estamos hojeando el diario de la banda.<\/span><\/p>\n<p><span style=\"font-weight: 400\">Se trata de un documental como ning\u00fan otro, pues lo que veremos son <strong>escenas in\u00e9ditas tal cual de un documental que estaban planeando ellos mismos, pero que nunca sali\u00f3 a la luz,<\/strong> al que ahora gracias a Peter Jackson podremos tener acceso. \u00a1Gracias!<\/span><\/p>\n<p><span style=\"font-weight: 400\">Sin m\u00e1s, este es el <em>trailer<\/em> del documental:<\/span><\/p>\n<p><iframe loading=\"lazy\" title=\"The Beatles: Get Back | Tr\u00e1iler Oficial subtitulado | Disney+\" width=\"500\" height=\"281\" src=\"https:\/\/www.youtube.com\/embed\/ykw5YDTnOMs?feature=oembed\" frameborder=\"0\" allow=\"accelerometer; autoplay; clipboard-write; encrypted-media; gyroscope; picture-in-picture\" allowfullscreen><\/iframe><\/p>\n<p>&nbsp;<\/p>\n","protected":false},"author":11628,"featured_media":98798,"template":"","format":"standard","categories":[114],"acf":[],"yoast_head":"<!-- This site is optimized with the Yoast SEO Premium plugin v18.5 (Yoast SEO v20.4) - https:\/\/yoast.com\/wordpress\/plugins\/seo\/ -->\n<title>The Beatles: Get Back, el documental de Disney+ que recuerda la separaci\u00f3n de la banda inglesa | Grazia M\u00e9xico y Latinoam\u00e9rica<\/title>\n<meta name=\"description\" content=\"Una historia contada con material original e in\u00e9dito.\" \/>\n<meta name=\"robots\" content=\"index, follow, max-snippet:-1, max-image-preview:large, max-video-preview:-1\" \/>\n<link rel=\"canonical\" href=\"https:\/\/graziamagazine.com\/mx\/articles\/the-beatles-get-back-el-documental-de-disney-que-recuerda-la-separacion-de-la-banda-inglesa\/\" \/>\n<meta property=\"og:locale\" content=\"es_MX\" \/>\n<meta property=\"og:type\" content=\"article\" \/>\n<meta property=\"og:title\" content=\"The Beatles: Get Back, el documental de Disney+ que recuerda la separaci\u00f3n de la banda inglesa\" \/>\n<meta property=\"og:description\" content=\"Una historia contada con material original e in\u00e9dito.\" \/>\n<meta property=\"og:url\" content=\"https:\/\/graziamagazine.com\/mx\/articles\/the-beatles-get-back-el-documental-de-disney-que-recuerda-la-separacion-de-la-banda-inglesa\/\" \/>\n<meta property=\"og:site_name\" content=\"Grazia M\u00e9xico y Latinoam\u00e9rica\" \/>\n<meta property=\"article:modified_time\" content=\"2021-11-29T17:34:53+00:00\" \/>\n<meta property=\"og:image\" content=\"https:\/\/graziamagazine.com\/mx\/wp-content\/uploads\/sites\/13\/2021\/07\/LIVERPOOL_AC.jpg?fit=5491%2C3590\" \/>\n\t<meta property=\"og:image:width\" content=\"5491\" \/>\n\t<meta property=\"og:image:height\" content=\"3590\" \/>\n\t<meta property=\"og:image:type\" content=\"image\/jpeg\" \/>\n<meta name=\"twitter:card\" content=\"summary_large_image\" \/>\n<meta name=\"twitter:label1\" content=\"Est. reading time\" \/>\n\t<meta name=\"twitter:data1\" content=\"3 minutos\" \/>\n<script type=\"application\/ld+json\" class=\"yoast-schema-graph\">{\"@context\":\"https:\/\/schema.org\",\"@graph\":[{\"@type\":\"WebPage\",\"@id\":\"https:\/\/graziamagazine.com\/mx\/articles\/the-beatles-get-back-el-documental-de-disney-que-recuerda-la-separacion-de-la-banda-inglesa\/\",\"url\":\"https:\/\/graziamagazine.com\/mx\/articles\/the-beatles-get-back-el-documental-de-disney-que-recuerda-la-separacion-de-la-banda-inglesa\/\",\"name\":\"The Beatles: Get Back, el documental de Disney+ que recuerda la separaci\u00f3n de la banda inglesa | Grazia M\u00e9xico y Latinoam\u00e9rica\",\"isPartOf\":{\"@id\":\"https:\/\/graziamagazine.com\/mx\/#website\"},\"datePublished\":\"2021-11-29T17:29:29+00:00\",\"dateModified\":\"2021-11-29T17:34:53+00:00\",\"description\":\"Una historia contada con material original e in\u00e9dito.\",\"breadcrumb\":{\"@id\":\"https:\/\/graziamagazine.com\/mx\/articles\/the-beatles-get-back-el-documental-de-disney-que-recuerda-la-separacion-de-la-banda-inglesa\/#breadcrumb\"},\"inLanguage\":\"es-MX\",\"potentialAction\":[{\"@type\":\"ReadAction\",\"target\":[\"https:\/\/graziamagazine.com\/mx\/articles\/the-beatles-get-back-el-documental-de-disney-que-recuerda-la-separacion-de-la-banda-inglesa\/\"]}]},{\"@type\":\"BreadcrumbList\",\"@id\":\"https:\/\/graziamagazine.com\/mx\/articles\/the-beatles-get-back-el-documental-de-disney-que-recuerda-la-separacion-de-la-banda-inglesa\/#breadcrumb\",\"itemListElement\":[{\"@type\":\"ListItem\",\"position\":1,\"name\":\"Home\",\"item\":\"https:\/\/graziamagazine.com\/mx\/\"},{\"@type\":\"ListItem\",\"position\":2,\"name\":\"The Beatles: Get Back, el documental de Disney+ que recuerda la separaci\u00f3n de la banda inglesa\"}]},{\"@type\":\"WebSite\",\"@id\":\"https:\/\/graziamagazine.com\/mx\/#website\",\"url\":\"https:\/\/graziamagazine.com\/mx\/\",\"name\":\"Grazia M\u00e9xico y Latinoam\u00e9rica\",\"description\":\"Grazia es moda, belleza y noticias  de actualidad \",\"potentialAction\":[{\"@type\":\"SearchAction\",\"target\":{\"@type\":\"EntryPoint\",\"urlTemplate\":\"https:\/\/graziamagazine.com\/mx\/?s={search_term_string}\"},\"query-input\":\"required name=search_term_string\"}],\"inLanguage\":\"es-MX\"}]}<\/script>\n<!-- \/ Yoast SEO Premium plugin. -->","yoast_head_json":{"title":"The Beatles: Get Back, el documental de Disney+ que recuerda la separaci\u00f3n de la banda inglesa | Grazia M\u00e9xico y Latinoam\u00e9rica","description":"Una historia contada con material original e in\u00e9dito.","robots":{"index":"index","follow":"follow","max-snippet":"max-snippet:-1","max-image-preview":"max-image-preview:large","max-video-preview":"max-video-preview:-1"},"canonical":"https:\/\/graziamagazine.com\/mx\/articles\/the-beatles-get-back-el-documental-de-disney-que-recuerda-la-separacion-de-la-banda-inglesa\/","og_locale":"es_MX","og_type":"article","og_title":"The Beatles: Get Back, el documental de Disney+ que recuerda la separaci\u00f3n de la banda inglesa","og_description":"Una historia contada con material original e in\u00e9dito.","og_url":"https:\/\/graziamagazine.com\/mx\/articles\/the-beatles-get-back-el-documental-de-disney-que-recuerda-la-separacion-de-la-banda-inglesa\/","og_site_name":"Grazia M\u00e9xico y Latinoam\u00e9rica","article_modified_time":"2021-11-29T17:34:53+00:00","og_image":[{"width":5491,"height":3590,"url":"https:\/\/graziamagazine.com\/mx\/wp-content\/uploads\/sites\/13\/2021\/07\/LIVERPOOL_AC.jpg?fit=5491%2C3590","type":"image\/jpeg"}],"twitter_card":"summary_large_image","twitter_misc":{"Est. reading time":"3 minutos"},"schema":{"@context":"https:\/\/schema.org","@graph":[{"@type":"WebPage","@id":"https:\/\/graziamagazine.com\/mx\/articles\/the-beatles-get-back-el-documental-de-disney-que-recuerda-la-separacion-de-la-banda-inglesa\/","url":"https:\/\/graziamagazine.com\/mx\/articles\/the-beatles-get-back-el-documental-de-disney-que-recuerda-la-separacion-de-la-banda-inglesa\/","name":"The Beatles: Get Back, el documental de Disney+ que recuerda la separaci\u00f3n de la banda inglesa | Grazia M\u00e9xico y Latinoam\u00e9rica","isPartOf":{"@id":"https:\/\/graziamagazine.com\/mx\/#website"},"datePublished":"2021-11-29T17:29:29+00:00","dateModified":"2021-11-29T17:34:53+00:00","description":"Una historia contada con material original e in\u00e9dito.","breadcrumb":{"@id":"https:\/\/graziamagazine.com\/mx\/articles\/the-beatles-get-back-el-documental-de-disney-que-recuerda-la-separacion-de-la-banda-inglesa\/#breadcrumb"},"inLanguage":"es-MX","potentialAction":[{"@type":"ReadAction","target":["https:\/\/graziamagazine.com\/mx\/articles\/the-beatles-get-back-el-documental-de-disney-que-recuerda-la-separacion-de-la-banda-inglesa\/"]}]},{"@type":"BreadcrumbList","@id":"https:\/\/graziamagazine.com\/mx\/articles\/the-beatles-get-back-el-documental-de-disney-que-recuerda-la-separacion-de-la-banda-inglesa\/#breadcrumb","itemListElement":[{"@type":"ListItem","position":1,"name":"Home","item":"https:\/\/graziamagazine.com\/mx\/"},{"@type":"ListItem","position":2,"name":"The Beatles: Get Back, el documental de Disney+ que recuerda la separaci\u00f3n de la banda inglesa"}]},{"@type":"WebSite","@id":"https:\/\/graziamagazine.com\/mx\/#website","url":"https:\/\/graziamagazine.com\/mx\/","name":"Grazia M\u00e9xico y Latinoam\u00e9rica","description":"Grazia es moda, belleza y noticias  de actualidad ","potentialAction":[{"@type":"SearchAction","target":{"@type":"EntryPoint","urlTemplate":"https:\/\/graziamagazine.com\/mx\/?s={search_term_string}"},"query-input":"required name=search_term_string"}],"inLanguage":"es-MX"}]}},"jetpack_sharing_enabled":true,"distributor_meta":false,"distributor_terms":false,"distributor_media":false,"distributor_original_site_name":"Grazia M\u00e9xico y Latinoam\u00e9rica","distributor_original_site_url":"https:\/\/graziamagazine.com\/mx","push-errors":false,"_links":{"self":[{"href":"https:\/\/graziamagazine.com\/mx\/wp-json\/wp\/v2\/articles\/103838"}],"collection":[{"href":"https:\/\/graziamagazine.com\/mx\/wp-json\/wp\/v2\/articles"}],"about":[{"href":"https:\/\/graziamagazine.com\/mx\/wp-json\/wp\/v2\/types\/articles"}],"author":[{"embeddable":true,"href":"https:\/\/graziamagazine.com\/mx\/wp-json\/wp\/v2\/users\/11628"}],"wp:featuredmedia":[{"embeddable":true,"href":"https:\/\/graziamagazine.com\/mx\/wp-json\/wp\/v2\/media\/98798"}],"wp:attachment":[{"href":"https:\/\/graziamagazine.com\/mx\/wp-json\/wp\/v2\/media?parent=103838"}],"wp:term":[{"taxonomy":"category","embeddable":true,"href":"https:\/\/graziamagazine.com\/mx\/wp-json\/wp\/v2\/categories?post=103838"}],"curies":[{"name":"wp","href":"https:\/\/api.w.org\/{rel}","templated":true}]}}