{"id":103833,"date":"2021-11-29T11:40:22","date_gmt":"2021-11-29T16:40:22","guid":{"rendered":"https:\/\/graziamagazine.com\/mx\/?post_type=articles&#038;p=103833"},"modified":"2021-11-29T11:43:25","modified_gmt":"2021-11-29T16:43:25","slug":"iluminadas-la-docuserie-de-europa-que-narra-el-talento-de-las-mujeres-italianas","status":"publish","type":"articles","link":"https:\/\/graziamagazine.com\/mx\/articles\/iluminadas-la-docuserie-de-europa-que-narra-el-talento-de-las-mujeres-italianas\/","title":{"rendered":"Iluminadas, la docuserie de Europa+ que narra el talento de las mujeres italianas"},"content":{"rendered":"<p><span style=\"font-weight: 400\">Esta nueva serie documental de <strong>Europa+<\/strong>, <em><strong>Iluminadas<\/strong><\/em>, es la serie ideal para entender el female power de estas cuatro mujeres italianas que pasaron a la historia mundial por sus importantes aportaciones a distintas \u00e1reas del conocimiento humano.<\/span><\/p>\n<p><span style=\"font-weight: 400\">A partir del <\/span><b>viernes 26 de noviembre<\/b><span style=\"font-weight: 400\"> podr\u00e1s ver esta serie que presenta la historia de vida de cuatro mujeres nacidas en Italia que lucharon por sus derechos y los hicieron cumplir, mujeres con vidas extraordinarias que se convirtieron en un gran legado para todas las generaciones posteriores: la astrof\u00edsica <strong>Margherita Hack<\/strong>, la Premio Nobel de Medicina <strong>Rita Levi Montalcini,<\/strong> la estilista <strong>Krizia<\/strong> y la cr\u00edtica de arte <strong>Palma Bucarelli.<\/strong><\/span><\/p>\n<p><span style=\"font-weight: 400\">\u201cCombinando narraci\u00f3n cinematogr\u00e1fica, documentos de archivo y testimonios, <\/span><em><b>Iluminadas<\/b><\/em><span style=\"font-weight: 400\"> ofrece una panor\u00e1mica de cuatro grandes \u00edconos de Italia, mujeres que se han distinguido en diferentes campos, transformando su existencia en un ejemplo para la humanidad\u201d, explica la plataforma streaming en un comunicado.<\/span><\/p>\n<p><span style=\"font-weight: 400\">Margherita Hack conocida y respetada mundialmente por sus aportes en la radioastronom\u00eda y la espectroscop\u00eda, enfrent\u00f3 una Italia cat\u00f3lica y machista, gran parte de su vida lo dedic\u00f3 a criticar la influencia de la religi\u00f3n en la sociedad, protest\u00f3 contra los privilegios de los pol\u00edticos, defendi\u00f3 el derecho al aborto y los derechos civiles de las mujeres y de los homosexuales.\u00a0<\/span><\/p>\n<p><span style=\"font-weight: 400\">Asimismo, sus descubrimientos en neurolog\u00eda llevaron a Rita Levi Montalcini a recibir en 1986 el Premio Nobel de Medicina, nacida en una familia jud\u00eda, su primer obst\u00e1culo para dedicarse a la ciencia. Desafi\u00f3 a su familia y al gobierno de Mussolini quien durante la Segunda Guerra Mundial, prohibi\u00f3 a los jud\u00edos practicar cualquier carrera acad\u00e9mica. Rita pas\u00f3 a\u00f1os desarrollando investigaci\u00f3n sin que su condici\u00f3n de mujer jud\u00eda la frenara.<\/span><\/p>\n<p><span style=\"font-weight: 400\">Por su parte, Mar\u00eda Madeli, conocida como Krizia, una apasionada de la moda con estilo audaz e innovador al utilizar materiales poco comunes como el caucho. Una mujer que llev\u00f3 la moda italiana al reconocimiento internacional y fundadora de una de las marcas italianas m\u00e1s famosas en el mundo.<\/span><\/p>\n<p><span style=\"font-weight: 400\">Finalmente, Palma Bucarelli fue la primera mujer directora de un museo p\u00fablico en Italia, la Galer\u00eda Nacional de Arte Moderno, un entorno predominado por hombres. Fue una gran promotora del arte contempor\u00e1neo, se caracteriz\u00f3 por conducirse con independencia lo que le vali\u00f3 ser amada por unos y criticada por otros.\u00a0<\/span><\/p>\n<p><span style=\"font-weight: 400\"><em>Iluminadas<\/em> es protagonizada por <strong>Francesca Inaudi<\/strong> como Margherita Hack, <strong>Valentina Bell\u00e8<\/strong> como Palma Bucarelli, <strong>Caterina Guzzanti<\/strong> como Rita Levi Montalcini y <strong>Carolina Crescentini<\/strong> como Krizia, y se desarrolla a lo largo de cuatro episodios de 50 minutos de duraci\u00f3n.<\/span><\/p>\n<p><span style=\"font-weight: 400\">Te dejamos el <\/span><i><span style=\"font-weight: 400\">trailer<\/span><\/i><span style=\"font-weight: 400\">:\u00a0<\/span><\/p>\n<p><iframe loading=\"lazy\" title=\"Iluminadas - Illuminate (Tr\u00e1iler)\" width=\"500\" height=\"281\" src=\"https:\/\/www.youtube.com\/embed\/AgifwdaPAH8?feature=oembed\" frameborder=\"0\" allow=\"accelerometer; autoplay; clipboard-write; encrypted-media; gyroscope; picture-in-picture\" allowfullscreen><\/iframe><\/p>\n<p>&nbsp;<\/p>\n","protected":false},"author":11628,"featured_media":103835,"template":"","format":"standard","categories":[114],"acf":[],"yoast_head":"<!-- This site is optimized with the Yoast SEO Premium plugin v18.5 (Yoast SEO v20.4) - https:\/\/yoast.com\/wordpress\/plugins\/seo\/ -->\n<title>Iluminadas, la docuserie de Europa+ que narra el talento de las mujeres italianas | Grazia M\u00e9xico y Latinoam\u00e9rica<\/title>\n<meta name=\"description\" content=\"Un viaje por la historia a trav\u00e9s de estas mujeres.\" \/>\n<meta name=\"robots\" content=\"index, follow, max-snippet:-1, max-image-preview:large, max-video-preview:-1\" \/>\n<link rel=\"canonical\" href=\"https:\/\/graziamagazine.com\/mx\/articles\/iluminadas-la-docuserie-de-europa-que-narra-el-talento-de-las-mujeres-italianas\/\" \/>\n<meta property=\"og:locale\" content=\"es_MX\" \/>\n<meta property=\"og:type\" content=\"article\" \/>\n<meta property=\"og:title\" content=\"Iluminadas, la docuserie de Europa+ que narra el talento de las mujeres italianas\" \/>\n<meta property=\"og:description\" content=\"Un viaje por la historia a trav\u00e9s de estas mujeres.\" \/>\n<meta property=\"og:url\" content=\"https:\/\/graziamagazine.com\/mx\/articles\/iluminadas-la-docuserie-de-europa-que-narra-el-talento-de-las-mujeres-italianas\/\" \/>\n<meta property=\"og:site_name\" content=\"Grazia M\u00e9xico y Latinoam\u00e9rica\" \/>\n<meta property=\"article:modified_time\" content=\"2021-11-29T16:43:25+00:00\" \/>\n<meta property=\"og:image\" content=\"https:\/\/graziamagazine.com\/mx\/wp-content\/uploads\/sites\/13\/2021\/11\/EM_AppBanners_Illuminated_Portrait-1200x600px.png?fit=600%2C300\" \/>\n\t<meta property=\"og:image:width\" content=\"600\" \/>\n\t<meta property=\"og:image:height\" content=\"300\" \/>\n\t<meta property=\"og:image:type\" content=\"image\/png\" \/>\n<meta name=\"twitter:card\" content=\"summary_large_image\" \/>\n<meta name=\"twitter:label1\" content=\"Est. reading time\" \/>\n\t<meta name=\"twitter:data1\" content=\"2 minutos\" \/>\n<script type=\"application\/ld+json\" class=\"yoast-schema-graph\">{\"@context\":\"https:\/\/schema.org\",\"@graph\":[{\"@type\":\"WebPage\",\"@id\":\"https:\/\/graziamagazine.com\/mx\/articles\/iluminadas-la-docuserie-de-europa-que-narra-el-talento-de-las-mujeres-italianas\/\",\"url\":\"https:\/\/graziamagazine.com\/mx\/articles\/iluminadas-la-docuserie-de-europa-que-narra-el-talento-de-las-mujeres-italianas\/\",\"name\":\"Iluminadas, la docuserie de Europa+ que narra el talento de las mujeres italianas | Grazia M\u00e9xico y Latinoam\u00e9rica\",\"isPartOf\":{\"@id\":\"https:\/\/graziamagazine.com\/mx\/#website\"},\"datePublished\":\"2021-11-29T16:40:22+00:00\",\"dateModified\":\"2021-11-29T16:43:25+00:00\",\"description\":\"Un viaje por la historia a trav\u00e9s de estas mujeres.\",\"breadcrumb\":{\"@id\":\"https:\/\/graziamagazine.com\/mx\/articles\/iluminadas-la-docuserie-de-europa-que-narra-el-talento-de-las-mujeres-italianas\/#breadcrumb\"},\"inLanguage\":\"es-MX\",\"potentialAction\":[{\"@type\":\"ReadAction\",\"target\":[\"https:\/\/graziamagazine.com\/mx\/articles\/iluminadas-la-docuserie-de-europa-que-narra-el-talento-de-las-mujeres-italianas\/\"]}]},{\"@type\":\"BreadcrumbList\",\"@id\":\"https:\/\/graziamagazine.com\/mx\/articles\/iluminadas-la-docuserie-de-europa-que-narra-el-talento-de-las-mujeres-italianas\/#breadcrumb\",\"itemListElement\":[{\"@type\":\"ListItem\",\"position\":1,\"name\":\"Home\",\"item\":\"https:\/\/graziamagazine.com\/mx\/\"},{\"@type\":\"ListItem\",\"position\":2,\"name\":\"Iluminadas, la docuserie de Europa+ que narra el talento de las mujeres italianas\"}]},{\"@type\":\"WebSite\",\"@id\":\"https:\/\/graziamagazine.com\/mx\/#website\",\"url\":\"https:\/\/graziamagazine.com\/mx\/\",\"name\":\"Grazia M\u00e9xico y Latinoam\u00e9rica\",\"description\":\"Grazia es moda, belleza y noticias  de actualidad \",\"potentialAction\":[{\"@type\":\"SearchAction\",\"target\":{\"@type\":\"EntryPoint\",\"urlTemplate\":\"https:\/\/graziamagazine.com\/mx\/?s={search_term_string}\"},\"query-input\":\"required name=search_term_string\"}],\"inLanguage\":\"es-MX\"}]}<\/script>\n<!-- \/ Yoast SEO Premium plugin. -->","yoast_head_json":{"title":"Iluminadas, la docuserie de Europa+ que narra el talento de las mujeres italianas | Grazia M\u00e9xico y Latinoam\u00e9rica","description":"Un viaje por la historia a trav\u00e9s de estas mujeres.","robots":{"index":"index","follow":"follow","max-snippet":"max-snippet:-1","max-image-preview":"max-image-preview:large","max-video-preview":"max-video-preview:-1"},"canonical":"https:\/\/graziamagazine.com\/mx\/articles\/iluminadas-la-docuserie-de-europa-que-narra-el-talento-de-las-mujeres-italianas\/","og_locale":"es_MX","og_type":"article","og_title":"Iluminadas, la docuserie de Europa+ que narra el talento de las mujeres italianas","og_description":"Un viaje por la historia a trav\u00e9s de estas mujeres.","og_url":"https:\/\/graziamagazine.com\/mx\/articles\/iluminadas-la-docuserie-de-europa-que-narra-el-talento-de-las-mujeres-italianas\/","og_site_name":"Grazia M\u00e9xico y Latinoam\u00e9rica","article_modified_time":"2021-11-29T16:43:25+00:00","og_image":[{"width":600,"height":300,"url":"https:\/\/graziamagazine.com\/mx\/wp-content\/uploads\/sites\/13\/2021\/11\/EM_AppBanners_Illuminated_Portrait-1200x600px.png?fit=600%2C300","type":"image\/png"}],"twitter_card":"summary_large_image","twitter_misc":{"Est. reading time":"2 minutos"},"schema":{"@context":"https:\/\/schema.org","@graph":[{"@type":"WebPage","@id":"https:\/\/graziamagazine.com\/mx\/articles\/iluminadas-la-docuserie-de-europa-que-narra-el-talento-de-las-mujeres-italianas\/","url":"https:\/\/graziamagazine.com\/mx\/articles\/iluminadas-la-docuserie-de-europa-que-narra-el-talento-de-las-mujeres-italianas\/","name":"Iluminadas, la docuserie de Europa+ que narra el talento de las mujeres italianas | Grazia M\u00e9xico y Latinoam\u00e9rica","isPartOf":{"@id":"https:\/\/graziamagazine.com\/mx\/#website"},"datePublished":"2021-11-29T16:40:22+00:00","dateModified":"2021-11-29T16:43:25+00:00","description":"Un viaje por la historia a trav\u00e9s de estas mujeres.","breadcrumb":{"@id":"https:\/\/graziamagazine.com\/mx\/articles\/iluminadas-la-docuserie-de-europa-que-narra-el-talento-de-las-mujeres-italianas\/#breadcrumb"},"inLanguage":"es-MX","potentialAction":[{"@type":"ReadAction","target":["https:\/\/graziamagazine.com\/mx\/articles\/iluminadas-la-docuserie-de-europa-que-narra-el-talento-de-las-mujeres-italianas\/"]}]},{"@type":"BreadcrumbList","@id":"https:\/\/graziamagazine.com\/mx\/articles\/iluminadas-la-docuserie-de-europa-que-narra-el-talento-de-las-mujeres-italianas\/#breadcrumb","itemListElement":[{"@type":"ListItem","position":1,"name":"Home","item":"https:\/\/graziamagazine.com\/mx\/"},{"@type":"ListItem","position":2,"name":"Iluminadas, la docuserie de Europa+ que narra el talento de las mujeres italianas"}]},{"@type":"WebSite","@id":"https:\/\/graziamagazine.com\/mx\/#website","url":"https:\/\/graziamagazine.com\/mx\/","name":"Grazia M\u00e9xico y Latinoam\u00e9rica","description":"Grazia es moda, belleza y noticias  de actualidad ","potentialAction":[{"@type":"SearchAction","target":{"@type":"EntryPoint","urlTemplate":"https:\/\/graziamagazine.com\/mx\/?s={search_term_string}"},"query-input":"required name=search_term_string"}],"inLanguage":"es-MX"}]}},"jetpack_sharing_enabled":true,"distributor_meta":false,"distributor_terms":false,"distributor_media":false,"distributor_original_site_name":"Grazia M\u00e9xico y Latinoam\u00e9rica","distributor_original_site_url":"https:\/\/graziamagazine.com\/mx","push-errors":false,"_links":{"self":[{"href":"https:\/\/graziamagazine.com\/mx\/wp-json\/wp\/v2\/articles\/103833"}],"collection":[{"href":"https:\/\/graziamagazine.com\/mx\/wp-json\/wp\/v2\/articles"}],"about":[{"href":"https:\/\/graziamagazine.com\/mx\/wp-json\/wp\/v2\/types\/articles"}],"author":[{"embeddable":true,"href":"https:\/\/graziamagazine.com\/mx\/wp-json\/wp\/v2\/users\/11628"}],"wp:featuredmedia":[{"embeddable":true,"href":"https:\/\/graziamagazine.com\/mx\/wp-json\/wp\/v2\/media\/103835"}],"wp:attachment":[{"href":"https:\/\/graziamagazine.com\/mx\/wp-json\/wp\/v2\/media?parent=103833"}],"wp:term":[{"taxonomy":"category","embeddable":true,"href":"https:\/\/graziamagazine.com\/mx\/wp-json\/wp\/v2\/categories?post=103833"}],"curies":[{"name":"wp","href":"https:\/\/api.w.org\/{rel}","templated":true}]}}